{"id":76957,"date":"2024-06-29T00:00:47","date_gmt":"2024-06-29T03:00:47","guid":{"rendered":"https:\/\/www.adf.org.br\/home\/?p=76957"},"modified":"2024-06-26T15:07:12","modified_gmt":"2024-06-26T18:07:12","slug":"sao-pedro-e-sao-paulo-pilares-da-igreja-redencao-da-humanidade","status":"publish","type":"post","link":"https:\/\/www.adf.org.br\/home\/sao-pedro-e-sao-paulo-pilares-da-igreja-redencao-da-humanidade\/","title":{"rendered":"S\u00e3o Pedro e S\u00e3o Paulo: Os Pilares da Igreja e a Reden\u00e7\u00e3o da Humanidade"},"content":{"rendered":"<p>&nbsp;<\/p>\n<figure style=\"width: 1280px\" class=\"wp-caption alignnone\"><img loading=\"lazy\" src=\"https:\/\/diocesedesetelagoas.com.br\/wp-content\/uploads\/2018\/06\/Destaques_PEDRO-E-PAULO.jpg\" alt=\"Ap\u00f3stolos S\u00e3o Paulo e S\u00e3o Pedro\" width=\"1280\" height=\"720\" \/><figcaption class=\"wp-caption-text\">Ap\u00f3stolos S\u00e3o Paulo e S\u00e3o Pedro<\/figcaption><\/figure>\n<p><span style=\"color: #000000;\">Entre os primeiros ap\u00f3stolos, S\u00e3o Pedro se destaca por v\u00e1rias raz\u00f5es. Suas manifesta\u00e7\u00f5es de f\u00e9 em Jesus revelam um cora\u00e7\u00e3o ardente e confiante no Mestre que seguia.<\/span><\/p>\n<p><span style=\"color: #000000;\">Em suas nega\u00e7\u00f5es, vemos tamb\u00e9m a fragilidade de Pedro, sua humanidade e seu caminho de reden\u00e7\u00e3o. Conhecemos seu primeiro chamado, enquanto consertava redes, e o segundo \u2013 o definitivo \u2013 ao pescar novamente e reencontrar-se com o amor misericordioso de Jesus (Jo 21).<\/span><\/p>\n<p><span style=\"color: #000000;\">S\u00e3o Paulo, embora n\u00e3o tenha sido um dos doze ap\u00f3stolos iniciais, tornou-se essencial como o grande Ap\u00f3stolo dos gentios. Com seu conhecimento e dedica\u00e7\u00e3o \u00e0 evangeliza\u00e7\u00e3o, alcan\u00e7ou diversos povos.<\/span><\/p>\n<p><span style=\"color: #000000;\">Sendo assim, juntos, <strong>S\u00e3o Pedro e S\u00e3o Paulo fundaram a Igreja de Roma e impulsionaram seu crescimento com o testemunho de seu mart\u00edrio<\/strong>.<\/span><\/p>\n<p><span style=\"color: #000000;\">Ainda no s\u00e9culo I d.C., ambos se sacrificaram em momentos distintos pelo Evangelho. Regaram a terra romana com seu sangue e frutificaram a Igreja, que permanece inabal\u00e1vel at\u00e9 hoje.<\/span><\/p>\n<p><span style=\"color: #000000;\">Para o Papa Bento XVI, S\u00e3o Pedro e S\u00e3o Paulo foram essenciais, pois representam uma refigura\u00e7\u00e3o: tornaram-se ant\u00edteses de dois grandes epis\u00f3dios \u2013 um crime do Antigo Testamento e o mito fundacional de Roma.<\/span><\/p>\n<h3><span style=\"color: #000000;\">Segundo o Papa, Pedro e Paulo redimiram o crime cometido por Caim e Abel.<\/span><\/h3>\n<figure style=\"width: 213px\" class=\"wp-caption alignleft\"><img loading=\"lazy\" src=\"https:\/\/mismanuscritosoriginales.files.wordpress.com\/2017\/07\/cac3adn-y-abel-por-andrea-schiavone-1522-1563_.jpg?w=584\" alt=\"Ilustra\u00e7\u00e3o de Caim matando seu irm\u00e3o Abel\" width=\"213\" height=\"235\" \/><figcaption class=\"wp-caption-text\">Ilustra\u00e7\u00e3o de Caim matando seu irm\u00e3o Abel. Foto: Divulga\u00e7\u00e3o<\/figcaption><\/figure>\n<p><span style=\"color: #000000;\">Enquanto Caim se deixou dominar por suas m\u00e1s inclina\u00e7\u00f5es e manchou suas m\u00e3os com sangue, Pedro e Paulo, embora n\u00e3o fossem irm\u00e3os biol\u00f3gicos, tornaram-se irm\u00e3os na funda\u00e7\u00e3o da Igreja e no mart\u00edrio, convertendo-se em um grande sinal de amor e irmandade.<\/span><\/p>\n<p><span style=\"color: #000000;\">Ali\u00e1s, a funda\u00e7\u00e3o da Igreja Romana pelos dois ap\u00f3stolos tamb\u00e9m refaz, de certa forma, a funda\u00e7\u00e3o mitol\u00f3gica da cidade:<\/span><\/p>\n<p><span style=\"color: #000000;\">\u201cDe fato, a comunidade crist\u00e3 desta Cidade viu neles uma esp\u00e9cie de ant\u00edtese dos mitol\u00f3gicos R\u00f3mulo e Remo, o par de irm\u00e3os a quem se atribui a funda\u00e7\u00e3o de Roma\u201d (Papa Bento XVI, homilia de 2012 na Solenidade de S\u00e3o Pedro e S\u00e3o Paulo).<\/span><\/p>\n<p><span style=\"color: #000000;\">Portanto, com estes dois ap\u00f3stolos, tudo se renova. Pela miseric\u00f3rdia e gra\u00e7a divina, podemos admir\u00e1-los como as grandes colunas sobre as quais foi edificada a Igreja de Cristo.<\/span><\/p>\n<h3><span style=\"color: #800080;\">Porque celebramos a festa de S\u00e3o Pedro e S\u00e3o Paulo no mesmo dia?<\/span><\/h3>\n<p>Santo Agostinho afirmou que S\u00e3o Pedro e S\u00e3o Paulo eram considerados &#8220;um s\u00f3&#8221;. Embora tenham sido martirizados em dias diferentes, eles deram o mesmo testemunho de f\u00e9. Ambos padeceram em Roma, onde foram presos na pris\u00e3o Mamertina e martirizados sob o imperador Nero. S\u00e3o Pedro foi crucificado de cabe\u00e7a para baixo e S\u00e3o Paulo foi decapitado. Seus mart\u00edrios marcaram a funda\u00e7\u00e3o da Igreja em Roma.<\/p>\n<p>Al\u00e9m disso, S<strong>\u00e3o Pedro e S\u00e3o Paulo s\u00e3o vistos como os pilares da Igreja de Roma, sendo comparados aos irm\u00e3os mitol\u00f3gicos R\u00f3mulo e Remo, fundadores da cidade<\/strong>.<\/p>\n<p>Ent\u00e3o, eles s\u00e3o considerados insepar\u00e1veis e representam todo o Evangelho de Cristo. O Papa Bento XVI destacou que a irmandade entre Pedro e Paulo \u00e9 uma vers\u00e3o contr\u00e1ria \u00e0 hist\u00f3ria de Caim e Abel, demonstrando uma nova forma de irmandade, unida pela gra\u00e7a do Evangelho.<\/p>\n<p>Jesus escolheu Pedro para ser a &#8220;rocha&#8221; sobre a qual edificaria a Igreja, liderando os ap\u00f3stolos como o primeiro Papa. Paulo, por sua vez, dedicou sua vida \u00e0 prega\u00e7\u00e3o do Evangelho, tornando-se uma coluna espiritual da Igreja junto com Pedro.<\/p>\n<p>Portanto,<strong> celebramos S\u00e3o Pedro e S\u00e3o Paulo no mesmo dia para reconhecer sua import\u00e2ncia conjunta na funda\u00e7\u00e3o e crescimento da Igreja, marcando a hist\u00f3ria crist\u00e3 com seu testemunho de f\u00e9 e mart\u00edrio.<\/strong><\/p>\n<h2><span style=\"color: #800080;\"><strong>Ora\u00e7\u00e3o aos Santos Ap\u00f3stolos, Pedro e Paulo<\/strong><\/span><\/h2>\n<blockquote><p><em><span style=\"color: #000000;\">\u00d3\u00a0Santos Ap\u00f3stolos Pedro e Paulo, eu vos escolho hoje e para sempre para os meus\u00a0especiais Protetores e Advogados;\u00a0<\/span><\/em><\/p>\n<p><em><span style=\"color: #000000;\">e humildemente me alegro assim convosco, \u00f3 glorioso S\u00e3o Pedro, Pr\u00edncipe dos Ap\u00f3stolos, por serdes aquela Pedra, sobre a qual Deus edificou a sua Igreja; como convosco;<\/span><\/em><\/p>\n<p><em><span style=\"color: #000000;\">\u00f3 Bem-aventurado S\u00e3o Paulo, escolhido por Deus para vaso de elei\u00e7\u00e3o e Pregador da verdade no mundo universo.<\/span><\/em><\/p>\n<p><em><span style=\"color: #000000;\">Eu vos rogo que me alcanceis viva F\u00e9, firme Esperan\u00ad\u00e7a e Caridade perfeita, total desapego de mim mesmo, desprezo do mundo,<br \/>\npaci\u00eancia nas adversidades e humildade nas prosperidades, aten\u00e7\u00e3o na ora\u00e7\u00e3o, pureza de cora\u00e7\u00e3o, reta inten\u00e7\u00e3o nas obras,<br \/>\ndilig\u00eancia no cumprimento das obriga\u00e7\u00f5es do pr\u00f3prio estado, const\u00e2ncia nos prop\u00f3sitos, resigna\u00e7\u00e3o na vontade de Deus,<br \/>\ne\u00a0perseveran\u00e7a na divina Gra\u00e7a at\u00e9 \u00e0 morte;<\/span><\/em><\/p>\n<p><em><span style=\"color: #000000;\">para que, mediante a vossa intercess\u00e3o e gloriosos merecimentos, vencidas as tenta\u00e7\u00f5es do mundo do dem\u00f4nio e da carne, eu me torne digno de aparecer na presen\u00e7a do supremo e eterno Pastor das Almas, Jesus Cristo, que com o Pai, e com o Esp\u00edrito Santo, vive e reina pelos s\u00e9culos dos s\u00e9culos, para o gozar e amar eternamente. Am\u00e9m.<\/span><\/em><\/p>\n<p><span style=\"color: #000000;\"><em>Reze agora: um Pai-Nosso, uma Ave-Maria e um Gl\u00f3ria.<\/em><\/span><\/p><\/blockquote>\n<hr \/>\n<p><a href=\"https:\/\/www.adf.org.br\/home\/pagina-de-cadastro\/\" target=\"_blank\" rel=\"noopener\"><img loading=\"lazy\" class=\"aligncenter wp-image-76960 size-full\" src=\"https:\/\/www.adf.org.br\/home\/wp-content\/uploads\/2024\/06\/Conteudos-catolicos-da-Associacao-Devotos-de-fatima-Newsletter.png\" alt=\"\" width=\"600\" height=\"200\" srcset=\"https:\/\/www.adf.org.br\/home\/wp-content\/uploads\/2024\/06\/Conteudos-catolicos-da-Associacao-Devotos-de-fatima-Newsletter.png 600w, https:\/\/www.adf.org.br\/home\/wp-content\/uploads\/2024\/06\/Conteudos-catolicos-da-Associacao-Devotos-de-fatima-Newsletter-300x100.png 300w\" sizes=\"(max-width: 600px) 100vw, 600px\" \/><\/a><\/p>\n","protected":false},"excerpt":{"rendered":"<p>&nbsp; Entre os primeiros ap\u00f3stolos, S\u00e3o Pedro se destaca por v\u00e1rias raz\u00f5es. Suas manifesta\u00e7\u00f5es de f\u00e9 em Jesus revelam um cora\u00e7\u00e3o ardente e confiante no Mestre que seguia. Em suas nega\u00e7\u00f5es, vemos tamb\u00e9m a fragilidade de Pedro, sua humanidade e seu caminho de reden\u00e7\u00e3o. Conhecemos seu primeiro chamado, enquanto consertava redes, e o segundo \u2013 [&hellip;]<\/p>\n","protected":false},"author":31,"featured_media":76958,"comment_status":"open","ping_status":"open","sticky":false,"template":"","format":"standard","meta":[],"categories":[20],"tags":[5619,5618,4815],"yoast_head":"<!-- This site is optimized with the Yoast SEO plugin v17.4 - https:\/\/yoast.com\/wordpress\/plugins\/seo\/ -->\n<title>S\u00e3o Pedro e S\u00e3o Paulo: Pilares da Igreja e a Reden\u00e7\u00e3o da Humanidade<\/title>\n<meta name=\"description\" content=\"Descubra como S\u00e3o Pedro e S\u00e3o Paulo, fundadores da Igreja de Roma, se tornaram pilares essenciais da f\u00e9 crist\u00e3\" \/>\n<meta name=\"robots\" content=\"index, follow, max-snippet:-1, max-image-preview:large, max-video-preview:-1\" \/>\n<link rel=\"canonical\" href=\"https:\/\/www.adf.org.br\/home\/sao-pedro-e-sao-paulo-pilares-da-igreja-redencao-da-humanidade\/\" \/>\n<meta property=\"og:locale\" content=\"pt_BR\" \/>\n<meta property=\"og:type\" content=\"article\" \/>\n<meta property=\"og:title\" content=\"S\u00e3o Pedro e S\u00e3o Paulo: Pilares da Igreja e a Reden\u00e7\u00e3o da Humanidade\" \/>\n<meta property=\"og:description\" content=\"Descubra como S\u00e3o Pedro e S\u00e3o Paulo, fundadores da Igreja de Roma, se tornaram pilares essenciais da f\u00e9 crist\u00e3\" \/>\n<meta property=\"og:url\" content=\"https:\/\/www.adf.org.br\/home\/sao-pedro-e-sao-paulo-pilares-da-igreja-redencao-da-humanidade\/\" \/>\n<meta property=\"og:site_name\" content=\"Associa\u00e7\u00e3o Devotos de F\u00e1tima\" \/>\n<meta property=\"article:published_time\" content=\"2024-06-29T03:00:47+00:00\" \/>\n<meta property=\"article:modified_time\" content=\"2024-06-26T18:07:12+00:00\" \/>\n<meta property=\"og:image\" content=\"https:\/\/www.adf.org.br\/home\/wp-content\/uploads\/2024\/06\/Apostolos-Sao-Paulo-e-Sao-Pedro.jpg\" \/>\n\t<meta property=\"og:image:width\" content=\"1280\" \/>\n\t<meta property=\"og:image:height\" content=\"720\" \/>\n<meta name=\"twitter:card\" content=\"summary_large_image\" \/>\n<meta name=\"twitter:label1\" content=\"Escrito por\" \/>\n\t<meta name=\"twitter:data1\" content=\"Gabriel Barbosa\" \/>\n\t<meta name=\"twitter:label2\" content=\"Est. tempo de leitura\" \/>\n\t<meta name=\"twitter:data2\" content=\"4 minutos\" \/>\n<script type=\"application\/ld+json\" class=\"yoast-schema-graph\">{\"@context\":\"https:\/\/schema.org\",\"@graph\":[{\"@type\":\"WebSite\",\"@id\":\"https:\/\/www.adf.org.br\/home\/#website\",\"url\":\"https:\/\/www.adf.org.br\/home\/\",\"name\":\"Associa\\u00e7\\u00e3o Devotos de F\\u00e1tima\",\"description\":\"Associa\\u00e7\\u00e3o Devotos de F\\u00e1tima\",\"potentialAction\":[{\"@type\":\"SearchAction\",\"target\":{\"@type\":\"EntryPoint\",\"urlTemplate\":\"https:\/\/www.adf.org.br\/home\/?s={search_term_string}\"},\"query-input\":\"required name=search_term_string\"}],\"inLanguage\":\"pt-BR\"},{\"@type\":\"ImageObject\",\"@id\":\"https:\/\/www.adf.org.br\/home\/sao-pedro-e-sao-paulo-pilares-da-igreja-redencao-da-humanidade\/#primaryimage\",\"inLanguage\":\"pt-BR\",\"url\":\"https:\/\/www.adf.org.br\/home\/wp-content\/uploads\/2024\/06\/Apostolos-Sao-Paulo-e-Sao-Pedro.jpg\",\"contentUrl\":\"https:\/\/www.adf.org.br\/home\/wp-content\/uploads\/2024\/06\/Apostolos-Sao-Paulo-e-Sao-Pedro.jpg\",\"width\":1280,\"height\":720,\"caption\":\"Ap\\u00f3stolos S\\u00e3o Paulo e S\\u00e3o Pedro\"},{\"@type\":\"WebPage\",\"@id\":\"https:\/\/www.adf.org.br\/home\/sao-pedro-e-sao-paulo-pilares-da-igreja-redencao-da-humanidade\/#webpage\",\"url\":\"https:\/\/www.adf.org.br\/home\/sao-pedro-e-sao-paulo-pilares-da-igreja-redencao-da-humanidade\/\",\"name\":\"S\\u00e3o Pedro e S\\u00e3o Paulo: Pilares da Igreja e a Reden\\u00e7\\u00e3o da Humanidade\",\"isPartOf\":{\"@id\":\"https:\/\/www.adf.org.br\/home\/#website\"},\"primaryImageOfPage\":{\"@id\":\"https:\/\/www.adf.org.br\/home\/sao-pedro-e-sao-paulo-pilares-da-igreja-redencao-da-humanidade\/#primaryimage\"},\"datePublished\":\"2024-06-29T03:00:47+00:00\",\"dateModified\":\"2024-06-26T18:07:12+00:00\",\"author\":{\"@id\":\"https:\/\/www.adf.org.br\/home\/#\/schema\/person\/f35a5c5aa7728a3dedf4ea9aa1fc2753\"},\"description\":\"Descubra como S\\u00e3o Pedro e S\\u00e3o Paulo, fundadores da Igreja de Roma, se tornaram pilares essenciais da f\\u00e9 crist\\u00e3\",\"breadcrumb\":{\"@id\":\"https:\/\/www.adf.org.br\/home\/sao-pedro-e-sao-paulo-pilares-da-igreja-redencao-da-humanidade\/#breadcrumb\"},\"inLanguage\":\"pt-BR\",\"potentialAction\":[{\"@type\":\"ReadAction\",\"target\":[\"https:\/\/www.adf.org.br\/home\/sao-pedro-e-sao-paulo-pilares-da-igreja-redencao-da-humanidade\/\"]}]},{\"@type\":\"BreadcrumbList\",\"@id\":\"https:\/\/www.adf.org.br\/home\/sao-pedro-e-sao-paulo-pilares-da-igreja-redencao-da-humanidade\/#breadcrumb\",\"itemListElement\":[{\"@type\":\"ListItem\",\"position\":1,\"name\":\"Home\",\"item\":\"https:\/\/www.adf.org.br\/home\/\"},{\"@type\":\"ListItem\",\"position\":2,\"name\":\"S\\u00e3o Pedro e S\\u00e3o Paulo: Os Pilares da Igreja e a Reden\\u00e7\\u00e3o da Humanidade\"}]},{\"@type\":\"Person\",\"@id\":\"https:\/\/www.adf.org.br\/home\/#\/schema\/person\/f35a5c5aa7728a3dedf4ea9aa1fc2753\",\"name\":\"Gabriel Barbosa\",\"image\":{\"@type\":\"ImageObject\",\"@id\":\"https:\/\/www.adf.org.br\/home\/#personlogo\",\"inLanguage\":\"pt-BR\",\"url\":\"https:\/\/secure.gravatar.com\/avatar\/2b2cb2f4637682c5605e8d36818f51ef?s=96&d=mm&r=g\",\"contentUrl\":\"https:\/\/secure.gravatar.com\/avatar\/2b2cb2f4637682c5605e8d36818f51ef?s=96&d=mm&r=g\",\"caption\":\"Gabriel Barbosa\"},\"url\":\"https:\/\/www.adf.org.br\/home\/author\/gabrielpmk-com-br\/\"}]}<\/script>\n<!-- \/ Yoast SEO plugin. -->","yoast_head_json":{"title":"S\u00e3o Pedro e S\u00e3o Paulo: Pilares da Igreja e a Reden\u00e7\u00e3o da Humanidade","description":"Descubra como S\u00e3o Pedro e S\u00e3o Paulo, fundadores da Igreja de Roma, se tornaram pilares essenciais da f\u00e9 crist\u00e3","robots":{"index":"index","follow":"follow","max-snippet":"max-snippet:-1","max-image-preview":"max-image-preview:large","max-video-preview":"max-video-preview:-1"},"canonical":"https:\/\/www.adf.org.br\/home\/sao-pedro-e-sao-paulo-pilares-da-igreja-redencao-da-humanidade\/","og_locale":"pt_BR","og_type":"article","og_title":"S\u00e3o Pedro e S\u00e3o Paulo: Pilares da Igreja e a Reden\u00e7\u00e3o da Humanidade","og_description":"Descubra como S\u00e3o Pedro e S\u00e3o Paulo, fundadores da Igreja de Roma, se tornaram pilares essenciais da f\u00e9 crist\u00e3","og_url":"https:\/\/www.adf.org.br\/home\/sao-pedro-e-sao-paulo-pilares-da-igreja-redencao-da-humanidade\/","og_site_name":"Associa\u00e7\u00e3o Devotos de F\u00e1tima","article_published_time":"2024-06-29T03:00:47+00:00","article_modified_time":"2024-06-26T18:07:12+00:00","og_image":[{"width":1280,"height":720,"url":"https:\/\/www.adf.org.br\/home\/wp-content\/uploads\/2024\/06\/Apostolos-Sao-Paulo-e-Sao-Pedro.jpg","type":"image\/jpeg"}],"twitter_card":"summary_large_image","twitter_misc":{"Escrito por":"Gabriel Barbosa","Est. tempo de leitura":"4 minutos"},"schema":{"@context":"https:\/\/schema.org","@graph":[{"@type":"WebSite","@id":"https:\/\/www.adf.org.br\/home\/#website","url":"https:\/\/www.adf.org.br\/home\/","name":"Associa\u00e7\u00e3o Devotos de F\u00e1tima","description":"Associa\u00e7\u00e3o Devotos de F\u00e1tima","potentialAction":[{"@type":"SearchAction","target":{"@type":"EntryPoint","urlTemplate":"https:\/\/www.adf.org.br\/home\/?s={search_term_string}"},"query-input":"required name=search_term_string"}],"inLanguage":"pt-BR"},{"@type":"ImageObject","@id":"https:\/\/www.adf.org.br\/home\/sao-pedro-e-sao-paulo-pilares-da-igreja-redencao-da-humanidade\/#primaryimage","inLanguage":"pt-BR","url":"https:\/\/www.adf.org.br\/home\/wp-content\/uploads\/2024\/06\/Apostolos-Sao-Paulo-e-Sao-Pedro.jpg","contentUrl":"https:\/\/www.adf.org.br\/home\/wp-content\/uploads\/2024\/06\/Apostolos-Sao-Paulo-e-Sao-Pedro.jpg","width":1280,"height":720,"caption":"Ap\u00f3stolos S\u00e3o Paulo e S\u00e3o Pedro"},{"@type":"WebPage","@id":"https:\/\/www.adf.org.br\/home\/sao-pedro-e-sao-paulo-pilares-da-igreja-redencao-da-humanidade\/#webpage","url":"https:\/\/www.adf.org.br\/home\/sao-pedro-e-sao-paulo-pilares-da-igreja-redencao-da-humanidade\/","name":"S\u00e3o Pedro e S\u00e3o Paulo: Pilares da Igreja e a Reden\u00e7\u00e3o da Humanidade","isPartOf":{"@id":"https:\/\/www.adf.org.br\/home\/#website"},"primaryImageOfPage":{"@id":"https:\/\/www.adf.org.br\/home\/sao-pedro-e-sao-paulo-pilares-da-igreja-redencao-da-humanidade\/#primaryimage"},"datePublished":"2024-06-29T03:00:47+00:00","dateModified":"2024-06-26T18:07:12+00:00","author":{"@id":"https:\/\/www.adf.org.br\/home\/#\/schema\/person\/f35a5c5aa7728a3dedf4ea9aa1fc2753"},"description":"Descubra como S\u00e3o Pedro e S\u00e3o Paulo, fundadores da Igreja de Roma, se tornaram pilares essenciais da f\u00e9 crist\u00e3","breadcrumb":{"@id":"https:\/\/www.adf.org.br\/home\/sao-pedro-e-sao-paulo-pilares-da-igreja-redencao-da-humanidade\/#breadcrumb"},"inLanguage":"pt-BR","potentialAction":[{"@type":"ReadAction","target":["https:\/\/www.adf.org.br\/home\/sao-pedro-e-sao-paulo-pilares-da-igreja-redencao-da-humanidade\/"]}]},{"@type":"BreadcrumbList","@id":"https:\/\/www.adf.org.br\/home\/sao-pedro-e-sao-paulo-pilares-da-igreja-redencao-da-humanidade\/#breadcrumb","itemListElement":[{"@type":"ListItem","position":1,"name":"Home","item":"https:\/\/www.adf.org.br\/home\/"},{"@type":"ListItem","position":2,"name":"S\u00e3o Pedro e S\u00e3o Paulo: Os Pilares da Igreja e a Reden\u00e7\u00e3o da Humanidade"}]},{"@type":"Person","@id":"https:\/\/www.adf.org.br\/home\/#\/schema\/person\/f35a5c5aa7728a3dedf4ea9aa1fc2753","name":"Gabriel Barbosa","image":{"@type":"ImageObject","@id":"https:\/\/www.adf.org.br\/home\/#personlogo","inLanguage":"pt-BR","url":"https:\/\/secure.gravatar.com\/avatar\/2b2cb2f4637682c5605e8d36818f51ef?s=96&d=mm&r=g","contentUrl":"https:\/\/secure.gravatar.com\/avatar\/2b2cb2f4637682c5605e8d36818f51ef?s=96&d=mm&r=g","caption":"Gabriel Barbosa"},"url":"https:\/\/www.adf.org.br\/home\/author\/gabrielpmk-com-br\/"}]}},"_links":{"self":[{"href":"https:\/\/www.adf.org.br\/home\/wp-json\/wp\/v2\/posts\/76957"}],"collection":[{"href":"https:\/\/www.adf.org.br\/home\/wp-json\/wp\/v2\/posts"}],"about":[{"href":"https:\/\/www.adf.org.br\/home\/wp-json\/wp\/v2\/types\/post"}],"author":[{"embeddable":true,"href":"https:\/\/www.adf.org.br\/home\/wp-json\/wp\/v2\/users\/31"}],"replies":[{"embeddable":true,"href":"https:\/\/www.adf.org.br\/home\/wp-json\/wp\/v2\/comments?post=76957"}],"version-history":[{"count":3,"href":"https:\/\/www.adf.org.br\/home\/wp-json\/wp\/v2\/posts\/76957\/revisions"}],"predecessor-version":[{"id":76962,"href":"https:\/\/www.adf.org.br\/home\/wp-json\/wp\/v2\/posts\/76957\/revisions\/76962"}],"wp:featuredmedia":[{"embeddable":true,"href":"https:\/\/www.adf.org.br\/home\/wp-json\/wp\/v2\/media\/76958"}],"wp:attachment":[{"href":"https:\/\/www.adf.org.br\/home\/wp-json\/wp\/v2\/media?parent=76957"}],"wp:term":[{"taxonomy":"category","embeddable":true,"href":"https:\/\/www.adf.org.br\/home\/wp-json\/wp\/v2\/categories?post=76957"},{"taxonomy":"post_tag","embeddable":true,"href":"https:\/\/www.adf.org.br\/home\/wp-json\/wp\/v2\/tags?post=76957"}],"curies":[{"name":"wp","href":"https:\/\/api.w.org\/{rel}","templated":true}]}}