{"id":76836,"date":"2024-06-11T16:19:51","date_gmt":"2024-06-11T19:19:51","guid":{"rendered":"https:\/\/www.adf.org.br\/home\/?p=76836"},"modified":"2024-06-11T16:33:31","modified_gmt":"2024-06-11T19:33:31","slug":"vida-de-francisco-marto-aparicao-canonizacao","status":"publish","type":"post","link":"https:\/\/www.adf.org.br\/home\/vida-de-francisco-marto-aparicao-canonizacao\/","title":{"rendered":"Nascimento S\u00e3o Francisco Marto: Vida do Pastorinho da Apari\u00e7\u00e3o de F\u00e1tima \u00e0 Canoniza\u00e7\u00e3o"},"content":{"rendered":"<p style=\"text-align: center;\"><span style=\"color: #000000;\"><strong>S\u00e3o Francisco Marto: O escolhido para consolar Nosso Senhor e Nossa Senhora.<\/strong><\/span><\/p>\n<p>&nbsp;<\/p>\n<figure id=\"attachment_66944\" aria-describedby=\"caption-attachment-66944\" style=\"width: 640px\" class=\"wp-caption aligncenter\"><a style=\"color: #000000;\" href=\"https:\/\/www.adf.org.br\/home\/pagina-de-cadastro\/?origem=23550\" target=\"_blank\" rel=\"noopener\"><img loading=\"lazy\" class=\"wp-image-66944 size-full\" src=\"https:\/\/www.adf.org.br\/home\/wp-content\/uploads\/2021\/12\/Francisco-Marto.jpg\" alt=\"\" width=\"640\" height=\"320\" srcset=\"https:\/\/www.adf.org.br\/home\/wp-content\/uploads\/2021\/12\/Francisco-Marto.jpg 640w, https:\/\/www.adf.org.br\/home\/wp-content\/uploads\/2021\/12\/Francisco-Marto-300x150.jpg 300w\" sizes=\"(max-width: 640px) 100vw, 640px\" \/><\/a><figcaption id=\"caption-attachment-66944\" class=\"wp-caption-text\"><center><span style=\"color: #000000;\">S\u00e3o Francisco Marto, rogai por n\u00f3s!<\/span><center><\/center><\/center><\/figcaption><\/figure>\n<p><span style=\"color: #000000;\">Na segunda apari\u00e7\u00e3o em F\u00e1tima, Nossa Senhora disse: &#8220;A Jacinta e o Francisco levo-os em breve.&#8221; Essa predi\u00e7\u00e3o se cumpriu rapidamente. Jacinta faleceu em Lisboa em 20 de fevereiro de 1920, menos de dois anos e meio depois, enquanto Francisco morreu em 4 de abril de 1919, cerca de dez meses antes.<\/span><\/p>\n<p><span style=\"color: #000000;\">A m\u00e3e deles, Sra. Ol\u00edmpia, afirmou no processo oficial sobre Francisco:<\/span><\/p>\n<h3><span style=\"color: #000000;\"> &#8220;Deu um ar de riso e nunca mais respirou.&#8221; <\/span><\/h3>\n<p><span style=\"color: #000000;\">O pai expressou-se com a mesma naturalidade: &#8220;Morreu sorrindo.&#8221;<\/span><\/p>\n<p><span style=\"color: #000000;\">Francisco sorria perante a morte porque acreditava que iria para o C\u00e9u, conforme prometido por Nossa Senhora nas primeiras apari\u00e7\u00f5es e dias antes de sua morte. Jacinta comunicou \u00e0 prima L\u00facia: &#8220;Nossa Senhora veio-nos ver e disse que vem buscar o Francisco muito breve para o C\u00e9u.&#8221;<\/span><\/p>\n<p><span style=\"color: #000000;\">Francisco fez tudo o que a Celestial Apari\u00e7\u00e3o pediu para alcan\u00e7ar essa gra\u00e7a. Na primeira apari\u00e7\u00e3o, Nossa Senhora disse: &#8220;O Francisco tamb\u00e9m vai para o C\u00e9u, mas tem que rezar muitos ter\u00e7os.&#8221; Desde ent\u00e3o, Francisco se retirava para lugares solit\u00e1rios para rezar muitos ter\u00e7os. Mas, mesmo na doen\u00e7a, sua maior preocupa\u00e7\u00e3o era o ter\u00e7o. Na v\u00e9spera de sua morte, pediu \u00e0s outras duas videntes que rezassem em voz alta junto \u00e0 sua cama, j\u00e1 que ele n\u00e3o conseguia mais falar.<\/span><\/p>\n<p><span style=\"color: #000000;\">Quando perguntado sobre o que faria no C\u00e9u, Francisco respondeu a L\u00facia: <\/span><\/p>\n<h3><span style=\"color: #000000;\">&#8220;L\u00e1, vou consolar muito a Nosso Senhor e a Nossa Senhora.&#8221; <\/span><\/h3>\n<p><span style=\"color: #000000;\">Mas ele continuou sua voca\u00e7\u00e3o na terra, como explicou L\u00facia: <\/span><\/p>\n<p><span style=\"color: #000000;\">&#8220;Enquanto a Jacinta se preocupava em converter os pecadores, Francisco parecia s\u00f3 pensar em consolar a Nosso Senhor e a Nossa Senhora, que lhe tinham parecido t\u00e3o tristes.&#8221;<\/span><\/p>\n<p><span style=\"color: #000000;\">Ali\u00e1s, em seu di\u00e1rio, Irm\u00e3 L\u00facia relatou sobre o primo: <\/span><\/p>\n<p><span style=\"color: #000000;\">&#8220;Francisco era silencioso; para orar e oferecer seus sacrif\u00edcios a Deus, gostava de se ocultar, at\u00e9 mesmo de Jacinta e de mim. &#8216;Gosto de orar a s\u00f3s para pensar e consolar Nosso Senhor que est\u00e1 t\u00e3o triste&#8217;. Francisco suportou muitos sacrif\u00edcios, inclusive longos jejuns.&#8221;<\/span><\/p>\n<p><span style=\"color: #000000;\">Ali\u00e1s, a profunda vida contemplativa de Francisco foi destacada em sua causa de beatifica\u00e7\u00e3o e canoniza\u00e7\u00e3o, algo impressionante para uma crian\u00e7a.<\/span><\/p>\n<p><span style=\"color: #000000;\">Os testemunhos de quem conheceu Francisco relatam que sua ora\u00e7\u00e3o favorita era aquela ensinada pelo Anjo: <\/span><\/p>\n<p style=\"padding-left: 40px;\"><span style=\"color: #800080;\"><strong>&#8220;Meu Deus, eu creio, adoro, espero e amo-vos. Pe\u00e7o-vos perd\u00e3o por aqueles que n\u00e3o creem, n\u00e3o adoram, n\u00e3o esperam e n\u00e3o vos amam.&#8221;<\/strong><\/span><\/p>\n<h2><span style=\"color: #000000;\">Hist\u00f3ria de Francisco Marto<\/span><\/h2>\n<figure style=\"width: 287px\" class=\"wp-caption alignleft\"><img loading=\"lazy\" src=\"https:\/\/cdnarautos.s3.amazonaws.com\/2022\/02\/R184-HAG-D-Detalhe-da-fotografia-de-Francisco.jpg\" alt=\"Fotografia do pequeno Beato Francisco Marto\" width=\"287\" height=\"287\" \/><figcaption class=\"wp-caption-text\">Fotografia do pequeno Beato Francisco Marto. Foto: Divulga\u00e7\u00e3o<\/figcaption><\/figure>\n<p><span style=\"color: #000000;\">Francisco Marto nasceu em 11 de junho de 1908 e foi batizado em 20 de junho na Igreja Paroquial de F\u00e1tima. Ali\u00e1s, com apenas 8 anos, come\u00e7ou a pastorear o rebanho de seus pais junto com sua irm\u00e3, Jacinta Marto, na regi\u00e3o da Cova da Iria.<\/span><\/p>\n<p><span style=\"color: #000000;\">Sendo assim, neste local, os dois e sua prima L\u00facia testemunharam as apari\u00e7\u00f5es de Nossa Senhora entre maio e outubro de 1917, recebendo uma mensagem de penit\u00eancia e convers\u00e3o. Ap\u00f3s as apari\u00e7\u00f5es, Jacinta e Francisco seguiram suas vidas normalmente. L\u00facia foi para a escola, acompanhada por seus primos. No caminho, passavam pela igreja para saudar Jesus Eucar\u00edstico.<\/span><\/p>\n<p><span style=\"color: #000000;\">Francisco, sabendo que viveria pouco, preferia ficar na igreja para consolar o cora\u00e7\u00e3o de Jesus. Por isso dizia: <strong>&#8220;V\u00e3o voc\u00eas ao col\u00e9gio, eu ficarei aqui com Jesus Escondido.<\/strong>&#8221; Ao sair do col\u00e9gio, as meninas o encontravam pr\u00f3ximo ao Tabern\u00e1culo, em recolhimento.<\/span><\/p>\n<p><span style=\"color: #000000;\">Francisco era o mais contemplativo e queria consolar Deus, t\u00e3o ofendido pelos pecados da humanidade. Ali\u00e1s, L\u00facia perguntou: &#8220;Francisco, o que prefere, consolar o Senhor ou converter os pecadores?&#8221; Ele respondeu:<\/span><\/p>\n<h4><span style=\"color: #000000;\"> &#8220;Eu prefiro consolar o Senhor.&#8221;<\/span><\/h4>\n<p><span style=\"color: #000000;\">Em 18 de outubro de 1918, Francisco adoeceu de gripe pneum\u00f4nica, conhecida como gripe espanhola, que assolou Portugal, matando dezenas de milhares de pessoas. No entanto, no ano seguinte, em 2 de abril, Francisco se confessou e recebeu a comunh\u00e3o pela \u00faltima vez, com grande lucidez e piedade, como registrado pelo p\u00e1roco de F\u00e1tima no Livro de \u00d3bitos, ao relatar sua morte em 4 de abril. Ele confirmou ter visto uma Senhora na Cova da Iria e Valinho.<\/span><\/p>\n<p><span style=\"color: #000000;\">Francisco foi sepultado no cemit\u00e9rio de F\u00e1tima, mas seus restos foram exumados em 17 de fevereiro de 1952 e transferidos para a Bas\u00edlica de Nossa Senhora do Ros\u00e1rio de F\u00e1tima, em 13 de mar\u00e7o de 1952, onde se encontram atualmente.<\/span><\/p>\n<p><span style=\"color: #000000;\">Por fim,<strong> Francisco Marto foi canonizado juntamente com sua irm\u00e3 Jacinta pelo Papa Francisco em 13 de maio de 2017<\/strong>, durante as comemora\u00e7\u00f5es do centen\u00e1rio das apari\u00e7\u00f5es de Nossa Senhora de F\u00e1tima. A canoniza\u00e7\u00e3o ocorreu ap\u00f3s o Papa aprovar o milagre pela intercess\u00e3o dos pastorinhos, que envolveu a recupera\u00e7\u00e3o milagrosa de um menino brasileiro chamado Lucas, que caiu de uma janela de 6,5 metros de altura e ficou em coma.<\/span><\/p>\n<blockquote>\n<hr \/>\n<\/blockquote>\n<p><a href=\"https:\/\/www.adf.org.br\/home\/pagina-de-cadastro\/\" target=\"_blank\" rel=\"noopener\"><img loading=\"lazy\" class=\"aligncenter\" src=\"https:\/\/www.adf.org.br\/home\/wp-content\/uploads\/2023\/09\/boletim-adf-1.png\" alt=\"\" width=\"600\" height=\"200\" \/><\/a><\/p>\n","protected":false},"excerpt":{"rendered":"<p>S\u00e3o Francisco Marto: O escolhido para consolar Nosso Senhor e Nossa Senhora. &nbsp; Na segunda apari\u00e7\u00e3o em F\u00e1tima, Nossa Senhora disse: &#8220;A Jacinta e o Francisco levo-os em breve.&#8221; Essa predi\u00e7\u00e3o se cumpriu rapidamente. Jacinta faleceu em Lisboa em 20 de fevereiro de 1920, menos de dois anos e meio depois, enquanto Francisco morreu em [&hellip;]<\/p>\n","protected":false},"author":31,"featured_media":76837,"comment_status":"open","ping_status":"open","sticky":false,"template":"","format":"standard","meta":[],"categories":[1],"tags":[382,2667,5601,1193],"yoast_head":"<!-- This site is optimized with the Yoast SEO plugin v17.4 - https:\/\/yoast.com\/wordpress\/plugins\/seo\/ -->\n<title>A Vida de Francisco Marto: Da Apari\u00e7\u00e3o de F\u00e1tima \u00e0 Canoniza\u00e7\u00e3o<\/title>\n<meta name=\"description\" content=\"Conhe\u00e7a a hist\u00f3ria de Francisco Marto, um dos pastorinhos de F\u00e1tima. Saiba sobre suas experi\u00eancias com as apari\u00e7\u00f5es de Nossa Senhora e seu caminho at\u00e9 a canoniza\u00e7\u00e3o.\" \/>\n<meta name=\"robots\" content=\"index, follow, max-snippet:-1, max-image-preview:large, max-video-preview:-1\" \/>\n<link rel=\"canonical\" href=\"https:\/\/www.adf.org.br\/home\/vida-de-francisco-marto-aparicao-canonizacao\/\" \/>\n<meta property=\"og:locale\" content=\"pt_BR\" \/>\n<meta property=\"og:type\" content=\"article\" \/>\n<meta property=\"og:title\" content=\"A Vida de Francisco Marto: Da Apari\u00e7\u00e3o de F\u00e1tima \u00e0 Canoniza\u00e7\u00e3o\" \/>\n<meta property=\"og:description\" content=\"Conhe\u00e7a a hist\u00f3ria de Francisco Marto, um dos pastorinhos de F\u00e1tima. Saiba sobre suas experi\u00eancias com as apari\u00e7\u00f5es de Nossa Senhora e seu caminho at\u00e9 a canoniza\u00e7\u00e3o.\" \/>\n<meta property=\"og:url\" content=\"https:\/\/www.adf.org.br\/home\/vida-de-francisco-marto-aparicao-canonizacao\/\" \/>\n<meta property=\"og:site_name\" content=\"Associa\u00e7\u00e3o Devotos de F\u00e1tima\" \/>\n<meta property=\"article:published_time\" content=\"2024-06-11T19:19:51+00:00\" \/>\n<meta property=\"article:modified_time\" content=\"2024-06-11T19:33:31+00:00\" \/>\n<meta property=\"og:image\" content=\"https:\/\/www.adf.org.br\/home\/wp-content\/uploads\/2024\/06\/Pastorinho-Francisco-Marto.jpg\" \/>\n\t<meta property=\"og:image:width\" content=\"640\" \/>\n\t<meta property=\"og:image:height\" content=\"403\" \/>\n<meta name=\"twitter:card\" content=\"summary_large_image\" \/>\n<meta name=\"twitter:label1\" content=\"Escrito por\" \/>\n\t<meta name=\"twitter:data1\" content=\"Gabriel Barbosa\" \/>\n\t<meta name=\"twitter:label2\" content=\"Est. tempo de leitura\" \/>\n\t<meta name=\"twitter:data2\" content=\"4 minutos\" \/>\n<script type=\"application\/ld+json\" class=\"yoast-schema-graph\">{\"@context\":\"https:\/\/schema.org\",\"@graph\":[{\"@type\":\"WebSite\",\"@id\":\"https:\/\/www.adf.org.br\/home\/#website\",\"url\":\"https:\/\/www.adf.org.br\/home\/\",\"name\":\"Associa\\u00e7\\u00e3o Devotos de F\\u00e1tima\",\"description\":\"Associa\\u00e7\\u00e3o Devotos de F\\u00e1tima\",\"potentialAction\":[{\"@type\":\"SearchAction\",\"target\":{\"@type\":\"EntryPoint\",\"urlTemplate\":\"https:\/\/www.adf.org.br\/home\/?s={search_term_string}\"},\"query-input\":\"required name=search_term_string\"}],\"inLanguage\":\"pt-BR\"},{\"@type\":\"ImageObject\",\"@id\":\"https:\/\/www.adf.org.br\/home\/vida-de-francisco-marto-aparicao-canonizacao\/#primaryimage\",\"inLanguage\":\"pt-BR\",\"url\":\"https:\/\/www.adf.org.br\/home\/wp-content\/uploads\/2024\/06\/Pastorinho-Francisco-Marto.jpg\",\"contentUrl\":\"https:\/\/www.adf.org.br\/home\/wp-content\/uploads\/2024\/06\/Pastorinho-Francisco-Marto.jpg\",\"width\":640,\"height\":403,\"caption\":\"Festa do Pastorinho Francisco Marto\"},{\"@type\":\"WebPage\",\"@id\":\"https:\/\/www.adf.org.br\/home\/vida-de-francisco-marto-aparicao-canonizacao\/#webpage\",\"url\":\"https:\/\/www.adf.org.br\/home\/vida-de-francisco-marto-aparicao-canonizacao\/\",\"name\":\"A Vida de Francisco Marto: Da Apari\\u00e7\\u00e3o de F\\u00e1tima \\u00e0 Canoniza\\u00e7\\u00e3o\",\"isPartOf\":{\"@id\":\"https:\/\/www.adf.org.br\/home\/#website\"},\"primaryImageOfPage\":{\"@id\":\"https:\/\/www.adf.org.br\/home\/vida-de-francisco-marto-aparicao-canonizacao\/#primaryimage\"},\"datePublished\":\"2024-06-11T19:19:51+00:00\",\"dateModified\":\"2024-06-11T19:33:31+00:00\",\"author\":{\"@id\":\"https:\/\/www.adf.org.br\/home\/#\/schema\/person\/f35a5c5aa7728a3dedf4ea9aa1fc2753\"},\"description\":\"Conhe\\u00e7a a hist\\u00f3ria de Francisco Marto, um dos pastorinhos de F\\u00e1tima. Saiba sobre suas experi\\u00eancias com as apari\\u00e7\\u00f5es de Nossa Senhora e seu caminho at\\u00e9 a canoniza\\u00e7\\u00e3o.\",\"breadcrumb\":{\"@id\":\"https:\/\/www.adf.org.br\/home\/vida-de-francisco-marto-aparicao-canonizacao\/#breadcrumb\"},\"inLanguage\":\"pt-BR\",\"potentialAction\":[{\"@type\":\"ReadAction\",\"target\":[\"https:\/\/www.adf.org.br\/home\/vida-de-francisco-marto-aparicao-canonizacao\/\"]}]},{\"@type\":\"BreadcrumbList\",\"@id\":\"https:\/\/www.adf.org.br\/home\/vida-de-francisco-marto-aparicao-canonizacao\/#breadcrumb\",\"itemListElement\":[{\"@type\":\"ListItem\",\"position\":1,\"name\":\"Home\",\"item\":\"https:\/\/www.adf.org.br\/home\/\"},{\"@type\":\"ListItem\",\"position\":2,\"name\":\"Nascimento S\\u00e3o Francisco Marto: Vida do Pastorinho da Apari\\u00e7\\u00e3o de F\\u00e1tima \\u00e0 Canoniza\\u00e7\\u00e3o\"}]},{\"@type\":\"Person\",\"@id\":\"https:\/\/www.adf.org.br\/home\/#\/schema\/person\/f35a5c5aa7728a3dedf4ea9aa1fc2753\",\"name\":\"Gabriel Barbosa\",\"image\":{\"@type\":\"ImageObject\",\"@id\":\"https:\/\/www.adf.org.br\/home\/#personlogo\",\"inLanguage\":\"pt-BR\",\"url\":\"https:\/\/secure.gravatar.com\/avatar\/2b2cb2f4637682c5605e8d36818f51ef?s=96&d=mm&r=g\",\"contentUrl\":\"https:\/\/secure.gravatar.com\/avatar\/2b2cb2f4637682c5605e8d36818f51ef?s=96&d=mm&r=g\",\"caption\":\"Gabriel Barbosa\"},\"url\":\"https:\/\/www.adf.org.br\/home\/author\/gabrielpmk-com-br\/\"}]}<\/script>\n<!-- \/ Yoast SEO plugin. -->","yoast_head_json":{"title":"A Vida de Francisco Marto: Da Apari\u00e7\u00e3o de F\u00e1tima \u00e0 Canoniza\u00e7\u00e3o","description":"Conhe\u00e7a a hist\u00f3ria de Francisco Marto, um dos pastorinhos de F\u00e1tima. Saiba sobre suas experi\u00eancias com as apari\u00e7\u00f5es de Nossa Senhora e seu caminho at\u00e9 a canoniza\u00e7\u00e3o.","robots":{"index":"index","follow":"follow","max-snippet":"max-snippet:-1","max-image-preview":"max-image-preview:large","max-video-preview":"max-video-preview:-1"},"canonical":"https:\/\/www.adf.org.br\/home\/vida-de-francisco-marto-aparicao-canonizacao\/","og_locale":"pt_BR","og_type":"article","og_title":"A Vida de Francisco Marto: Da Apari\u00e7\u00e3o de F\u00e1tima \u00e0 Canoniza\u00e7\u00e3o","og_description":"Conhe\u00e7a a hist\u00f3ria de Francisco Marto, um dos pastorinhos de F\u00e1tima. Saiba sobre suas experi\u00eancias com as apari\u00e7\u00f5es de Nossa Senhora e seu caminho at\u00e9 a canoniza\u00e7\u00e3o.","og_url":"https:\/\/www.adf.org.br\/home\/vida-de-francisco-marto-aparicao-canonizacao\/","og_site_name":"Associa\u00e7\u00e3o Devotos de F\u00e1tima","article_published_time":"2024-06-11T19:19:51+00:00","article_modified_time":"2024-06-11T19:33:31+00:00","og_image":[{"width":640,"height":403,"url":"https:\/\/www.adf.org.br\/home\/wp-content\/uploads\/2024\/06\/Pastorinho-Francisco-Marto.jpg","type":"image\/jpeg"}],"twitter_card":"summary_large_image","twitter_misc":{"Escrito por":"Gabriel Barbosa","Est. tempo de leitura":"4 minutos"},"schema":{"@context":"https:\/\/schema.org","@graph":[{"@type":"WebSite","@id":"https:\/\/www.adf.org.br\/home\/#website","url":"https:\/\/www.adf.org.br\/home\/","name":"Associa\u00e7\u00e3o Devotos de F\u00e1tima","description":"Associa\u00e7\u00e3o Devotos de F\u00e1tima","potentialAction":[{"@type":"SearchAction","target":{"@type":"EntryPoint","urlTemplate":"https:\/\/www.adf.org.br\/home\/?s={search_term_string}"},"query-input":"required name=search_term_string"}],"inLanguage":"pt-BR"},{"@type":"ImageObject","@id":"https:\/\/www.adf.org.br\/home\/vida-de-francisco-marto-aparicao-canonizacao\/#primaryimage","inLanguage":"pt-BR","url":"https:\/\/www.adf.org.br\/home\/wp-content\/uploads\/2024\/06\/Pastorinho-Francisco-Marto.jpg","contentUrl":"https:\/\/www.adf.org.br\/home\/wp-content\/uploads\/2024\/06\/Pastorinho-Francisco-Marto.jpg","width":640,"height":403,"caption":"Festa do Pastorinho Francisco Marto"},{"@type":"WebPage","@id":"https:\/\/www.adf.org.br\/home\/vida-de-francisco-marto-aparicao-canonizacao\/#webpage","url":"https:\/\/www.adf.org.br\/home\/vida-de-francisco-marto-aparicao-canonizacao\/","name":"A Vida de Francisco Marto: Da Apari\u00e7\u00e3o de F\u00e1tima \u00e0 Canoniza\u00e7\u00e3o","isPartOf":{"@id":"https:\/\/www.adf.org.br\/home\/#website"},"primaryImageOfPage":{"@id":"https:\/\/www.adf.org.br\/home\/vida-de-francisco-marto-aparicao-canonizacao\/#primaryimage"},"datePublished":"2024-06-11T19:19:51+00:00","dateModified":"2024-06-11T19:33:31+00:00","author":{"@id":"https:\/\/www.adf.org.br\/home\/#\/schema\/person\/f35a5c5aa7728a3dedf4ea9aa1fc2753"},"description":"Conhe\u00e7a a hist\u00f3ria de Francisco Marto, um dos pastorinhos de F\u00e1tima. Saiba sobre suas experi\u00eancias com as apari\u00e7\u00f5es de Nossa Senhora e seu caminho at\u00e9 a canoniza\u00e7\u00e3o.","breadcrumb":{"@id":"https:\/\/www.adf.org.br\/home\/vida-de-francisco-marto-aparicao-canonizacao\/#breadcrumb"},"inLanguage":"pt-BR","potentialAction":[{"@type":"ReadAction","target":["https:\/\/www.adf.org.br\/home\/vida-de-francisco-marto-aparicao-canonizacao\/"]}]},{"@type":"BreadcrumbList","@id":"https:\/\/www.adf.org.br\/home\/vida-de-francisco-marto-aparicao-canonizacao\/#breadcrumb","itemListElement":[{"@type":"ListItem","position":1,"name":"Home","item":"https:\/\/www.adf.org.br\/home\/"},{"@type":"ListItem","position":2,"name":"Nascimento S\u00e3o Francisco Marto: Vida do Pastorinho da Apari\u00e7\u00e3o de F\u00e1tima \u00e0 Canoniza\u00e7\u00e3o"}]},{"@type":"Person","@id":"https:\/\/www.adf.org.br\/home\/#\/schema\/person\/f35a5c5aa7728a3dedf4ea9aa1fc2753","name":"Gabriel Barbosa","image":{"@type":"ImageObject","@id":"https:\/\/www.adf.org.br\/home\/#personlogo","inLanguage":"pt-BR","url":"https:\/\/secure.gravatar.com\/avatar\/2b2cb2f4637682c5605e8d36818f51ef?s=96&d=mm&r=g","contentUrl":"https:\/\/secure.gravatar.com\/avatar\/2b2cb2f4637682c5605e8d36818f51ef?s=96&d=mm&r=g","caption":"Gabriel Barbosa"},"url":"https:\/\/www.adf.org.br\/home\/author\/gabrielpmk-com-br\/"}]}},"_links":{"self":[{"href":"https:\/\/www.adf.org.br\/home\/wp-json\/wp\/v2\/posts\/76836"}],"collection":[{"href":"https:\/\/www.adf.org.br\/home\/wp-json\/wp\/v2\/posts"}],"about":[{"href":"https:\/\/www.adf.org.br\/home\/wp-json\/wp\/v2\/types\/post"}],"author":[{"embeddable":true,"href":"https:\/\/www.adf.org.br\/home\/wp-json\/wp\/v2\/users\/31"}],"replies":[{"embeddable":true,"href":"https:\/\/www.adf.org.br\/home\/wp-json\/wp\/v2\/comments?post=76836"}],"version-history":[{"count":2,"href":"https:\/\/www.adf.org.br\/home\/wp-json\/wp\/v2\/posts\/76836\/revisions"}],"predecessor-version":[{"id":76840,"href":"https:\/\/www.adf.org.br\/home\/wp-json\/wp\/v2\/posts\/76836\/revisions\/76840"}],"wp:featuredmedia":[{"embeddable":true,"href":"https:\/\/www.adf.org.br\/home\/wp-json\/wp\/v2\/media\/76837"}],"wp:attachment":[{"href":"https:\/\/www.adf.org.br\/home\/wp-json\/wp\/v2\/media?parent=76836"}],"wp:term":[{"taxonomy":"category","embeddable":true,"href":"https:\/\/www.adf.org.br\/home\/wp-json\/wp\/v2\/categories?post=76836"},{"taxonomy":"post_tag","embeddable":true,"href":"https:\/\/www.adf.org.br\/home\/wp-json\/wp\/v2\/tags?post=76836"}],"curies":[{"name":"wp","href":"https:\/\/api.w.org\/{rel}","templated":true}]}}