{"id":76749,"date":"2024-05-30T00:00:36","date_gmt":"2024-05-30T03:00:36","guid":{"rendered":"https:\/\/www.adf.org.br\/home\/?p=76749"},"modified":"2024-05-29T18:17:56","modified_gmt":"2024-05-29T21:17:56","slug":"reflexao-para-o-dia-de-corpus-christi-e-a-ligacao-com-as-aparicoes-de-fatima","status":"publish","type":"post","link":"https:\/\/www.adf.org.br\/home\/reflexao-para-o-dia-de-corpus-christi-e-a-ligacao-com-as-aparicoes-de-fatima\/","title":{"rendered":"Reflex\u00e3o para o Dia de Corpus Christi e a liga\u00e7\u00e3o com as Apari\u00e7\u00f5es de F\u00e1tima"},"content":{"rendered":"<p><span style=\"color: #000000;\">IOnA solenidade de <strong>Corpus Christi<\/strong> nos leva a refletir sobre a grandiosidade da amizade entre Deus e o Homem.<\/span><\/p>\n<figure id=\"attachment_72844\" aria-describedby=\"caption-attachment-72844\" style=\"width: 1024px\" class=\"wp-caption aligncenter\"><img loading=\"lazy\" class=\"wp-image-72844 size-large\" src=\"https:\/\/www.adf.org.br\/home\/wp-content\/uploads\/2023\/06\/AdobeStock_234652070-1024x683.jpeg\" alt=\"Festa de Corpus Christi, momento que une o homem com o Corpo de Cristo\" width=\"1024\" height=\"683\" srcset=\"https:\/\/www.adf.org.br\/home\/wp-content\/uploads\/2023\/06\/AdobeStock_234652070-1024x683.jpeg 1024w, https:\/\/www.adf.org.br\/home\/wp-content\/uploads\/2023\/06\/AdobeStock_234652070-300x200.jpeg 300w, https:\/\/www.adf.org.br\/home\/wp-content\/uploads\/2023\/06\/AdobeStock_234652070-768x512.jpeg 768w, https:\/\/www.adf.org.br\/home\/wp-content\/uploads\/2023\/06\/AdobeStock_234652070-1536x1024.jpeg 1536w, https:\/\/www.adf.org.br\/home\/wp-content\/uploads\/2023\/06\/AdobeStock_234652070-2048x1365.jpeg 2048w\" sizes=\"(max-width: 1024px) 100vw, 1024px\" \/><figcaption id=\"caption-attachment-72844\" class=\"wp-caption-text\">Festa de Corpus Christi, momento que une o homem com o Corpo de Cristo<\/figcaption><\/figure>\n<p><span style=\"color: #000000;\">Desde a inf\u00e2ncia, muitos de n\u00f3s participamos da missa dominical, mas \u00e0s vezes perdemos o significado profundo da Eucaristia. \u00c9 essencial recordar que a Eucaristia representa mais do que um simples momento de ora\u00e7\u00e3o comunit\u00e1ria e devo\u00e7\u00e3o.<\/span><\/p>\n<h2><span style=\"color: #000000;\"><strong>A Uni\u00e3o entre Deus e o Homem<\/strong><\/span><\/h2>\n<p><span style=\"color: #000000;\">Primeiramente, Deus deseja se unir permanentemente ao ser humano, sua cria\u00e7\u00e3o. Para isso, inventa um modo de estar sempre presente aos olhos de sua criatura. <\/span><\/p>\n<p><span style=\"color: #000000;\">Ou seja, na <strong>Primeira Carta aos Cor\u00edntios<\/strong>, Paulo nos lembra que o Senhor estabeleceu uma nova e eterna alian\u00e7a, derramando seu sangue para o perd\u00e3o e a santifica\u00e7\u00e3o humana. O p\u00e3o, seu corpo, \u00e9 repartido como alimento entre os irm\u00e3os.<\/span><\/p>\n<p><span style=\"color: #000000;\"><span style=\"color: #800080;\"><em>&#8220;<strong>Porque h\u00e1 um s\u00f3 p\u00e3o, n\u00f3s todos somos um s\u00f3 corpo, pois todos participamos desse \u00fanico p\u00e3o<\/strong>.&#8221;<\/em><\/span> (1Cor 10,17). Assim, da mesma maneira que a Igreja faz a Eucaristia, a Eucaristia faz a Igreja. N\u00e3o podemos separar o corpo eucar\u00edstico do corpo eclesial.<\/span><\/p>\n<h2><span style=\"color: #000000;\"><strong>Celebrando a Eucaristia<\/strong><\/span><\/h2>\n<p><span style=\"color: #000000;\">Celebrar a Eucaristia significa fazer mem\u00f3ria da a\u00e7\u00e3o do Senhor na Ceia e de sua morte, tornando presente seu sacrif\u00edcio redentor. ]<\/span><\/p>\n<p><span style=\"color: #000000;\">\u00c9 tamb\u00e9m a celebra\u00e7\u00e3o da partilha na Comunidade e do futuro, da sua vinda gloriosa. Participar do corpo e sangue do Senhor nos compromete a partilhar o que temos e a nossa pr\u00f3pria vida, assim como Jesus fez e continua fazendo na Eucaristia.<\/span><\/p>\n<h2><span style=\"color: #000000;\"><strong>Compromisso com o Pr\u00f3ximo<\/strong><\/span><\/h2>\n<p><span style=\"color: #000000;\">Viver a Eucaristia implica comprometer-se com o outro e tornar-se respons\u00e1vel pelo bem-estar dos irm\u00e3os. <\/span><\/p>\n<p><span style=\"color: #000000;\">Sendo assim, que nossas vidas sejam marcadas pelo seguimento de Jesus Cristo, pela entrega ao bem comum, sem medo de sacrif\u00edcios e de partilhas.<\/span><\/p>\n<p><span style=\"color: #000000;\">Partilhar o p\u00e3o eucar\u00edstico, o corpo do Senhor, deve nos incentivar a partilhar o p\u00e3o de nossa mesa e todos os dons que Deus nos concede. Que essa partilha seja um reflexo de toda a nossa vida.<\/span><\/p>\n<h2><span style=\"color: #000000;\"><strong>Corpus Christi e Nossa Senhora de F\u00e1tima<\/strong><\/span><\/h2>\n<figure style=\"width: 900px\" class=\"wp-caption alignnone\"><img loading=\"lazy\" src=\"https:\/\/paroquiadeesperantina.org.br\/wp-content\/uploads\/2022\/05\/VirgenDeFatima_Pixabay_300920.jpg\" alt=\"Nossa Senhora de F\u00e1tima apareceu aos tr\u00eas pastorinhos 1917\" width=\"900\" height=\"500\" \/><figcaption class=\"wp-caption-text\">Nossa Senhora de F\u00e1tima apareceu aos tr\u00eas pastorinhos 1917<\/figcaption><\/figure>\n<p><span style=\"color: #000000;\">Voc\u00ea sabia que o dia de Corpus Christi possui um v\u00ednculo profundo com as apari\u00e7\u00f5es de Nossa Senhora de F\u00e1tima?<\/span><\/p>\n<p><span style=\"color: #000000;\">Sendo assim, em 1916, o Anjo de Portugal apareceu tr\u00eas vezes aos Pastorinhos para prepar\u00e1-los para as apari\u00e7\u00f5es de Nossa Senhora. Em uma dessas apari\u00e7\u00f5es, o anjo ensinou-os a rezar e lhes deu a Santa Eucaristia, o Corpo de Cristo.<\/span><\/p>\n<h2><span style=\"color: #000000;\"><strong>Mem\u00f3rias de Irm\u00e3 L\u00facia<\/strong><\/span><\/h2>\n<p><span style=\"color: #000000;\">Ali\u00e1s, irm\u00e3 L\u00facia, uma das crian\u00e7as que participou da Eucaristia dada pelo anjo, descreveu esse momento: <\/span><\/p>\n<blockquote><p><em><span style=\"color: #000000;\">&#8220;Estando, pois, a\u00ed, apareceu-nos pela terceira vez, trazendo na m\u00e3o um c\u00e1lice e, sobre ele, uma h\u00f3stia, da qual ca\u00edam algumas gotas de sangue dentro do c\u00e1lice. Deixando o c\u00e1lice e a h\u00f3stia suspensos no ar, prostrou-se em terra e repetiu tr\u00eas vezes a ora\u00e7\u00e3o: &#8216;Sant\u00edssima Trindade, Pai, Filho, Esp\u00edrito Santo, adoro-Vos profundamente e ofere\u00e7o-Vos o precios\u00edssimo Corpo, Sangue, Alma e Divindade de Jesus Cristo, presente em todos os sacr\u00e1rios da terra, em repara\u00e7\u00e3o dos ultrajes, sacril\u00e9gios e indiferen\u00e7as com que Ele mesmo \u00e9 ofendido.<\/span><\/em><\/p>\n<p><em><span style=\"color: #000000;\">E pelos m\u00e9ritos infinitos do seu Sant\u00edssimo Cora\u00e7\u00e3o e do Cora\u00e7\u00e3o Imaculado de Maria, pe\u00e7o-Vos a convers\u00e3o dos pobres pecadores.&#8217; Depois, o anjo deu a h\u00f3stia a mim e o c\u00e1lice a Jacinta e Francisco, dizendo: &#8216;Tomai e bebei o Corpo e o Sangue de Jesus Cristo horrivelmente ultrajado pelos homens ingratos. Reparai os seus crimes e consolai o vosso Deus.'&#8221;<\/span><\/em><\/p><\/blockquote>\n<p><span style=\"color: #000000;\">Corpus Christi n\u00e3o s\u00f3 celebra a presen\u00e7a de Cristo na Eucaristia, mas tamb\u00e9m refor\u00e7a a nossa responsabilidade em viver uma vida de partilha e sacrif\u00edcio pelo bem do pr\u00f3ximo, inspirados pelo exemplo de Jesus e pela devo\u00e7\u00e3o a Nossa Senhora de F\u00e1tima.<\/span><\/p>\n<hr \/>\n<figure id=\"attachment_64727\" aria-describedby=\"caption-attachment-64727\" style=\"width: 600px\" class=\"wp-caption aligncenter\"><a href=\"https:\/\/adf.org.br\/velario\/corpuschristi\"><img loading=\"lazy\" class=\"wp-image-64727 size-full\" src=\"https:\/\/www.adf.org.br\/home\/wp-content\/uploads\/2021\/06\/Missa-de-Corpus-Christi.jpg\" alt=\"Seus pedidos de ora\u00e7\u00e3o na Missa de Corpus Christi\" width=\"600\" height=\"350\" srcset=\"https:\/\/www.adf.org.br\/home\/wp-content\/uploads\/2021\/06\/Missa-de-Corpus-Christi.jpg 600w, https:\/\/www.adf.org.br\/home\/wp-content\/uploads\/2021\/06\/Missa-de-Corpus-Christi-300x175.jpg 300w\" sizes=\"(max-width: 600px) 100vw, 600px\" \/><\/a><figcaption id=\"caption-attachment-64727\" class=\"wp-caption-text\">Seus pedidos de ora\u00e7\u00e3o na Missa de Corpus Christi<\/figcaption><\/figure>\n","protected":false},"excerpt":{"rendered":"<p>IOnA solenidade de Corpus Christi nos leva a refletir sobre a grandiosidade da amizade entre Deus e o Homem. Desde a inf\u00e2ncia, muitos de n\u00f3s participamos da missa dominical, mas \u00e0s vezes perdemos o significado profundo da Eucaristia. \u00c9 essencial recordar que a Eucaristia representa mais do que um simples momento de ora\u00e7\u00e3o comunit\u00e1ria e [&hellip;]<\/p>\n","protected":false},"author":31,"featured_media":76751,"comment_status":"open","ping_status":"open","sticky":false,"template":"","format":"standard","meta":[],"categories":[20],"tags":[1571,5582,5062],"yoast_head":"<!-- This site is optimized with the Yoast SEO plugin v17.4 - https:\/\/yoast.com\/wordpress\/plugins\/seo\/ -->\n<title>Reflex\u00e3o para o Dia de Corpus Christi e a liga\u00e7\u00e3o com as Apari\u00e7\u00f5es de F\u00e1tima<\/title>\n<meta name=\"description\" content=\"Celebre Corpus Christi refletindo sobre a Eucaristia e seu v\u00ednculo com Nossa Senhora de F\u00e1tima\" \/>\n<meta name=\"robots\" content=\"index, follow, max-snippet:-1, max-image-preview:large, max-video-preview:-1\" \/>\n<link rel=\"canonical\" href=\"https:\/\/www.adf.org.br\/home\/reflexao-para-o-dia-de-corpus-christi-e-a-ligacao-com-as-aparicoes-de-fatima\/\" \/>\n<meta property=\"og:locale\" content=\"pt_BR\" \/>\n<meta property=\"og:type\" content=\"article\" \/>\n<meta property=\"og:title\" content=\"Reflex\u00e3o para o Dia de Corpus Christi e a liga\u00e7\u00e3o com as Apari\u00e7\u00f5es de F\u00e1tima\" \/>\n<meta property=\"og:description\" content=\"Celebre Corpus Christi refletindo sobre a Eucaristia e seu v\u00ednculo com Nossa Senhora de F\u00e1tima\" \/>\n<meta property=\"og:url\" content=\"https:\/\/www.adf.org.br\/home\/reflexao-para-o-dia-de-corpus-christi-e-a-ligacao-com-as-aparicoes-de-fatima\/\" \/>\n<meta property=\"og:site_name\" content=\"Associa\u00e7\u00e3o Devotos de F\u00e1tima\" \/>\n<meta property=\"article:published_time\" content=\"2024-05-30T03:00:36+00:00\" \/>\n<meta property=\"article:modified_time\" content=\"2024-05-29T21:17:56+00:00\" \/>\n<meta property=\"og:image\" content=\"https:\/\/www.adf.org.br\/home\/wp-content\/uploads\/2024\/05\/Festa-de-Corpus-Christi.jpg\" \/>\n\t<meta property=\"og:image:width\" content=\"1200\" \/>\n\t<meta property=\"og:image:height\" content=\"675\" \/>\n<meta name=\"twitter:card\" content=\"summary_large_image\" \/>\n<meta name=\"twitter:label1\" content=\"Escrito por\" \/>\n\t<meta name=\"twitter:data1\" content=\"Gabriel Barbosa\" \/>\n\t<meta name=\"twitter:label2\" content=\"Est. tempo de leitura\" \/>\n\t<meta name=\"twitter:data2\" content=\"4 minutos\" \/>\n<script type=\"application\/ld+json\" class=\"yoast-schema-graph\">{\"@context\":\"https:\/\/schema.org\",\"@graph\":[{\"@type\":\"WebSite\",\"@id\":\"https:\/\/www.adf.org.br\/home\/#website\",\"url\":\"https:\/\/www.adf.org.br\/home\/\",\"name\":\"Associa\\u00e7\\u00e3o Devotos de F\\u00e1tima\",\"description\":\"Associa\\u00e7\\u00e3o Devotos de F\\u00e1tima\",\"potentialAction\":[{\"@type\":\"SearchAction\",\"target\":{\"@type\":\"EntryPoint\",\"urlTemplate\":\"https:\/\/www.adf.org.br\/home\/?s={search_term_string}\"},\"query-input\":\"required name=search_term_string\"}],\"inLanguage\":\"pt-BR\"},{\"@type\":\"ImageObject\",\"@id\":\"https:\/\/www.adf.org.br\/home\/reflexao-para-o-dia-de-corpus-christi-e-a-ligacao-com-as-aparicoes-de-fatima\/#primaryimage\",\"inLanguage\":\"pt-BR\",\"url\":\"https:\/\/www.adf.org.br\/home\/wp-content\/uploads\/2024\/05\/Festa-de-Corpus-Christi.jpg\",\"contentUrl\":\"https:\/\/www.adf.org.br\/home\/wp-content\/uploads\/2024\/05\/Festa-de-Corpus-Christi.jpg\",\"width\":1200,\"height\":675,\"caption\":\"Festa de Corpus Christi\"},{\"@type\":\"WebPage\",\"@id\":\"https:\/\/www.adf.org.br\/home\/reflexao-para-o-dia-de-corpus-christi-e-a-ligacao-com-as-aparicoes-de-fatima\/#webpage\",\"url\":\"https:\/\/www.adf.org.br\/home\/reflexao-para-o-dia-de-corpus-christi-e-a-ligacao-com-as-aparicoes-de-fatima\/\",\"name\":\"Reflex\\u00e3o para o Dia de Corpus Christi e a liga\\u00e7\\u00e3o com as Apari\\u00e7\\u00f5es de F\\u00e1tima\",\"isPartOf\":{\"@id\":\"https:\/\/www.adf.org.br\/home\/#website\"},\"primaryImageOfPage\":{\"@id\":\"https:\/\/www.adf.org.br\/home\/reflexao-para-o-dia-de-corpus-christi-e-a-ligacao-com-as-aparicoes-de-fatima\/#primaryimage\"},\"datePublished\":\"2024-05-30T03:00:36+00:00\",\"dateModified\":\"2024-05-29T21:17:56+00:00\",\"author\":{\"@id\":\"https:\/\/www.adf.org.br\/home\/#\/schema\/person\/f35a5c5aa7728a3dedf4ea9aa1fc2753\"},\"description\":\"Celebre Corpus Christi refletindo sobre a Eucaristia e seu v\\u00ednculo com Nossa Senhora de F\\u00e1tima\",\"breadcrumb\":{\"@id\":\"https:\/\/www.adf.org.br\/home\/reflexao-para-o-dia-de-corpus-christi-e-a-ligacao-com-as-aparicoes-de-fatima\/#breadcrumb\"},\"inLanguage\":\"pt-BR\",\"potentialAction\":[{\"@type\":\"ReadAction\",\"target\":[\"https:\/\/www.adf.org.br\/home\/reflexao-para-o-dia-de-corpus-christi-e-a-ligacao-com-as-aparicoes-de-fatima\/\"]}]},{\"@type\":\"BreadcrumbList\",\"@id\":\"https:\/\/www.adf.org.br\/home\/reflexao-para-o-dia-de-corpus-christi-e-a-ligacao-com-as-aparicoes-de-fatima\/#breadcrumb\",\"itemListElement\":[{\"@type\":\"ListItem\",\"position\":1,\"name\":\"Home\",\"item\":\"https:\/\/www.adf.org.br\/home\/\"},{\"@type\":\"ListItem\",\"position\":2,\"name\":\"Reflex\\u00e3o para o Dia de Corpus Christi e a liga\\u00e7\\u00e3o com as Apari\\u00e7\\u00f5es de F\\u00e1tima\"}]},{\"@type\":\"Person\",\"@id\":\"https:\/\/www.adf.org.br\/home\/#\/schema\/person\/f35a5c5aa7728a3dedf4ea9aa1fc2753\",\"name\":\"Gabriel Barbosa\",\"image\":{\"@type\":\"ImageObject\",\"@id\":\"https:\/\/www.adf.org.br\/home\/#personlogo\",\"inLanguage\":\"pt-BR\",\"url\":\"https:\/\/secure.gravatar.com\/avatar\/2b2cb2f4637682c5605e8d36818f51ef?s=96&d=mm&r=g\",\"contentUrl\":\"https:\/\/secure.gravatar.com\/avatar\/2b2cb2f4637682c5605e8d36818f51ef?s=96&d=mm&r=g\",\"caption\":\"Gabriel Barbosa\"},\"url\":\"https:\/\/www.adf.org.br\/home\/author\/gabrielpmk-com-br\/\"}]}<\/script>\n<!-- \/ Yoast SEO plugin. -->","yoast_head_json":{"title":"Reflex\u00e3o para o Dia de Corpus Christi e a liga\u00e7\u00e3o com as Apari\u00e7\u00f5es de F\u00e1tima","description":"Celebre Corpus Christi refletindo sobre a Eucaristia e seu v\u00ednculo com Nossa Senhora de F\u00e1tima","robots":{"index":"index","follow":"follow","max-snippet":"max-snippet:-1","max-image-preview":"max-image-preview:large","max-video-preview":"max-video-preview:-1"},"canonical":"https:\/\/www.adf.org.br\/home\/reflexao-para-o-dia-de-corpus-christi-e-a-ligacao-com-as-aparicoes-de-fatima\/","og_locale":"pt_BR","og_type":"article","og_title":"Reflex\u00e3o para o Dia de Corpus Christi e a liga\u00e7\u00e3o com as Apari\u00e7\u00f5es de F\u00e1tima","og_description":"Celebre Corpus Christi refletindo sobre a Eucaristia e seu v\u00ednculo com Nossa Senhora de F\u00e1tima","og_url":"https:\/\/www.adf.org.br\/home\/reflexao-para-o-dia-de-corpus-christi-e-a-ligacao-com-as-aparicoes-de-fatima\/","og_site_name":"Associa\u00e7\u00e3o Devotos de F\u00e1tima","article_published_time":"2024-05-30T03:00:36+00:00","article_modified_time":"2024-05-29T21:17:56+00:00","og_image":[{"width":1200,"height":675,"url":"https:\/\/www.adf.org.br\/home\/wp-content\/uploads\/2024\/05\/Festa-de-Corpus-Christi.jpg","type":"image\/jpeg"}],"twitter_card":"summary_large_image","twitter_misc":{"Escrito por":"Gabriel Barbosa","Est. tempo de leitura":"4 minutos"},"schema":{"@context":"https:\/\/schema.org","@graph":[{"@type":"WebSite","@id":"https:\/\/www.adf.org.br\/home\/#website","url":"https:\/\/www.adf.org.br\/home\/","name":"Associa\u00e7\u00e3o Devotos de F\u00e1tima","description":"Associa\u00e7\u00e3o Devotos de F\u00e1tima","potentialAction":[{"@type":"SearchAction","target":{"@type":"EntryPoint","urlTemplate":"https:\/\/www.adf.org.br\/home\/?s={search_term_string}"},"query-input":"required name=search_term_string"}],"inLanguage":"pt-BR"},{"@type":"ImageObject","@id":"https:\/\/www.adf.org.br\/home\/reflexao-para-o-dia-de-corpus-christi-e-a-ligacao-com-as-aparicoes-de-fatima\/#primaryimage","inLanguage":"pt-BR","url":"https:\/\/www.adf.org.br\/home\/wp-content\/uploads\/2024\/05\/Festa-de-Corpus-Christi.jpg","contentUrl":"https:\/\/www.adf.org.br\/home\/wp-content\/uploads\/2024\/05\/Festa-de-Corpus-Christi.jpg","width":1200,"height":675,"caption":"Festa de Corpus Christi"},{"@type":"WebPage","@id":"https:\/\/www.adf.org.br\/home\/reflexao-para-o-dia-de-corpus-christi-e-a-ligacao-com-as-aparicoes-de-fatima\/#webpage","url":"https:\/\/www.adf.org.br\/home\/reflexao-para-o-dia-de-corpus-christi-e-a-ligacao-com-as-aparicoes-de-fatima\/","name":"Reflex\u00e3o para o Dia de Corpus Christi e a liga\u00e7\u00e3o com as Apari\u00e7\u00f5es de F\u00e1tima","isPartOf":{"@id":"https:\/\/www.adf.org.br\/home\/#website"},"primaryImageOfPage":{"@id":"https:\/\/www.adf.org.br\/home\/reflexao-para-o-dia-de-corpus-christi-e-a-ligacao-com-as-aparicoes-de-fatima\/#primaryimage"},"datePublished":"2024-05-30T03:00:36+00:00","dateModified":"2024-05-29T21:17:56+00:00","author":{"@id":"https:\/\/www.adf.org.br\/home\/#\/schema\/person\/f35a5c5aa7728a3dedf4ea9aa1fc2753"},"description":"Celebre Corpus Christi refletindo sobre a Eucaristia e seu v\u00ednculo com Nossa Senhora de F\u00e1tima","breadcrumb":{"@id":"https:\/\/www.adf.org.br\/home\/reflexao-para-o-dia-de-corpus-christi-e-a-ligacao-com-as-aparicoes-de-fatima\/#breadcrumb"},"inLanguage":"pt-BR","potentialAction":[{"@type":"ReadAction","target":["https:\/\/www.adf.org.br\/home\/reflexao-para-o-dia-de-corpus-christi-e-a-ligacao-com-as-aparicoes-de-fatima\/"]}]},{"@type":"BreadcrumbList","@id":"https:\/\/www.adf.org.br\/home\/reflexao-para-o-dia-de-corpus-christi-e-a-ligacao-com-as-aparicoes-de-fatima\/#breadcrumb","itemListElement":[{"@type":"ListItem","position":1,"name":"Home","item":"https:\/\/www.adf.org.br\/home\/"},{"@type":"ListItem","position":2,"name":"Reflex\u00e3o para o Dia de Corpus Christi e a liga\u00e7\u00e3o com as Apari\u00e7\u00f5es de F\u00e1tima"}]},{"@type":"Person","@id":"https:\/\/www.adf.org.br\/home\/#\/schema\/person\/f35a5c5aa7728a3dedf4ea9aa1fc2753","name":"Gabriel Barbosa","image":{"@type":"ImageObject","@id":"https:\/\/www.adf.org.br\/home\/#personlogo","inLanguage":"pt-BR","url":"https:\/\/secure.gravatar.com\/avatar\/2b2cb2f4637682c5605e8d36818f51ef?s=96&d=mm&r=g","contentUrl":"https:\/\/secure.gravatar.com\/avatar\/2b2cb2f4637682c5605e8d36818f51ef?s=96&d=mm&r=g","caption":"Gabriel Barbosa"},"url":"https:\/\/www.adf.org.br\/home\/author\/gabrielpmk-com-br\/"}]}},"_links":{"self":[{"href":"https:\/\/www.adf.org.br\/home\/wp-json\/wp\/v2\/posts\/76749"}],"collection":[{"href":"https:\/\/www.adf.org.br\/home\/wp-json\/wp\/v2\/posts"}],"about":[{"href":"https:\/\/www.adf.org.br\/home\/wp-json\/wp\/v2\/types\/post"}],"author":[{"embeddable":true,"href":"https:\/\/www.adf.org.br\/home\/wp-json\/wp\/v2\/users\/31"}],"replies":[{"embeddable":true,"href":"https:\/\/www.adf.org.br\/home\/wp-json\/wp\/v2\/comments?post=76749"}],"version-history":[{"count":1,"href":"https:\/\/www.adf.org.br\/home\/wp-json\/wp\/v2\/posts\/76749\/revisions"}],"predecessor-version":[{"id":76752,"href":"https:\/\/www.adf.org.br\/home\/wp-json\/wp\/v2\/posts\/76749\/revisions\/76752"}],"wp:featuredmedia":[{"embeddable":true,"href":"https:\/\/www.adf.org.br\/home\/wp-json\/wp\/v2\/media\/76751"}],"wp:attachment":[{"href":"https:\/\/www.adf.org.br\/home\/wp-json\/wp\/v2\/media?parent=76749"}],"wp:term":[{"taxonomy":"category","embeddable":true,"href":"https:\/\/www.adf.org.br\/home\/wp-json\/wp\/v2\/categories?post=76749"},{"taxonomy":"post_tag","embeddable":true,"href":"https:\/\/www.adf.org.br\/home\/wp-json\/wp\/v2\/tags?post=76749"}],"curies":[{"name":"wp","href":"https:\/\/api.w.org\/{rel}","templated":true}]}}