{"id":76239,"date":"2024-04-23T00:00:51","date_gmt":"2024-04-23T03:00:51","guid":{"rendered":"https:\/\/www.adf.org.br\/home\/?p=76239"},"modified":"2024-04-24T12:36:44","modified_gmt":"2024-04-24T15:36:44","slug":"conheca-a-fascinante-historia-do-santuario-de-fatima-23-5","status":"publish","type":"post","link":"https:\/\/www.adf.org.br\/home\/conheca-a-fascinante-historia-do-santuario-de-fatima-23-5\/","title":{"rendered":"Conhe\u00e7a a Fascinante Hist\u00f3ria do Santu\u00e1rio de F\u00e1tima"},"content":{"rendered":"<p><a href=\"https:\/\/www.adf.org.br\/vela-santuario-de-fatima\/?origem=29957\" target=\"_blank\" rel=\"noopener\"><img loading=\"lazy\" class=\"aligncenter wp-image-76257 \" src=\"https:\/\/www.adf.org.br\/home\/wp-content\/uploads\/2024\/04\/santuario-fatima.png\" alt=\"\" width=\"665\" height=\"490\" srcset=\"https:\/\/www.adf.org.br\/home\/wp-content\/uploads\/2024\/04\/santuario-fatima.png 1260w, https:\/\/www.adf.org.br\/home\/wp-content\/uploads\/2024\/04\/santuario-fatima-300x221.png 300w, https:\/\/www.adf.org.br\/home\/wp-content\/uploads\/2024\/04\/santuario-fatima-1024x754.png 1024w, https:\/\/www.adf.org.br\/home\/wp-content\/uploads\/2024\/04\/santuario-fatima-768x566.png 768w\" sizes=\"(max-width: 665px) 100vw, 665px\" \/><\/a><\/p>\n<p>&nbsp;<\/p>\n<p><span style=\"color: #000000;\"><strong><span style=\"font-size: 32px;\">G<\/span><\/strong>ra\u00e7as \u00e0s apari\u00e7\u00f5es de <span style=\"color: #000080;\"><strong>Nossa Senhora<\/strong><\/span>, em 1917, temos at\u00e9 hoje um &#8220;pedacinho do C\u00e9u&#8221; em Portugal.\u00a0\u00a0<\/span><\/p>\n<div class=\"flex-1 overflow-hidden\">\n<div class=\"react-scroll-to-bottom--css-vjqkf-79elbk h-full\">\n<div class=\"react-scroll-to-bottom--css-vjqkf-1n7m0yu\">\n<div class=\"flex flex-col text-sm pb-9\">\n<div class=\"w-full text-token-text-primary\" dir=\"auto\" data-testid=\"conversation-turn-3\">\n<div class=\"px-4 py-2 justify-center text-base md:gap-6 m-auto\">\n<div class=\"flex flex-1 text-base mx-auto gap-3 juice:gap-4 juice:md:gap-6 md:px-5 lg:px-1 xl:px-5 md:max-w-3xl lg:max-w-[40rem] xl:max-w-[48rem]\">\n<div class=\"relative flex w-full flex-col agent-turn\">\n<div class=\"flex-col gap-1 md:gap-3\">\n<div class=\"flex flex-grow flex-col max-w-full\">\n<div class=\"min-h-[20px] text-message flex flex-col items-start gap-3 whitespace-pre-wrap break-words [.text-message+&amp;]:mt-5 overflow-x-auto\" dir=\"auto\" data-message-author-role=\"assistant\" data-message-id=\"5843e055-f2e7-4dd8-9e2a-18c0bc2bac99\">\n<div class=\"markdown prose w-full break-words dark:prose-invert light\">\n<p><span style=\"color: #000000;\">O <strong><span style=\"color: #000080;\">Santu\u00e1rio de F\u00e1tima<\/span><\/strong> <strong>se destaca pelos eventos e pela mensagem das apari\u00e7\u00f5es de <span style=\"color: #000080;\">Nossa Senhora<\/span> aos pastorinhos: L\u00facia, Francisco e Jacinta.<\/strong><\/span><\/p>\n<p><span style=\"color: #000000;\">No in\u00edcio do s\u00e9culo XX, <strong>na Cova da Iria, a promessa da miseric\u00f3rdia divina foi testemunhada por estas tr\u00eas humildes crian\u00e7as.<\/strong><\/span><\/p>\n<p><span style=\"color: #000000;\">Sendo assim, al\u00e9m de marcar o acontecimento de um milagre, <strong>o Santu\u00e1rio promove a devo\u00e7\u00e3o \u00e0 Maria e a convers\u00e3o atrav\u00e9s da ora\u00e7\u00e3o, especialmente do Santo Ros\u00e1rio.<\/strong><\/span><\/p>\n<p><span style=\"color: #000000;\">Desse modo,<strong> este local sagrado recorda a um mundo marcado por conflitos a boa nova do<span style=\"color: #000000;\"> evangelho e a esperan\u00e7a de um novo encontro com Deus.<\/span><\/strong><\/span><\/p>\n<p>&nbsp;<\/p>\n<h3 style=\"text-align: center;\"><span style=\"color: #000080;\"><u>O que motivou a constru\u00e7\u00e3o do Santu\u00e1rio?<\/u><\/span><\/h3>\n<p>&nbsp;<\/p>\n<p><span style=\"color: #000000;\">Primeiramente, <strong>a hist\u00f3ria do <span style=\"color: #000080;\">Santu\u00e1rio de F\u00e1tima<\/span> se inicia com a apari\u00e7\u00e3o da <span style=\"color: #000080;\">Virgem Maria<\/span>, que pediu aos jovens pastores:<\/strong><\/span><\/p>\n<p>&nbsp;<\/p>\n<figure id=\"attachment_1722\" aria-describedby=\"caption-attachment-1722\" style=\"width: 161px\" class=\"wp-caption alignleft\"><img loading=\"lazy\" class=\"wp-image-1722\" src=\"https:\/\/www.adf.org.br\/home\/wp-content\/uploads\/2010\/01\/5aparicao.bmp\" alt=\"\" width=\"161\" height=\"252\" \/><figcaption id=\"caption-attachment-1722\" class=\"wp-caption-text\"><center><em>Representa\u00e7\u00e3o da apari\u00e7\u00e3o de Nossa Senhora aos pastorinhos.<\/em><\/center><\/figcaption><\/figure>\n<h3 style=\"text-align: center;\"><em><span style=\"color: #000000;\"><u>\u201cQuero dizer-te que fa\u00e7am aqui uma capela em Minha honra, que sou a Senhora do Ros\u00e1rio.\u201d<\/u><\/span><\/em><\/h3>\n<p>&nbsp;<\/p>\n<p><span style=\"color: #000000;\"><strong>Assim, cumprindo Seu pedido, foram constru\u00eddas a grandiosa <span style=\"color: #000080;\">Bas\u00edlica de Nossa Senhora do Ros\u00e1rio<\/span> e a <span style=\"color: #000080;\">Capelinha das Apari\u00e7\u00f5es<\/span><\/strong>. Desde ent\u00e3o, milhares de pessoas se re\u00fanem para rezar e buscar paz.<\/span><\/p>\n<p><span style=\"color: #000000;\">Logo, <strong>o <span style=\"color: #000080;\">Santu\u00e1rio<\/span> atende \u00e0s necessidades espirituais dos peregrinos, bem como promove a devo\u00e7\u00e3o mariana<\/strong>. <\/span><\/p>\n<p><span style=\"color: #000000;\">Atualmente,<strong> s\u00e3o realizadas peregrina\u00e7\u00f5es, a\u00e7\u00f5es comunit\u00e1rias, sociais e ora\u00e7\u00e3o do<\/strong> <strong>Ros\u00e1rio<\/strong>. Al\u00e9m disso, a <strong>celebra\u00e7\u00e3o da Santa Missa<\/strong> torna-o um espa\u00e7o para a <strong>reconcilia\u00e7\u00e3o e a Eucaristia<\/strong>, contribuindo para a miss\u00e3o crist\u00e3.<\/span><\/p>\n<p><span style=\"color: #000000;\">O <span style=\"color: #000080;\"><strong>Santu\u00e1rio<\/strong><\/span> ainda preserva espa\u00e7os em que ocorreram acontecimentos especiais. <\/span><\/p>\n<p><span style=\"color: #000000;\">Como por exemplo, <u>a Capelinha das Apari\u00e7\u00f5es, Po\u00e7o do Arneiro, Recinto de Ora\u00e7\u00e3o e Colunata, al\u00e9m do\u00a0Centro Pastoral de Paulo VI, Casas de Retiros e o Albergue dos Doentes.<\/u><\/span><\/p>\n<\/div>\n<\/div>\n<\/div>\n<\/div>\n<h3><span style=\"color: #ffffff;\">.<\/span><\/h3>\n<h3 style=\"text-align: center;\"><span style=\"color: #000080;\"><u>Seu nome no Santu\u00e1rio de F\u00e1tima<\/u><\/span><\/h3>\n<div class=\"flex-col gap-1 md:gap-3\">\n<div class=\"flex flex-grow flex-col max-w-full\">\n<div class=\"min-h-[20px] text-message flex flex-col items-start gap-3 whitespace-pre-wrap break-words [.text-message+&amp;]:mt-5 overflow-x-auto\" dir=\"auto\" data-message-author-role=\"assistant\" data-message-id=\"5843e055-f2e7-4dd8-9e2a-18c0bc2bac99\">\n<div class=\"markdown prose w-full break-words dark:prose-invert light\">\n<p>&nbsp;<\/p>\n<p><span style=\"color: #000000;\">Agora, voc\u00ea pode ter seu nome levado ao local das apari\u00e7\u00f5es, no <span style=\"color: #000080;\"><strong>Santu\u00e1rio de F\u00e1tima.\u00a0<\/strong><\/span><\/span><\/p>\n<p><span style=\"color: #000000;\">Pois, em celebra\u00e7\u00e3o ao <strong><span style=\"color: #000080;\">Dia de Nossa Senhora de F\u00e1tima<\/span><\/strong>, faremos uma a\u00e7\u00e3o especial. <\/span><\/p>\n<p><span style=\"color: #000000;\">No Dia <strong><span style=\"color: #000080;\">13 de Maio<\/span><\/strong>, iremos at\u00e9 Portugal. Al\u00e9m disso, <strong>teremos a honra de acender uma vela em seu nome, como s\u00edmbolo de sua f\u00e9 e devo\u00e7\u00e3o.<\/strong><\/span><\/p>\n<h3><\/h3>\n<h3 style=\"text-align: center;\"><span style=\"color: #000000;\"><u>Basta <a href=\"https:\/\/www.adf.org.br\/vela-santuario-de-fatima\/?origem=29957\" target=\"_blank\" rel=\"noopener\"><span style=\"color: #0000ff;\">clicar aqui<\/span><\/a> para informar seu nome ou o nome de algu\u00e9m que voc\u00ea preferir.<\/u><\/span><\/h3>\n<p>&nbsp;<\/p>\n<p><span style=\"color: #000000;\">O <strong><span style=\"color: #000080;\">Santu\u00e1rio de F\u00e1tima<\/span><\/strong> \u00e9 um local santo, que reflete a mensagem de convers\u00e3o e esperan\u00e7a que a <strong><span style=\"color: #000080;\">Virgem Maria<\/span><\/strong> trouxe \u00e0 Terra. <\/span><\/p>\n<p><span style=\"color: #000000;\">A hist\u00f3ria dos pastorinhos, as mensagens de <strong><span style=\"color: #000080;\">Nossa Senhora<\/span><\/strong> e a atmosfera de f\u00e9 do local inspiram os cora\u00e7\u00f5es a se voltarem para o amor de Deus e o caminho da salva\u00e7\u00e3o.<\/span><\/p>\n<p><span style=\"color: #000000;\">Portanto,<\/span> <a href=\"https:\/\/www.adf.org.br\/vela-santuario-de-fatima\/?origem=29957\" target=\"_blank\" rel=\"noopener\"><span style=\"color: #000000;\"><strong><span style=\"color: #0000ff;\">tenha uma vela acesa em seu nome neste lugar sagrado<\/span><\/strong>.<\/span><\/a><\/p>\n<p><span style=\"color: #000000;\"><strong><a href=\"https:\/\/www.adf.org.br\/vela-santuario-de-fatima\/?origem=29957\" target=\"_blank\" rel=\"noopener\"><span style=\"color: #0000ff;\">Clique aqui<\/span><\/a> e n\u00e3o perca esta oportunidade \u00fanica de marcar sua presen\u00e7a no <span style=\"color: #000080;\">Santu\u00e1rio de F\u00e1tima<\/span>.<\/strong><\/span><\/p>\n<\/div>\n<\/div>\n<\/div>\n<\/div>\n<\/div>\n<\/div>\n<\/div>\n<\/div>\n<\/div>\n<\/div>\n<\/div>\n<\/div>\n<div class=\"w-full pt-2 md:pt-0 dark:border-white\/20 md:border-transparent md:dark:border-transparent md:w-[calc(100%-.5rem)]\">\n<form class=\"stretch mx-2 flex flex-row gap-3 last:mb-2 md:mx-4 md:last:mb-6 lg:mx-auto lg:max-w-2xl xl:max-w-3xl\">\n<div class=\"relative flex h-full flex-1 flex-col\">\n<h3 class=\"absolute bottom-full left-0 right-0\" style=\"text-align: center;\"><\/h3>\n<h3 class=\"flex w-full items-center\" style=\"text-align: center;\"><strong>****<\/strong><\/h3>\n<\/div>\n<div><a href=\"https:\/\/www.adf.org.br\/vela-santuario-de-fatima\/?origem=29957\" target=\"_blank\" rel=\"noopener\"><img loading=\"lazy\" class=\"aligncenter wp-image-76333 \" src=\"https:\/\/www.adf.org.br\/home\/wp-content\/uploads\/2024\/04\/vela-2.jpg\" alt=\"\" width=\"626\" height=\"397\" srcset=\"https:\/\/www.adf.org.br\/home\/wp-content\/uploads\/2024\/04\/vela-2.jpg 829w, https:\/\/www.adf.org.br\/home\/wp-content\/uploads\/2024\/04\/vela-2-300x190.jpg 300w, https:\/\/www.adf.org.br\/home\/wp-content\/uploads\/2024\/04\/vela-2-768x487.jpg 768w\" sizes=\"(max-width: 626px) 100vw, 626px\" \/><\/a><\/div>\n<div><\/div>\n<\/form>\n<\/div>\n","protected":false},"excerpt":{"rendered":"<p>&nbsp; Gra\u00e7as \u00e0s apari\u00e7\u00f5es de Nossa Senhora, em 1917, temos at\u00e9 hoje um &#8220;pedacinho do C\u00e9u&#8221; em Portugal.\u00a0\u00a0 O Santu\u00e1rio de F\u00e1tima se destaca pelos eventos e pela mensagem das apari\u00e7\u00f5es de Nossa Senhora aos pastorinhos: L\u00facia, Francisco e Jacinta. No in\u00edcio do s\u00e9culo XX, na Cova da Iria, a promessa da miseric\u00f3rdia divina foi [&hellip;]<\/p>\n","protected":false},"author":37,"featured_media":76263,"comment_status":"open","ping_status":"open","sticky":false,"template":"","format":"standard","meta":[],"categories":[9,2323,56],"tags":[5548,818,57,177],"yoast_head":"<!-- This site is optimized with the Yoast SEO plugin v17.4 - https:\/\/yoast.com\/wordpress\/plugins\/seo\/ -->\n<title>Conhe\u00e7a a Fascinante Hist\u00f3ria do Santu\u00e1rio de F\u00e1tima<\/title>\n<meta name=\"description\" content=\"O Santu\u00e1rio de F\u00e1tima \u00e9 um local santo, que reflete a mensagem de convers\u00e3o e esperan\u00e7a que a Virgem Maria trouxe \u00e0 Terra.\" \/>\n<meta name=\"robots\" content=\"index, follow, max-snippet:-1, max-image-preview:large, max-video-preview:-1\" \/>\n<link rel=\"canonical\" href=\"https:\/\/www.adf.org.br\/home\/conheca-a-fascinante-historia-do-santuario-de-fatima-23-5\/\" \/>\n<meta property=\"og:locale\" content=\"pt_BR\" \/>\n<meta property=\"og:type\" content=\"article\" \/>\n<meta property=\"og:title\" content=\"Conhe\u00e7a a Fascinante Hist\u00f3ria do Santu\u00e1rio de F\u00e1tima\" \/>\n<meta property=\"og:description\" content=\"O Santu\u00e1rio de F\u00e1tima \u00e9 um local santo, que reflete a mensagem de convers\u00e3o e esperan\u00e7a que a Virgem Maria trouxe \u00e0 Terra.\" \/>\n<meta property=\"og:url\" content=\"https:\/\/www.adf.org.br\/home\/conheca-a-fascinante-historia-do-santuario-de-fatima-23-5\/\" \/>\n<meta property=\"og:site_name\" content=\"Associa\u00e7\u00e3o Devotos de F\u00e1tima\" \/>\n<meta property=\"article:published_time\" content=\"2024-04-23T03:00:51+00:00\" \/>\n<meta property=\"article:modified_time\" content=\"2024-04-24T15:36:44+00:00\" \/>\n<meta property=\"og:image\" content=\"https:\/\/www.adf.org.br\/home\/wp-content\/uploads\/2024\/04\/capa-santuario-Fatima-ADF-post-2304-scaled.jpg\" \/>\n\t<meta property=\"og:image:width\" content=\"2560\" \/>\n\t<meta property=\"og:image:height\" content=\"1280\" \/>\n<meta name=\"twitter:card\" content=\"summary_large_image\" \/>\n<meta name=\"twitter:label1\" content=\"Escrito por\" \/>\n\t<meta name=\"twitter:data1\" content=\"Monica Lopes\" \/>\n\t<meta name=\"twitter:label2\" content=\"Est. tempo de leitura\" \/>\n\t<meta name=\"twitter:data2\" content=\"3 minutos\" \/>\n<script type=\"application\/ld+json\" class=\"yoast-schema-graph\">{\"@context\":\"https:\/\/schema.org\",\"@graph\":[{\"@type\":\"WebSite\",\"@id\":\"https:\/\/www.adf.org.br\/home\/#website\",\"url\":\"https:\/\/www.adf.org.br\/home\/\",\"name\":\"Associa\\u00e7\\u00e3o Devotos de F\\u00e1tima\",\"description\":\"Associa\\u00e7\\u00e3o Devotos de F\\u00e1tima\",\"potentialAction\":[{\"@type\":\"SearchAction\",\"target\":{\"@type\":\"EntryPoint\",\"urlTemplate\":\"https:\/\/www.adf.org.br\/home\/?s={search_term_string}\"},\"query-input\":\"required name=search_term_string\"}],\"inLanguage\":\"pt-BR\"},{\"@type\":\"ImageObject\",\"@id\":\"https:\/\/www.adf.org.br\/home\/conheca-a-fascinante-historia-do-santuario-de-fatima-23-5\/#primaryimage\",\"inLanguage\":\"pt-BR\",\"url\":\"https:\/\/www.adf.org.br\/home\/wp-content\/uploads\/2024\/04\/capa-santuario-Fatima-ADF-post-2304-scaled.jpg\",\"contentUrl\":\"https:\/\/www.adf.org.br\/home\/wp-content\/uploads\/2024\/04\/capa-santuario-Fatima-ADF-post-2304-scaled.jpg\",\"width\":2560,\"height\":1280},{\"@type\":\"WebPage\",\"@id\":\"https:\/\/www.adf.org.br\/home\/conheca-a-fascinante-historia-do-santuario-de-fatima-23-5\/#webpage\",\"url\":\"https:\/\/www.adf.org.br\/home\/conheca-a-fascinante-historia-do-santuario-de-fatima-23-5\/\",\"name\":\"Conhe\\u00e7a a Fascinante Hist\\u00f3ria do Santu\\u00e1rio de F\\u00e1tima\",\"isPartOf\":{\"@id\":\"https:\/\/www.adf.org.br\/home\/#website\"},\"primaryImageOfPage\":{\"@id\":\"https:\/\/www.adf.org.br\/home\/conheca-a-fascinante-historia-do-santuario-de-fatima-23-5\/#primaryimage\"},\"datePublished\":\"2024-04-23T03:00:51+00:00\",\"dateModified\":\"2024-04-24T15:36:44+00:00\",\"author\":{\"@id\":\"https:\/\/www.adf.org.br\/home\/#\/schema\/person\/9101cf8d6c689b491c58b256ef11e3b5\"},\"description\":\"O Santu\\u00e1rio de F\\u00e1tima \\u00e9 um local santo, que reflete a mensagem de convers\\u00e3o e esperan\\u00e7a que a Virgem Maria trouxe \\u00e0 Terra.\",\"breadcrumb\":{\"@id\":\"https:\/\/www.adf.org.br\/home\/conheca-a-fascinante-historia-do-santuario-de-fatima-23-5\/#breadcrumb\"},\"inLanguage\":\"pt-BR\",\"potentialAction\":[{\"@type\":\"ReadAction\",\"target\":[\"https:\/\/www.adf.org.br\/home\/conheca-a-fascinante-historia-do-santuario-de-fatima-23-5\/\"]}]},{\"@type\":\"BreadcrumbList\",\"@id\":\"https:\/\/www.adf.org.br\/home\/conheca-a-fascinante-historia-do-santuario-de-fatima-23-5\/#breadcrumb\",\"itemListElement\":[{\"@type\":\"ListItem\",\"position\":1,\"name\":\"Home\",\"item\":\"https:\/\/www.adf.org.br\/home\/\"},{\"@type\":\"ListItem\",\"position\":2,\"name\":\"Conhe\\u00e7a a Fascinante Hist\\u00f3ria do Santu\\u00e1rio de F\\u00e1tima\"}]},{\"@type\":\"Person\",\"@id\":\"https:\/\/www.adf.org.br\/home\/#\/schema\/person\/9101cf8d6c689b491c58b256ef11e3b5\",\"name\":\"Monica Lopes\",\"image\":{\"@type\":\"ImageObject\",\"@id\":\"https:\/\/www.adf.org.br\/home\/#personlogo\",\"inLanguage\":\"pt-BR\",\"url\":\"https:\/\/secure.gravatar.com\/avatar\/6ed8532e93425b6480f451801077c6de?s=96&d=mm&r=g\",\"contentUrl\":\"https:\/\/secure.gravatar.com\/avatar\/6ed8532e93425b6480f451801077c6de?s=96&d=mm&r=g\",\"caption\":\"Monica Lopes\"},\"url\":\"https:\/\/www.adf.org.br\/home\/author\/monica-lopespmk-com-br\/\"}]}<\/script>\n<!-- \/ Yoast SEO plugin. -->","yoast_head_json":{"title":"Conhe\u00e7a a Fascinante Hist\u00f3ria do Santu\u00e1rio de F\u00e1tima","description":"O Santu\u00e1rio de F\u00e1tima \u00e9 um local santo, que reflete a mensagem de convers\u00e3o e esperan\u00e7a que a Virgem Maria trouxe \u00e0 Terra.","robots":{"index":"index","follow":"follow","max-snippet":"max-snippet:-1","max-image-preview":"max-image-preview:large","max-video-preview":"max-video-preview:-1"},"canonical":"https:\/\/www.adf.org.br\/home\/conheca-a-fascinante-historia-do-santuario-de-fatima-23-5\/","og_locale":"pt_BR","og_type":"article","og_title":"Conhe\u00e7a a Fascinante Hist\u00f3ria do Santu\u00e1rio de F\u00e1tima","og_description":"O Santu\u00e1rio de F\u00e1tima \u00e9 um local santo, que reflete a mensagem de convers\u00e3o e esperan\u00e7a que a Virgem Maria trouxe \u00e0 Terra.","og_url":"https:\/\/www.adf.org.br\/home\/conheca-a-fascinante-historia-do-santuario-de-fatima-23-5\/","og_site_name":"Associa\u00e7\u00e3o Devotos de F\u00e1tima","article_published_time":"2024-04-23T03:00:51+00:00","article_modified_time":"2024-04-24T15:36:44+00:00","og_image":[{"width":2560,"height":1280,"url":"https:\/\/www.adf.org.br\/home\/wp-content\/uploads\/2024\/04\/capa-santuario-Fatima-ADF-post-2304-scaled.jpg","type":"image\/jpeg"}],"twitter_card":"summary_large_image","twitter_misc":{"Escrito por":"Monica Lopes","Est. tempo de leitura":"3 minutos"},"schema":{"@context":"https:\/\/schema.org","@graph":[{"@type":"WebSite","@id":"https:\/\/www.adf.org.br\/home\/#website","url":"https:\/\/www.adf.org.br\/home\/","name":"Associa\u00e7\u00e3o Devotos de F\u00e1tima","description":"Associa\u00e7\u00e3o Devotos de F\u00e1tima","potentialAction":[{"@type":"SearchAction","target":{"@type":"EntryPoint","urlTemplate":"https:\/\/www.adf.org.br\/home\/?s={search_term_string}"},"query-input":"required name=search_term_string"}],"inLanguage":"pt-BR"},{"@type":"ImageObject","@id":"https:\/\/www.adf.org.br\/home\/conheca-a-fascinante-historia-do-santuario-de-fatima-23-5\/#primaryimage","inLanguage":"pt-BR","url":"https:\/\/www.adf.org.br\/home\/wp-content\/uploads\/2024\/04\/capa-santuario-Fatima-ADF-post-2304-scaled.jpg","contentUrl":"https:\/\/www.adf.org.br\/home\/wp-content\/uploads\/2024\/04\/capa-santuario-Fatima-ADF-post-2304-scaled.jpg","width":2560,"height":1280},{"@type":"WebPage","@id":"https:\/\/www.adf.org.br\/home\/conheca-a-fascinante-historia-do-santuario-de-fatima-23-5\/#webpage","url":"https:\/\/www.adf.org.br\/home\/conheca-a-fascinante-historia-do-santuario-de-fatima-23-5\/","name":"Conhe\u00e7a a Fascinante Hist\u00f3ria do Santu\u00e1rio de F\u00e1tima","isPartOf":{"@id":"https:\/\/www.adf.org.br\/home\/#website"},"primaryImageOfPage":{"@id":"https:\/\/www.adf.org.br\/home\/conheca-a-fascinante-historia-do-santuario-de-fatima-23-5\/#primaryimage"},"datePublished":"2024-04-23T03:00:51+00:00","dateModified":"2024-04-24T15:36:44+00:00","author":{"@id":"https:\/\/www.adf.org.br\/home\/#\/schema\/person\/9101cf8d6c689b491c58b256ef11e3b5"},"description":"O Santu\u00e1rio de F\u00e1tima \u00e9 um local santo, que reflete a mensagem de convers\u00e3o e esperan\u00e7a que a Virgem Maria trouxe \u00e0 Terra.","breadcrumb":{"@id":"https:\/\/www.adf.org.br\/home\/conheca-a-fascinante-historia-do-santuario-de-fatima-23-5\/#breadcrumb"},"inLanguage":"pt-BR","potentialAction":[{"@type":"ReadAction","target":["https:\/\/www.adf.org.br\/home\/conheca-a-fascinante-historia-do-santuario-de-fatima-23-5\/"]}]},{"@type":"BreadcrumbList","@id":"https:\/\/www.adf.org.br\/home\/conheca-a-fascinante-historia-do-santuario-de-fatima-23-5\/#breadcrumb","itemListElement":[{"@type":"ListItem","position":1,"name":"Home","item":"https:\/\/www.adf.org.br\/home\/"},{"@type":"ListItem","position":2,"name":"Conhe\u00e7a a Fascinante Hist\u00f3ria do Santu\u00e1rio de F\u00e1tima"}]},{"@type":"Person","@id":"https:\/\/www.adf.org.br\/home\/#\/schema\/person\/9101cf8d6c689b491c58b256ef11e3b5","name":"Monica Lopes","image":{"@type":"ImageObject","@id":"https:\/\/www.adf.org.br\/home\/#personlogo","inLanguage":"pt-BR","url":"https:\/\/secure.gravatar.com\/avatar\/6ed8532e93425b6480f451801077c6de?s=96&d=mm&r=g","contentUrl":"https:\/\/secure.gravatar.com\/avatar\/6ed8532e93425b6480f451801077c6de?s=96&d=mm&r=g","caption":"Monica Lopes"},"url":"https:\/\/www.adf.org.br\/home\/author\/monica-lopespmk-com-br\/"}]}},"_links":{"self":[{"href":"https:\/\/www.adf.org.br\/home\/wp-json\/wp\/v2\/posts\/76239"}],"collection":[{"href":"https:\/\/www.adf.org.br\/home\/wp-json\/wp\/v2\/posts"}],"about":[{"href":"https:\/\/www.adf.org.br\/home\/wp-json\/wp\/v2\/types\/post"}],"author":[{"embeddable":true,"href":"https:\/\/www.adf.org.br\/home\/wp-json\/wp\/v2\/users\/37"}],"replies":[{"embeddable":true,"href":"https:\/\/www.adf.org.br\/home\/wp-json\/wp\/v2\/comments?post=76239"}],"version-history":[{"count":17,"href":"https:\/\/www.adf.org.br\/home\/wp-json\/wp\/v2\/posts\/76239\/revisions"}],"predecessor-version":[{"id":76369,"href":"https:\/\/www.adf.org.br\/home\/wp-json\/wp\/v2\/posts\/76239\/revisions\/76369"}],"wp:featuredmedia":[{"embeddable":true,"href":"https:\/\/www.adf.org.br\/home\/wp-json\/wp\/v2\/media\/76263"}],"wp:attachment":[{"href":"https:\/\/www.adf.org.br\/home\/wp-json\/wp\/v2\/media?parent=76239"}],"wp:term":[{"taxonomy":"category","embeddable":true,"href":"https:\/\/www.adf.org.br\/home\/wp-json\/wp\/v2\/categories?post=76239"},{"taxonomy":"post_tag","embeddable":true,"href":"https:\/\/www.adf.org.br\/home\/wp-json\/wp\/v2\/tags?post=76239"}],"curies":[{"name":"wp","href":"https:\/\/api.w.org\/{rel}","templated":true}]}}