{"id":76205,"date":"2024-04-22T00:00:06","date_gmt":"2024-04-22T03:00:06","guid":{"rendered":"https:\/\/www.adf.org.br\/home\/?p=76205"},"modified":"2024-04-22T10:18:39","modified_gmt":"2024-04-22T13:18:39","slug":"atenda-o-apelo-de-nossa-senhora-e-reze-pelas-vitimas-das-guerras","status":"publish","type":"post","link":"https:\/\/www.adf.org.br\/home\/atenda-o-apelo-de-nossa-senhora-e-reze-pelas-vitimas-das-guerras\/","title":{"rendered":"Atenda o Apelo de Nossa Senhora e Reze pelas V\u00edtimas das Guerras"},"content":{"rendered":"<div>\n<figure id=\"attachment_76210\" aria-describedby=\"caption-attachment-76210\" style=\"width: 810px\" class=\"wp-caption aligncenter\"><a href=\"https:\/\/adf.org.br\/velario\/reparacao?origem=29956\" target=\"_blank\" rel=\"noopener\"><img loading=\"lazy\" class=\"wp-image-76210\" src=\"https:\/\/www.adf.org.br\/home\/wp-content\/uploads\/2024\/04\/Fatima-e-as-Guerras-1024x555.png\" alt=\"\" width=\"810\" height=\"439\" srcset=\"https:\/\/www.adf.org.br\/home\/wp-content\/uploads\/2024\/04\/Fatima-e-as-Guerras-1024x555.png 1024w, https:\/\/www.adf.org.br\/home\/wp-content\/uploads\/2024\/04\/Fatima-e-as-Guerras-300x163.png 300w, https:\/\/www.adf.org.br\/home\/wp-content\/uploads\/2024\/04\/Fatima-e-as-Guerras-768x416.png 768w, https:\/\/www.adf.org.br\/home\/wp-content\/uploads\/2024\/04\/Fatima-e-as-Guerras.png 1200w\" sizes=\"(max-width: 810px) 100vw, 810px\" \/><\/a><figcaption id=\"caption-attachment-76210\" class=\"wp-caption-text\"><center><em>Rezemos pelas v\u00edtimas das guerras, cumprindo o apelo feito nas apari\u00e7\u00f5es de Nossa Senhora.<\/em><\/center><\/figcaption><\/figure>\n<\/div>\n<div><\/div>\n<div><\/div>\n<div><span style=\"color: #000000;\"><strong><span style=\"font-size: 32px;\">N<\/span><\/strong>\u00e3o sei se voc\u00ea tem acompanhado os notici\u00e1rios.<\/span><\/div>\n<div>\n<p><span style=\"color: #000000;\">Mas, <strong>como <span style=\"color: #000080;\">Devoto de F\u00e1tima,<\/span> preciso fazer um convite a voc\u00ea, para que reze pelas v\u00edtimas das guerras.<\/strong><\/span><\/p>\n<p><span style=\"color: #000000;\">Voc\u00ea pode fazer isso rezando um ter\u00e7o (meditando sobre esta inten\u00e7\u00e3o), dedicando uma penit\u00eancia ou acendendo aqui a <a href=\"https:\/\/adf.org.br\/velario\/reparacao?origem=29956\" target=\"_blank\" rel=\"noopener\"><strong><span style=\"color: #0000ff;\">Vela da Repara\u00e7\u00e3o, contra todo o mal que \u00e9 feito contra o cora\u00e7\u00e3o de Nossa Senhora.<\/span><\/strong><\/a><\/span><\/p>\n<p><span style=\"color: #000000;\">Refor\u00e7o este pedido pois, al\u00e9m do intermin\u00e1vel combate entre a R\u00fassia e Ucr\u00e2nia, os \u00faltimos ataques entre Ir\u00e3 e Israel t\u00eam impressionado o mundo.<\/span><\/p>\n<p><strong><span style=\"color: #000000;\">O n\u00famero de v\u00edtimas fatais e feridos \u00e9 assustador e inclui, al\u00e9m de soldados e outros combatentes, civis e fam\u00edlias inocentes.<\/span><\/strong><\/p>\n<p><span style=\"color: #000000;\">Do mesmo modo, a invas\u00e3o russa na Ucr\u00e2nia teve um impacto devastador sobre as crian\u00e7as.<\/span><\/p>\n<p><span style=\"color: #000000;\">Segundo uma nota da Ag\u00eancia das Na\u00e7\u00f5es Unidas, <strong>foram registradas ao menos 57 v\u00edtimas da guerra (feridos e mortos) menores de idade<\/strong>, somente em mar\u00e7o de 2024.<\/span><\/p>\n<p><span style=\"color: #000000;\">De acordo com um representante do Unicef na Ucr\u00e2nia, <em>&#8220;Desde a escalada da guerra em 2022, <strong>1.957 crian\u00e7as foram mortas ou feridas.<\/strong> Como esses s\u00e3o relat\u00f3rios verificados pela Onu, o n\u00famero real \u00e9 provavelmente maior&#8221;.<\/em><\/span><\/p>\n<p><span style=\"color: #000000;\">Al\u00e9m disso, <strong>bombas e explos\u00f5es n\u00e3o apenas causaram v\u00edtimas, como destru\u00edram ou danificaram escolas e hospitais.<\/strong> Alguns ataques tamb\u00e9m prejudicaram a distribui\u00e7\u00e3o de \u00e1gua e energia el\u00e9trica.\u00a0<\/span><\/p>\n<p><span style=\"color: #000000;\">Portanto,<strong> a cada dia, crian\u00e7as e fam\u00edlias est\u00e3o sob o risco de serem feridas ou mortas.<\/strong><\/span><\/p>\n<p><span style=\"color: #000000;\"><em>&#8220;As crian\u00e7as ucranianas devem ter a chance de viver em paz e desfrutar de sua inf\u00e2ncia novamente&#8221;<\/em> declarou a Unicef.\u00a0<\/span><\/p>\n<p>&nbsp;<\/p>\n<\/div>\n<h3 style=\"text-align: center;\"><strong><span style=\"color: #000080;\"><u>Os apelos da Virgem Maria\u00a0<\/u><\/span><\/strong><\/h3>\n<div><span style=\"color: #ffffff;\">.<\/span><\/div>\n<div><\/div>\n<div><span style=\"color: #000000;\">Diante de tanta viol\u00eancia, <\/span><strong style=\"color: #000000;\">precisamos urgentemente cumprir os pedidos feitos por <span style=\"color: #000080;\">Nossa Senhora<\/span>, em suas apari\u00e7\u00f5es aos pastorinhos em 1917.<\/strong><\/div>\n<div><span style=\"color: #ffffff;\">.<\/span><\/div>\n<div><span style=\"color: #000000;\">A <\/span><span style=\"color: #000080;\"><strong>Virgem Sant\u00edssima<\/strong><\/span><span style=\"color: #000000;\">, na Cova da Iria, fez um apelo que ainda hoje \u00e9 v\u00e1lido.<\/span><\/div>\n<div>\n<p><span style=\"color: #000000;\">Por meio das apari\u00e7\u00f5es, ocorridas de maio a outubro de 1917, a <strong><span style=\"color: #000080;\">Sant\u00edssima Virgem<\/span><\/strong> deixou Sua mensagem e Seu apelo ao mundo.<\/span><\/p>\n<h3><\/h3>\n<h3 style=\"padding-left: 80px;\"><span style=\"color: #000080;\"><em>&#8220;Rezai, rezai muito, e fazei sacrif\u00edcios pelos pecadores&#8221;, <\/em>revelou Nossa Senhora<em>.<br \/>\n&#8220;Muitas almas v\u00e3o para o inferno por n\u00e3o haver quem se sacrifique e pe\u00e7a por elas&#8221;.<\/em><\/span><\/h3>\n<p>&nbsp;<\/p>\n<p style=\"padding-left: 80px;\"><span style=\"color: #000000;\">(Clique aqui e acenda agora<\/span><span style=\"color: #0000ff;\"><a style=\"color: #0000ff;\" href=\"https:\/\/adf.org.br\/velario\/reparacao?origem=29956\" target=\"_blank\" rel=\"noopener\"><strong>a Vela da Repara\u00e7\u00e3o<\/strong><\/a>)<strong><span style=\"color: #000000;\">.<\/span><\/strong><\/span><\/p>\n<p>&nbsp;<\/p>\n<p><span style=\"color: #000000;\">Al\u00e9m disso, <strong><span style=\"color: #000080;\">Nossa Senhora<\/span><\/strong> <strong>revelou o caminho da penit\u00eancia<\/strong>, por uma efetiva mudan\u00e7a no mundo.\u00a0<\/span><\/p>\n<p><span style=\"color: #000000;\">Vale que lembrar que todos <strong>esses acontecimentos j\u00e1 foram previstos por <span style=\"color: #000080;\">Nossa Senhora de F\u00e1tima<\/span><\/strong>, quando apareceu em Portugal, na Cova da Iria, aos tr\u00eas pastorinhos.<\/span><\/p>\n<p><span style=\"color: #000000;\">A\u00a0primeira e a segunda parte\u00a0do\u00a0<em>\u201csegredo\u201d\u00a0<\/em>revelado por\u00a0<strong><span style=\"color: #000080;\">Nossa Senhora<\/span><\/strong> dizem respeito \u00e0 vis\u00e3o do inferno. <\/span><\/p>\n<p><span style=\"color: #000000;\">Por conseguinte, <strong>a Virgem fala sobre a import\u00e2ncia da <\/strong><\/span><strong><span style=\"color: #000000;\">devo\u00e7\u00e3o ao Imaculado Cora\u00e7\u00e3o de Maria, os danos da segunda guerra mundial, e, por fim, ao pren\u00fancio dos danos imensos que a guerra causaria \u00e0 humanidade.<\/span><\/strong><\/p>\n<p>&nbsp;<\/p>\n<h3 style=\"text-align: center;\"><span style=\"color: #000080;\"><u>Mas, qual foi o principal <strong>pedido de F\u00e1tima<\/strong><\/u>?<\/span><\/h3>\n<p>&nbsp;<\/p>\n<p><span style=\"color: #000000;\">Desde a primeira apari\u00e7\u00e3o, <strong><span style=\"color: #000080;\">Nossa Senhora<\/span><\/strong> pediu aos pastorinhos, para que dissessem \u00e0 humanidade:<\/span><\/p>\n<h3 style=\"padding-left: 80px;\"><span style=\"color: #000000;\"><br \/>\n<span style=\"color: #000080;\"><i>\u201c<strong>Rezem o ter\u00e7o todos os dias, para alcan\u00e7arem a paz para o mundo e o fim da guerra<\/strong>.\u201d<\/i><\/span><\/span><\/h3>\n<p><span style=\"color: #000000;\"><br \/>\nAl\u00e9m disso, ela revela que <span style=\"color: #000000;\"><span style=\"color: #000000;\">h\u00e1 um<\/span> mal no mundo. <strong>Um contexto social e pol\u00edtico decadente seria a causa da primeira guerra mundial, decorrente de revolu\u00e7\u00f5es sociais e pol\u00edticas.<\/strong><\/span><\/span><\/p>\n<p><span style=\"color: #000000;\">Contudo, <\/span><strong><span style=\"color: #000000;\"><span style=\"color: #000080;\">Nossa Senhora<\/span> mostrou aos homens o caminho para a paz. <\/span><\/strong><span style=\"color: #000000;\">Mas, tamb\u00e9m alertou que:<\/span><\/p>\n<blockquote>\n<figure style=\"width: 306px\" class=\"wp-caption alignleft\"><a href=\"https:\/\/adf.org.br\/apostolosdefatima\/2\/?origem=28988#Promessa\" target=\"_blank\" rel=\"noopener\"><img loading=\"lazy\" src=\"https:\/\/cdn.progresso.com.br\/upload\/dn_arquivo\/2022\/05\/fatima.jpg\" alt=\"Nossa Senhora de F\u00e1tima em apari\u00e7\u00e3o aos tr\u00eas pastorinhos em 1917\" width=\"306\" height=\"220\" \/><\/a><figcaption class=\"wp-caption-text\"><center><em>Nossa Senhora de F\u00e1tima em apari\u00e7\u00e3o aos tr\u00eas pastorinhos, em 1917.<\/em><\/center><\/figcaption><\/figure>\n<p><span style=\"color: #000000;\"><i>\u201c<strong>Se fizerem o que eu disser, salvar-se-\u00e3o muitas almas e ter\u00e3o paz. A guerra vai acabar. Mas, se n\u00e3o deixarem de ofender a Deus, come\u00e7ar\u00e1 outra pior\u2026<\/strong><\/i><\/span><\/p>\n<p><span style=\"color: #000000;\">E foi exatamente isso o que aconteceu.<strong> A primeira guerra acabou no ano seguinte, em 1918.<\/strong><\/span><\/p>\n<p><span style=\"color: #000000;\">Por\u00e9m, <span style=\"color: #000080;\"><strong>Nossa Senhora<\/strong> <\/span>prosseguiu com as revela\u00e7\u00f5es:<\/span><\/p>\n<p><span style=\"color: #000000;\"><i>\u201cPara a impedir [a guerra], virei pedir a consagra\u00e7\u00e3o da R\u00fassia a meu Imaculado Cora\u00e7\u00e3o e a comunh\u00e3o reparadora nos primeiros s\u00e1bados. <strong>Se atenderem a meus pedidos, a R\u00fassia se converter\u00e1 e ter\u00e3o paz.<\/strong> Se n\u00e3o, espalhar\u00e1 seus erros pelo mundo, promovendo guerras e persegui\u00e7\u00f5es \u00e0 Igreja; os bons ser\u00e3o martirizados, o Santo Padre ter\u00e1 muito que sofrer, v\u00e1rias na\u00e7\u00f5es ser\u00e3o aniquiladas. <strong>Por fim, o meu Imaculado Cora\u00e7\u00e3o triunfar\u00e1.<\/strong> O Santo Padre consagrar-me-\u00e1 a R\u00fassia, que se converter\u00e1, e ser\u00e1 concedido ao mundo algum tempo de paz\u201d.<\/i><\/span><\/p><\/blockquote>\n<p>&nbsp;<\/p>\n<p><span style=\"color: #000000;\"><strong>Infelizmente, as ofensas a Deus n\u00e3o cessaram ap\u00f3s esta apari\u00e7\u00e3o. Em 1939, eclodiu a Segunda Guerra Mundial<\/strong>, na qual sofreram a maior parte das na\u00e7\u00f5es da terra.<\/span><\/p>\n<p><span style=\"color: #000000;\">Desse modo, vale refletirmos sobre essa mensagem que comp\u00f5e a segunda parte do Segredo. <\/span><\/p>\n<p><strong><span style=\"color: #000000;\">Primeiramente, o que impressiona \u00e9 o amor de <span style=\"color: #000080;\">Nossa Senhora<\/span> pela humanidade. <\/span><\/strong><\/p>\n<p><strong><span style=\"color: #000000;\">Pois, mesmo que sejamos pecadores, a Virgem Sant\u00edssima desce do C\u00e9u e v\u00eam at\u00e9 n\u00f3s para nos alertar dos perigos e nos socorrer.<\/span><\/strong><\/p>\n<p><span style=\"color: #000000;\">No entanto, a mensagem tem um car\u00e1ter condicional:<\/span><\/p>\n<p>&nbsp;<\/p>\n<h3 style=\"text-align: left; padding-left: 80px;\"><span style=\"color: #000080;\">\u00a0<i>\u201cSe fizerem o que eu vos disser, salvar-se-\u00e3o muitas almas e ter\u00e3o paz. A guerra vai acabar. Mas se n\u00e3o deixarem de ofender a Deus, come\u00e7ar\u00e1 outra pior.\u201d<\/i><\/span><\/h3>\n<\/div>\n<div><\/div>\n<div><span style=\"color: #ffffff;\">.<\/span><\/div>\n<div><span style=\"color: #000000;\">Sendo assim,<strong> vamos rezar para que qualquer a\u00e7\u00e3o que possa levar o Oriente M\u00e9dio a um conflito b\u00e9lico maior n\u00e3o siga adiante.<\/strong><\/span><\/div>\n<div><span style=\"color: #ffffff;\">.<\/span><\/div>\n<div><span style=\"color: #000000;\">Pe\u00e7amos pelo <strong>amparo e salva\u00e7\u00e3o das almas daqueles que j\u00e1 se foram,<\/strong> <strong>pelos feridos que necessitam de cuidados m\u00e9dicos e pelos desaparecidos.<\/strong><\/span><\/div>\n<div><span style=\"color: #ffffff;\">.<\/span><\/div>\n<div><span style=\"color: #000000;\">Que todos que passam fome e perderam suas casas em decorr\u00eancia da guerra sejam lembrados em nossas ora\u00e7\u00f5es.<\/span><\/div>\n<div><span style=\"color: #ffffff;\">.<\/span><\/div>\n<div><strong><span style=\"color: #000000;\">Pedimos a liberta\u00e7\u00e3o dos ref\u00e9ns e o fim das guerras e ofensas \u00e0 Maria e a Nosso Senhor Jesus.<\/span><\/strong><\/div>\n<p>&nbsp;<\/p>\n<h3 style=\"text-align: center;\"><span style=\"color: #000000;\"><em>\u201cSob a Vossa prote\u00e7\u00e3o, \u00f3 Rainha da Paz, procuramos ref\u00fagio e confiamos ao Senhor, atrav\u00e9s das vossas m\u00e3os,<br \/>\na humanidade inteira, duramente provada pelas guerras e pelos conflitos armados\u201d.<\/em><\/span><\/h3>\n<p>&nbsp;<\/p>\n<h5 style=\"text-align: right;\"><span style=\"color: #000000;\">Informa\u00e7\u00f5es: Vatican News.<\/span><\/h5>\n<h3 style=\"text-align: center;\"><strong><span style=\"color: #000000;\">Acenda agora<\/span><span style=\"color: #0000ff;\"> <a style=\"color: #0000ff;\" href=\"https:\/\/adf.org.br\/velario\/reparacao?origem=29956\" target=\"_blank\" rel=\"noopener\">a Vela da Repara\u00e7\u00e3o<\/a>.<\/span><\/strong><\/h3>\n<p><a href=\"https:\/\/adf.org.br\/velario\/reparacao?origem=29956\" target=\"_blank\" rel=\"noopener\"><img loading=\"lazy\" class=\" wp-image-75445 aligncenter\" src=\"https:\/\/www.adf.org.br\/home\/wp-content\/uploads\/2024\/02\/clicar_aqui_e_acender_uma_vela_de_reparacao-300x94.png\" alt=\"\" width=\"431\" height=\"135\" srcset=\"https:\/\/www.adf.org.br\/home\/wp-content\/uploads\/2024\/02\/clicar_aqui_e_acender_uma_vela_de_reparacao-300x94.png 300w, https:\/\/www.adf.org.br\/home\/wp-content\/uploads\/2024\/02\/clicar_aqui_e_acender_uma_vela_de_reparacao.png 423w\" sizes=\"(max-width: 431px) 100vw, 431px\" \/><\/a><\/p>\n","protected":false},"excerpt":{"rendered":"<p>N\u00e3o sei se voc\u00ea tem acompanhado os notici\u00e1rios. Mas, como Devoto de F\u00e1tima, preciso fazer um convite a voc\u00ea, para que reze pelas v\u00edtimas das guerras. Voc\u00ea pode fazer isso rezando um ter\u00e7o (meditando sobre esta inten\u00e7\u00e3o), dedicando uma penit\u00eancia ou acendendo aqui a Vela da Repara\u00e7\u00e3o, contra todo o mal que \u00e9 feito contra [&hellip;]<\/p>\n","protected":false},"author":37,"featured_media":76210,"comment_status":"open","ping_status":"open","sticky":false,"template":"","format":"standard","meta":[],"categories":[20,56,2332],"tags":[4553,1250,57,5545,1319,5546],"yoast_head":"<!-- This site is optimized with the Yoast SEO plugin v17.4 - https:\/\/yoast.com\/wordpress\/plugins\/seo\/ -->\n<title>Atenda o Apelo de Nossa Senhora e Reze pelas V\u00edtimas das Guerras<\/title>\n<meta name=\"description\" content=\"Diante de tanta viol\u00eancia, precisamos urgentemente cumprir os pedidos feitos por Nossa Senhora, em suas apari\u00e7\u00f5es aos pastorinhos em 1917.\" \/>\n<meta name=\"robots\" content=\"index, follow, max-snippet:-1, max-image-preview:large, max-video-preview:-1\" \/>\n<link rel=\"canonical\" href=\"https:\/\/www.adf.org.br\/home\/atenda-o-apelo-de-nossa-senhora-e-reze-pelas-vitimas-das-guerras\/\" \/>\n<meta property=\"og:locale\" content=\"pt_BR\" \/>\n<meta property=\"og:type\" content=\"article\" \/>\n<meta property=\"og:title\" content=\"Atenda o Apelo de Nossa Senhora e Reze pelas V\u00edtimas das Guerras\" \/>\n<meta property=\"og:description\" content=\"Diante de tanta viol\u00eancia, precisamos urgentemente cumprir os pedidos feitos por Nossa Senhora, em suas apari\u00e7\u00f5es aos pastorinhos em 1917.\" \/>\n<meta property=\"og:url\" content=\"https:\/\/www.adf.org.br\/home\/atenda-o-apelo-de-nossa-senhora-e-reze-pelas-vitimas-das-guerras\/\" \/>\n<meta property=\"og:site_name\" content=\"Associa\u00e7\u00e3o Devotos de F\u00e1tima\" \/>\n<meta property=\"article:published_time\" content=\"2024-04-22T03:00:06+00:00\" \/>\n<meta property=\"article:modified_time\" content=\"2024-04-22T13:18:39+00:00\" \/>\n<meta property=\"og:image\" content=\"https:\/\/www.adf.org.br\/home\/wp-content\/uploads\/2024\/04\/Fatima-e-as-Guerras.png\" \/>\n\t<meta property=\"og:image:width\" content=\"1200\" \/>\n\t<meta property=\"og:image:height\" content=\"650\" \/>\n<meta name=\"twitter:card\" content=\"summary_large_image\" \/>\n<meta name=\"twitter:label1\" content=\"Escrito por\" \/>\n\t<meta name=\"twitter:data1\" content=\"Monica Lopes\" \/>\n\t<meta name=\"twitter:label2\" content=\"Est. tempo de leitura\" \/>\n\t<meta name=\"twitter:data2\" content=\"5 minutos\" \/>\n<script type=\"application\/ld+json\" class=\"yoast-schema-graph\">{\"@context\":\"https:\/\/schema.org\",\"@graph\":[{\"@type\":\"WebSite\",\"@id\":\"https:\/\/www.adf.org.br\/home\/#website\",\"url\":\"https:\/\/www.adf.org.br\/home\/\",\"name\":\"Associa\\u00e7\\u00e3o Devotos de F\\u00e1tima\",\"description\":\"Associa\\u00e7\\u00e3o Devotos de F\\u00e1tima\",\"potentialAction\":[{\"@type\":\"SearchAction\",\"target\":{\"@type\":\"EntryPoint\",\"urlTemplate\":\"https:\/\/www.adf.org.br\/home\/?s={search_term_string}\"},\"query-input\":\"required name=search_term_string\"}],\"inLanguage\":\"pt-BR\"},{\"@type\":\"ImageObject\",\"@id\":\"https:\/\/www.adf.org.br\/home\/atenda-o-apelo-de-nossa-senhora-e-reze-pelas-vitimas-das-guerras\/#primaryimage\",\"inLanguage\":\"pt-BR\",\"url\":\"https:\/\/www.adf.org.br\/home\/wp-content\/uploads\/2024\/04\/Fatima-e-as-Guerras.png\",\"contentUrl\":\"https:\/\/www.adf.org.br\/home\/wp-content\/uploads\/2024\/04\/Fatima-e-as-Guerras.png\",\"width\":1200,\"height\":650},{\"@type\":\"WebPage\",\"@id\":\"https:\/\/www.adf.org.br\/home\/atenda-o-apelo-de-nossa-senhora-e-reze-pelas-vitimas-das-guerras\/#webpage\",\"url\":\"https:\/\/www.adf.org.br\/home\/atenda-o-apelo-de-nossa-senhora-e-reze-pelas-vitimas-das-guerras\/\",\"name\":\"Atenda o Apelo de Nossa Senhora e Reze pelas V\\u00edtimas das Guerras\",\"isPartOf\":{\"@id\":\"https:\/\/www.adf.org.br\/home\/#website\"},\"primaryImageOfPage\":{\"@id\":\"https:\/\/www.adf.org.br\/home\/atenda-o-apelo-de-nossa-senhora-e-reze-pelas-vitimas-das-guerras\/#primaryimage\"},\"datePublished\":\"2024-04-22T03:00:06+00:00\",\"dateModified\":\"2024-04-22T13:18:39+00:00\",\"author\":{\"@id\":\"https:\/\/www.adf.org.br\/home\/#\/schema\/person\/9101cf8d6c689b491c58b256ef11e3b5\"},\"description\":\"Diante de tanta viol\\u00eancia, precisamos urgentemente cumprir os pedidos feitos por Nossa Senhora, em suas apari\\u00e7\\u00f5es aos pastorinhos em 1917.\",\"breadcrumb\":{\"@id\":\"https:\/\/www.adf.org.br\/home\/atenda-o-apelo-de-nossa-senhora-e-reze-pelas-vitimas-das-guerras\/#breadcrumb\"},\"inLanguage\":\"pt-BR\",\"potentialAction\":[{\"@type\":\"ReadAction\",\"target\":[\"https:\/\/www.adf.org.br\/home\/atenda-o-apelo-de-nossa-senhora-e-reze-pelas-vitimas-das-guerras\/\"]}]},{\"@type\":\"BreadcrumbList\",\"@id\":\"https:\/\/www.adf.org.br\/home\/atenda-o-apelo-de-nossa-senhora-e-reze-pelas-vitimas-das-guerras\/#breadcrumb\",\"itemListElement\":[{\"@type\":\"ListItem\",\"position\":1,\"name\":\"Home\",\"item\":\"https:\/\/www.adf.org.br\/home\/\"},{\"@type\":\"ListItem\",\"position\":2,\"name\":\"Atenda o Apelo de Nossa Senhora e Reze pelas V\\u00edtimas das Guerras\"}]},{\"@type\":\"Person\",\"@id\":\"https:\/\/www.adf.org.br\/home\/#\/schema\/person\/9101cf8d6c689b491c58b256ef11e3b5\",\"name\":\"Monica Lopes\",\"image\":{\"@type\":\"ImageObject\",\"@id\":\"https:\/\/www.adf.org.br\/home\/#personlogo\",\"inLanguage\":\"pt-BR\",\"url\":\"https:\/\/secure.gravatar.com\/avatar\/6ed8532e93425b6480f451801077c6de?s=96&d=mm&r=g\",\"contentUrl\":\"https:\/\/secure.gravatar.com\/avatar\/6ed8532e93425b6480f451801077c6de?s=96&d=mm&r=g\",\"caption\":\"Monica Lopes\"},\"url\":\"https:\/\/www.adf.org.br\/home\/author\/monica-lopespmk-com-br\/\"}]}<\/script>\n<!-- \/ Yoast SEO plugin. -->","yoast_head_json":{"title":"Atenda o Apelo de Nossa Senhora e Reze pelas V\u00edtimas das Guerras","description":"Diante de tanta viol\u00eancia, precisamos urgentemente cumprir os pedidos feitos por Nossa Senhora, em suas apari\u00e7\u00f5es aos pastorinhos em 1917.","robots":{"index":"index","follow":"follow","max-snippet":"max-snippet:-1","max-image-preview":"max-image-preview:large","max-video-preview":"max-video-preview:-1"},"canonical":"https:\/\/www.adf.org.br\/home\/atenda-o-apelo-de-nossa-senhora-e-reze-pelas-vitimas-das-guerras\/","og_locale":"pt_BR","og_type":"article","og_title":"Atenda o Apelo de Nossa Senhora e Reze pelas V\u00edtimas das Guerras","og_description":"Diante de tanta viol\u00eancia, precisamos urgentemente cumprir os pedidos feitos por Nossa Senhora, em suas apari\u00e7\u00f5es aos pastorinhos em 1917.","og_url":"https:\/\/www.adf.org.br\/home\/atenda-o-apelo-de-nossa-senhora-e-reze-pelas-vitimas-das-guerras\/","og_site_name":"Associa\u00e7\u00e3o Devotos de F\u00e1tima","article_published_time":"2024-04-22T03:00:06+00:00","article_modified_time":"2024-04-22T13:18:39+00:00","og_image":[{"width":1200,"height":650,"url":"https:\/\/www.adf.org.br\/home\/wp-content\/uploads\/2024\/04\/Fatima-e-as-Guerras.png","type":"image\/png"}],"twitter_card":"summary_large_image","twitter_misc":{"Escrito por":"Monica Lopes","Est. tempo de leitura":"5 minutos"},"schema":{"@context":"https:\/\/schema.org","@graph":[{"@type":"WebSite","@id":"https:\/\/www.adf.org.br\/home\/#website","url":"https:\/\/www.adf.org.br\/home\/","name":"Associa\u00e7\u00e3o Devotos de F\u00e1tima","description":"Associa\u00e7\u00e3o Devotos de F\u00e1tima","potentialAction":[{"@type":"SearchAction","target":{"@type":"EntryPoint","urlTemplate":"https:\/\/www.adf.org.br\/home\/?s={search_term_string}"},"query-input":"required name=search_term_string"}],"inLanguage":"pt-BR"},{"@type":"ImageObject","@id":"https:\/\/www.adf.org.br\/home\/atenda-o-apelo-de-nossa-senhora-e-reze-pelas-vitimas-das-guerras\/#primaryimage","inLanguage":"pt-BR","url":"https:\/\/www.adf.org.br\/home\/wp-content\/uploads\/2024\/04\/Fatima-e-as-Guerras.png","contentUrl":"https:\/\/www.adf.org.br\/home\/wp-content\/uploads\/2024\/04\/Fatima-e-as-Guerras.png","width":1200,"height":650},{"@type":"WebPage","@id":"https:\/\/www.adf.org.br\/home\/atenda-o-apelo-de-nossa-senhora-e-reze-pelas-vitimas-das-guerras\/#webpage","url":"https:\/\/www.adf.org.br\/home\/atenda-o-apelo-de-nossa-senhora-e-reze-pelas-vitimas-das-guerras\/","name":"Atenda o Apelo de Nossa Senhora e Reze pelas V\u00edtimas das Guerras","isPartOf":{"@id":"https:\/\/www.adf.org.br\/home\/#website"},"primaryImageOfPage":{"@id":"https:\/\/www.adf.org.br\/home\/atenda-o-apelo-de-nossa-senhora-e-reze-pelas-vitimas-das-guerras\/#primaryimage"},"datePublished":"2024-04-22T03:00:06+00:00","dateModified":"2024-04-22T13:18:39+00:00","author":{"@id":"https:\/\/www.adf.org.br\/home\/#\/schema\/person\/9101cf8d6c689b491c58b256ef11e3b5"},"description":"Diante de tanta viol\u00eancia, precisamos urgentemente cumprir os pedidos feitos por Nossa Senhora, em suas apari\u00e7\u00f5es aos pastorinhos em 1917.","breadcrumb":{"@id":"https:\/\/www.adf.org.br\/home\/atenda-o-apelo-de-nossa-senhora-e-reze-pelas-vitimas-das-guerras\/#breadcrumb"},"inLanguage":"pt-BR","potentialAction":[{"@type":"ReadAction","target":["https:\/\/www.adf.org.br\/home\/atenda-o-apelo-de-nossa-senhora-e-reze-pelas-vitimas-das-guerras\/"]}]},{"@type":"BreadcrumbList","@id":"https:\/\/www.adf.org.br\/home\/atenda-o-apelo-de-nossa-senhora-e-reze-pelas-vitimas-das-guerras\/#breadcrumb","itemListElement":[{"@type":"ListItem","position":1,"name":"Home","item":"https:\/\/www.adf.org.br\/home\/"},{"@type":"ListItem","position":2,"name":"Atenda o Apelo de Nossa Senhora e Reze pelas V\u00edtimas das Guerras"}]},{"@type":"Person","@id":"https:\/\/www.adf.org.br\/home\/#\/schema\/person\/9101cf8d6c689b491c58b256ef11e3b5","name":"Monica Lopes","image":{"@type":"ImageObject","@id":"https:\/\/www.adf.org.br\/home\/#personlogo","inLanguage":"pt-BR","url":"https:\/\/secure.gravatar.com\/avatar\/6ed8532e93425b6480f451801077c6de?s=96&d=mm&r=g","contentUrl":"https:\/\/secure.gravatar.com\/avatar\/6ed8532e93425b6480f451801077c6de?s=96&d=mm&r=g","caption":"Monica Lopes"},"url":"https:\/\/www.adf.org.br\/home\/author\/monica-lopespmk-com-br\/"}]}},"_links":{"self":[{"href":"https:\/\/www.adf.org.br\/home\/wp-json\/wp\/v2\/posts\/76205"}],"collection":[{"href":"https:\/\/www.adf.org.br\/home\/wp-json\/wp\/v2\/posts"}],"about":[{"href":"https:\/\/www.adf.org.br\/home\/wp-json\/wp\/v2\/types\/post"}],"author":[{"embeddable":true,"href":"https:\/\/www.adf.org.br\/home\/wp-json\/wp\/v2\/users\/37"}],"replies":[{"embeddable":true,"href":"https:\/\/www.adf.org.br\/home\/wp-json\/wp\/v2\/comments?post=76205"}],"version-history":[{"count":30,"href":"https:\/\/www.adf.org.br\/home\/wp-json\/wp\/v2\/posts\/76205\/revisions"}],"predecessor-version":[{"id":76312,"href":"https:\/\/www.adf.org.br\/home\/wp-json\/wp\/v2\/posts\/76205\/revisions\/76312"}],"wp:featuredmedia":[{"embeddable":true,"href":"https:\/\/www.adf.org.br\/home\/wp-json\/wp\/v2\/media\/76210"}],"wp:attachment":[{"href":"https:\/\/www.adf.org.br\/home\/wp-json\/wp\/v2\/media?parent=76205"}],"wp:term":[{"taxonomy":"category","embeddable":true,"href":"https:\/\/www.adf.org.br\/home\/wp-json\/wp\/v2\/categories?post=76205"},{"taxonomy":"post_tag","embeddable":true,"href":"https:\/\/www.adf.org.br\/home\/wp-json\/wp\/v2\/tags?post=76205"}],"curies":[{"name":"wp","href":"https:\/\/api.w.org\/{rel}","templated":true}]}}