{"id":76045,"date":"2024-04-06T00:00:21","date_gmt":"2024-04-06T03:00:21","guid":{"rendered":"https:\/\/www.adf.org.br\/home\/?p=76045"},"modified":"2024-04-05T12:15:33","modified_gmt":"2024-04-05T15:15:33","slug":"a-cura-de-uma-crianca-por-nossa-senhora-de-lourdes-6-04","status":"publish","type":"post","link":"https:\/\/www.adf.org.br\/home\/a-cura-de-uma-crianca-por-nossa-senhora-de-lourdes-6-04\/","title":{"rendered":"A Cura de Uma Crian\u00e7a por Nossa Senhora de Lourdes"},"content":{"rendered":"<p><a href=\"https:\/\/adf.org.br\/apostolosdacura\/?origem=29814\" target=\"_blank\" rel=\"noopener\"><img loading=\"lazy\" class=\"aligncenter wp-image-76046 \" src=\"https:\/\/www.adf.org.br\/home\/wp-content\/uploads\/2024\/04\/banner-6-04-ADF.jpg\" alt=\"\" width=\"541\" height=\"379\" srcset=\"https:\/\/www.adf.org.br\/home\/wp-content\/uploads\/2024\/04\/banner-6-04-ADF.jpg 600w, https:\/\/www.adf.org.br\/home\/wp-content\/uploads\/2024\/04\/banner-6-04-ADF-300x210.jpg 300w\" sizes=\"(max-width: 541px) 100vw, 541px\" \/><\/a><\/p>\n<p>&nbsp;<\/p>\n<p><span style=\"color: #000000;\"><strong><span style=\"font-size: 32px;\">I<\/span>magine receber a not\u00edcia de que sua sa\u00fade, ou de algu\u00e9m muito querido, ter\u00e1 limita\u00e7\u00f5es irrevers\u00edveis.<\/strong><\/span><\/p>\n<p><span style=\"color: #000000;\">Uma realidade a que <strong>todos estamos sujeitos<\/strong>, n\u00e3o \u00e9 mesmo?<\/span><\/p>\n<p><span style=\"color: #000000;\"><strong>Isso aconteceu com a devota Ros\u00e2ngela<\/strong>, que nos enviou um emocionante relato. Ela viveu essa ang\u00fastia quando <strong>um acidente grave amea\u00e7ou a vida de sua filha.<\/strong><\/span><\/p>\n<p>&nbsp;<\/p>\n<h3 style=\"text-align: center;\"><span style=\"color: #000080;\">O dia que mudou a vida de uma fam\u00edlia<\/span><\/h3>\n<p>&nbsp;<\/p>\n<p><span style=\"color: #000000;\">Primeiramente, Ros\u00e2ngela nos enviou uma mensagem <strong>contando como superou um dos momentos mais dif\u00edceis de sua vida.\u00a0<\/strong><\/span><\/p>\n<blockquote>\n<p style=\"padding-left: 40px;\"><span style=\"color: #000080;\"><em>&#8220;Quando tinha apenas 5 anos de idade, minha filha sofreu um acidente de carro. Ficou gravemente ferida, perdeu um peda\u00e7o do cr\u00e2nio, teve tr\u00eas paradas card\u00edacas e foi dada como morta. Ela s\u00f3 voltou a respirar sem aparelhos quando eu roguei \u00e0 Nossa Senhora pela vida dela&#8221;.<\/em><\/span><\/p>\n<\/blockquote>\n<figure id=\"attachment_75042\" aria-describedby=\"caption-attachment-75042\" style=\"width: 369px\" class=\"wp-caption alignleft\"><a href=\"https:\/\/adf.org.br\/apostolosdacura\/?origem=29814\" target=\"_blank\" rel=\"noopener\"><img loading=\"lazy\" class=\"wp-image-75042 \" src=\"https:\/\/www.adf.org.br\/home\/wp-content\/uploads\/2024\/01\/nossa-senhora-de-Lourdes-300x200.jpg\" alt=\"Virgem de Lourdes\" width=\"369\" height=\"246\" srcset=\"https:\/\/www.adf.org.br\/home\/wp-content\/uploads\/2024\/01\/nossa-senhora-de-Lourdes-300x200.jpg 300w, https:\/\/www.adf.org.br\/home\/wp-content\/uploads\/2024\/01\/nossa-senhora-de-Lourdes-1024x683.jpg 1024w, https:\/\/www.adf.org.br\/home\/wp-content\/uploads\/2024\/01\/nossa-senhora-de-Lourdes-768x512.jpg 768w, https:\/\/www.adf.org.br\/home\/wp-content\/uploads\/2024\/01\/nossa-senhora-de-Lourdes-1536x1024.jpg 1536w, https:\/\/www.adf.org.br\/home\/wp-content\/uploads\/2024\/01\/nossa-senhora-de-Lourdes.jpg 1620w\" sizes=\"(max-width: 369px) 100vw, 369px\" \/><\/a><figcaption id=\"caption-attachment-75042\" class=\"wp-caption-text\"><center><em>Nossa Senhora de Lourdes \u00e9 mundialmente conhecida por interceder na cura de diversas doen\u00e7as.<\/em><\/center><\/figcaption><\/figure>\n<p><span style=\"color: #000000;\">No entanto, <strong>Ros\u00e2ngela encontrou for\u00e7as ao rezar para uma M\u00e3e que entenderia perfeitamente as suas dores. <\/strong>Foi ent\u00e3o que <strong>ela se voltou para <a href=\"https:\/\/adf.org.br\/apostolosdacura\/?origem=29814\" target=\"_blank\" rel=\"noopener\"><span style=\"color: #0000ff;\">Nossa Senhora de Lourdes,<\/span><\/a><\/strong> implorando por um milagre.<\/span><\/p>\n<p><span style=\"color: #000000;\">Sua devo\u00e7\u00e3o fez com que procurasse, pela internet, por <strong>ora\u00e7\u00f5es e formas de expressar sua f\u00e9 na Sant\u00edssima M\u00e3e de Jesus.\u00a0<\/strong><\/span><\/p>\n<p><span style=\"color: #000000;\">Foi desse modo que encontrou o <a href=\"https:\/\/adf.org.br\/apostolosdacura\/?origem=29814\" target=\"_blank\" rel=\"noopener\"><strong><span style=\"color: #0000ff;\">grupo Ap\u00f3stolos da Cura<\/span><\/strong><\/a><strong>, no qual pode fortalecer as suas ora\u00e7\u00f5es e prote\u00e7\u00e3o de<\/strong> <a href=\"https:\/\/adf.org.br\/apostolosdacura\/?origem=29814\" target=\"_blank\" rel=\"noopener\"><strong><span style=\"color: #0000ff;\">Nossa Senhora.\u00a0<\/span><\/strong><\/a><\/span><\/p>\n<p><span style=\"color: #000000;\">Al\u00e9m disso, <strong>teve o seu nome e de sua filha inclu\u00eddos na Santa Missa, todas as semanas.<\/strong> Pois, como precisou passar dias como acompanhante no Hospital, Ros\u00e2ngela n\u00e3o conseguia participar das Missas presencialmente. Contudo, <strong>seus nomes estavam sempre na Santa Eucaristia.\u00a0<\/strong><\/span><\/p>\n<p><span style=\"color: #000000;\">As constantes ora\u00e7\u00f5es, Missas e, principalmente, a f\u00e9 de Ros\u00e2ngela e a interven\u00e7\u00e3o divina guiaram sua filha para <strong>uma recupera\u00e7\u00e3o milagrosa.<\/strong><\/span><\/p>\n<blockquote>\n<p style=\"padding-left: 40px;\"><span style=\"color: #000080;\"><em>&#8220;Hoje, minha filha est\u00e1 com 22 anos. N\u00e3o teve nenhuma sequela do acidente e em breve vai ser casar na Igreja Cat\u00f3lica. At\u00e9 meu \u00faltimo suspiro de vida, eu agradecerei e louvarei \u00e0 Deus e Nossa Senhora, pois serve de testemunho de um milagre para muitos que n\u00e3o acreditam&#8221;. (Ros\u00e2ngela Maria de Ara\u00fajo Lima)<\/em><\/span><\/p>\n<\/blockquote>\n<p>&nbsp;<\/p>\n<h3 style=\"text-align: center;\"><span style=\"color: #000080;\">A Gra\u00e7a da Miseric\u00f3rdia Divina<\/span><\/h3>\n<p>&nbsp;<\/p>\n<figure id=\"attachment_63403\" aria-describedby=\"caption-attachment-63403\" style=\"width: 178px\" class=\"wp-caption alignright\"><a href=\"https:\/\/adf.org.br\/apostolosdacura\/?origem=29814\" target=\"_blank\" rel=\"noopener\"><img loading=\"lazy\" class=\"wp-image-63403 size-medium\" src=\"https:\/\/www.adf.org.br\/home\/wp-content\/uploads\/2021\/02\/Medal-Lourdes-178x300.png\" alt=\"\" width=\"178\" height=\"300\" srcset=\"https:\/\/www.adf.org.br\/home\/wp-content\/uploads\/2021\/02\/Medal-Lourdes-178x300.png 178w, https:\/\/www.adf.org.br\/home\/wp-content\/uploads\/2021\/02\/Medal-Lourdes.png 263w\" sizes=\"(max-width: 178px) 100vw, 178px\" \/><\/a><figcaption id=\"caption-attachment-63403\" class=\"wp-caption-text\"><center><em>A Medalha de Nossa Senhora de Lourdes \u00e9 um dos presentes enviados para membros do grupo Ap\u00f3stolos da Cura.<\/em><\/center><\/figcaption><\/figure>\n<p><span style=\"color: #000000;\">O emocionante testemunho desta m\u00e3e \u00e9 apenas <strong>uma das provas do poder da f\u00e9 e a intercess\u00e3o de <a href=\"https:\/\/adf.org.br\/apostolosdacura\/?origem=29814\" target=\"_blank\" rel=\"noopener\"><span style=\"color: #0000ff;\">Nossa Senhora de Lourdes. <\/span><\/a><\/strong><\/span><\/p>\n<p><span style=\"color: #000000;\">Agora, <strong>te convido a experienciar essa mesma gra\u00e7a.<\/strong><\/span><\/p>\n<p><span style=\"color: #000000;\">Al\u00e9m das in\u00fameras gra\u00e7as espirituais,<strong> ao fazer parte do <a href=\"https:\/\/adf.org.br\/apostolosdacura\/?origem=29814\" target=\"_blank\" rel=\"noopener\"><span style=\"color: #0000ff;\">grupo Ap\u00f3stolos da Cura<\/span><\/a> voc\u00ea receber\u00e1 presentes bentos.\u00a0<\/strong><\/span><\/p>\n<p><span style=\"color: #000000;\"><strong>Seu nome e inten\u00e7\u00f5es ser\u00e3o levados para mais de 60 missas dedicadas \u00e0 <a href=\"https:\/\/adf.org.br\/apostolosdacura\/?origem=29814\" target=\"_blank\" rel=\"noopener\"><span style=\"color: #0000ff;\">Nossa Senhora de Lourdes<\/span><\/a>,<\/strong> a Padroeira da Sa\u00fade. <\/span><\/p>\n<p><span style=\"color: #000000;\">E ainda mais: <strong>religiosos e sacerdotes rezar\u00e3o mais de 18 mil ter\u00e7os em seu nome.<\/strong><\/span><\/p>\n<p><span style=\"color: #000000;\">Dessa forma, <a href=\"https:\/\/adf.org.br\/apostolosdacura\/?origem=29814\" target=\"_blank\" rel=\"noopener\"><strong><span style=\"color: #0000ff;\">este grupo<\/span><\/strong><\/a> n\u00e3o apenas apoia aqueles com desafios de sa\u00fade, mas todos que buscam as <strong><a href=\"https:\/\/adf.org.br\/apostolosdacura\/?origem=29814\" target=\"_blank\" rel=\"noopener\"><span style=\"color: #0000ff;\">b\u00ean\u00e7\u00e3os de Nossa Senhora. <\/span><\/a><\/strong><\/span><\/p>\n<p><strong><span style=\"color: #000000;\">D\u00ea esse passo de f\u00e9 e veja as gra\u00e7as que <a href=\"https:\/\/adf.org.br\/apostolosdacura\/?origem=29814\" target=\"_blank\" rel=\"noopener\"><span style=\"color: #0000ff;\">Nossa Senhora de Lourdes<\/span><\/a> pode fazer por voc\u00ea.<\/span><\/strong><\/p>\n<p><span style=\"color: #000000;\"><strong>N\u00e3o perca a oportunidade de ter sua vida transformada. Junte-se a n\u00f3s no<\/strong><a href=\"https:\/\/adf.org.br\/apostolosdacura\/?origem=29814\" target=\"_blank\" rel=\"noopener\"><strong><span style=\"color: #0000ff;\"> grupo Ap\u00f3stolos da Cura<\/span><\/strong><\/a>.\u00a0<\/span><\/p>\n<p>&nbsp;<\/p>\n<p><span style=\"color: #000000;\">Em Jesus e Maria,<\/span><\/p>\n<p><span style=\"color: #000000;\"><strong><i>Carlos Lanna<\/i><\/strong><\/span><br \/>\n<span style=\"color: #000000;\">Coordenador da Associa\u00e7\u00e3o<\/span><br \/>\n<span style=\"color: #000000;\">Devotos de F\u00e1tima<\/span><\/p>\n<h3 style=\"text-align: center;\">****<\/h3>\n<p><a href=\"https:\/\/adf.org.br\/velario\/lourdes?origem=29816\" target=\"_blank\" rel=\"noopener\"><img loading=\"lazy\" class=\"aligncenter wp-image-62080 size-full\" src=\"https:\/\/www.adf.org.br\/home\/wp-content\/uploads\/2020\/10\/Vela-de-Nossa-Senhora-de-Lourdes-2.jpg\" alt=\"\" width=\"498\" height=\"290\" srcset=\"https:\/\/www.adf.org.br\/home\/wp-content\/uploads\/2020\/10\/Vela-de-Nossa-Senhora-de-Lourdes-2.jpg 498w, https:\/\/www.adf.org.br\/home\/wp-content\/uploads\/2020\/10\/Vela-de-Nossa-Senhora-de-Lourdes-2-300x175.jpg 300w\" sizes=\"(max-width: 498px) 100vw, 498px\" \/><\/a><\/p>\n","protected":false},"excerpt":{"rendered":"<p>&nbsp; Imagine receber a not\u00edcia de que sua sa\u00fade, ou de algu\u00e9m muito querido, ter\u00e1 limita\u00e7\u00f5es irrevers\u00edveis. Uma realidade a que todos estamos sujeitos, n\u00e3o \u00e9 mesmo? Isso aconteceu com a devota Ros\u00e2ngela, que nos enviou um emocionante relato. Ela viveu essa ang\u00fastia quando um acidente grave amea\u00e7ou a vida de sua filha. &nbsp; O [&hellip;]<\/p>\n","protected":false},"author":37,"featured_media":75042,"comment_status":"open","ping_status":"open","sticky":false,"template":"","format":"standard","meta":[],"categories":[2387,2460,2586],"tags":[2598,5530,5461,54,2317],"yoast_head":"<!-- This site is optimized with the Yoast SEO plugin v17.4 - https:\/\/yoast.com\/wordpress\/plugins\/seo\/ -->\n<title>A Cura de Uma Crian\u00e7a por Nossa Senhora de Lourdes<\/title>\n<meta name=\"description\" content=\"Este emocionante testemunho \u00e9 apenas uma das provas do poder da f\u00e9 e a intercess\u00e3o de Nossa Senhora de Lourdes.\" \/>\n<meta name=\"robots\" content=\"index, follow, max-snippet:-1, max-image-preview:large, max-video-preview:-1\" \/>\n<link rel=\"canonical\" href=\"https:\/\/www.adf.org.br\/home\/a-cura-de-uma-crianca-por-nossa-senhora-de-lourdes-6-04\/\" \/>\n<meta property=\"og:locale\" content=\"pt_BR\" \/>\n<meta property=\"og:type\" content=\"article\" \/>\n<meta property=\"og:title\" content=\"A Cura de Uma Crian\u00e7a por Nossa Senhora de Lourdes\" \/>\n<meta property=\"og:description\" content=\"Este emocionante testemunho \u00e9 apenas uma das provas do poder da f\u00e9 e a intercess\u00e3o de Nossa Senhora de Lourdes.\" \/>\n<meta property=\"og:url\" content=\"https:\/\/www.adf.org.br\/home\/a-cura-de-uma-crianca-por-nossa-senhora-de-lourdes-6-04\/\" \/>\n<meta property=\"og:site_name\" content=\"Associa\u00e7\u00e3o Devotos de F\u00e1tima\" \/>\n<meta property=\"article:published_time\" content=\"2024-04-06T03:00:21+00:00\" \/>\n<meta property=\"article:modified_time\" content=\"2024-04-05T15:15:33+00:00\" \/>\n<meta property=\"og:image\" content=\"https:\/\/www.adf.org.br\/home\/wp-content\/uploads\/2024\/01\/nossa-senhora-de-Lourdes.jpg\" \/>\n\t<meta property=\"og:image:width\" content=\"1620\" \/>\n\t<meta property=\"og:image:height\" content=\"1080\" \/>\n<meta name=\"twitter:card\" content=\"summary_large_image\" \/>\n<meta name=\"twitter:label1\" content=\"Escrito por\" \/>\n\t<meta name=\"twitter:data1\" content=\"Monica Lopes\" \/>\n\t<meta name=\"twitter:label2\" content=\"Est. tempo de leitura\" \/>\n\t<meta name=\"twitter:data2\" content=\"3 minutos\" \/>\n<script type=\"application\/ld+json\" class=\"yoast-schema-graph\">{\"@context\":\"https:\/\/schema.org\",\"@graph\":[{\"@type\":\"WebSite\",\"@id\":\"https:\/\/www.adf.org.br\/home\/#website\",\"url\":\"https:\/\/www.adf.org.br\/home\/\",\"name\":\"Associa\\u00e7\\u00e3o Devotos de F\\u00e1tima\",\"description\":\"Associa\\u00e7\\u00e3o Devotos de F\\u00e1tima\",\"potentialAction\":[{\"@type\":\"SearchAction\",\"target\":{\"@type\":\"EntryPoint\",\"urlTemplate\":\"https:\/\/www.adf.org.br\/home\/?s={search_term_string}\"},\"query-input\":\"required name=search_term_string\"}],\"inLanguage\":\"pt-BR\"},{\"@type\":\"ImageObject\",\"@id\":\"https:\/\/www.adf.org.br\/home\/a-cura-de-uma-crianca-por-nossa-senhora-de-lourdes-6-04\/#primaryimage\",\"inLanguage\":\"pt-BR\",\"url\":\"https:\/\/www.adf.org.br\/home\/wp-content\/uploads\/2024\/01\/nossa-senhora-de-Lourdes.jpg\",\"contentUrl\":\"https:\/\/www.adf.org.br\/home\/wp-content\/uploads\/2024\/01\/nossa-senhora-de-Lourdes.jpg\",\"width\":1620,\"height\":1080,\"caption\":\"Nossa Senhora de Lourdes\"},{\"@type\":\"WebPage\",\"@id\":\"https:\/\/www.adf.org.br\/home\/a-cura-de-uma-crianca-por-nossa-senhora-de-lourdes-6-04\/#webpage\",\"url\":\"https:\/\/www.adf.org.br\/home\/a-cura-de-uma-crianca-por-nossa-senhora-de-lourdes-6-04\/\",\"name\":\"A Cura de Uma Crian\\u00e7a por Nossa Senhora de Lourdes\",\"isPartOf\":{\"@id\":\"https:\/\/www.adf.org.br\/home\/#website\"},\"primaryImageOfPage\":{\"@id\":\"https:\/\/www.adf.org.br\/home\/a-cura-de-uma-crianca-por-nossa-senhora-de-lourdes-6-04\/#primaryimage\"},\"datePublished\":\"2024-04-06T03:00:21+00:00\",\"dateModified\":\"2024-04-05T15:15:33+00:00\",\"author\":{\"@id\":\"https:\/\/www.adf.org.br\/home\/#\/schema\/person\/9101cf8d6c689b491c58b256ef11e3b5\"},\"description\":\"Este emocionante testemunho \\u00e9 apenas uma das provas do poder da f\\u00e9 e a intercess\\u00e3o de Nossa Senhora de Lourdes.\",\"breadcrumb\":{\"@id\":\"https:\/\/www.adf.org.br\/home\/a-cura-de-uma-crianca-por-nossa-senhora-de-lourdes-6-04\/#breadcrumb\"},\"inLanguage\":\"pt-BR\",\"potentialAction\":[{\"@type\":\"ReadAction\",\"target\":[\"https:\/\/www.adf.org.br\/home\/a-cura-de-uma-crianca-por-nossa-senhora-de-lourdes-6-04\/\"]}]},{\"@type\":\"BreadcrumbList\",\"@id\":\"https:\/\/www.adf.org.br\/home\/a-cura-de-uma-crianca-por-nossa-senhora-de-lourdes-6-04\/#breadcrumb\",\"itemListElement\":[{\"@type\":\"ListItem\",\"position\":1,\"name\":\"Home\",\"item\":\"https:\/\/www.adf.org.br\/home\/\"},{\"@type\":\"ListItem\",\"position\":2,\"name\":\"A Cura de Uma Crian\\u00e7a por Nossa Senhora de Lourdes\"}]},{\"@type\":\"Person\",\"@id\":\"https:\/\/www.adf.org.br\/home\/#\/schema\/person\/9101cf8d6c689b491c58b256ef11e3b5\",\"name\":\"Monica Lopes\",\"image\":{\"@type\":\"ImageObject\",\"@id\":\"https:\/\/www.adf.org.br\/home\/#personlogo\",\"inLanguage\":\"pt-BR\",\"url\":\"https:\/\/secure.gravatar.com\/avatar\/6ed8532e93425b6480f451801077c6de?s=96&d=mm&r=g\",\"contentUrl\":\"https:\/\/secure.gravatar.com\/avatar\/6ed8532e93425b6480f451801077c6de?s=96&d=mm&r=g\",\"caption\":\"Monica Lopes\"},\"url\":\"https:\/\/www.adf.org.br\/home\/author\/monica-lopespmk-com-br\/\"}]}<\/script>\n<!-- \/ Yoast SEO plugin. -->","yoast_head_json":{"title":"A Cura de Uma Crian\u00e7a por Nossa Senhora de Lourdes","description":"Este emocionante testemunho \u00e9 apenas uma das provas do poder da f\u00e9 e a intercess\u00e3o de Nossa Senhora de Lourdes.","robots":{"index":"index","follow":"follow","max-snippet":"max-snippet:-1","max-image-preview":"max-image-preview:large","max-video-preview":"max-video-preview:-1"},"canonical":"https:\/\/www.adf.org.br\/home\/a-cura-de-uma-crianca-por-nossa-senhora-de-lourdes-6-04\/","og_locale":"pt_BR","og_type":"article","og_title":"A Cura de Uma Crian\u00e7a por Nossa Senhora de Lourdes","og_description":"Este emocionante testemunho \u00e9 apenas uma das provas do poder da f\u00e9 e a intercess\u00e3o de Nossa Senhora de Lourdes.","og_url":"https:\/\/www.adf.org.br\/home\/a-cura-de-uma-crianca-por-nossa-senhora-de-lourdes-6-04\/","og_site_name":"Associa\u00e7\u00e3o Devotos de F\u00e1tima","article_published_time":"2024-04-06T03:00:21+00:00","article_modified_time":"2024-04-05T15:15:33+00:00","og_image":[{"width":1620,"height":1080,"url":"https:\/\/www.adf.org.br\/home\/wp-content\/uploads\/2024\/01\/nossa-senhora-de-Lourdes.jpg","type":"image\/jpeg"}],"twitter_card":"summary_large_image","twitter_misc":{"Escrito por":"Monica Lopes","Est. tempo de leitura":"3 minutos"},"schema":{"@context":"https:\/\/schema.org","@graph":[{"@type":"WebSite","@id":"https:\/\/www.adf.org.br\/home\/#website","url":"https:\/\/www.adf.org.br\/home\/","name":"Associa\u00e7\u00e3o Devotos de F\u00e1tima","description":"Associa\u00e7\u00e3o Devotos de F\u00e1tima","potentialAction":[{"@type":"SearchAction","target":{"@type":"EntryPoint","urlTemplate":"https:\/\/www.adf.org.br\/home\/?s={search_term_string}"},"query-input":"required name=search_term_string"}],"inLanguage":"pt-BR"},{"@type":"ImageObject","@id":"https:\/\/www.adf.org.br\/home\/a-cura-de-uma-crianca-por-nossa-senhora-de-lourdes-6-04\/#primaryimage","inLanguage":"pt-BR","url":"https:\/\/www.adf.org.br\/home\/wp-content\/uploads\/2024\/01\/nossa-senhora-de-Lourdes.jpg","contentUrl":"https:\/\/www.adf.org.br\/home\/wp-content\/uploads\/2024\/01\/nossa-senhora-de-Lourdes.jpg","width":1620,"height":1080,"caption":"Nossa Senhora de Lourdes"},{"@type":"WebPage","@id":"https:\/\/www.adf.org.br\/home\/a-cura-de-uma-crianca-por-nossa-senhora-de-lourdes-6-04\/#webpage","url":"https:\/\/www.adf.org.br\/home\/a-cura-de-uma-crianca-por-nossa-senhora-de-lourdes-6-04\/","name":"A Cura de Uma Crian\u00e7a por Nossa Senhora de Lourdes","isPartOf":{"@id":"https:\/\/www.adf.org.br\/home\/#website"},"primaryImageOfPage":{"@id":"https:\/\/www.adf.org.br\/home\/a-cura-de-uma-crianca-por-nossa-senhora-de-lourdes-6-04\/#primaryimage"},"datePublished":"2024-04-06T03:00:21+00:00","dateModified":"2024-04-05T15:15:33+00:00","author":{"@id":"https:\/\/www.adf.org.br\/home\/#\/schema\/person\/9101cf8d6c689b491c58b256ef11e3b5"},"description":"Este emocionante testemunho \u00e9 apenas uma das provas do poder da f\u00e9 e a intercess\u00e3o de Nossa Senhora de Lourdes.","breadcrumb":{"@id":"https:\/\/www.adf.org.br\/home\/a-cura-de-uma-crianca-por-nossa-senhora-de-lourdes-6-04\/#breadcrumb"},"inLanguage":"pt-BR","potentialAction":[{"@type":"ReadAction","target":["https:\/\/www.adf.org.br\/home\/a-cura-de-uma-crianca-por-nossa-senhora-de-lourdes-6-04\/"]}]},{"@type":"BreadcrumbList","@id":"https:\/\/www.adf.org.br\/home\/a-cura-de-uma-crianca-por-nossa-senhora-de-lourdes-6-04\/#breadcrumb","itemListElement":[{"@type":"ListItem","position":1,"name":"Home","item":"https:\/\/www.adf.org.br\/home\/"},{"@type":"ListItem","position":2,"name":"A Cura de Uma Crian\u00e7a por Nossa Senhora de Lourdes"}]},{"@type":"Person","@id":"https:\/\/www.adf.org.br\/home\/#\/schema\/person\/9101cf8d6c689b491c58b256ef11e3b5","name":"Monica Lopes","image":{"@type":"ImageObject","@id":"https:\/\/www.adf.org.br\/home\/#personlogo","inLanguage":"pt-BR","url":"https:\/\/secure.gravatar.com\/avatar\/6ed8532e93425b6480f451801077c6de?s=96&d=mm&r=g","contentUrl":"https:\/\/secure.gravatar.com\/avatar\/6ed8532e93425b6480f451801077c6de?s=96&d=mm&r=g","caption":"Monica Lopes"},"url":"https:\/\/www.adf.org.br\/home\/author\/monica-lopespmk-com-br\/"}]}},"_links":{"self":[{"href":"https:\/\/www.adf.org.br\/home\/wp-json\/wp\/v2\/posts\/76045"}],"collection":[{"href":"https:\/\/www.adf.org.br\/home\/wp-json\/wp\/v2\/posts"}],"about":[{"href":"https:\/\/www.adf.org.br\/home\/wp-json\/wp\/v2\/types\/post"}],"author":[{"embeddable":true,"href":"https:\/\/www.adf.org.br\/home\/wp-json\/wp\/v2\/users\/37"}],"replies":[{"embeddable":true,"href":"https:\/\/www.adf.org.br\/home\/wp-json\/wp\/v2\/comments?post=76045"}],"version-history":[{"count":5,"href":"https:\/\/www.adf.org.br\/home\/wp-json\/wp\/v2\/posts\/76045\/revisions"}],"predecessor-version":[{"id":76051,"href":"https:\/\/www.adf.org.br\/home\/wp-json\/wp\/v2\/posts\/76045\/revisions\/76051"}],"wp:featuredmedia":[{"embeddable":true,"href":"https:\/\/www.adf.org.br\/home\/wp-json\/wp\/v2\/media\/75042"}],"wp:attachment":[{"href":"https:\/\/www.adf.org.br\/home\/wp-json\/wp\/v2\/media?parent=76045"}],"wp:term":[{"taxonomy":"category","embeddable":true,"href":"https:\/\/www.adf.org.br\/home\/wp-json\/wp\/v2\/categories?post=76045"},{"taxonomy":"post_tag","embeddable":true,"href":"https:\/\/www.adf.org.br\/home\/wp-json\/wp\/v2\/tags?post=76045"}],"curies":[{"name":"wp","href":"https:\/\/api.w.org\/{rel}","templated":true}]}}