{"id":75973,"date":"2026-04-05T00:00:12","date_gmt":"2026-04-05T03:00:12","guid":{"rendered":"https:\/\/www.adf.org.br\/home\/?p=75973"},"modified":"2026-03-30T11:50:37","modified_gmt":"2026-03-30T14:50:37","slug":"domingo-de-pascoa-reflexoes-sobre-o-sofrimento-e-triunfo-de-jesus-e-maria","status":"publish","type":"post","link":"https:\/\/www.adf.org.br\/home\/domingo-de-pascoa-reflexoes-sobre-o-sofrimento-e-triunfo-de-jesus-e-maria\/","title":{"rendered":"Domingo de P\u00e1scoa: Reflex\u00f5es sobre o Sofrimento e Triunfo de Jesus e Maria"},"content":{"rendered":"<header><\/header>\n<header><\/header>\n<header><\/header>\n<header><\/header>\n<header>\n<figure id=\"attachment_75999\" aria-describedby=\"caption-attachment-75999\" style=\"width: 800px\" class=\"wp-caption aligncenter\"><a href=\"https:\/\/adf.org.br\/velario\/pascoa?origem=29756\" target=\"_blank\" rel=\"noopener\"><img loading=\"lazy\" class=\"wp-image-75999 size-full\" src=\"https:\/\/www.adf.org.br\/home\/wp-content\/uploads\/2024\/03\/Cristo-ressuscitado.jpg\" alt=\"\" width=\"800\" height=\"500\" srcset=\"https:\/\/www.adf.org.br\/home\/wp-content\/uploads\/2024\/03\/Cristo-ressuscitado.jpg 800w, https:\/\/www.adf.org.br\/home\/wp-content\/uploads\/2024\/03\/Cristo-ressuscitado-300x188.jpg 300w, https:\/\/www.adf.org.br\/home\/wp-content\/uploads\/2024\/03\/Cristo-ressuscitado-768x480.jpg 768w\" sizes=\"(max-width: 800px) 100vw, 800px\" \/><\/a><figcaption id=\"caption-attachment-75999\" class=\"wp-caption-text\"><center><em>Neste Domingo de P\u00e1scoa, meditamos sobre a ressurrei\u00e7\u00e3o de Cristo e as dores de Maria.<\/em><\/center><\/figcaption><\/figure>\n<\/header>\n<header><\/header>\n<header><\/header>\n<header><\/header>\n<header><\/header>\n<header><\/header>\n<header><\/header>\n<header><strong><strong><span style=\"color: #000000;\"><span style=\"font-size: 32px;\">N<\/span>este domingo de P\u00e1scoa, celebramos um dos mais profundos mist\u00e9rios da f\u00e9 crist\u00e3: a ressurrei\u00e7\u00e3o de Jesus Cristo.<\/span><\/strong><\/strong><\/header>\n<header><\/header>\n<header><span style=\"color: #000000;\"><br \/>\nEsse evento, origem de um dos dias mais importantes da Igreja, marca <\/span><strong style=\"color: #000000;\">a vit\u00f3ria definitiva de Nosso Senhor sobre a morte.<\/strong><\/header>\n<header><\/header>\n<header><span style=\"color: #000000;\"><br \/>\nMas, al\u00e9m disso, \u00e9 <\/span><strong style=\"color: #000000;\">um momento de profunda reflex\u00e3o sobre as experi\u00eancias de Maria, Sua m\u00e3e.<\/strong><\/header>\n<header><\/header>\n<header><span style=\"color: #000000;\"><br \/>\nCom seu cora\u00e7\u00e3o transpassado de dor, <\/span><strong style=\"color: #000000;\">a <span style=\"color: #000080;\">Virgem Sant\u00edssima<\/span> viveu os extremos do sofrimento e da alegria durante toda a Paix\u00e3o de Cristo.<\/strong><\/header>\n<header><\/header>\n<header><strong style=\"color: #000000;\"><span style=\"color: #000080;\"><br \/>\nMaria,<\/span><\/strong><span style=\"color: #000000;\"> que acompanhou cada passo da miss\u00e3o de seu filho na terra, <\/span><strong style=\"color: #000000;\">enfrentou a dor inimagin\u00e1vel de ver Jesus humilhado, torturado e crucificado.<\/strong><\/header>\n<header><\/header>\n<header><strong style=\"color: #000000;\"><br \/>\nEla testemunhou o sofrimento de seu filho amado,<\/strong><span style=\"color: #000000;\"> suportando cada insulto e cada golpe como se fossem seus.<\/span><\/header>\n<header><\/header>\n<header><span style=\"color: #000000;\"><strong><br \/>\nA f\u00e9 e a fortaleza de Maria foram testadas a um limite que um ser humano comum n\u00e3o suportaria.<\/strong> <\/span><span style=\"color: #000000;\">Exemplo disso \u00e9 o infeliz momento em que Ela permance ao p\u00e9 da cruz, compartilhando a dor e o abandono de Jesus.<\/span><\/header>\n<header><\/header>\n<header><span style=\"color: #000000;\"><br \/>\nEste momento de profunda tristeza revela a intensidade do amor e da compaix\u00e3o de <\/span><span style=\"color: #000080;\"><strong>Maria<\/strong><\/span><span style=\"color: #000000;\">, transformando-a num<\/span><strong style=\"color: #000000;\"> s\u00edmbolo de f\u00e9 inabal\u00e1vel e de esperan\u00e7a.<\/strong><\/header>\n<header><\/header>\n<header><span style=\"color: #000000;\"><br \/>\nPor\u00e9m,<\/span><strong style=\"color: #000000;\"><strong> gra\u00e7as ao Deus Pai, esta hist\u00f3ria n\u00e3o termina na cruz.<\/strong><\/strong><\/header>\n<header><\/header>\n<header><u style=\"color: #000000;\"><br \/>\nA ressurrei\u00e7\u00e3o de <span style=\"color: #000080;\"><strong>Jesus<\/strong><\/span> foi o ponto de virada que transformou a tristeza de <span style=\"color: #000080;\"><strong>Maria<\/strong><\/span> em uma alegria indescrit\u00edvel.<\/u><\/header>\n<header><\/header>\n<header><\/header>\n<header><\/header>\n<header><\/header>\n<header><\/header>\n<header><\/header>\n<header>\n<h3 style=\"text-align: center;\"><span style=\"color: #000080;\"><strong><u>A Esperan\u00e7a de Maria na Ressurrei\u00e7\u00e3o de Cristo<\/u><\/strong><\/span><\/h3>\n<p>&nbsp;<\/p>\n<p><span style=\"color: #000000;\">Os Evangelhos n\u00e3o detalham um encontro entre Maria e Jesus ressuscitado.<\/span><\/p>\n<\/header>\n<header><span style=\"color: #000000;\">No entanto, <strong>o amor profundo entre M\u00e3e e Filho sugere algo importante.<\/strong><\/span><\/header>\n<header>.<\/header>\n<header><\/header>\n<header><\/header>\n<header><\/header>\n<header>\n<figure id=\"attachment_76000\" aria-describedby=\"caption-attachment-76000\" style=\"width: 600px\" class=\"wp-caption aligncenter\"><a href=\"https:\/\/adf.org.br\/velario\/pascoa?origem=29756\" target=\"_blank\" rel=\"noopener\"><img loading=\"lazy\" class=\"wp-image-76000 size-full\" src=\"https:\/\/www.adf.org.br\/home\/wp-content\/uploads\/2024\/03\/Cristo-ressuscitado-Maria.jpg\" alt=\"\" width=\"600\" height=\"350\" srcset=\"https:\/\/www.adf.org.br\/home\/wp-content\/uploads\/2024\/03\/Cristo-ressuscitado-Maria.jpg 600w, https:\/\/www.adf.org.br\/home\/wp-content\/uploads\/2024\/03\/Cristo-ressuscitado-Maria-300x175.jpg 300w\" sizes=\"(max-width: 600px) 100vw, 600px\" \/><\/a><figcaption id=\"caption-attachment-76000\" class=\"wp-caption-text\"><center><em>Ao celebrarmos a ressurrei\u00e7\u00e3o de Cristo, lembremos tamb\u00e9m de Vossa M\u00e3e Maria.<\/em><\/center><\/figcaption><\/figure>\n<p>&nbsp;<\/p>\n<p><span style=\"color: #000000;\">Pois, <\/span><strong><span style=\"color: #000000;\">certamente,<\/span> <span style=\"color: #000080;\">Jesus<\/span> <span style=\"color: #000000;\">teria procurado \u00e0<\/span> <span style=\"color: #000080;\">Virgem Maria<\/span> <span style=\"color: #000000;\">primeiro,<\/span><\/strong><span style=\"color: #000000;\"> para compartilhar com ela a not\u00edcia de Sua vit\u00f3ria sobre a morte.<\/span><\/p>\n<p><span style=\"color: #000000;\">Este encontro, embora n\u00e3o documentado, \u00e9 celebrado pela f\u00e9 como <strong>um momento de reconex\u00e3o sublime e alegria profunda. <\/strong><\/span><\/p>\n<p><span style=\"color: #000000;\">Simbolizando assim, <strong>a promessa da vida eterna e a restaura\u00e7\u00e3o de todas as coisas.<\/strong><\/span><\/p>\n<p><strong><span style=\"color: #000000;\">A ressurrei\u00e7\u00e3o de Jesus foi mais que a derrota da morte. <\/span><\/strong><\/p>\n<p><span style=\"color: #000000;\">Este acontecimento, que mudou a hist\u00f3ria da humanidade, tamb\u00e9m <strong>representou a promessa de nova vida. N\u00e3o apenas para Jesus, mas para todos os que nele creem. <\/strong><\/span><\/p>\n<p><span style=\"color: #000000;\">Para <span style=\"color: #000080;\"><strong>Maria<\/strong><\/span>, significou ainda a transi\u00e7\u00e3o entre a maior das trag\u00e9dias para a maior das vit\u00f3rias. <\/span><\/p>\n<p><span style=\"color: #000000;\">Sua jornada do desespero \u00e0 esperan\u00e7a \u00e9<strong> um exemplo vivo para todos os crist\u00e3os. <\/strong><\/span><\/p>\n<p><span style=\"color: #000000;\">Pois, <strong>apesar das prova\u00e7\u00f5es e desafios, devemos encontrar renova\u00e7\u00e3o e alegria na ressurrei\u00e7\u00e3o de Cristo.<\/strong><\/span><\/p>\n<p>&nbsp;<\/p>\n<figure id=\"attachment_76001\" aria-describedby=\"caption-attachment-76001\" style=\"width: 240px\" class=\"wp-caption alignleft\"><a href=\"https:\/\/adf.org.br\/velario\/pascoa?origem=29756\" target=\"_blank\" rel=\"noopener\"><img loading=\"lazy\" class=\"wp-image-76001 size-medium\" src=\"https:\/\/www.adf.org.br\/home\/wp-content\/uploads\/2024\/03\/Jesus-e-Maria-240x300.jpg\" alt=\"\" width=\"240\" height=\"300\" srcset=\"https:\/\/www.adf.org.br\/home\/wp-content\/uploads\/2024\/03\/Jesus-e-Maria-240x300.jpg 240w, https:\/\/www.adf.org.br\/home\/wp-content\/uploads\/2024\/03\/Jesus-e-Maria.jpg 736w\" sizes=\"(max-width: 240px) 100vw, 240px\" \/><\/a><figcaption id=\"caption-attachment-76001\" class=\"wp-caption-text\"><center><em>Maria sofreu, esperou e finalmente se alegrou na ressurrei\u00e7\u00e3o de seu Filho.<\/em><\/center><\/figcaption><\/figure>\n<h3 style=\"text-align: center;\"><span style=\"color: #000080;\"><strong>A F\u00e9 Inabal\u00e1vel de Maria que nos inspira<\/strong><\/span><\/h3>\n<p>&nbsp;<\/p>\n<p><span style=\"color: #000000;\"><strong>A celebra\u00e7\u00e3o da P\u00e1scoa, portanto, n\u00e3o \u00e9 apenas uma recorda\u00e7\u00e3o da vit\u00f3ria de Jesus.<\/strong> \u00c9 ainda <strong>um lembrete do papel de Maria como a m\u00e3e que sofreu<\/strong>, esperou e finalmente se alegrou na ressurrei\u00e7\u00e3o de seu Filho. <\/span><\/p>\n<p><span style=\"color: #000000;\">Suas tristezas e alegrias s\u00e3o um verdadeiro testemunho da f\u00e9 perante o divino mist\u00e9rio da morte e da ressurrei\u00e7\u00e3o.<\/span><\/p>\n<p><strong><span style=\"color: #000000;\">Neste domingo de P\u00e1scoa, ao celebrarmos a ressurrei\u00e7\u00e3o de Cristo, lembremos tamb\u00e9m de Maria. <\/span><\/strong><\/p>\n<p><span style=\"color: #000000;\">M\u00e3e Sant\u00edssima cuja f\u00e9 e amor nos inspiram a <strong>abra\u00e7ar com coragem nossas pr\u00f3prias cruzes, na esperan\u00e7a de compartilhar na alegria da ressurrei\u00e7\u00e3o. <\/strong><\/span><\/p>\n<p><span style=\"color: #000000;\">Que a f\u00e9 de Maria em face do sofrimento e sua alegria na ressurrei\u00e7\u00e3o de Jesus nos guiem e fortale\u00e7am em nossa jornada espiritual.<\/span><\/p>\n<p>&nbsp;<\/p>\n<\/header>\n<h3 style=\"text-align: center;\">****<\/h3>\n<p>&nbsp;<\/p>\n","protected":false},"excerpt":{"rendered":"<p>Neste domingo de P\u00e1scoa, celebramos um dos mais profundos mist\u00e9rios da f\u00e9 crist\u00e3: a ressurrei\u00e7\u00e3o de Jesus Cristo. Esse evento, origem de um dos dias mais importantes da Igreja, marca a vit\u00f3ria definitiva de Nosso Senhor sobre a morte. Mas, al\u00e9m disso, \u00e9 um momento de profunda reflex\u00e3o sobre as experi\u00eancias de Maria, Sua m\u00e3e. [&hellip;]<\/p>\n","protected":false},"author":37,"featured_media":75999,"comment_status":"open","ping_status":"open","sticky":false,"template":"","format":"standard","meta":[],"categories":[5468,5512],"tags":[5523,1313,2856,5522],"yoast_head":"<!-- This site is optimized with the Yoast SEO plugin v17.4 - https:\/\/yoast.com\/wordpress\/plugins\/seo\/ -->\n<title>Domingo de P\u00e1scoa: Reflex\u00f5es sobre o Sofrimento e Triunfo de Jesus e Maria<\/title>\n<meta name=\"description\" content=\"Que Nossa M\u00e3e Sant\u00edssima nos inspire a abra\u00e7ar com coragem nossas pr\u00f3prias cruzes, na esperan\u00e7a de compartilhar na alegria da ressurrei\u00e7\u00e3o.\" \/>\n<meta name=\"robots\" content=\"index, follow, max-snippet:-1, max-image-preview:large, max-video-preview:-1\" \/>\n<link rel=\"canonical\" href=\"https:\/\/www.adf.org.br\/home\/domingo-de-pascoa-reflexoes-sobre-o-sofrimento-e-triunfo-de-jesus-e-maria\/\" \/>\n<meta property=\"og:locale\" content=\"pt_BR\" \/>\n<meta property=\"og:type\" content=\"article\" \/>\n<meta property=\"og:title\" content=\"Domingo de P\u00e1scoa: Reflex\u00f5es sobre o Sofrimento e Triunfo de Jesus e Maria\" \/>\n<meta property=\"og:description\" content=\"Que Nossa M\u00e3e Sant\u00edssima nos inspire a abra\u00e7ar com coragem nossas pr\u00f3prias cruzes, na esperan\u00e7a de compartilhar na alegria da ressurrei\u00e7\u00e3o.\" \/>\n<meta property=\"og:url\" content=\"https:\/\/www.adf.org.br\/home\/domingo-de-pascoa-reflexoes-sobre-o-sofrimento-e-triunfo-de-jesus-e-maria\/\" \/>\n<meta property=\"og:site_name\" content=\"Associa\u00e7\u00e3o Devotos de F\u00e1tima\" \/>\n<meta property=\"article:published_time\" content=\"2026-04-05T03:00:12+00:00\" \/>\n<meta property=\"article:modified_time\" content=\"2026-03-30T14:50:37+00:00\" \/>\n<meta property=\"og:image\" content=\"https:\/\/www.adf.org.br\/home\/wp-content\/uploads\/2024\/03\/Cristo-ressuscitado.jpg\" \/>\n\t<meta property=\"og:image:width\" content=\"800\" \/>\n\t<meta property=\"og:image:height\" content=\"500\" \/>\n<meta name=\"twitter:card\" content=\"summary_large_image\" \/>\n<meta name=\"twitter:label1\" content=\"Escrito por\" \/>\n\t<meta name=\"twitter:data1\" content=\"Monica Lopes\" \/>\n\t<meta name=\"twitter:label2\" content=\"Est. tempo de leitura\" \/>\n\t<meta name=\"twitter:data2\" content=\"3 minutos\" \/>\n<script type=\"application\/ld+json\" class=\"yoast-schema-graph\">{\"@context\":\"https:\/\/schema.org\",\"@graph\":[{\"@type\":\"WebSite\",\"@id\":\"https:\/\/www.adf.org.br\/home\/#website\",\"url\":\"https:\/\/www.adf.org.br\/home\/\",\"name\":\"Associa\\u00e7\\u00e3o Devotos de F\\u00e1tima\",\"description\":\"Associa\\u00e7\\u00e3o Devotos de F\\u00e1tima\",\"potentialAction\":[{\"@type\":\"SearchAction\",\"target\":{\"@type\":\"EntryPoint\",\"urlTemplate\":\"https:\/\/www.adf.org.br\/home\/?s={search_term_string}\"},\"query-input\":\"required name=search_term_string\"}],\"inLanguage\":\"pt-BR\"},{\"@type\":\"ImageObject\",\"@id\":\"https:\/\/www.adf.org.br\/home\/domingo-de-pascoa-reflexoes-sobre-o-sofrimento-e-triunfo-de-jesus-e-maria\/#primaryimage\",\"inLanguage\":\"pt-BR\",\"url\":\"https:\/\/www.adf.org.br\/home\/wp-content\/uploads\/2024\/03\/Cristo-ressuscitado.jpg\",\"contentUrl\":\"https:\/\/www.adf.org.br\/home\/wp-content\/uploads\/2024\/03\/Cristo-ressuscitado.jpg\",\"width\":800,\"height\":500},{\"@type\":\"WebPage\",\"@id\":\"https:\/\/www.adf.org.br\/home\/domingo-de-pascoa-reflexoes-sobre-o-sofrimento-e-triunfo-de-jesus-e-maria\/#webpage\",\"url\":\"https:\/\/www.adf.org.br\/home\/domingo-de-pascoa-reflexoes-sobre-o-sofrimento-e-triunfo-de-jesus-e-maria\/\",\"name\":\"Domingo de P\\u00e1scoa: Reflex\\u00f5es sobre o Sofrimento e Triunfo de Jesus e Maria\",\"isPartOf\":{\"@id\":\"https:\/\/www.adf.org.br\/home\/#website\"},\"primaryImageOfPage\":{\"@id\":\"https:\/\/www.adf.org.br\/home\/domingo-de-pascoa-reflexoes-sobre-o-sofrimento-e-triunfo-de-jesus-e-maria\/#primaryimage\"},\"datePublished\":\"2026-04-05T03:00:12+00:00\",\"dateModified\":\"2026-03-30T14:50:37+00:00\",\"author\":{\"@id\":\"https:\/\/www.adf.org.br\/home\/#\/schema\/person\/9101cf8d6c689b491c58b256ef11e3b5\"},\"description\":\"Que Nossa M\\u00e3e Sant\\u00edssima nos inspire a abra\\u00e7ar com coragem nossas pr\\u00f3prias cruzes, na esperan\\u00e7a de compartilhar na alegria da ressurrei\\u00e7\\u00e3o.\",\"breadcrumb\":{\"@id\":\"https:\/\/www.adf.org.br\/home\/domingo-de-pascoa-reflexoes-sobre-o-sofrimento-e-triunfo-de-jesus-e-maria\/#breadcrumb\"},\"inLanguage\":\"pt-BR\",\"potentialAction\":[{\"@type\":\"ReadAction\",\"target\":[\"https:\/\/www.adf.org.br\/home\/domingo-de-pascoa-reflexoes-sobre-o-sofrimento-e-triunfo-de-jesus-e-maria\/\"]}]},{\"@type\":\"BreadcrumbList\",\"@id\":\"https:\/\/www.adf.org.br\/home\/domingo-de-pascoa-reflexoes-sobre-o-sofrimento-e-triunfo-de-jesus-e-maria\/#breadcrumb\",\"itemListElement\":[{\"@type\":\"ListItem\",\"position\":1,\"name\":\"Home\",\"item\":\"https:\/\/www.adf.org.br\/home\/\"},{\"@type\":\"ListItem\",\"position\":2,\"name\":\"Domingo de P\\u00e1scoa: Reflex\\u00f5es sobre o Sofrimento e Triunfo de Jesus e Maria\"}]},{\"@type\":\"Person\",\"@id\":\"https:\/\/www.adf.org.br\/home\/#\/schema\/person\/9101cf8d6c689b491c58b256ef11e3b5\",\"name\":\"Monica Lopes\",\"image\":{\"@type\":\"ImageObject\",\"@id\":\"https:\/\/www.adf.org.br\/home\/#personlogo\",\"inLanguage\":\"pt-BR\",\"url\":\"https:\/\/secure.gravatar.com\/avatar\/6ed8532e93425b6480f451801077c6de?s=96&d=mm&r=g\",\"contentUrl\":\"https:\/\/secure.gravatar.com\/avatar\/6ed8532e93425b6480f451801077c6de?s=96&d=mm&r=g\",\"caption\":\"Monica Lopes\"},\"url\":\"https:\/\/www.adf.org.br\/home\/author\/monica-lopespmk-com-br\/\"}]}<\/script>\n<!-- \/ Yoast SEO plugin. -->","yoast_head_json":{"title":"Domingo de P\u00e1scoa: Reflex\u00f5es sobre o Sofrimento e Triunfo de Jesus e Maria","description":"Que Nossa M\u00e3e Sant\u00edssima nos inspire a abra\u00e7ar com coragem nossas pr\u00f3prias cruzes, na esperan\u00e7a de compartilhar na alegria da ressurrei\u00e7\u00e3o.","robots":{"index":"index","follow":"follow","max-snippet":"max-snippet:-1","max-image-preview":"max-image-preview:large","max-video-preview":"max-video-preview:-1"},"canonical":"https:\/\/www.adf.org.br\/home\/domingo-de-pascoa-reflexoes-sobre-o-sofrimento-e-triunfo-de-jesus-e-maria\/","og_locale":"pt_BR","og_type":"article","og_title":"Domingo de P\u00e1scoa: Reflex\u00f5es sobre o Sofrimento e Triunfo de Jesus e Maria","og_description":"Que Nossa M\u00e3e Sant\u00edssima nos inspire a abra\u00e7ar com coragem nossas pr\u00f3prias cruzes, na esperan\u00e7a de compartilhar na alegria da ressurrei\u00e7\u00e3o.","og_url":"https:\/\/www.adf.org.br\/home\/domingo-de-pascoa-reflexoes-sobre-o-sofrimento-e-triunfo-de-jesus-e-maria\/","og_site_name":"Associa\u00e7\u00e3o Devotos de F\u00e1tima","article_published_time":"2026-04-05T03:00:12+00:00","article_modified_time":"2026-03-30T14:50:37+00:00","og_image":[{"width":800,"height":500,"url":"https:\/\/www.adf.org.br\/home\/wp-content\/uploads\/2024\/03\/Cristo-ressuscitado.jpg","type":"image\/jpeg"}],"twitter_card":"summary_large_image","twitter_misc":{"Escrito por":"Monica Lopes","Est. tempo de leitura":"3 minutos"},"schema":{"@context":"https:\/\/schema.org","@graph":[{"@type":"WebSite","@id":"https:\/\/www.adf.org.br\/home\/#website","url":"https:\/\/www.adf.org.br\/home\/","name":"Associa\u00e7\u00e3o Devotos de F\u00e1tima","description":"Associa\u00e7\u00e3o Devotos de F\u00e1tima","potentialAction":[{"@type":"SearchAction","target":{"@type":"EntryPoint","urlTemplate":"https:\/\/www.adf.org.br\/home\/?s={search_term_string}"},"query-input":"required name=search_term_string"}],"inLanguage":"pt-BR"},{"@type":"ImageObject","@id":"https:\/\/www.adf.org.br\/home\/domingo-de-pascoa-reflexoes-sobre-o-sofrimento-e-triunfo-de-jesus-e-maria\/#primaryimage","inLanguage":"pt-BR","url":"https:\/\/www.adf.org.br\/home\/wp-content\/uploads\/2024\/03\/Cristo-ressuscitado.jpg","contentUrl":"https:\/\/www.adf.org.br\/home\/wp-content\/uploads\/2024\/03\/Cristo-ressuscitado.jpg","width":800,"height":500},{"@type":"WebPage","@id":"https:\/\/www.adf.org.br\/home\/domingo-de-pascoa-reflexoes-sobre-o-sofrimento-e-triunfo-de-jesus-e-maria\/#webpage","url":"https:\/\/www.adf.org.br\/home\/domingo-de-pascoa-reflexoes-sobre-o-sofrimento-e-triunfo-de-jesus-e-maria\/","name":"Domingo de P\u00e1scoa: Reflex\u00f5es sobre o Sofrimento e Triunfo de Jesus e Maria","isPartOf":{"@id":"https:\/\/www.adf.org.br\/home\/#website"},"primaryImageOfPage":{"@id":"https:\/\/www.adf.org.br\/home\/domingo-de-pascoa-reflexoes-sobre-o-sofrimento-e-triunfo-de-jesus-e-maria\/#primaryimage"},"datePublished":"2026-04-05T03:00:12+00:00","dateModified":"2026-03-30T14:50:37+00:00","author":{"@id":"https:\/\/www.adf.org.br\/home\/#\/schema\/person\/9101cf8d6c689b491c58b256ef11e3b5"},"description":"Que Nossa M\u00e3e Sant\u00edssima nos inspire a abra\u00e7ar com coragem nossas pr\u00f3prias cruzes, na esperan\u00e7a de compartilhar na alegria da ressurrei\u00e7\u00e3o.","breadcrumb":{"@id":"https:\/\/www.adf.org.br\/home\/domingo-de-pascoa-reflexoes-sobre-o-sofrimento-e-triunfo-de-jesus-e-maria\/#breadcrumb"},"inLanguage":"pt-BR","potentialAction":[{"@type":"ReadAction","target":["https:\/\/www.adf.org.br\/home\/domingo-de-pascoa-reflexoes-sobre-o-sofrimento-e-triunfo-de-jesus-e-maria\/"]}]},{"@type":"BreadcrumbList","@id":"https:\/\/www.adf.org.br\/home\/domingo-de-pascoa-reflexoes-sobre-o-sofrimento-e-triunfo-de-jesus-e-maria\/#breadcrumb","itemListElement":[{"@type":"ListItem","position":1,"name":"Home","item":"https:\/\/www.adf.org.br\/home\/"},{"@type":"ListItem","position":2,"name":"Domingo de P\u00e1scoa: Reflex\u00f5es sobre o Sofrimento e Triunfo de Jesus e Maria"}]},{"@type":"Person","@id":"https:\/\/www.adf.org.br\/home\/#\/schema\/person\/9101cf8d6c689b491c58b256ef11e3b5","name":"Monica Lopes","image":{"@type":"ImageObject","@id":"https:\/\/www.adf.org.br\/home\/#personlogo","inLanguage":"pt-BR","url":"https:\/\/secure.gravatar.com\/avatar\/6ed8532e93425b6480f451801077c6de?s=96&d=mm&r=g","contentUrl":"https:\/\/secure.gravatar.com\/avatar\/6ed8532e93425b6480f451801077c6de?s=96&d=mm&r=g","caption":"Monica Lopes"},"url":"https:\/\/www.adf.org.br\/home\/author\/monica-lopespmk-com-br\/"}]}},"_links":{"self":[{"href":"https:\/\/www.adf.org.br\/home\/wp-json\/wp\/v2\/posts\/75973"}],"collection":[{"href":"https:\/\/www.adf.org.br\/home\/wp-json\/wp\/v2\/posts"}],"about":[{"href":"https:\/\/www.adf.org.br\/home\/wp-json\/wp\/v2\/types\/post"}],"author":[{"embeddable":true,"href":"https:\/\/www.adf.org.br\/home\/wp-json\/wp\/v2\/users\/37"}],"replies":[{"embeddable":true,"href":"https:\/\/www.adf.org.br\/home\/wp-json\/wp\/v2\/comments?post=75973"}],"version-history":[{"count":15,"href":"https:\/\/www.adf.org.br\/home\/wp-json\/wp\/v2\/posts\/75973\/revisions"}],"predecessor-version":[{"id":79991,"href":"https:\/\/www.adf.org.br\/home\/wp-json\/wp\/v2\/posts\/75973\/revisions\/79991"}],"wp:featuredmedia":[{"embeddable":true,"href":"https:\/\/www.adf.org.br\/home\/wp-json\/wp\/v2\/media\/75999"}],"wp:attachment":[{"href":"https:\/\/www.adf.org.br\/home\/wp-json\/wp\/v2\/media?parent=75973"}],"wp:term":[{"taxonomy":"category","embeddable":true,"href":"https:\/\/www.adf.org.br\/home\/wp-json\/wp\/v2\/categories?post=75973"},{"taxonomy":"post_tag","embeddable":true,"href":"https:\/\/www.adf.org.br\/home\/wp-json\/wp\/v2\/tags?post=75973"}],"curies":[{"name":"wp","href":"https:\/\/api.w.org\/{rel}","templated":true}]}}