{"id":75617,"date":"2024-03-05T00:00:19","date_gmt":"2024-03-05T03:00:19","guid":{"rendered":"https:\/\/www.adf.org.br\/home\/?p=75617"},"modified":"2024-02-29T15:41:45","modified_gmt":"2024-02-29T18:41:45","slug":"5-sugestoes-para-viver-bem-a-quaresma-com-nossa-senhora","status":"publish","type":"post","link":"https:\/\/www.adf.org.br\/home\/5-sugestoes-para-viver-bem-a-quaresma-com-nossa-senhora\/","title":{"rendered":"5 sugest\u00f5es para viver bem a Quaresma com Nossa Senhora"},"content":{"rendered":"<figure id=\"attachment_74677\" aria-describedby=\"caption-attachment-74677\" style=\"width: 782px\" class=\"wp-caption aligncenter\"><img loading=\"lazy\" class=\"wp-image-74677 \" src=\"https:\/\/www.adf.org.br\/home\/wp-content\/uploads\/2023\/12\/Nossa-Senhora-de-Fiamt-a_opera-Milagre-no-Brasil-1024x683.jpeg\" alt=\"milagre no Brasil operado por Nossa Senhora de F\u00e1tima\" width=\"782\" height=\"521\" srcset=\"https:\/\/www.adf.org.br\/home\/wp-content\/uploads\/2023\/12\/Nossa-Senhora-de-Fiamt-a_opera-Milagre-no-Brasil-1024x683.jpeg 1024w, https:\/\/www.adf.org.br\/home\/wp-content\/uploads\/2023\/12\/Nossa-Senhora-de-Fiamt-a_opera-Milagre-no-Brasil-300x200.jpeg 300w, https:\/\/www.adf.org.br\/home\/wp-content\/uploads\/2023\/12\/Nossa-Senhora-de-Fiamt-a_opera-Milagre-no-Brasil-768x512.jpeg 768w, https:\/\/www.adf.org.br\/home\/wp-content\/uploads\/2023\/12\/Nossa-Senhora-de-Fiamt-a_opera-Milagre-no-Brasil-1536x1024.jpeg 1536w, https:\/\/www.adf.org.br\/home\/wp-content\/uploads\/2023\/12\/Nossa-Senhora-de-Fiamt-a_opera-Milagre-no-Brasil-2048x1365.jpeg 2048w\" sizes=\"(max-width: 782px) 100vw, 782px\" \/><figcaption id=\"caption-attachment-74677\" class=\"wp-caption-text\"><center><em>Confira sugest\u00f5es para intensificar sua f\u00e9 e devo\u00e7\u00e3o \u00e0 Jesus e Nossa Senhora de F\u00e1tima nesta Quaresma.<\/em><\/center><\/figcaption><\/figure>\n<p><span style=\"color: #000000;\"><strong><span style=\"font-size: 32px;\">S<\/span>eguindo a devo\u00e7\u00e3o \u00e0<\/strong> <strong><span style=\"color: #000080;\">Maria Sant\u00edssima<\/span>, convido voc\u00ea para uma viv\u00eancia transformadora nesta Quaresma.<\/strong><\/span><\/p>\n<p><span style=\"color: #000000;\">Imagine que, por vezes, Deus bata \u00e0 porta do seu cora\u00e7\u00e3o, desejando derramar Suas gra\u00e7as mais abundantes.<\/span><\/p>\n<p><span style=\"color: #000000;\">A Quaresma \u00e9 um desses momentos especiais, <strong>um tempo que nos prepara para celebrar a <span style=\"color: #000080;\">Paix\u00e3o, Morte e Ressurrei\u00e7\u00e3o de Jesus<\/span>,<\/strong> <strong>o maior ato de amor por n\u00f3s.<\/strong><\/span><\/p>\n<p><span style=\"color: #000000;\"><strong>Muitas vezes, contudo, nos perdemos na correria do dia a dia<\/strong>, com compromissos com a fam\u00edlia, trabalho e sociedade. <\/span><\/p>\n<p><span style=\"color: #000000;\">Portanto,<strong> esses preciosos tempos de gra\u00e7a podem passar despercebidos<\/strong>. Contudo, \u00e9 fundamental lembrar-se da passagem em que <span style=\"color: #000080;\"><strong>Jesus<\/strong><\/span> diz: <\/span><\/p>\n<h3 style=\"text-align: center;\"><span style=\"color: #000000;\">&#8220;Eis que estou \u00e0 porta e bato.&#8221;<br \/>\n<\/span><\/h3>\n<p>&nbsp;<\/p>\n<p><img loading=\"lazy\" class=\"aligncenter wp-image-75640 size-large\" src=\"https:\/\/www.adf.org.br\/home\/wp-content\/uploads\/2024\/03\/Nossa-Senhora-de-Fatima-e-Coracao-de-Jesus-Quaresma-1024x512.png\" alt=\"\" width=\"1024\" height=\"512\" srcset=\"https:\/\/www.adf.org.br\/home\/wp-content\/uploads\/2024\/03\/Nossa-Senhora-de-Fatima-e-Coracao-de-Jesus-Quaresma-1024x512.png 1024w, https:\/\/www.adf.org.br\/home\/wp-content\/uploads\/2024\/03\/Nossa-Senhora-de-Fatima-e-Coracao-de-Jesus-Quaresma-300x150.png 300w, https:\/\/www.adf.org.br\/home\/wp-content\/uploads\/2024\/03\/Nossa-Senhora-de-Fatima-e-Coracao-de-Jesus-Quaresma-768x384.png 768w, https:\/\/www.adf.org.br\/home\/wp-content\/uploads\/2024\/03\/Nossa-Senhora-de-Fatima-e-Coracao-de-Jesus-Quaresma-1536x768.png 1536w, https:\/\/www.adf.org.br\/home\/wp-content\/uploads\/2024\/03\/Nossa-Senhora-de-Fatima-e-Coracao-de-Jesus-Quaresma-2048x1024.png 2048w\" sizes=\"(max-width: 1024px) 100vw, 1024px\" \/><\/p>\n<p>&nbsp;<\/p>\n<p><span style=\"color: #000000;\">Por isso, seguem 5 sugest\u00f5es para ajudar na sua reflex\u00e3o nesta Quaresma, intensificando a devo\u00e7\u00e3o \u00e0<span style=\"color: #000080;\"> <strong>Jesus e<\/strong> <strong>Nossa Senhora de F\u00e1tima.<\/strong><\/span><\/span><\/p>\n<ol>\n<li>\n<h3><span style=\"color: #000000;\">Primeiramente, <strong>medite sobre as <span style=\"color: #000080;\">Sete Dores de Maria<\/span><\/strong><\/span><\/h3>\n<p><span style=\"color: #000000;\">Refletir sobre os sofrimentos na Paix\u00e3o de Cristo nos ajuda a compreender melhor <strong>o sacrif\u00edcio de Jesus e o amor de Maria.<br \/>\n<\/strong><br \/>\n<\/span><\/li>\n<li>\n<h3><span style=\"color: #000000;\">Al\u00e9m disso, <strong>contemple as \u00faltimas palavras de <span style=\"color: #000080;\">Jesus na Cruz:<\/span><\/strong><\/span><\/h3>\n<p><span style=\"color: #000000;\"><span style=\"color: #000000;\"><span style=\"color: #000000;\">Cada uma dessas palavras revela um aspecto profundo do amor e miss\u00e3o de Cristo. Meditar sobre elas com verdadeira devo\u00e7\u00e3o \u00e9 uma experi\u00eancia transformadora.<br \/>\n<em>\u201cPai, perdoa-lhes porque eles n\u00e3o sabem o que fazem\u201d (Lc 23,34);<br \/>\n\u201cHoje estar\u00e1s comigo no para\u00edso\u201d (Lc 23,43);<br \/>\n\u201cMulher, eis a\u00ed teu filho &#8230; Depois disse ao disc\u00edpulo: Eis a\u00ed tua m\u00e3e\u201d (Jo 19,26-27);<br \/>\n\u201cMeus Deus, meu Deus, por que me abandonaste?\u201d (Mt 27,46);<br \/>\n\u201cTenho sede\u201d (Jo 19,28); \u201cTudo est\u00e1 consumado\u201d (Jo 19,30);<br \/>\n\u201cPai, nas tuas m\u00e3os entrego o meu esp\u00edrito\u201d (Lc 23,46).<\/em><\/span><\/span><\/span><\/li>\n<li>\n<h3><span style=\"color: #000000;\">Ademais, leia e <strong>medite sobre a <span style=\"color: #000080;\">Paix\u00e3o de Jesus<\/span> nos quatro Evangelhos:<\/strong><\/span><\/h3>\n<p><span style=\"color: #000000;\"><span style=\"color: #000000;\">Leia com aten\u00e7\u00e3o as<strong> narrativas b\u00edblicas que descrevem a Paix\u00e3o de Cristo<\/strong>, encontradas especialmente nos quatro<b> evangelhos can\u00f4nicos de Mateus, Marcos, Lucas e Jo\u00e3o<\/b>. Observe os detalhes e reflita, com o cora\u00e7\u00e3o aberto, sobre o amor incondicional de <\/span><\/span><span style=\"color: #000080;\"><strong>Jesus<\/strong><\/span><span style=\"color: #000000;\"><span style=\"color: #000000;\"><span style=\"color: #000000;\"> por n\u00f3s.<\/span><\/span><\/span><\/li>\n<li>\n<h3><span style=\"color: #000000;\">Igualmente importante, <strong>reze o<\/strong><\/span><strong><span style=\"color: #000080;\"> Salmo 22:<\/span><\/strong><\/h3>\n<p><span style=\"color: #000000;\"><span style=\"color: #000000;\"><span style=\"color: #000000;\">Este salmo, um texto prof\u00e9tico, antecipa os sofrimentos de Cristo na cruz. L\u00ea-lo \u00e9 uma forma de aproximar-se dos momentos finais de <strong><span style=\"color: #000080;\">Jesus<\/span><\/strong>, sentindo-se ao lado de Maria, Jo\u00e3o e Madalena.<\/span><\/span><\/span><\/li>\n<li>\n<h3><span style=\"color: #000000;\">Por fim,<strong> recite os <span style=\"color: #000080;\">Mist\u00e9rios Dolorosos do Santo Ros\u00e1rio<\/span>:<\/strong><br \/>\n<\/span><\/h3>\n<p><span style=\"color: #000000;\">Atrav\u00e9s desses mist\u00e9rios, contemplamos a vida de Jesus pelos olhos de Maria. \u00c9 uma forma poderosa de meditar sobre os sofrimentos de Cristo e unir-nos a Ele e a Sua M\u00e3e.<\/span><\/li>\n<\/ol>\n<p>&nbsp;<\/p>\n<p><span style=\"color: #000000;\">Que este tempo de Quaresma seja uma experi\u00eancia de renova\u00e7\u00e3o e crescimento espiritual. <\/span><\/p>\n<p><span style=\"color: #000000;\">Implementar essas pr\u00e1ticas de ora\u00e7\u00e3o te ajudar\u00e1 a viver mais intensamente este tempo, culminando na alegria da P\u00e1scoa. <\/span><\/p>\n<p><span style=\"color: #000000;\">Que todos n\u00f3s possamos morrer para o pecado e ressuscitar com Cristo e Maria, renovados em f\u00e9 e amor.\u00a0<\/span><\/p>\n<h3 style=\"text-align: center;\"><span style=\"color: #000000;\"><strong>****<\/strong><\/span><\/h3>\n<h3 style=\"text-align: center;\"><span style=\"color: #000000;\">Quer fortalecer as suas preces com um ter\u00e7o rezado em seu nome?<br \/>\n<strong><a href=\"https:\/\/adf.org.br\/terco\/?origem=29496\" target=\"_blank\" rel=\"noopener\"><span style=\"color: #0000ff;\">Clique aqui<\/span><\/a> <\/strong>ou na imagem abaixo e <span style=\"color: #000080;\">religiosos que apoiam este Apostolado\u00a0<strong>rezar\u00e3o um ter\u00e7o por voc\u00ea,<\/strong>\u00a0no pr\u00f3ximo s\u00e1bado.<\/span><\/span><\/h3>\n<p><a href=\"https:\/\/adf.org.br\/terco\/?origem=29496\" target=\"_blank\" rel=\"noopener\"><img loading=\"lazy\" class=\"size-medium wp-image-75474 aligncenter\" src=\"https:\/\/www.adf.org.br\/home\/wp-content\/uploads\/2024\/02\/bt_terco-240x300.jpg\" alt=\"\" width=\"240\" height=\"300\" srcset=\"https:\/\/www.adf.org.br\/home\/wp-content\/uploads\/2024\/02\/bt_terco-240x300.jpg 240w, https:\/\/www.adf.org.br\/home\/wp-content\/uploads\/2024\/02\/bt_terco.jpg 400w\" sizes=\"(max-width: 240px) 100vw, 240px\" \/><\/a><\/p>\n<p class=\"textHomeResp\">\n","protected":false},"excerpt":{"rendered":"<p>Seguindo a devo\u00e7\u00e3o \u00e0 Maria Sant\u00edssima, convido voc\u00ea para uma viv\u00eancia transformadora nesta Quaresma. Imagine que, por vezes, Deus bata \u00e0 porta do seu cora\u00e7\u00e3o, desejando derramar Suas gra\u00e7as mais abundantes. A Quaresma \u00e9 um desses momentos especiais, um tempo que nos prepara para celebrar a Paix\u00e3o, Morte e Ressurrei\u00e7\u00e3o de Jesus, o maior ato [&hellip;]<\/p>\n","protected":false},"author":1,"featured_media":75635,"comment_status":"open","ping_status":"open","sticky":false,"template":"","format":"standard","meta":[],"categories":[56,5468],"tags":[2847,5487,5485,5484,5486,4859],"yoast_head":"<!-- This site is optimized with the Yoast SEO plugin v17.4 - https:\/\/yoast.com\/wordpress\/plugins\/seo\/ -->\n<title>5 sugest\u00f5es para viver bem a Quaresma com Nossa Senhora<\/title>\n<meta name=\"description\" content=\"Veja aqui 5 sugest\u00f5es para ajudar na sua reflex\u00e3o nesta Quaresma, intensificando a devo\u00e7\u00e3o \u00e0 Jesus e Nossa Senhora de F\u00e1tima.\" \/>\n<meta name=\"robots\" content=\"index, follow, max-snippet:-1, max-image-preview:large, max-video-preview:-1\" \/>\n<link rel=\"canonical\" href=\"https:\/\/www.adf.org.br\/home\/5-sugestoes-para-viver-bem-a-quaresma-com-nossa-senhora\/\" \/>\n<meta property=\"og:locale\" content=\"pt_BR\" \/>\n<meta property=\"og:type\" content=\"article\" \/>\n<meta property=\"og:title\" content=\"5 sugest\u00f5es para viver bem a Quaresma com Nossa Senhora\" \/>\n<meta property=\"og:description\" content=\"Veja aqui 5 sugest\u00f5es para ajudar na sua reflex\u00e3o nesta Quaresma, intensificando a devo\u00e7\u00e3o \u00e0 Jesus e Nossa Senhora de F\u00e1tima.\" \/>\n<meta property=\"og:url\" content=\"https:\/\/www.adf.org.br\/home\/5-sugestoes-para-viver-bem-a-quaresma-com-nossa-senhora\/\" \/>\n<meta property=\"og:site_name\" content=\"Associa\u00e7\u00e3o Devotos de F\u00e1tima\" \/>\n<meta property=\"article:published_time\" content=\"2024-03-05T03:00:19+00:00\" \/>\n<meta property=\"article:modified_time\" content=\"2024-02-29T18:41:45+00:00\" \/>\n<meta property=\"og:image\" content=\"https:\/\/www.adf.org.br\/home\/wp-content\/uploads\/2024\/03\/Design-sem-nome.png\" \/>\n\t<meta property=\"og:image:width\" content=\"600\" \/>\n\t<meta property=\"og:image:height\" content=\"300\" \/>\n<meta name=\"twitter:card\" content=\"summary_large_image\" \/>\n<meta name=\"twitter:label1\" content=\"Escrito por\" \/>\n\t<meta name=\"twitter:data1\" content=\"ti@pmk.com.br\" \/>\n\t<meta name=\"twitter:label2\" content=\"Est. tempo de leitura\" \/>\n\t<meta name=\"twitter:data2\" content=\"3 minutos\" \/>\n<script type=\"application\/ld+json\" class=\"yoast-schema-graph\">{\"@context\":\"https:\/\/schema.org\",\"@graph\":[{\"@type\":\"WebSite\",\"@id\":\"https:\/\/www.adf.org.br\/home\/#website\",\"url\":\"https:\/\/www.adf.org.br\/home\/\",\"name\":\"Associa\\u00e7\\u00e3o Devotos de F\\u00e1tima\",\"description\":\"Associa\\u00e7\\u00e3o Devotos de F\\u00e1tima\",\"potentialAction\":[{\"@type\":\"SearchAction\",\"target\":{\"@type\":\"EntryPoint\",\"urlTemplate\":\"https:\/\/www.adf.org.br\/home\/?s={search_term_string}\"},\"query-input\":\"required name=search_term_string\"}],\"inLanguage\":\"pt-BR\"},{\"@type\":\"ImageObject\",\"@id\":\"https:\/\/www.adf.org.br\/home\/5-sugestoes-para-viver-bem-a-quaresma-com-nossa-senhora\/#primaryimage\",\"inLanguage\":\"pt-BR\",\"url\":\"https:\/\/www.adf.org.br\/home\/wp-content\/uploads\/2024\/03\/Design-sem-nome.png\",\"contentUrl\":\"https:\/\/www.adf.org.br\/home\/wp-content\/uploads\/2024\/03\/Design-sem-nome.png\",\"width\":600,\"height\":300},{\"@type\":\"WebPage\",\"@id\":\"https:\/\/www.adf.org.br\/home\/5-sugestoes-para-viver-bem-a-quaresma-com-nossa-senhora\/#webpage\",\"url\":\"https:\/\/www.adf.org.br\/home\/5-sugestoes-para-viver-bem-a-quaresma-com-nossa-senhora\/\",\"name\":\"5 sugest\\u00f5es para viver bem a Quaresma com Nossa Senhora\",\"isPartOf\":{\"@id\":\"https:\/\/www.adf.org.br\/home\/#website\"},\"primaryImageOfPage\":{\"@id\":\"https:\/\/www.adf.org.br\/home\/5-sugestoes-para-viver-bem-a-quaresma-com-nossa-senhora\/#primaryimage\"},\"datePublished\":\"2024-03-05T03:00:19+00:00\",\"dateModified\":\"2024-02-29T18:41:45+00:00\",\"author\":{\"@id\":\"https:\/\/www.adf.org.br\/home\/#\/schema\/person\/e2b618cdde5c983802c6955247e4df95\"},\"description\":\"Veja aqui 5 sugest\\u00f5es para ajudar na sua reflex\\u00e3o nesta Quaresma, intensificando a devo\\u00e7\\u00e3o \\u00e0 Jesus e Nossa Senhora de F\\u00e1tima.\",\"breadcrumb\":{\"@id\":\"https:\/\/www.adf.org.br\/home\/5-sugestoes-para-viver-bem-a-quaresma-com-nossa-senhora\/#breadcrumb\"},\"inLanguage\":\"pt-BR\",\"potentialAction\":[{\"@type\":\"ReadAction\",\"target\":[\"https:\/\/www.adf.org.br\/home\/5-sugestoes-para-viver-bem-a-quaresma-com-nossa-senhora\/\"]}]},{\"@type\":\"BreadcrumbList\",\"@id\":\"https:\/\/www.adf.org.br\/home\/5-sugestoes-para-viver-bem-a-quaresma-com-nossa-senhora\/#breadcrumb\",\"itemListElement\":[{\"@type\":\"ListItem\",\"position\":1,\"name\":\"Home\",\"item\":\"https:\/\/www.adf.org.br\/home\/\"},{\"@type\":\"ListItem\",\"position\":2,\"name\":\"5 sugest\\u00f5es para viver bem a Quaresma com Nossa Senhora\"}]},{\"@type\":\"Person\",\"@id\":\"https:\/\/www.adf.org.br\/home\/#\/schema\/person\/e2b618cdde5c983802c6955247e4df95\",\"name\":\"ti@pmk.com.br\",\"image\":{\"@type\":\"ImageObject\",\"@id\":\"https:\/\/www.adf.org.br\/home\/#personlogo\",\"inLanguage\":\"pt-BR\",\"url\":\"https:\/\/secure.gravatar.com\/avatar\/2f4d3b4697b7c5df630d1489d9c80573?s=96&d=mm&r=g\",\"contentUrl\":\"https:\/\/secure.gravatar.com\/avatar\/2f4d3b4697b7c5df630d1489d9c80573?s=96&d=mm&r=g\",\"caption\":\"ti@pmk.com.br\"},\"url\":\"https:\/\/www.adf.org.br\/home\/author\/tipmk-com-br\/\"}]}<\/script>\n<!-- \/ Yoast SEO plugin. -->","yoast_head_json":{"title":"5 sugest\u00f5es para viver bem a Quaresma com Nossa Senhora","description":"Veja aqui 5 sugest\u00f5es para ajudar na sua reflex\u00e3o nesta Quaresma, intensificando a devo\u00e7\u00e3o \u00e0 Jesus e Nossa Senhora de F\u00e1tima.","robots":{"index":"index","follow":"follow","max-snippet":"max-snippet:-1","max-image-preview":"max-image-preview:large","max-video-preview":"max-video-preview:-1"},"canonical":"https:\/\/www.adf.org.br\/home\/5-sugestoes-para-viver-bem-a-quaresma-com-nossa-senhora\/","og_locale":"pt_BR","og_type":"article","og_title":"5 sugest\u00f5es para viver bem a Quaresma com Nossa Senhora","og_description":"Veja aqui 5 sugest\u00f5es para ajudar na sua reflex\u00e3o nesta Quaresma, intensificando a devo\u00e7\u00e3o \u00e0 Jesus e Nossa Senhora de F\u00e1tima.","og_url":"https:\/\/www.adf.org.br\/home\/5-sugestoes-para-viver-bem-a-quaresma-com-nossa-senhora\/","og_site_name":"Associa\u00e7\u00e3o Devotos de F\u00e1tima","article_published_time":"2024-03-05T03:00:19+00:00","article_modified_time":"2024-02-29T18:41:45+00:00","og_image":[{"width":600,"height":300,"url":"https:\/\/www.adf.org.br\/home\/wp-content\/uploads\/2024\/03\/Design-sem-nome.png","type":"image\/png"}],"twitter_card":"summary_large_image","twitter_misc":{"Escrito por":"ti@pmk.com.br","Est. tempo de leitura":"3 minutos"},"schema":{"@context":"https:\/\/schema.org","@graph":[{"@type":"WebSite","@id":"https:\/\/www.adf.org.br\/home\/#website","url":"https:\/\/www.adf.org.br\/home\/","name":"Associa\u00e7\u00e3o Devotos de F\u00e1tima","description":"Associa\u00e7\u00e3o Devotos de F\u00e1tima","potentialAction":[{"@type":"SearchAction","target":{"@type":"EntryPoint","urlTemplate":"https:\/\/www.adf.org.br\/home\/?s={search_term_string}"},"query-input":"required name=search_term_string"}],"inLanguage":"pt-BR"},{"@type":"ImageObject","@id":"https:\/\/www.adf.org.br\/home\/5-sugestoes-para-viver-bem-a-quaresma-com-nossa-senhora\/#primaryimage","inLanguage":"pt-BR","url":"https:\/\/www.adf.org.br\/home\/wp-content\/uploads\/2024\/03\/Design-sem-nome.png","contentUrl":"https:\/\/www.adf.org.br\/home\/wp-content\/uploads\/2024\/03\/Design-sem-nome.png","width":600,"height":300},{"@type":"WebPage","@id":"https:\/\/www.adf.org.br\/home\/5-sugestoes-para-viver-bem-a-quaresma-com-nossa-senhora\/#webpage","url":"https:\/\/www.adf.org.br\/home\/5-sugestoes-para-viver-bem-a-quaresma-com-nossa-senhora\/","name":"5 sugest\u00f5es para viver bem a Quaresma com Nossa Senhora","isPartOf":{"@id":"https:\/\/www.adf.org.br\/home\/#website"},"primaryImageOfPage":{"@id":"https:\/\/www.adf.org.br\/home\/5-sugestoes-para-viver-bem-a-quaresma-com-nossa-senhora\/#primaryimage"},"datePublished":"2024-03-05T03:00:19+00:00","dateModified":"2024-02-29T18:41:45+00:00","author":{"@id":"https:\/\/www.adf.org.br\/home\/#\/schema\/person\/e2b618cdde5c983802c6955247e4df95"},"description":"Veja aqui 5 sugest\u00f5es para ajudar na sua reflex\u00e3o nesta Quaresma, intensificando a devo\u00e7\u00e3o \u00e0 Jesus e Nossa Senhora de F\u00e1tima.","breadcrumb":{"@id":"https:\/\/www.adf.org.br\/home\/5-sugestoes-para-viver-bem-a-quaresma-com-nossa-senhora\/#breadcrumb"},"inLanguage":"pt-BR","potentialAction":[{"@type":"ReadAction","target":["https:\/\/www.adf.org.br\/home\/5-sugestoes-para-viver-bem-a-quaresma-com-nossa-senhora\/"]}]},{"@type":"BreadcrumbList","@id":"https:\/\/www.adf.org.br\/home\/5-sugestoes-para-viver-bem-a-quaresma-com-nossa-senhora\/#breadcrumb","itemListElement":[{"@type":"ListItem","position":1,"name":"Home","item":"https:\/\/www.adf.org.br\/home\/"},{"@type":"ListItem","position":2,"name":"5 sugest\u00f5es para viver bem a Quaresma com Nossa Senhora"}]},{"@type":"Person","@id":"https:\/\/www.adf.org.br\/home\/#\/schema\/person\/e2b618cdde5c983802c6955247e4df95","name":"ti@pmk.com.br","image":{"@type":"ImageObject","@id":"https:\/\/www.adf.org.br\/home\/#personlogo","inLanguage":"pt-BR","url":"https:\/\/secure.gravatar.com\/avatar\/2f4d3b4697b7c5df630d1489d9c80573?s=96&d=mm&r=g","contentUrl":"https:\/\/secure.gravatar.com\/avatar\/2f4d3b4697b7c5df630d1489d9c80573?s=96&d=mm&r=g","caption":"ti@pmk.com.br"},"url":"https:\/\/www.adf.org.br\/home\/author\/tipmk-com-br\/"}]}},"_links":{"self":[{"href":"https:\/\/www.adf.org.br\/home\/wp-json\/wp\/v2\/posts\/75617"}],"collection":[{"href":"https:\/\/www.adf.org.br\/home\/wp-json\/wp\/v2\/posts"}],"about":[{"href":"https:\/\/www.adf.org.br\/home\/wp-json\/wp\/v2\/types\/post"}],"author":[{"embeddable":true,"href":"https:\/\/www.adf.org.br\/home\/wp-json\/wp\/v2\/users\/1"}],"replies":[{"embeddable":true,"href":"https:\/\/www.adf.org.br\/home\/wp-json\/wp\/v2\/comments?post=75617"}],"version-history":[{"count":16,"href":"https:\/\/www.adf.org.br\/home\/wp-json\/wp\/v2\/posts\/75617\/revisions"}],"predecessor-version":[{"id":75645,"href":"https:\/\/www.adf.org.br\/home\/wp-json\/wp\/v2\/posts\/75617\/revisions\/75645"}],"wp:featuredmedia":[{"embeddable":true,"href":"https:\/\/www.adf.org.br\/home\/wp-json\/wp\/v2\/media\/75635"}],"wp:attachment":[{"href":"https:\/\/www.adf.org.br\/home\/wp-json\/wp\/v2\/media?parent=75617"}],"wp:term":[{"taxonomy":"category","embeddable":true,"href":"https:\/\/www.adf.org.br\/home\/wp-json\/wp\/v2\/categories?post=75617"},{"taxonomy":"post_tag","embeddable":true,"href":"https:\/\/www.adf.org.br\/home\/wp-json\/wp\/v2\/tags?post=75617"}],"curies":[{"name":"wp","href":"https:\/\/api.w.org\/{rel}","templated":true}]}}