{"id":75597,"date":"2024-03-03T00:00:32","date_gmt":"2024-03-03T03:00:32","guid":{"rendered":"https:\/\/www.adf.org.br\/home\/?p=75597"},"modified":"2024-02-27T12:01:17","modified_gmt":"2024-02-27T15:01:17","slug":"a-vela-de-suplicas-a-nossa-senhora-que-nunca-se-apaga","status":"publish","type":"post","link":"https:\/\/www.adf.org.br\/home\/a-vela-de-suplicas-a-nossa-senhora-que-nunca-se-apaga\/","title":{"rendered":"A Vela de s\u00faplicas a Nossa Senhora que nunca se apaga"},"content":{"rendered":"<figure id=\"attachment_67122\" aria-describedby=\"caption-attachment-67122\" style=\"width: 650px\" class=\"wp-caption aligncenter\"><a href=\"https:\/\/adf.org.br\/apostolosdefatima\/2\/?origem=29474\" target=\"_blank\" rel=\"noopener\"><img loading=\"lazy\" class=\"wp-image-67122\" src=\"https:\/\/www.adf.org.br\/home\/wp-content\/uploads\/2022\/01\/vela.jpg\" alt=\"\" width=\"650\" height=\"299\" srcset=\"https:\/\/www.adf.org.br\/home\/wp-content\/uploads\/2022\/01\/vela.jpg 600w, https:\/\/www.adf.org.br\/home\/wp-content\/uploads\/2022\/01\/vela-300x138.jpg 300w\" sizes=\"(max-width: 650px) 100vw, 650px\" \/><\/a><figcaption id=\"caption-attachment-67122\" class=\"wp-caption-text\"><center><em>Acenda uma vela de onde voc\u00ea estiver, pedindo pela intercess\u00e3o de Nossa Senhora de F\u00e1tima.<\/em><\/center><\/figcaption><\/figure>\n<p><span style=\"color: #000000; font-size: 32px;\"><strong>I<\/strong><\/span><span style=\"color: #000000;\">magine-se na igreja, diante de um momento de reflex\u00e3o e ora\u00e7\u00e3o,<\/span><strong style=\"color: #000000;\"> acendendo uma vela para<\/strong> <span style=\"color: #000080;\"><strong>Nossa Senhora de F\u00e1tima.<\/strong><\/span><\/p>\n<div class=\"flex-1 overflow-hidden\">\n<div class=\"react-scroll-to-bottom--css-qccix-79elbk h-full\">\n<div class=\"react-scroll-to-bottom--css-qccix-1n7m0yu\">\n<div class=\"flex flex-col text-sm pb-9\">\n<div class=\"w-full text-token-text-primary\" data-testid=\"conversation-turn-3\">\n<div class=\"px-4 py-2 justify-center text-base md:gap-6 m-auto\">\n<div class=\"flex flex-1 text-base mx-auto gap-3 md:px-5 lg:px-1 xl:px-5 md:max-w-3xl lg:max-w-[40rem] xl:max-w-[48rem] group final-completion\">\n<div class=\"relative flex w-full flex-col agent-turn\">\n<div class=\"flex-col gap-1 md:gap-3\">\n<div class=\"flex flex-grow flex-col max-w-full\">\n<div class=\"min-h-[20px] text-message flex flex-col items-start gap-3 whitespace-pre-wrap break-words [.text-message+&amp;]:mt-5 overflow-x-auto\" data-message-author-role=\"assistant\" data-message-id=\"407eb5ec-de74-43a5-bfd5-f62c34cf8a8e\">\n<div class=\"markdown prose w-full break-words dark:prose-invert light\">\n<p><span style=\"color: #000000;\">Ao ajoelhar-se, <strong>voc\u00ea eleva seu cora\u00e7\u00e3o em s\u00faplica,<\/strong> pedindo a prote\u00e7\u00e3o de todos os males, sabedoria e for\u00e7as para enfrentar seus desafios di\u00e1rios.\u00a0<\/span><\/p>\n<p><span style=\"color: #000000;\">Nesse instante de intimidade com <strong><span style=\"color: #000080;\">Nossa Senhora<\/span><\/strong>, surge um profundo desejo: <\/span><\/p>\n<p><span style=\"color: #000000;\"><em><strong>&#8220;Ah, se essa vela pudesse brilhar eternamente, como uma prece constante a <span style=\"color: #000080;\">Nossa Senhora<\/span>&#8230;&#8221;<\/strong><\/em><\/span><\/p>\n<p><span style=\"color: #000000;\">Pois bem caro leitor, foi assim que, inspirado por esse anseio, surgiu a ideia de criarmos a <span style=\"color: #0000ff;\"><strong><a style=\"color: #0000ff;\" href=\"https:\/\/adf.org.br\/apostolosdefatima\/2\/?origem=29474\" target=\"_blank\" rel=\"noopener\">Vela Virtual Permanente<\/a>. <\/strong><\/span><\/span><\/p>\n<p><span style=\"color: #000000;\">Agora, voc\u00ea pode estar pensando: <strong><em>&#8220;Mas uma vela virtual&#8230; \u00e9 realmente significativa?&#8221;<\/em><\/strong><\/span><\/p>\n<figure id=\"attachment_2102\" aria-describedby=\"caption-attachment-2102\" style=\"width: 198px\" class=\"wp-caption alignleft\"><img loading=\"lazy\" class=\"wp-image-2102\" src=\"https:\/\/www.adf.org.br\/home\/wp-content\/uploads\/2010\/02\/vela.jpg\" alt=\"\" width=\"198\" height=\"198\" \/><figcaption id=\"caption-attachment-2102\" class=\"wp-caption-text\"><center><em>Acender uma vela seguida de uma ora\u00e7\u00e3o \u00e9 um poderoso s\u00edmbolo de devo\u00e7\u00e3o a Nossa Senhora.<\/em><\/center><\/figcaption><\/figure>\n<p><span style=\"color: #000000;\">Entendo perfeitamente esse questionamento e concordo que uma vela f\u00edsica tem seu valor \u00fanico. <\/span><\/p>\n<p><span style=\"color: #000000;\">No entanto, <strong>a<\/strong> <strong><a href=\"https:\/\/adf.org.br\/apostolosdefatima\/2\/?origem=29474\" target=\"_blank\" rel=\"noopener\"><span style=\"color: #0000ff;\">Vela Virtual<\/span><\/a> vai al\u00e9m, transformando-se em um s\u00edmbolo poderoso de nossa devo\u00e7\u00e3o. <\/strong><\/span><\/p>\n<p><span style=\"color: #000000;\">Isso porque, <strong>por meio dela, voc\u00ea pode expressar sua f\u00e9 e pedir por suas inten\u00e7\u00f5es, de onde estiver.\u00a0 <\/strong><\/span><\/p>\n<h3><span style=\"color: #000000;\"><strong>Basta acessar o <a href=\"https:\/\/adf.org.br\/apostolosdefatima\/2\/?origem=29474\" target=\"_blank\" rel=\"noopener\"><span style=\"color: #0000ff;\">Vel\u00e1rio Permanente<\/span><\/a> atrav\u00e9s do celular ou de qualquer computador.<\/strong> <\/span><\/h3>\n<h3><span style=\"color: #000000;\">Assim, <span style=\"color: #000080;\">sua ora\u00e7\u00e3o \u00e9 representada por uma vela que nunca se apaga.<\/span><\/span><\/h3>\n<p><span style=\"color: #000000;\">Al\u00e9m disso, <strong>seu nome ser\u00e1 inclu\u00eddo no livro de inten\u00e7\u00f5es e estar\u00e1 presente em<\/strong> <strong>mais de 60 Missas\u00a0<\/strong>ao longo do ano.\u00a0<\/span><\/p>\n<p><span style=\"color: #000000;\">Para isso, <strong>basta fazer parte do grupo <a href=\"https:\/\/adf.org.br\/apostolosdefatima\/2\/?origem=29474\" target=\"_blank\" rel=\"noopener\"><span style=\"color: #0000ff;\">Ap\u00f3stolos de F\u00e1tima<\/span>. <\/a><\/strong><\/span><\/p>\n<p style=\"padding-left: 40px;\"><span style=\"color: #000000;\"><strong><a href=\"https:\/\/adf.org.br\/apostolosdefatima\/2\/?origem=29474\" target=\"_blank\" rel=\"noopener\"><span style=\"color: #0000ff;\">Clique aqui<\/span><\/a> para ver outros maravilhosos presentes que voc\u00ea ir\u00e1 receber.<\/strong><\/span><\/p>\n<p><span style=\"color: #000000;\">N\u00e3o deixe para depois. Acenda hoje mesmo sua Vela Permanente!<\/span><\/p>\n<\/div>\n<\/div>\n<\/div>\n<div class=\"mt-1 flex justify-start gap-3 empty:hidden\"><span style=\"color: #000000;\">Em Jesus e Maria,<\/span><\/div>\n<\/div>\n<\/div>\n<\/div>\n<\/div>\n<\/div>\n<\/div>\n<\/div>\n<\/div>\n<\/div>\n<p><em><span style=\"color: #000000;\">Carlos Lanna<\/span><\/em><br \/>\n<em><span style=\"color: #000000;\"><strong>Coordenador dos Ap\u00f3stolos de F\u00e1tima<\/strong><\/span><\/em><\/p>\n<h3 style=\"text-align: center;\"><span style=\"color: #000080;\"><strong>****<\/strong><\/span><\/h3>\n<p><a href=\"https:\/\/adf.org.br\/apostolosdefatima\/2\/?origem=29474\" target=\"_blank\" rel=\"noopener\"><img loading=\"lazy\" class=\"aligncenter wp-image-68296 size-full\" src=\"https:\/\/www.adf.org.br\/home\/wp-content\/uploads\/2022\/05\/Vela-de-Nossa-Senhora-de-Fatima.jpg\" alt=\"\" width=\"600\" height=\"350\" srcset=\"https:\/\/www.adf.org.br\/home\/wp-content\/uploads\/2022\/05\/Vela-de-Nossa-Senhora-de-Fatima.jpg 600w, https:\/\/www.adf.org.br\/home\/wp-content\/uploads\/2022\/05\/Vela-de-Nossa-Senhora-de-Fatima-300x175.jpg 300w\" sizes=\"(max-width: 600px) 100vw, 600px\" \/><\/a><\/p>\n<p>&nbsp;<\/p>\n","protected":false},"excerpt":{"rendered":"<p>Imagine-se na igreja, diante de um momento de reflex\u00e3o e ora\u00e7\u00e3o, acendendo uma vela para Nossa Senhora de F\u00e1tima. Ao ajoelhar-se, voc\u00ea eleva seu cora\u00e7\u00e3o em s\u00faplica, pedindo a prote\u00e7\u00e3o de todos os males, sabedoria e for\u00e7as para enfrentar seus desafios di\u00e1rios.\u00a0 Nesse instante de intimidade com Nossa Senhora, surge um profundo desejo: &#8220;Ah, se [&hellip;]<\/p>\n","protected":false},"author":1,"featured_media":67122,"comment_status":"open","ping_status":"open","sticky":false,"template":"","format":"standard","meta":[],"categories":[2323,56,2332],"tags":[2242,5481,443],"yoast_head":"<!-- This site is optimized with the Yoast SEO plugin v17.4 - https:\/\/yoast.com\/wordpress\/plugins\/seo\/ -->\n<title>A Vela de s\u00faplicas a Nossa Senhora que nunca se apaga<\/title>\n<meta name=\"description\" content=\"Descubra aqui como pedir por suas inten\u00e7\u00f5es e demonstrar sua devo\u00e7\u00e3o \u00e0 Nossa Senhora de onde voc\u00ea estiver.\u00a0\" \/>\n<meta name=\"robots\" content=\"index, follow, max-snippet:-1, max-image-preview:large, max-video-preview:-1\" \/>\n<link rel=\"canonical\" href=\"https:\/\/www.adf.org.br\/home\/a-vela-de-suplicas-a-nossa-senhora-que-nunca-se-apaga\/\" \/>\n<meta property=\"og:locale\" content=\"pt_BR\" \/>\n<meta property=\"og:type\" content=\"article\" \/>\n<meta property=\"og:title\" content=\"A Vela de s\u00faplicas a Nossa Senhora que nunca se apaga\" \/>\n<meta property=\"og:description\" content=\"Descubra aqui como pedir por suas inten\u00e7\u00f5es e demonstrar sua devo\u00e7\u00e3o \u00e0 Nossa Senhora de onde voc\u00ea estiver.\u00a0\" \/>\n<meta property=\"og:url\" content=\"https:\/\/www.adf.org.br\/home\/a-vela-de-suplicas-a-nossa-senhora-que-nunca-se-apaga\/\" \/>\n<meta property=\"og:site_name\" content=\"Associa\u00e7\u00e3o Devotos de F\u00e1tima\" \/>\n<meta property=\"article:published_time\" content=\"2024-03-03T03:00:32+00:00\" \/>\n<meta property=\"article:modified_time\" content=\"2024-02-27T15:01:17+00:00\" \/>\n<meta property=\"og:image\" content=\"https:\/\/www.adf.org.br\/home\/wp-content\/uploads\/2022\/01\/vela.jpg\" \/>\n\t<meta property=\"og:image:width\" content=\"600\" \/>\n\t<meta property=\"og:image:height\" content=\"276\" \/>\n<meta name=\"twitter:card\" content=\"summary_large_image\" \/>\n<meta name=\"twitter:label1\" content=\"Escrito por\" \/>\n\t<meta name=\"twitter:data1\" content=\"ti@pmk.com.br\" \/>\n\t<meta name=\"twitter:label2\" content=\"Est. tempo de leitura\" \/>\n\t<meta name=\"twitter:data2\" content=\"2 minutos\" \/>\n<script type=\"application\/ld+json\" class=\"yoast-schema-graph\">{\"@context\":\"https:\/\/schema.org\",\"@graph\":[{\"@type\":\"WebSite\",\"@id\":\"https:\/\/www.adf.org.br\/home\/#website\",\"url\":\"https:\/\/www.adf.org.br\/home\/\",\"name\":\"Associa\\u00e7\\u00e3o Devotos de F\\u00e1tima\",\"description\":\"Associa\\u00e7\\u00e3o Devotos de F\\u00e1tima\",\"potentialAction\":[{\"@type\":\"SearchAction\",\"target\":{\"@type\":\"EntryPoint\",\"urlTemplate\":\"https:\/\/www.adf.org.br\/home\/?s={search_term_string}\"},\"query-input\":\"required name=search_term_string\"}],\"inLanguage\":\"pt-BR\"},{\"@type\":\"ImageObject\",\"@id\":\"https:\/\/www.adf.org.br\/home\/a-vela-de-suplicas-a-nossa-senhora-que-nunca-se-apaga\/#primaryimage\",\"inLanguage\":\"pt-BR\",\"url\":\"https:\/\/www.adf.org.br\/home\/wp-content\/uploads\/2022\/01\/vela.jpg\",\"contentUrl\":\"https:\/\/www.adf.org.br\/home\/wp-content\/uploads\/2022\/01\/vela.jpg\",\"width\":600,\"height\":276},{\"@type\":\"WebPage\",\"@id\":\"https:\/\/www.adf.org.br\/home\/a-vela-de-suplicas-a-nossa-senhora-que-nunca-se-apaga\/#webpage\",\"url\":\"https:\/\/www.adf.org.br\/home\/a-vela-de-suplicas-a-nossa-senhora-que-nunca-se-apaga\/\",\"name\":\"A Vela de s\\u00faplicas a Nossa Senhora que nunca se apaga\",\"isPartOf\":{\"@id\":\"https:\/\/www.adf.org.br\/home\/#website\"},\"primaryImageOfPage\":{\"@id\":\"https:\/\/www.adf.org.br\/home\/a-vela-de-suplicas-a-nossa-senhora-que-nunca-se-apaga\/#primaryimage\"},\"datePublished\":\"2024-03-03T03:00:32+00:00\",\"dateModified\":\"2024-02-27T15:01:17+00:00\",\"author\":{\"@id\":\"https:\/\/www.adf.org.br\/home\/#\/schema\/person\/e2b618cdde5c983802c6955247e4df95\"},\"description\":\"Descubra aqui como pedir por suas inten\\u00e7\\u00f5es e demonstrar sua devo\\u00e7\\u00e3o \\u00e0 Nossa Senhora de onde voc\\u00ea estiver.\\u00a0\",\"breadcrumb\":{\"@id\":\"https:\/\/www.adf.org.br\/home\/a-vela-de-suplicas-a-nossa-senhora-que-nunca-se-apaga\/#breadcrumb\"},\"inLanguage\":\"pt-BR\",\"potentialAction\":[{\"@type\":\"ReadAction\",\"target\":[\"https:\/\/www.adf.org.br\/home\/a-vela-de-suplicas-a-nossa-senhora-que-nunca-se-apaga\/\"]}]},{\"@type\":\"BreadcrumbList\",\"@id\":\"https:\/\/www.adf.org.br\/home\/a-vela-de-suplicas-a-nossa-senhora-que-nunca-se-apaga\/#breadcrumb\",\"itemListElement\":[{\"@type\":\"ListItem\",\"position\":1,\"name\":\"Home\",\"item\":\"https:\/\/www.adf.org.br\/home\/\"},{\"@type\":\"ListItem\",\"position\":2,\"name\":\"A Vela de s\\u00faplicas a Nossa Senhora que nunca se apaga\"}]},{\"@type\":\"Person\",\"@id\":\"https:\/\/www.adf.org.br\/home\/#\/schema\/person\/e2b618cdde5c983802c6955247e4df95\",\"name\":\"ti@pmk.com.br\",\"image\":{\"@type\":\"ImageObject\",\"@id\":\"https:\/\/www.adf.org.br\/home\/#personlogo\",\"inLanguage\":\"pt-BR\",\"url\":\"https:\/\/secure.gravatar.com\/avatar\/2f4d3b4697b7c5df630d1489d9c80573?s=96&d=mm&r=g\",\"contentUrl\":\"https:\/\/secure.gravatar.com\/avatar\/2f4d3b4697b7c5df630d1489d9c80573?s=96&d=mm&r=g\",\"caption\":\"ti@pmk.com.br\"},\"url\":\"https:\/\/www.adf.org.br\/home\/author\/tipmk-com-br\/\"}]}<\/script>\n<!-- \/ Yoast SEO plugin. -->","yoast_head_json":{"title":"A Vela de s\u00faplicas a Nossa Senhora que nunca se apaga","description":"Descubra aqui como pedir por suas inten\u00e7\u00f5es e demonstrar sua devo\u00e7\u00e3o \u00e0 Nossa Senhora de onde voc\u00ea estiver.\u00a0","robots":{"index":"index","follow":"follow","max-snippet":"max-snippet:-1","max-image-preview":"max-image-preview:large","max-video-preview":"max-video-preview:-1"},"canonical":"https:\/\/www.adf.org.br\/home\/a-vela-de-suplicas-a-nossa-senhora-que-nunca-se-apaga\/","og_locale":"pt_BR","og_type":"article","og_title":"A Vela de s\u00faplicas a Nossa Senhora que nunca se apaga","og_description":"Descubra aqui como pedir por suas inten\u00e7\u00f5es e demonstrar sua devo\u00e7\u00e3o \u00e0 Nossa Senhora de onde voc\u00ea estiver.\u00a0","og_url":"https:\/\/www.adf.org.br\/home\/a-vela-de-suplicas-a-nossa-senhora-que-nunca-se-apaga\/","og_site_name":"Associa\u00e7\u00e3o Devotos de F\u00e1tima","article_published_time":"2024-03-03T03:00:32+00:00","article_modified_time":"2024-02-27T15:01:17+00:00","og_image":[{"width":600,"height":276,"url":"https:\/\/www.adf.org.br\/home\/wp-content\/uploads\/2022\/01\/vela.jpg","type":"image\/jpeg"}],"twitter_card":"summary_large_image","twitter_misc":{"Escrito por":"ti@pmk.com.br","Est. tempo de leitura":"2 minutos"},"schema":{"@context":"https:\/\/schema.org","@graph":[{"@type":"WebSite","@id":"https:\/\/www.adf.org.br\/home\/#website","url":"https:\/\/www.adf.org.br\/home\/","name":"Associa\u00e7\u00e3o Devotos de F\u00e1tima","description":"Associa\u00e7\u00e3o Devotos de F\u00e1tima","potentialAction":[{"@type":"SearchAction","target":{"@type":"EntryPoint","urlTemplate":"https:\/\/www.adf.org.br\/home\/?s={search_term_string}"},"query-input":"required name=search_term_string"}],"inLanguage":"pt-BR"},{"@type":"ImageObject","@id":"https:\/\/www.adf.org.br\/home\/a-vela-de-suplicas-a-nossa-senhora-que-nunca-se-apaga\/#primaryimage","inLanguage":"pt-BR","url":"https:\/\/www.adf.org.br\/home\/wp-content\/uploads\/2022\/01\/vela.jpg","contentUrl":"https:\/\/www.adf.org.br\/home\/wp-content\/uploads\/2022\/01\/vela.jpg","width":600,"height":276},{"@type":"WebPage","@id":"https:\/\/www.adf.org.br\/home\/a-vela-de-suplicas-a-nossa-senhora-que-nunca-se-apaga\/#webpage","url":"https:\/\/www.adf.org.br\/home\/a-vela-de-suplicas-a-nossa-senhora-que-nunca-se-apaga\/","name":"A Vela de s\u00faplicas a Nossa Senhora que nunca se apaga","isPartOf":{"@id":"https:\/\/www.adf.org.br\/home\/#website"},"primaryImageOfPage":{"@id":"https:\/\/www.adf.org.br\/home\/a-vela-de-suplicas-a-nossa-senhora-que-nunca-se-apaga\/#primaryimage"},"datePublished":"2024-03-03T03:00:32+00:00","dateModified":"2024-02-27T15:01:17+00:00","author":{"@id":"https:\/\/www.adf.org.br\/home\/#\/schema\/person\/e2b618cdde5c983802c6955247e4df95"},"description":"Descubra aqui como pedir por suas inten\u00e7\u00f5es e demonstrar sua devo\u00e7\u00e3o \u00e0 Nossa Senhora de onde voc\u00ea estiver.\u00a0","breadcrumb":{"@id":"https:\/\/www.adf.org.br\/home\/a-vela-de-suplicas-a-nossa-senhora-que-nunca-se-apaga\/#breadcrumb"},"inLanguage":"pt-BR","potentialAction":[{"@type":"ReadAction","target":["https:\/\/www.adf.org.br\/home\/a-vela-de-suplicas-a-nossa-senhora-que-nunca-se-apaga\/"]}]},{"@type":"BreadcrumbList","@id":"https:\/\/www.adf.org.br\/home\/a-vela-de-suplicas-a-nossa-senhora-que-nunca-se-apaga\/#breadcrumb","itemListElement":[{"@type":"ListItem","position":1,"name":"Home","item":"https:\/\/www.adf.org.br\/home\/"},{"@type":"ListItem","position":2,"name":"A Vela de s\u00faplicas a Nossa Senhora que nunca se apaga"}]},{"@type":"Person","@id":"https:\/\/www.adf.org.br\/home\/#\/schema\/person\/e2b618cdde5c983802c6955247e4df95","name":"ti@pmk.com.br","image":{"@type":"ImageObject","@id":"https:\/\/www.adf.org.br\/home\/#personlogo","inLanguage":"pt-BR","url":"https:\/\/secure.gravatar.com\/avatar\/2f4d3b4697b7c5df630d1489d9c80573?s=96&d=mm&r=g","contentUrl":"https:\/\/secure.gravatar.com\/avatar\/2f4d3b4697b7c5df630d1489d9c80573?s=96&d=mm&r=g","caption":"ti@pmk.com.br"},"url":"https:\/\/www.adf.org.br\/home\/author\/tipmk-com-br\/"}]}},"_links":{"self":[{"href":"https:\/\/www.adf.org.br\/home\/wp-json\/wp\/v2\/posts\/75597"}],"collection":[{"href":"https:\/\/www.adf.org.br\/home\/wp-json\/wp\/v2\/posts"}],"about":[{"href":"https:\/\/www.adf.org.br\/home\/wp-json\/wp\/v2\/types\/post"}],"author":[{"embeddable":true,"href":"https:\/\/www.adf.org.br\/home\/wp-json\/wp\/v2\/users\/1"}],"replies":[{"embeddable":true,"href":"https:\/\/www.adf.org.br\/home\/wp-json\/wp\/v2\/comments?post=75597"}],"version-history":[{"count":6,"href":"https:\/\/www.adf.org.br\/home\/wp-json\/wp\/v2\/posts\/75597\/revisions"}],"predecessor-version":[{"id":75604,"href":"https:\/\/www.adf.org.br\/home\/wp-json\/wp\/v2\/posts\/75597\/revisions\/75604"}],"wp:featuredmedia":[{"embeddable":true,"href":"https:\/\/www.adf.org.br\/home\/wp-json\/wp\/v2\/media\/67122"}],"wp:attachment":[{"href":"https:\/\/www.adf.org.br\/home\/wp-json\/wp\/v2\/media?parent=75597"}],"wp:term":[{"taxonomy":"category","embeddable":true,"href":"https:\/\/www.adf.org.br\/home\/wp-json\/wp\/v2\/categories?post=75597"},{"taxonomy":"post_tag","embeddable":true,"href":"https:\/\/www.adf.org.br\/home\/wp-json\/wp\/v2\/tags?post=75597"}],"curies":[{"name":"wp","href":"https:\/\/api.w.org\/{rel}","templated":true}]}}