{"id":75548,"date":"2024-03-01T00:00:26","date_gmt":"2024-03-01T03:00:26","guid":{"rendered":"https:\/\/www.adf.org.br\/home\/?p=75548"},"modified":"2024-02-23T14:12:06","modified_gmt":"2024-02-23T17:12:06","slug":"nesta-quaresma-religiosos-rezarao-o-santo-rosario-por-voce","status":"publish","type":"post","link":"https:\/\/www.adf.org.br\/home\/nesta-quaresma-religiosos-rezarao-o-santo-rosario-por-voce\/","title":{"rendered":"Nesta Quaresma, religiosos rezar\u00e3o o Santo Ros\u00e1rio por voc\u00ea"},"content":{"rendered":"<figure id=\"attachment_75549\" aria-describedby=\"caption-attachment-75549\" style=\"width: 650px\" class=\"wp-caption aligncenter\"><a href=\"https:\/\/adf.org.br\/apostolosdefatima\/2\/?origem=29440\" target=\"_blank\" rel=\"noopener\"><img loading=\"lazy\" class=\"wp-image-75549 size-full\" src=\"https:\/\/www.adf.org.br\/home\/wp-content\/uploads\/2024\/02\/rosario.jpg\" alt=\"\" width=\"650\" height=\"450\" srcset=\"https:\/\/www.adf.org.br\/home\/wp-content\/uploads\/2024\/02\/rosario.jpg 650w, https:\/\/www.adf.org.br\/home\/wp-content\/uploads\/2024\/02\/rosario-300x208.jpg 300w\" sizes=\"(max-width: 650px) 100vw, 650px\" \/><\/a><figcaption id=\"caption-attachment-75549\" class=\"wp-caption-text\"><center><em>Nossos volunt\u00e1rios se revezam recitando continuamente o Santo Ros\u00e1rio por voc\u00ea.<\/em><\/center><\/figcaption><\/figure>\n<p><span style=\"color: #000000;\">Caro devoto,<\/span><\/p>\n<p><span style=\"color: #000000;\"><strong>A Quaresma os inspira a viver com mais intensidade as pr\u00e1ticas da <span style=\"color: #000080;\">ora\u00e7\u00e3o, jejum\u00a0e a\u00a0esmola<\/span><\/strong>. Em contrapartida, \u00e9 comum n\u00e3o encontrarmos a melhor forma de cumprir estas a\u00e7\u00f5es, principalmente quando n\u00e3o achamos tempo em nossa rotina.\u00a0<\/span><\/p>\n<p><span style=\"color: #000000;\">Mas, como Crist\u00e3os, <strong>\u00e9 nosso dever buscar agradar a Deus<\/strong>, cumprir seus mandamentos e as orienta\u00e7\u00f5es da Santa Igreja. Pensando nisso, <strong>trago a voc\u00ea uma solu\u00e7\u00e3o que pode n\u00e3o somente auxiliar na pr\u00e1tica da ora\u00e7\u00e3o, bem como lhe trazer in\u00fameras b\u00ean\u00e7\u00e3os.\u00a0<\/strong><\/span><\/p>\n<p><span style=\"color: #000000;\">Fa\u00e7a as contas voc\u00ea mesmo. Imagine ter\u00a0<strong><span style=\"color: #000000;\">1<\/span>8 mil ter\u00e7os rezados por voc\u00ea em um ano, ou seja, mais de 912 mil Ave-Marias!<\/strong><\/span><\/p>\n<h3><span style=\"color: #000000;\">Tudo isso espera por voc\u00ea ao fazer parte do grupo <span style=\"color: #000080;\">Ap\u00f3stolos de F\u00e1tima. <\/span>E n\u00e3o apenas durante a Quaresma, mas ao longo de todo o ano.\u00a0<\/span><\/h3>\n<p style=\"padding-left: 40px;\"><span style=\"color: #000000;\"><strong><em>\u201cEu vou precisar sair de casa, participar de alguma reuni\u00e3o?\u201d<\/em><\/strong><\/span><\/p>\n<p style=\"padding-left: 40px;\"><em><span style=\"color: #000000;\">&#8211; N\u00e3o. Voc\u00ea far\u00e1 tudo atrav\u00e9s do seu celular, computador ou do tablet.<\/span><\/em><\/p>\n<p style=\"padding-left: 40px;\"><span style=\"color: #000000;\"><strong><em>\u201cE por que voc\u00eas v\u00e3o rezar tudo isso por mim?\u201d<\/em><\/strong><\/span><\/p>\n<p style=\"padding-left: 40px;\"><em><span style=\"color: #000000;\">&#8211; Porque esse \u00e9 um benef\u00edcio de todos os que se inscrevem no grupo <strong><span style=\"color: #000080;\">Ap\u00f3stolos de F\u00e1tima<\/span><\/strong>, em agradecimento por sua contribui\u00e7\u00e3o em nosso apostolado.<\/span><\/em><\/p>\n<p style=\"padding-left: 40px;\"><span style=\"color: #000000;\"><strong><em>\u201cEu posso sair do grupo quando quiser?\u201d<\/em><\/strong><\/span><\/p>\n<p style=\"padding-left: 40px;\"><em><span style=\"color: #000000;\">&#8211; Evidente. Bastar\u00e1 para isso comunicar sua decis\u00e3o, e nada lhe ser\u00e1 questionado.<\/span><\/em><\/p>\n<p><span style=\"color: #000000;\">Mas, eu duvido que voc\u00ea vai querer sair desse grupo aben\u00e7oado.<\/span><\/p>\n<p><span style=\"color: #000000;\">Pois al\u00e9m das incont\u00e1veis gra\u00e7as recebidas por meio das ora\u00e7\u00f5es, voc\u00ea ter\u00e1 acesso a uma <span style=\"color: #0000ff;\"><a href=\"https:\/\/adf.org.br\/apostolosdefatima\/2\/?origem=29440\" target=\"_blank\" rel=\"noopener\"><strong><span style=\"color: #0000ff;\">Vela Virtual Permanente<\/span><\/strong><\/a>.<\/span> Por meio dela, voc\u00ea poder\u00e1 incluir todos os seus pedidos e inten\u00e7\u00f5es nas <a href=\"https:\/\/adf.org.br\/apostolosdefatima\/2\/?origem=29440\" target=\"_blank\" rel=\"noopener\"><strong><span style=\"color: #0000ff;\">mais de 60 missas<\/span><\/strong><\/a> que ser\u00e3o celebradas ao longo do ano.\u00a0<\/span><\/p>\n<p><span style=\"color: #000000;\">Quem desprezaria todas essas b\u00ean\u00e7\u00e3os?<\/span><\/p>\n<h3><a href=\"https:\/\/adf.org.br\/apostolosdefatima\/2\/?origem=29440\" target=\"_blank\" rel=\"noopener\"><strong><span style=\"color: #0000ff;\">Clique aqui para saber mais e fazer parte deste valoroso apostolado.\u00a0<\/span><\/strong><\/a><\/h3>\n<p><span style=\"color: #000000;\"><strong>Que Nossa Senhora de F\u00e1tima lhe inspire a tomar uma das mais importantes decis\u00f5es de sua vida.<\/strong><\/span><\/p>\n<p><em><span style=\"color: #000000;\">Em Jesus e Maria,<\/span><\/em><\/p>\n<p><em><span style=\"color: #000000;\">Carlos Lanna<\/span><\/em><br \/>\n<em><span style=\"color: #000000;\"><strong>Coordenador dos Ap\u00f3stolos de F\u00e1tima<\/strong><\/span><\/em><\/p>\n","protected":false},"excerpt":{"rendered":"<p>Caro devoto, A Quaresma os inspira a viver com mais intensidade as pr\u00e1ticas da ora\u00e7\u00e3o, jejum\u00a0e a\u00a0esmola. Em contrapartida, \u00e9 comum n\u00e3o encontrarmos a melhor forma de cumprir estas a\u00e7\u00f5es, principalmente quando n\u00e3o achamos tempo em nossa rotina.\u00a0 Mas, como Crist\u00e3os, \u00e9 nosso dever buscar agradar a Deus, cumprir seus mandamentos e as orienta\u00e7\u00f5es da [&hellip;]<\/p>\n","protected":false},"author":1,"featured_media":75549,"comment_status":"open","ping_status":"open","sticky":false,"template":"","format":"standard","meta":[],"categories":[2323,56,5468,2510],"tags":[2242,5479,142,5478,490],"yoast_head":"<!-- This site is optimized with the Yoast SEO plugin v17.4 - https:\/\/yoast.com\/wordpress\/plugins\/seo\/ -->\n<title>Nesta Quaresma, religiosos rezar\u00e3o o Santo Ros\u00e1rio por voc\u00ea<\/title>\n<meta name=\"description\" content=\"Imagine ter\u00a018 mil ter\u00e7os rezados por voc\u00ea em um ano, ou seja, mais de 912 mil Ave-Marias! Clique e saiba como ter esta b\u00ean\u00e7\u00e3o em sua vida.\" \/>\n<meta name=\"robots\" content=\"index, follow, max-snippet:-1, max-image-preview:large, max-video-preview:-1\" \/>\n<link rel=\"canonical\" href=\"https:\/\/www.adf.org.br\/home\/nesta-quaresma-religiosos-rezarao-o-santo-rosario-por-voce\/\" \/>\n<meta property=\"og:locale\" content=\"pt_BR\" \/>\n<meta property=\"og:type\" content=\"article\" \/>\n<meta property=\"og:title\" content=\"Nesta Quaresma, religiosos rezar\u00e3o o Santo Ros\u00e1rio por voc\u00ea\" \/>\n<meta property=\"og:description\" content=\"Imagine ter\u00a018 mil ter\u00e7os rezados por voc\u00ea em um ano, ou seja, mais de 912 mil Ave-Marias! Clique e saiba como ter esta b\u00ean\u00e7\u00e3o em sua vida.\" \/>\n<meta property=\"og:url\" content=\"https:\/\/www.adf.org.br\/home\/nesta-quaresma-religiosos-rezarao-o-santo-rosario-por-voce\/\" \/>\n<meta property=\"og:site_name\" content=\"Associa\u00e7\u00e3o Devotos de F\u00e1tima\" \/>\n<meta property=\"article:published_time\" content=\"2024-03-01T03:00:26+00:00\" \/>\n<meta property=\"article:modified_time\" content=\"2024-02-23T17:12:06+00:00\" \/>\n<meta property=\"og:image\" content=\"https:\/\/www.adf.org.br\/home\/wp-content\/uploads\/2024\/02\/rosario.jpg\" \/>\n\t<meta property=\"og:image:width\" content=\"650\" \/>\n\t<meta property=\"og:image:height\" content=\"450\" \/>\n<meta name=\"twitter:card\" content=\"summary_large_image\" \/>\n<meta name=\"twitter:label1\" content=\"Escrito por\" \/>\n\t<meta name=\"twitter:data1\" content=\"ti@pmk.com.br\" \/>\n\t<meta name=\"twitter:label2\" content=\"Est. tempo de leitura\" \/>\n\t<meta name=\"twitter:data2\" content=\"2 minutos\" \/>\n<script type=\"application\/ld+json\" class=\"yoast-schema-graph\">{\"@context\":\"https:\/\/schema.org\",\"@graph\":[{\"@type\":\"WebSite\",\"@id\":\"https:\/\/www.adf.org.br\/home\/#website\",\"url\":\"https:\/\/www.adf.org.br\/home\/\",\"name\":\"Associa\\u00e7\\u00e3o Devotos de F\\u00e1tima\",\"description\":\"Associa\\u00e7\\u00e3o Devotos de F\\u00e1tima\",\"potentialAction\":[{\"@type\":\"SearchAction\",\"target\":{\"@type\":\"EntryPoint\",\"urlTemplate\":\"https:\/\/www.adf.org.br\/home\/?s={search_term_string}\"},\"query-input\":\"required name=search_term_string\"}],\"inLanguage\":\"pt-BR\"},{\"@type\":\"ImageObject\",\"@id\":\"https:\/\/www.adf.org.br\/home\/nesta-quaresma-religiosos-rezarao-o-santo-rosario-por-voce\/#primaryimage\",\"inLanguage\":\"pt-BR\",\"url\":\"https:\/\/www.adf.org.br\/home\/wp-content\/uploads\/2024\/02\/rosario.jpg\",\"contentUrl\":\"https:\/\/www.adf.org.br\/home\/wp-content\/uploads\/2024\/02\/rosario.jpg\",\"width\":650,\"height\":450},{\"@type\":\"WebPage\",\"@id\":\"https:\/\/www.adf.org.br\/home\/nesta-quaresma-religiosos-rezarao-o-santo-rosario-por-voce\/#webpage\",\"url\":\"https:\/\/www.adf.org.br\/home\/nesta-quaresma-religiosos-rezarao-o-santo-rosario-por-voce\/\",\"name\":\"Nesta Quaresma, religiosos rezar\\u00e3o o Santo Ros\\u00e1rio por voc\\u00ea\",\"isPartOf\":{\"@id\":\"https:\/\/www.adf.org.br\/home\/#website\"},\"primaryImageOfPage\":{\"@id\":\"https:\/\/www.adf.org.br\/home\/nesta-quaresma-religiosos-rezarao-o-santo-rosario-por-voce\/#primaryimage\"},\"datePublished\":\"2024-03-01T03:00:26+00:00\",\"dateModified\":\"2024-02-23T17:12:06+00:00\",\"author\":{\"@id\":\"https:\/\/www.adf.org.br\/home\/#\/schema\/person\/e2b618cdde5c983802c6955247e4df95\"},\"description\":\"Imagine ter\\u00a018 mil ter\\u00e7os rezados por voc\\u00ea em um ano, ou seja, mais de 912 mil Ave-Marias! Clique e saiba como ter esta b\\u00ean\\u00e7\\u00e3o em sua vida.\",\"breadcrumb\":{\"@id\":\"https:\/\/www.adf.org.br\/home\/nesta-quaresma-religiosos-rezarao-o-santo-rosario-por-voce\/#breadcrumb\"},\"inLanguage\":\"pt-BR\",\"potentialAction\":[{\"@type\":\"ReadAction\",\"target\":[\"https:\/\/www.adf.org.br\/home\/nesta-quaresma-religiosos-rezarao-o-santo-rosario-por-voce\/\"]}]},{\"@type\":\"BreadcrumbList\",\"@id\":\"https:\/\/www.adf.org.br\/home\/nesta-quaresma-religiosos-rezarao-o-santo-rosario-por-voce\/#breadcrumb\",\"itemListElement\":[{\"@type\":\"ListItem\",\"position\":1,\"name\":\"Home\",\"item\":\"https:\/\/www.adf.org.br\/home\/\"},{\"@type\":\"ListItem\",\"position\":2,\"name\":\"Nesta Quaresma, religiosos rezar\\u00e3o o Santo Ros\\u00e1rio por voc\\u00ea\"}]},{\"@type\":\"Person\",\"@id\":\"https:\/\/www.adf.org.br\/home\/#\/schema\/person\/e2b618cdde5c983802c6955247e4df95\",\"name\":\"ti@pmk.com.br\",\"image\":{\"@type\":\"ImageObject\",\"@id\":\"https:\/\/www.adf.org.br\/home\/#personlogo\",\"inLanguage\":\"pt-BR\",\"url\":\"https:\/\/secure.gravatar.com\/avatar\/2f4d3b4697b7c5df630d1489d9c80573?s=96&d=mm&r=g\",\"contentUrl\":\"https:\/\/secure.gravatar.com\/avatar\/2f4d3b4697b7c5df630d1489d9c80573?s=96&d=mm&r=g\",\"caption\":\"ti@pmk.com.br\"},\"url\":\"https:\/\/www.adf.org.br\/home\/author\/tipmk-com-br\/\"}]}<\/script>\n<!-- \/ Yoast SEO plugin. -->","yoast_head_json":{"title":"Nesta Quaresma, religiosos rezar\u00e3o o Santo Ros\u00e1rio por voc\u00ea","description":"Imagine ter\u00a018 mil ter\u00e7os rezados por voc\u00ea em um ano, ou seja, mais de 912 mil Ave-Marias! Clique e saiba como ter esta b\u00ean\u00e7\u00e3o em sua vida.","robots":{"index":"index","follow":"follow","max-snippet":"max-snippet:-1","max-image-preview":"max-image-preview:large","max-video-preview":"max-video-preview:-1"},"canonical":"https:\/\/www.adf.org.br\/home\/nesta-quaresma-religiosos-rezarao-o-santo-rosario-por-voce\/","og_locale":"pt_BR","og_type":"article","og_title":"Nesta Quaresma, religiosos rezar\u00e3o o Santo Ros\u00e1rio por voc\u00ea","og_description":"Imagine ter\u00a018 mil ter\u00e7os rezados por voc\u00ea em um ano, ou seja, mais de 912 mil Ave-Marias! Clique e saiba como ter esta b\u00ean\u00e7\u00e3o em sua vida.","og_url":"https:\/\/www.adf.org.br\/home\/nesta-quaresma-religiosos-rezarao-o-santo-rosario-por-voce\/","og_site_name":"Associa\u00e7\u00e3o Devotos de F\u00e1tima","article_published_time":"2024-03-01T03:00:26+00:00","article_modified_time":"2024-02-23T17:12:06+00:00","og_image":[{"width":650,"height":450,"url":"https:\/\/www.adf.org.br\/home\/wp-content\/uploads\/2024\/02\/rosario.jpg","type":"image\/jpeg"}],"twitter_card":"summary_large_image","twitter_misc":{"Escrito por":"ti@pmk.com.br","Est. tempo de leitura":"2 minutos"},"schema":{"@context":"https:\/\/schema.org","@graph":[{"@type":"WebSite","@id":"https:\/\/www.adf.org.br\/home\/#website","url":"https:\/\/www.adf.org.br\/home\/","name":"Associa\u00e7\u00e3o Devotos de F\u00e1tima","description":"Associa\u00e7\u00e3o Devotos de F\u00e1tima","potentialAction":[{"@type":"SearchAction","target":{"@type":"EntryPoint","urlTemplate":"https:\/\/www.adf.org.br\/home\/?s={search_term_string}"},"query-input":"required name=search_term_string"}],"inLanguage":"pt-BR"},{"@type":"ImageObject","@id":"https:\/\/www.adf.org.br\/home\/nesta-quaresma-religiosos-rezarao-o-santo-rosario-por-voce\/#primaryimage","inLanguage":"pt-BR","url":"https:\/\/www.adf.org.br\/home\/wp-content\/uploads\/2024\/02\/rosario.jpg","contentUrl":"https:\/\/www.adf.org.br\/home\/wp-content\/uploads\/2024\/02\/rosario.jpg","width":650,"height":450},{"@type":"WebPage","@id":"https:\/\/www.adf.org.br\/home\/nesta-quaresma-religiosos-rezarao-o-santo-rosario-por-voce\/#webpage","url":"https:\/\/www.adf.org.br\/home\/nesta-quaresma-religiosos-rezarao-o-santo-rosario-por-voce\/","name":"Nesta Quaresma, religiosos rezar\u00e3o o Santo Ros\u00e1rio por voc\u00ea","isPartOf":{"@id":"https:\/\/www.adf.org.br\/home\/#website"},"primaryImageOfPage":{"@id":"https:\/\/www.adf.org.br\/home\/nesta-quaresma-religiosos-rezarao-o-santo-rosario-por-voce\/#primaryimage"},"datePublished":"2024-03-01T03:00:26+00:00","dateModified":"2024-02-23T17:12:06+00:00","author":{"@id":"https:\/\/www.adf.org.br\/home\/#\/schema\/person\/e2b618cdde5c983802c6955247e4df95"},"description":"Imagine ter\u00a018 mil ter\u00e7os rezados por voc\u00ea em um ano, ou seja, mais de 912 mil Ave-Marias! Clique e saiba como ter esta b\u00ean\u00e7\u00e3o em sua vida.","breadcrumb":{"@id":"https:\/\/www.adf.org.br\/home\/nesta-quaresma-religiosos-rezarao-o-santo-rosario-por-voce\/#breadcrumb"},"inLanguage":"pt-BR","potentialAction":[{"@type":"ReadAction","target":["https:\/\/www.adf.org.br\/home\/nesta-quaresma-religiosos-rezarao-o-santo-rosario-por-voce\/"]}]},{"@type":"BreadcrumbList","@id":"https:\/\/www.adf.org.br\/home\/nesta-quaresma-religiosos-rezarao-o-santo-rosario-por-voce\/#breadcrumb","itemListElement":[{"@type":"ListItem","position":1,"name":"Home","item":"https:\/\/www.adf.org.br\/home\/"},{"@type":"ListItem","position":2,"name":"Nesta Quaresma, religiosos rezar\u00e3o o Santo Ros\u00e1rio por voc\u00ea"}]},{"@type":"Person","@id":"https:\/\/www.adf.org.br\/home\/#\/schema\/person\/e2b618cdde5c983802c6955247e4df95","name":"ti@pmk.com.br","image":{"@type":"ImageObject","@id":"https:\/\/www.adf.org.br\/home\/#personlogo","inLanguage":"pt-BR","url":"https:\/\/secure.gravatar.com\/avatar\/2f4d3b4697b7c5df630d1489d9c80573?s=96&d=mm&r=g","contentUrl":"https:\/\/secure.gravatar.com\/avatar\/2f4d3b4697b7c5df630d1489d9c80573?s=96&d=mm&r=g","caption":"ti@pmk.com.br"},"url":"https:\/\/www.adf.org.br\/home\/author\/tipmk-com-br\/"}]}},"_links":{"self":[{"href":"https:\/\/www.adf.org.br\/home\/wp-json\/wp\/v2\/posts\/75548"}],"collection":[{"href":"https:\/\/www.adf.org.br\/home\/wp-json\/wp\/v2\/posts"}],"about":[{"href":"https:\/\/www.adf.org.br\/home\/wp-json\/wp\/v2\/types\/post"}],"author":[{"embeddable":true,"href":"https:\/\/www.adf.org.br\/home\/wp-json\/wp\/v2\/users\/1"}],"replies":[{"embeddable":true,"href":"https:\/\/www.adf.org.br\/home\/wp-json\/wp\/v2\/comments?post=75548"}],"version-history":[{"count":4,"href":"https:\/\/www.adf.org.br\/home\/wp-json\/wp\/v2\/posts\/75548\/revisions"}],"predecessor-version":[{"id":75553,"href":"https:\/\/www.adf.org.br\/home\/wp-json\/wp\/v2\/posts\/75548\/revisions\/75553"}],"wp:featuredmedia":[{"embeddable":true,"href":"https:\/\/www.adf.org.br\/home\/wp-json\/wp\/v2\/media\/75549"}],"wp:attachment":[{"href":"https:\/\/www.adf.org.br\/home\/wp-json\/wp\/v2\/media?parent=75548"}],"wp:term":[{"taxonomy":"category","embeddable":true,"href":"https:\/\/www.adf.org.br\/home\/wp-json\/wp\/v2\/categories?post=75548"},{"taxonomy":"post_tag","embeddable":true,"href":"https:\/\/www.adf.org.br\/home\/wp-json\/wp\/v2\/tags?post=75548"}],"curies":[{"name":"wp","href":"https:\/\/api.w.org\/{rel}","templated":true}]}}