{"id":75511,"date":"2024-02-20T10:00:11","date_gmt":"2024-02-20T13:00:11","guid":{"rendered":"https:\/\/www.adf.org.br\/home\/?p=75511"},"modified":"2024-02-20T14:07:29","modified_gmt":"2024-02-20T17:07:29","slug":"nomes-levados-ate-o-santuario-de-nossa-senhora-de-lourdes","status":"publish","type":"post","link":"https:\/\/www.adf.org.br\/home\/nomes-levados-ate-o-santuario-de-nossa-senhora-de-lourdes\/","title":{"rendered":"Nomes dos devotos s\u00e3o levados at\u00e9 o Santu\u00e1rio de Nossa Senhora de Lourdes, na Fran\u00e7a"},"content":{"rendered":"<figure id=\"attachment_75515\" aria-describedby=\"caption-attachment-75515\" style=\"width: 1024px\" class=\"wp-caption aligncenter\"><a href=\"https:\/\/adf.org.br\/apostolosdacura\/?origem=29427\" target=\"_blank\" rel=\"noopener\"><img loading=\"lazy\" class=\"wp-image-75515 size-large\" src=\"https:\/\/www.adf.org.br\/home\/wp-content\/uploads\/2024\/02\/PHOTO-2024-02-17-13-57-58_7-1024x768.jpg\" alt=\"\" width=\"1024\" height=\"768\" srcset=\"https:\/\/www.adf.org.br\/home\/wp-content\/uploads\/2024\/02\/PHOTO-2024-02-17-13-57-58_7-1024x768.jpg 1024w, https:\/\/www.adf.org.br\/home\/wp-content\/uploads\/2024\/02\/PHOTO-2024-02-17-13-57-58_7-300x225.jpg 300w, https:\/\/www.adf.org.br\/home\/wp-content\/uploads\/2024\/02\/PHOTO-2024-02-17-13-57-58_7-768x576.jpg 768w, https:\/\/www.adf.org.br\/home\/wp-content\/uploads\/2024\/02\/PHOTO-2024-02-17-13-57-58_7-1536x1152.jpg 1536w, https:\/\/www.adf.org.br\/home\/wp-content\/uploads\/2024\/02\/PHOTO-2024-02-17-13-57-58_7.jpg 2048w\" sizes=\"(max-width: 1024px) 100vw, 1024px\" \/><\/a><figcaption id=\"caption-attachment-75515\" class=\"wp-caption-text\"><center><em>Volunt\u00e1rios com os nomes dos devotos impressos em um livro, em frente ao Santu\u00e1rio de Nossa Senhora de Lourdes, na Fran\u00e7a.<\/em><\/center><\/figcaption><\/figure>\n<p><span style=\"color: #000000;\"><strong><span style=\"color: #000080; color=n\u00famero;font-size: 32px;\">E<\/span><\/strong>m <\/span><span style=\"color: #000000;\">homenagem ao Dia de <span style=\"color: #000080;\"><strong>Nossa Senhora de Lourdes<\/strong><\/span>, celebrado no \u00faltimo dia 11 de fevereiro, <strong>os nomes de cada devoto que entrou em contato conosco, seja por telefone ou pelo site, foram levados at\u00e9 o Santu\u00e1rio em Lourdes, na Fran\u00e7a.<\/strong> <\/span><\/p>\n<p><span style=\"color: #000000;\">Por meio deste significativo gesto, <strong>expressamos <\/strong><\/span><strong><span style=\"color: #000000;\">nossa gratid\u00e3o e devo\u00e7\u00e3o \u00e0 <span style=\"color: #000080;\">Nossa Senhora<\/span>, pedindo sua intercess\u00e3o por cada um que colabora neste importante apostolado.<\/span><\/strong><\/p>\n<h3 style=\"text-align: center;\"><span style=\"color: #000000;\">A gruta em que os nomes foram levados \u00e9 o local onde <span style=\"color: #000080;\"><strong>Nossa Senhora<\/strong><\/span> manifestou sua presen\u00e7a de maneira milagrosa. <\/span><\/h3>\n<h3 style=\"text-align: center;\"><span style=\"color: #000000;\"><strong>Nela,<\/strong> <strong>a <span style=\"color: #000080;\">Virgem Maria<\/span> apareceu v\u00e1rias vezes \u00e0 humilde jovem Bernadette Soubirous<\/strong>, em 1858.<\/span><\/h3>\n<p><a href=\"https:\/\/adf.org.br\/apostolosdacura\/?origem=29427\" target=\"_blank\" rel=\"noopener\"><img loading=\"lazy\" class=\"wp-image-75514 aligncenter\" src=\"https:\/\/www.adf.org.br\/home\/wp-content\/uploads\/2024\/02\/post-nomes-em-lourdes-11-02-1024x512.png\" alt=\"\" width=\"918\" height=\"459\" srcset=\"https:\/\/www.adf.org.br\/home\/wp-content\/uploads\/2024\/02\/post-nomes-em-lourdes-11-02-1024x512.png 1024w, https:\/\/www.adf.org.br\/home\/wp-content\/uploads\/2024\/02\/post-nomes-em-lourdes-11-02-300x150.png 300w, https:\/\/www.adf.org.br\/home\/wp-content\/uploads\/2024\/02\/post-nomes-em-lourdes-11-02-768x384.png 768w, https:\/\/www.adf.org.br\/home\/wp-content\/uploads\/2024\/02\/post-nomes-em-lourdes-11-02-1536x768.png 1536w, https:\/\/www.adf.org.br\/home\/wp-content\/uploads\/2024\/02\/post-nomes-em-lourdes-11-02-2048x1024.png 2048w\" sizes=\"(max-width: 918px) 100vw, 918px\" \/><\/a><\/p>\n<p>&nbsp;<\/p>\n<p><span style=\"color: #000000;\">Desde ent\u00e3o, este lugar sagrado tornou-se um ref\u00fagio da f\u00e9 cat\u00f3lica, esperan\u00e7a e milagres. Todos os anos,<strong> milh\u00f5es de peregrinos viajam \u00e0 Lourdes, como forma de adorar a <span style=\"color: #000080;\">Virgem Sant\u00edssima<\/span> e receber suas in\u00fameras gra\u00e7as.\u00a0<\/strong><\/span><\/p>\n<p><span style=\"color: #000000;\">Assim, reafirmamos nosso compromisso de manter viva a chama da f\u00e9 e da devo\u00e7\u00e3o \u00e0 <span style=\"color: #000080;\"><strong>Nossa Senhora<\/strong><\/span>. Al\u00e9m disso, <strong>desejamos que voc\u00ea sinta, em seu cora\u00e7\u00e3o, a presen\u00e7a amorosa e protetora de <span style=\"color: #000080;\">Maria, nossa M\u00e3e<\/span>, que incessantemente intercede por n\u00f3s junto a seu Filho, Jesus.<\/strong><\/span><\/p>\n<p><span style=\"color: #000000;\">Que a <span style=\"color: #003366;\"><strong><span style=\"color: #000080;\">Virgem de Lourdes<\/span>,<\/strong><\/span> com seu imenso amor e compaix\u00e3o, derrame sobre voc\u00ea e sua fam\u00edlia in\u00fameras gra\u00e7as, sa\u00fade e paz.<\/span><\/p>\n<p><em><span style=\"color: #000000;\">Em Jesus e Maria,<br \/>\nAssocia\u00e7\u00e3o Devotos de F\u00e1tima<\/span><\/em><\/p>\n<h3 style=\"text-align: center;\"><strong>****<\/strong><\/h3>\n<p><span style=\"color: #000000;\">Voc\u00ea tamb\u00e9m pode ter seu nome levado ao Santu\u00e1rio<strong>.\u00a0<\/strong><\/span><span style=\"color: #000000;\"><strong>Fazendo parte do grupo de ora\u00e7\u00e3o <a href=\"https:\/\/adf.org.br\/apostolosdacura\/?origem=29427\" target=\"_blank\" rel=\"noopener\"><span style=\"color: #0000ff;\">Ap\u00f3stolos da Cura de Nossa Senhora de Lourdes<\/span><\/a>, seu nome e seus pedidos<\/strong> (incluindo o nome daqueles que voc\u00ea estima) <strong>ser\u00e3o inclu\u00eddos nas Missas da Cura<\/strong>, celebradas semanalmente. <\/span><\/p>\n<p><span style=\"color: #000000;\">Al\u00e9m das b\u00ean\u00e7\u00e3os inestim\u00e1veis da Santa Missa, os <strong>religiosos da nossa Associa\u00e7\u00e3o rezar\u00e3o mais de 50 ter\u00e7os<\/strong> suplicando \u00e0<span style=\"color: #000080;\"><strong> Nossa Senhora<\/strong><\/span> para que Ela interceda por seus pedidos. Por ano, <strong>ser\u00e3o quase 20 mil ter\u00e7os rezados para voc\u00ea.\u00a0<\/strong><\/span><\/p>\n<p><span style=\"color: #000000;\">Por fim, <strong>seu nome ser\u00e1 levado at\u00e9 o <span style=\"color: #000080;\">Santu\u00e1rio de Nossa Senhora de Lourdes<\/span>, na Fran\u00e7a.<\/strong> Imagine ter seu nome no local onde existe a famosa Gruta das Apari\u00e7\u00f5es, lugar onde a Virgem Maria apareceu \u00e0 Bernadette Soubirous e revelou esta impressionante devo\u00e7\u00e3o.<\/span><\/p>\n<p style=\"text-align: center;\"><strong><span style=\"color: #000000;\"><a href=\"https:\/\/adf.org.br\/apostolosdacura\/?origem=29427\" target=\"_blank\" rel=\"noopener\"><span style=\"color: #0000ff;\">Clique aqui<\/span><\/a> ou na imagem abaixo para fazer parte do <a href=\"https:\/\/adf.org.br\/apostolosdacura\/?origem=29427\" target=\"_blank\" rel=\"noopener\"><span style=\"color: #0000ff;\">grupo Ap\u00f3stolos da Cura<\/span><\/a> e prepare-se para obter in\u00fameras gra\u00e7as em sua vida.\u00a0<\/span><\/strong><\/p>\n<p>&nbsp;<\/p>\n<figure id=\"attachment_72509\" aria-describedby=\"caption-attachment-72509\" style=\"width: 686px\" class=\"wp-caption aligncenter\"><a href=\"https:\/\/adf.org.br\/apostolosdacura\/?origem=29427\" target=\"_blank\" rel=\"noopener\"><img loading=\"lazy\" class=\"wp-image-72509 \" src=\"https:\/\/www.adf.org.br\/home\/wp-content\/uploads\/2023\/04\/Nossa_Senhora_de_Lourdes1.jpg\" alt=\"Ap\u00f3stolos da Cura de Nossa Senhora de Lourdes\" width=\"686\" height=\"447\" srcset=\"https:\/\/www.adf.org.br\/home\/wp-content\/uploads\/2023\/04\/Nossa_Senhora_de_Lourdes1.jpg 1024w, https:\/\/www.adf.org.br\/home\/wp-content\/uploads\/2023\/04\/Nossa_Senhora_de_Lourdes1-300x195.jpg 300w, https:\/\/www.adf.org.br\/home\/wp-content\/uploads\/2023\/04\/Nossa_Senhora_de_Lourdes1-768x500.jpg 768w\" sizes=\"(max-width: 686px) 100vw, 686px\" \/><\/a><figcaption id=\"caption-attachment-72509\" class=\"wp-caption-text\"><center><em>Clique na imagem e descubra como ter acesso ao grupo de ora\u00e7\u00e3o Ap\u00f3stolos da Cura.<\/em><\/center><\/figcaption><\/figure>\n<p>&nbsp;<\/p>\n","protected":false},"excerpt":{"rendered":"<p>Em homenagem ao Dia de Nossa Senhora de Lourdes, celebrado no \u00faltimo dia 11 de fevereiro, os nomes de cada devoto que entrou em contato conosco, seja por telefone ou pelo site, foram levados at\u00e9 o Santu\u00e1rio em Lourdes, na Fran\u00e7a. Por meio deste significativo gesto, expressamos nossa gratid\u00e3o e devo\u00e7\u00e3o \u00e0 Nossa Senhora, pedindo [&hellip;]<\/p>\n","protected":false},"author":1,"featured_media":75515,"comment_status":"open","ping_status":"open","sticky":false,"template":"","format":"standard","meta":[],"categories":[9,20,2460],"tags":[726,5475,54,5474],"yoast_head":"<!-- This site is optimized with the Yoast SEO plugin v17.4 - https:\/\/yoast.com\/wordpress\/plugins\/seo\/ -->\n<title>Nomes dos devotos s\u00e3o levados at\u00e9 o Santu\u00e1rio de Nossa Senhora de Lourdes, na Fran\u00e7a<\/title>\n<meta name=\"description\" content=\"Em honra \u00e0 Nossa Senhora, os nomes de todos que entraram em contato foram levados ao Santu\u00e1rio de Nossa Senhora de Lourdes, na Fran\u00e7a.\" \/>\n<meta name=\"robots\" content=\"index, follow, max-snippet:-1, max-image-preview:large, max-video-preview:-1\" \/>\n<link rel=\"canonical\" href=\"https:\/\/www.adf.org.br\/home\/nomes-levados-ate-o-santuario-de-nossa-senhora-de-lourdes\/\" \/>\n<meta property=\"og:locale\" content=\"pt_BR\" \/>\n<meta property=\"og:type\" content=\"article\" \/>\n<meta property=\"og:title\" content=\"Nomes dos devotos s\u00e3o levados at\u00e9 o Santu\u00e1rio de Nossa Senhora de Lourdes, na Fran\u00e7a\" \/>\n<meta property=\"og:description\" content=\"Em honra \u00e0 Nossa Senhora, os nomes de todos que entraram em contato foram levados ao Santu\u00e1rio de Nossa Senhora de Lourdes, na Fran\u00e7a.\" \/>\n<meta property=\"og:url\" content=\"https:\/\/www.adf.org.br\/home\/nomes-levados-ate-o-santuario-de-nossa-senhora-de-lourdes\/\" \/>\n<meta property=\"og:site_name\" content=\"Associa\u00e7\u00e3o Devotos de F\u00e1tima\" \/>\n<meta property=\"article:published_time\" content=\"2024-02-20T13:00:11+00:00\" \/>\n<meta property=\"article:modified_time\" content=\"2024-02-20T17:07:29+00:00\" \/>\n<meta property=\"og:image\" content=\"https:\/\/www.adf.org.br\/home\/wp-content\/uploads\/2024\/02\/PHOTO-2024-02-17-13-57-58_7.jpg\" \/>\n\t<meta property=\"og:image:width\" content=\"2048\" \/>\n\t<meta property=\"og:image:height\" content=\"1536\" \/>\n<meta name=\"twitter:card\" content=\"summary_large_image\" \/>\n<meta name=\"twitter:label1\" content=\"Escrito por\" \/>\n\t<meta name=\"twitter:data1\" content=\"ti@pmk.com.br\" \/>\n\t<meta name=\"twitter:label2\" content=\"Est. tempo de leitura\" \/>\n\t<meta name=\"twitter:data2\" content=\"2 minutos\" \/>\n<script type=\"application\/ld+json\" class=\"yoast-schema-graph\">{\"@context\":\"https:\/\/schema.org\",\"@graph\":[{\"@type\":\"WebSite\",\"@id\":\"https:\/\/www.adf.org.br\/home\/#website\",\"url\":\"https:\/\/www.adf.org.br\/home\/\",\"name\":\"Associa\\u00e7\\u00e3o Devotos de F\\u00e1tima\",\"description\":\"Associa\\u00e7\\u00e3o Devotos de F\\u00e1tima\",\"potentialAction\":[{\"@type\":\"SearchAction\",\"target\":{\"@type\":\"EntryPoint\",\"urlTemplate\":\"https:\/\/www.adf.org.br\/home\/?s={search_term_string}\"},\"query-input\":\"required name=search_term_string\"}],\"inLanguage\":\"pt-BR\"},{\"@type\":\"ImageObject\",\"@id\":\"https:\/\/www.adf.org.br\/home\/nomes-levados-ate-o-santuario-de-nossa-senhora-de-lourdes\/#primaryimage\",\"inLanguage\":\"pt-BR\",\"url\":\"https:\/\/www.adf.org.br\/home\/wp-content\/uploads\/2024\/02\/PHOTO-2024-02-17-13-57-58_7.jpg\",\"contentUrl\":\"https:\/\/www.adf.org.br\/home\/wp-content\/uploads\/2024\/02\/PHOTO-2024-02-17-13-57-58_7.jpg\",\"width\":2048,\"height\":1536},{\"@type\":\"WebPage\",\"@id\":\"https:\/\/www.adf.org.br\/home\/nomes-levados-ate-o-santuario-de-nossa-senhora-de-lourdes\/#webpage\",\"url\":\"https:\/\/www.adf.org.br\/home\/nomes-levados-ate-o-santuario-de-nossa-senhora-de-lourdes\/\",\"name\":\"Nomes dos devotos s\\u00e3o levados at\\u00e9 o Santu\\u00e1rio de Nossa Senhora de Lourdes, na Fran\\u00e7a\",\"isPartOf\":{\"@id\":\"https:\/\/www.adf.org.br\/home\/#website\"},\"primaryImageOfPage\":{\"@id\":\"https:\/\/www.adf.org.br\/home\/nomes-levados-ate-o-santuario-de-nossa-senhora-de-lourdes\/#primaryimage\"},\"datePublished\":\"2024-02-20T13:00:11+00:00\",\"dateModified\":\"2024-02-20T17:07:29+00:00\",\"author\":{\"@id\":\"https:\/\/www.adf.org.br\/home\/#\/schema\/person\/e2b618cdde5c983802c6955247e4df95\"},\"description\":\"Em honra \\u00e0 Nossa Senhora, os nomes de todos que entraram em contato foram levados ao Santu\\u00e1rio de Nossa Senhora de Lourdes, na Fran\\u00e7a.\",\"breadcrumb\":{\"@id\":\"https:\/\/www.adf.org.br\/home\/nomes-levados-ate-o-santuario-de-nossa-senhora-de-lourdes\/#breadcrumb\"},\"inLanguage\":\"pt-BR\",\"potentialAction\":[{\"@type\":\"ReadAction\",\"target\":[\"https:\/\/www.adf.org.br\/home\/nomes-levados-ate-o-santuario-de-nossa-senhora-de-lourdes\/\"]}]},{\"@type\":\"BreadcrumbList\",\"@id\":\"https:\/\/www.adf.org.br\/home\/nomes-levados-ate-o-santuario-de-nossa-senhora-de-lourdes\/#breadcrumb\",\"itemListElement\":[{\"@type\":\"ListItem\",\"position\":1,\"name\":\"Home\",\"item\":\"https:\/\/www.adf.org.br\/home\/\"},{\"@type\":\"ListItem\",\"position\":2,\"name\":\"Nomes dos devotos s\\u00e3o levados at\\u00e9 o Santu\\u00e1rio de Nossa Senhora de Lourdes, na Fran\\u00e7a\"}]},{\"@type\":\"Person\",\"@id\":\"https:\/\/www.adf.org.br\/home\/#\/schema\/person\/e2b618cdde5c983802c6955247e4df95\",\"name\":\"ti@pmk.com.br\",\"image\":{\"@type\":\"ImageObject\",\"@id\":\"https:\/\/www.adf.org.br\/home\/#personlogo\",\"inLanguage\":\"pt-BR\",\"url\":\"https:\/\/secure.gravatar.com\/avatar\/2f4d3b4697b7c5df630d1489d9c80573?s=96&d=mm&r=g\",\"contentUrl\":\"https:\/\/secure.gravatar.com\/avatar\/2f4d3b4697b7c5df630d1489d9c80573?s=96&d=mm&r=g\",\"caption\":\"ti@pmk.com.br\"},\"url\":\"https:\/\/www.adf.org.br\/home\/author\/tipmk-com-br\/\"}]}<\/script>\n<!-- \/ Yoast SEO plugin. -->","yoast_head_json":{"title":"Nomes dos devotos s\u00e3o levados at\u00e9 o Santu\u00e1rio de Nossa Senhora de Lourdes, na Fran\u00e7a","description":"Em honra \u00e0 Nossa Senhora, os nomes de todos que entraram em contato foram levados ao Santu\u00e1rio de Nossa Senhora de Lourdes, na Fran\u00e7a.","robots":{"index":"index","follow":"follow","max-snippet":"max-snippet:-1","max-image-preview":"max-image-preview:large","max-video-preview":"max-video-preview:-1"},"canonical":"https:\/\/www.adf.org.br\/home\/nomes-levados-ate-o-santuario-de-nossa-senhora-de-lourdes\/","og_locale":"pt_BR","og_type":"article","og_title":"Nomes dos devotos s\u00e3o levados at\u00e9 o Santu\u00e1rio de Nossa Senhora de Lourdes, na Fran\u00e7a","og_description":"Em honra \u00e0 Nossa Senhora, os nomes de todos que entraram em contato foram levados ao Santu\u00e1rio de Nossa Senhora de Lourdes, na Fran\u00e7a.","og_url":"https:\/\/www.adf.org.br\/home\/nomes-levados-ate-o-santuario-de-nossa-senhora-de-lourdes\/","og_site_name":"Associa\u00e7\u00e3o Devotos de F\u00e1tima","article_published_time":"2024-02-20T13:00:11+00:00","article_modified_time":"2024-02-20T17:07:29+00:00","og_image":[{"width":2048,"height":1536,"url":"https:\/\/www.adf.org.br\/home\/wp-content\/uploads\/2024\/02\/PHOTO-2024-02-17-13-57-58_7.jpg","type":"image\/jpeg"}],"twitter_card":"summary_large_image","twitter_misc":{"Escrito por":"ti@pmk.com.br","Est. tempo de leitura":"2 minutos"},"schema":{"@context":"https:\/\/schema.org","@graph":[{"@type":"WebSite","@id":"https:\/\/www.adf.org.br\/home\/#website","url":"https:\/\/www.adf.org.br\/home\/","name":"Associa\u00e7\u00e3o Devotos de F\u00e1tima","description":"Associa\u00e7\u00e3o Devotos de F\u00e1tima","potentialAction":[{"@type":"SearchAction","target":{"@type":"EntryPoint","urlTemplate":"https:\/\/www.adf.org.br\/home\/?s={search_term_string}"},"query-input":"required name=search_term_string"}],"inLanguage":"pt-BR"},{"@type":"ImageObject","@id":"https:\/\/www.adf.org.br\/home\/nomes-levados-ate-o-santuario-de-nossa-senhora-de-lourdes\/#primaryimage","inLanguage":"pt-BR","url":"https:\/\/www.adf.org.br\/home\/wp-content\/uploads\/2024\/02\/PHOTO-2024-02-17-13-57-58_7.jpg","contentUrl":"https:\/\/www.adf.org.br\/home\/wp-content\/uploads\/2024\/02\/PHOTO-2024-02-17-13-57-58_7.jpg","width":2048,"height":1536},{"@type":"WebPage","@id":"https:\/\/www.adf.org.br\/home\/nomes-levados-ate-o-santuario-de-nossa-senhora-de-lourdes\/#webpage","url":"https:\/\/www.adf.org.br\/home\/nomes-levados-ate-o-santuario-de-nossa-senhora-de-lourdes\/","name":"Nomes dos devotos s\u00e3o levados at\u00e9 o Santu\u00e1rio de Nossa Senhora de Lourdes, na Fran\u00e7a","isPartOf":{"@id":"https:\/\/www.adf.org.br\/home\/#website"},"primaryImageOfPage":{"@id":"https:\/\/www.adf.org.br\/home\/nomes-levados-ate-o-santuario-de-nossa-senhora-de-lourdes\/#primaryimage"},"datePublished":"2024-02-20T13:00:11+00:00","dateModified":"2024-02-20T17:07:29+00:00","author":{"@id":"https:\/\/www.adf.org.br\/home\/#\/schema\/person\/e2b618cdde5c983802c6955247e4df95"},"description":"Em honra \u00e0 Nossa Senhora, os nomes de todos que entraram em contato foram levados ao Santu\u00e1rio de Nossa Senhora de Lourdes, na Fran\u00e7a.","breadcrumb":{"@id":"https:\/\/www.adf.org.br\/home\/nomes-levados-ate-o-santuario-de-nossa-senhora-de-lourdes\/#breadcrumb"},"inLanguage":"pt-BR","potentialAction":[{"@type":"ReadAction","target":["https:\/\/www.adf.org.br\/home\/nomes-levados-ate-o-santuario-de-nossa-senhora-de-lourdes\/"]}]},{"@type":"BreadcrumbList","@id":"https:\/\/www.adf.org.br\/home\/nomes-levados-ate-o-santuario-de-nossa-senhora-de-lourdes\/#breadcrumb","itemListElement":[{"@type":"ListItem","position":1,"name":"Home","item":"https:\/\/www.adf.org.br\/home\/"},{"@type":"ListItem","position":2,"name":"Nomes dos devotos s\u00e3o levados at\u00e9 o Santu\u00e1rio de Nossa Senhora de Lourdes, na Fran\u00e7a"}]},{"@type":"Person","@id":"https:\/\/www.adf.org.br\/home\/#\/schema\/person\/e2b618cdde5c983802c6955247e4df95","name":"ti@pmk.com.br","image":{"@type":"ImageObject","@id":"https:\/\/www.adf.org.br\/home\/#personlogo","inLanguage":"pt-BR","url":"https:\/\/secure.gravatar.com\/avatar\/2f4d3b4697b7c5df630d1489d9c80573?s=96&d=mm&r=g","contentUrl":"https:\/\/secure.gravatar.com\/avatar\/2f4d3b4697b7c5df630d1489d9c80573?s=96&d=mm&r=g","caption":"ti@pmk.com.br"},"url":"https:\/\/www.adf.org.br\/home\/author\/tipmk-com-br\/"}]}},"_links":{"self":[{"href":"https:\/\/www.adf.org.br\/home\/wp-json\/wp\/v2\/posts\/75511"}],"collection":[{"href":"https:\/\/www.adf.org.br\/home\/wp-json\/wp\/v2\/posts"}],"about":[{"href":"https:\/\/www.adf.org.br\/home\/wp-json\/wp\/v2\/types\/post"}],"author":[{"embeddable":true,"href":"https:\/\/www.adf.org.br\/home\/wp-json\/wp\/v2\/users\/1"}],"replies":[{"embeddable":true,"href":"https:\/\/www.adf.org.br\/home\/wp-json\/wp\/v2\/comments?post=75511"}],"version-history":[{"count":9,"href":"https:\/\/www.adf.org.br\/home\/wp-json\/wp\/v2\/posts\/75511\/revisions"}],"predecessor-version":[{"id":75537,"href":"https:\/\/www.adf.org.br\/home\/wp-json\/wp\/v2\/posts\/75511\/revisions\/75537"}],"wp:featuredmedia":[{"embeddable":true,"href":"https:\/\/www.adf.org.br\/home\/wp-json\/wp\/v2\/media\/75515"}],"wp:attachment":[{"href":"https:\/\/www.adf.org.br\/home\/wp-json\/wp\/v2\/media?parent=75511"}],"wp:term":[{"taxonomy":"category","embeddable":true,"href":"https:\/\/www.adf.org.br\/home\/wp-json\/wp\/v2\/categories?post=75511"},{"taxonomy":"post_tag","embeddable":true,"href":"https:\/\/www.adf.org.br\/home\/wp-json\/wp\/v2\/tags?post=75511"}],"curies":[{"name":"wp","href":"https:\/\/api.w.org\/{rel}","templated":true}]}}