{"id":75409,"date":"2024-02-10T10:00:59","date_gmt":"2024-02-10T13:00:59","guid":{"rendered":"https:\/\/www.adf.org.br\/home\/?p=75409"},"modified":"2024-02-08T17:10:28","modified_gmt":"2024-02-08T20:10:28","slug":"seus-pedidos-levados-ao-santuario-de-lourdes-na-franca","status":"publish","type":"post","link":"https:\/\/www.adf.org.br\/home\/seus-pedidos-levados-ao-santuario-de-lourdes-na-franca\/","title":{"rendered":"Seus pedidos levados ao Santu\u00e1rio de Lourdes, na Fran\u00e7a"},"content":{"rendered":"<figure id=\"attachment_205\" aria-describedby=\"caption-attachment-205\" style=\"width: 600px\" class=\"wp-caption aligncenter\"><a href=\"https:\/\/adf.org.br\/velario\/lourdes?origem=29376\" target=\"_blank\" rel=\"noopener\"><img loading=\"lazy\" class=\"wp-image-205 size-full\" src=\"https:\/\/www.adf.org.br\/home\/wp-content\/uploads\/2020\/04\/1_VelaDeLourdes.jpg\" alt=\"\" width=\"600\" height=\"350\" srcset=\"https:\/\/www.adf.org.br\/home\/wp-content\/uploads\/2020\/04\/1_VelaDeLourdes.jpg 600w, https:\/\/www.adf.org.br\/home\/wp-content\/uploads\/2020\/04\/1_VelaDeLourdes-300x175.jpg 300w\" sizes=\"(max-width: 600px) 100vw, 600px\" \/><\/a><figcaption id=\"caption-attachment-205\" class=\"wp-caption-text\"><center><em>Acenda uma vela e tenha seu nome e inten\u00e7\u00f5es levados ao Santu\u00e1rio de Lourdes, na Fran\u00e7a.<\/em><\/center><\/figcaption><\/figure>\n<p><span style=\"color: #000000;\"><span style=\"font-size: 32px;\"><strong>V<\/strong><\/span>oc\u00ea sabia que pode ter <strong>seu nome e inten\u00e7\u00f5es levados ao <span style=\"color: #000080;\">Santu\u00e1rio de Lourdes<\/span>, na Fran\u00e7a, <span style=\"color: #000080;\">gratuitamente<\/span>?<\/strong> E melhor ainda: <strong>voc\u00ea pode fazer isso agora, de onde estiver.\u00a0<\/strong><\/span><\/p>\n<p><span style=\"color: #000000;\">Para isso, <strong>basta <a href=\"https:\/\/adf.org.br\/velario\/lourdes?origem=29376\" target=\"_blank\" rel=\"noopener\"><span style=\"color: #0000ff;\">clicar aqui<\/span><\/a> e acender uma vela virtual,<\/strong> informando seu nome e inten\u00e7\u00f5es. Os pedidos registrados nessa vela ser\u00e3o levados para o <strong><span style=\"color: #000080;\">Altar da Missa da Cura<\/span><\/strong> e tamb\u00e9m para o <strong><span style=\"color: #000080;\">Santu\u00e1rio de Nossa Senhora da Lourdes<\/span><\/strong>, na Fran\u00e7a, no dia 11 de fevereiro.\u00a0<\/span><\/p>\n<p><span style=\"color: #000000;\">Antes de mais nada, \u00e9 importante que voc\u00ea saiba que <strong>este santu\u00e1rio \u00e9 o lugar onde <span style=\"color: #000080;\">Nossa Senhora<\/span> apareceu \u00e0 Santa Bernadette Soubirous, em 1858.<\/strong> At\u00e9 hoje, <\/span><span style=\"color: #000000;\">incont\u00e1veis pessoas alcan\u00e7aram alguma gra\u00e7a especial quando estiveram l\u00e1.<\/span><\/p>\n<h3><span style=\"color: #000000;\">Caso haja alguma d\u00favida disso, deixe-me compartilhar com voc\u00ea <strong>um breve relato comprovado pela Igreja:<br \/>\n<\/strong><\/span><\/h3>\n<p>&nbsp;<\/p>\n<p style=\"padding-left: 40px;\"><em><span style=\"color: #000000;\">A Sra. Marie Bailly sofria de uma peritonite tuberculosa aguda.\u00a0<b>Os m\u00e9dicos haviam se recusado a oper\u00e1-la, pois a morte de Marie era iminente<\/b>.<\/span><\/em><\/p>\n<p style=\"padding-left: 40px;\"><span style=\"color: #000000;\"><em>Contudo, negando todos os conselhos m\u00e9dicos, <strong>Marie decidiu ir at\u00e9 Lourdes<\/strong>, acompanhando outros peregrinos at<span style=\"color: #000000;\">\u00e9 o santu\u00e1rio. <b>Ela ent\u00e3o foi levada do hospital at\u00e9 a gruta de <span style=\"color: #000080;\">Nossa Senhora de Lourdes<\/span><\/b><span style=\"color: #000080;\">.<\/span><\/span><\/em><\/span><\/p>\n<p style=\"padding-left: 40px;\"><span style=\"color: #000000;\"><em><span style=\"color: #000000;\">Devido \u00e0 doen\u00e7a, Marie estava com o abd\u00f4men bastante inchado. Assim, tr\u00eas jarros de \u00e1gua foram derramados sobre ele.<\/span> <b>No mesmo instante, o volume do abd\u00f4men come\u00e7ou a diminuir. Duas horas depois, havia desaparecido completamente<\/b>.<\/em><\/span><\/p>\n<p>&nbsp;<\/p>\n<p><span style=\"color: #000000;\">Agora, <strong>imagine que ao <a href=\"https:\/\/adf.org.br\/velario\/lourdes?origem=29376\" target=\"_blank\" rel=\"noopener\"><span style=\"color: #0000ff;\">acender esta vela<\/span><\/a>, ser\u00e1 como se voc\u00ea mesmo estivesse l\u00e1, pedindo diretamente a <span style=\"color: #000080;\">Nossa Senhora de Lourdes<\/span> pela gra\u00e7a que tanto necessita.<\/strong><\/span><\/p>\n<p><span style=\"color: #000000;\"><b>Voc\u00ea tamb\u00e9m pode incluir o nome de seus familiares e amigos<\/b>. Inclusive, o nome de algu\u00e9m que esteja com algum problema de sa\u00fade e precisa da ajuda da Padroeira dos Enfermos.<\/span><\/p>\n<p><span style=\"color: #000000;\">Ent\u00e3o, <a href=\"https:\/\/adf.org.br\/velario\/lourdes?origem=29376\" target=\"_blank\" rel=\"noopener\"><span style=\"color: #0000ff;\"><strong>clique aqui<\/strong><\/span><\/a> para garantir o envio do seu nome e pedidos \u00e0 <strong><span style=\"color: #000080;\">Nossa Senhora de Lourdes.\u00a0<\/span><\/strong><\/span><\/p>\n<p><span style=\"color: #000000;\">N\u00e3o demore, pois voc\u00ea pode se esquecer e perder essa grande e aben\u00e7oada oportunidade. <strong>Acenda uma vela e conte com as gra\u00e7as da Padroeira da Sa\u00fade em sua vida.<\/strong><\/span><\/p>\n<p><span style=\"color: #000000;\">Em Jesus e Maria,<\/span><\/p>\n<p><span style=\"color: #000000;\"><strong><i>Carlos Lanna<\/i><\/strong><\/span><br \/>\n<span style=\"color: #000000;\">Coordenador da Associa\u00e7\u00e3o<\/span><br \/>\n<span style=\"color: #000000;\">Devotos de F\u00e1tima<\/span><\/p>\n<h3 style=\"text-align: center;\">****<\/h3>\n<p><a href=\"https:\/\/adf.org.br\/velario\/lourdes?origem=29376\" target=\"_blank\" rel=\"noopener\"><img loading=\"lazy\" class=\"aligncenter wp-image-75403 size-full\" src=\"https:\/\/www.adf.org.br\/home\/wp-content\/uploads\/2024\/02\/header-6.jpg\" alt=\"\" width=\"600\" height=\"647\" srcset=\"https:\/\/www.adf.org.br\/home\/wp-content\/uploads\/2024\/02\/header-6.jpg 600w, https:\/\/www.adf.org.br\/home\/wp-content\/uploads\/2024\/02\/header-6-278x300.jpg 278w\" sizes=\"(max-width: 600px) 100vw, 600px\" \/><\/a><\/p>\n","protected":false},"excerpt":{"rendered":"<p>Voc\u00ea sabia que pode ter seu nome e inten\u00e7\u00f5es levados ao Santu\u00e1rio de Lourdes, na Fran\u00e7a, gratuitamente? E melhor ainda: voc\u00ea pode fazer isso agora, de onde estiver.\u00a0 Para isso, basta clicar aqui e acender uma vela virtual, informando seu nome e inten\u00e7\u00f5es. Os pedidos registrados nessa vela ser\u00e3o levados para o Altar da Missa [&hellip;]<\/p>\n","protected":false},"author":1,"featured_media":205,"comment_status":"open","ping_status":"open","sticky":false,"template":"","format":"standard","meta":[],"categories":[2460,2332],"tags":[5466,54,816,5465,2408],"yoast_head":"<!-- This site is optimized with the Yoast SEO plugin v17.4 - https:\/\/yoast.com\/wordpress\/plugins\/seo\/ -->\n<title>Seus pedidos levados ao Santu\u00e1rio de Lourdes, na Fran\u00e7a<\/title>\n<meta name=\"description\" content=\"Veja uma emocionante hist\u00f3ria de cura pela intercess\u00e3o de Nossa Senhora de Lourdes e saiba como tamb\u00e9m ter uma gra\u00e7a alcan\u00e7ada.\" \/>\n<meta name=\"robots\" content=\"index, follow, max-snippet:-1, max-image-preview:large, max-video-preview:-1\" \/>\n<link rel=\"canonical\" href=\"https:\/\/www.adf.org.br\/home\/seus-pedidos-levados-ao-santuario-de-lourdes-na-franca\/\" \/>\n<meta property=\"og:locale\" content=\"pt_BR\" \/>\n<meta property=\"og:type\" content=\"article\" \/>\n<meta property=\"og:title\" content=\"Seus pedidos levados ao Santu\u00e1rio de Lourdes, na Fran\u00e7a\" \/>\n<meta property=\"og:description\" content=\"Veja uma emocionante hist\u00f3ria de cura pela intercess\u00e3o de Nossa Senhora de Lourdes e saiba como tamb\u00e9m ter uma gra\u00e7a alcan\u00e7ada.\" \/>\n<meta property=\"og:url\" content=\"https:\/\/www.adf.org.br\/home\/seus-pedidos-levados-ao-santuario-de-lourdes-na-franca\/\" \/>\n<meta property=\"og:site_name\" content=\"Associa\u00e7\u00e3o Devotos de F\u00e1tima\" \/>\n<meta property=\"article:published_time\" content=\"2024-02-10T13:00:59+00:00\" \/>\n<meta property=\"article:modified_time\" content=\"2024-02-08T20:10:28+00:00\" \/>\n<meta property=\"og:image\" content=\"https:\/\/www.adf.org.br\/home\/wp-content\/uploads\/2020\/04\/1_VelaDeLourdes.jpg\" \/>\n\t<meta property=\"og:image:width\" content=\"600\" \/>\n\t<meta property=\"og:image:height\" content=\"350\" \/>\n<meta name=\"twitter:card\" content=\"summary_large_image\" \/>\n<meta name=\"twitter:label1\" content=\"Escrito por\" \/>\n\t<meta name=\"twitter:data1\" content=\"ti@pmk.com.br\" \/>\n\t<meta name=\"twitter:label2\" content=\"Est. tempo de leitura\" \/>\n\t<meta name=\"twitter:data2\" content=\"2 minutos\" \/>\n<script type=\"application\/ld+json\" class=\"yoast-schema-graph\">{\"@context\":\"https:\/\/schema.org\",\"@graph\":[{\"@type\":\"WebSite\",\"@id\":\"https:\/\/www.adf.org.br\/home\/#website\",\"url\":\"https:\/\/www.adf.org.br\/home\/\",\"name\":\"Associa\\u00e7\\u00e3o Devotos de F\\u00e1tima\",\"description\":\"Associa\\u00e7\\u00e3o Devotos de F\\u00e1tima\",\"potentialAction\":[{\"@type\":\"SearchAction\",\"target\":{\"@type\":\"EntryPoint\",\"urlTemplate\":\"https:\/\/www.adf.org.br\/home\/?s={search_term_string}\"},\"query-input\":\"required name=search_term_string\"}],\"inLanguage\":\"pt-BR\"},{\"@type\":\"ImageObject\",\"@id\":\"https:\/\/www.adf.org.br\/home\/seus-pedidos-levados-ao-santuario-de-lourdes-na-franca\/#primaryimage\",\"inLanguage\":\"pt-BR\",\"url\":\"https:\/\/www.adf.org.br\/home\/wp-content\/uploads\/2020\/04\/1_VelaDeLourdes.jpg\",\"contentUrl\":\"https:\/\/www.adf.org.br\/home\/wp-content\/uploads\/2020\/04\/1_VelaDeLourdes.jpg\",\"width\":600,\"height\":350},{\"@type\":\"WebPage\",\"@id\":\"https:\/\/www.adf.org.br\/home\/seus-pedidos-levados-ao-santuario-de-lourdes-na-franca\/#webpage\",\"url\":\"https:\/\/www.adf.org.br\/home\/seus-pedidos-levados-ao-santuario-de-lourdes-na-franca\/\",\"name\":\"Seus pedidos levados ao Santu\\u00e1rio de Lourdes, na Fran\\u00e7a\",\"isPartOf\":{\"@id\":\"https:\/\/www.adf.org.br\/home\/#website\"},\"primaryImageOfPage\":{\"@id\":\"https:\/\/www.adf.org.br\/home\/seus-pedidos-levados-ao-santuario-de-lourdes-na-franca\/#primaryimage\"},\"datePublished\":\"2024-02-10T13:00:59+00:00\",\"dateModified\":\"2024-02-08T20:10:28+00:00\",\"author\":{\"@id\":\"https:\/\/www.adf.org.br\/home\/#\/schema\/person\/e2b618cdde5c983802c6955247e4df95\"},\"description\":\"Veja uma emocionante hist\\u00f3ria de cura pela intercess\\u00e3o de Nossa Senhora de Lourdes e saiba como tamb\\u00e9m ter uma gra\\u00e7a alcan\\u00e7ada.\",\"breadcrumb\":{\"@id\":\"https:\/\/www.adf.org.br\/home\/seus-pedidos-levados-ao-santuario-de-lourdes-na-franca\/#breadcrumb\"},\"inLanguage\":\"pt-BR\",\"potentialAction\":[{\"@type\":\"ReadAction\",\"target\":[\"https:\/\/www.adf.org.br\/home\/seus-pedidos-levados-ao-santuario-de-lourdes-na-franca\/\"]}]},{\"@type\":\"BreadcrumbList\",\"@id\":\"https:\/\/www.adf.org.br\/home\/seus-pedidos-levados-ao-santuario-de-lourdes-na-franca\/#breadcrumb\",\"itemListElement\":[{\"@type\":\"ListItem\",\"position\":1,\"name\":\"Home\",\"item\":\"https:\/\/www.adf.org.br\/home\/\"},{\"@type\":\"ListItem\",\"position\":2,\"name\":\"Seus pedidos levados ao Santu\\u00e1rio de Lourdes, na Fran\\u00e7a\"}]},{\"@type\":\"Person\",\"@id\":\"https:\/\/www.adf.org.br\/home\/#\/schema\/person\/e2b618cdde5c983802c6955247e4df95\",\"name\":\"ti@pmk.com.br\",\"image\":{\"@type\":\"ImageObject\",\"@id\":\"https:\/\/www.adf.org.br\/home\/#personlogo\",\"inLanguage\":\"pt-BR\",\"url\":\"https:\/\/secure.gravatar.com\/avatar\/2f4d3b4697b7c5df630d1489d9c80573?s=96&d=mm&r=g\",\"contentUrl\":\"https:\/\/secure.gravatar.com\/avatar\/2f4d3b4697b7c5df630d1489d9c80573?s=96&d=mm&r=g\",\"caption\":\"ti@pmk.com.br\"},\"url\":\"https:\/\/www.adf.org.br\/home\/author\/tipmk-com-br\/\"}]}<\/script>\n<!-- \/ Yoast SEO plugin. -->","yoast_head_json":{"title":"Seus pedidos levados ao Santu\u00e1rio de Lourdes, na Fran\u00e7a","description":"Veja uma emocionante hist\u00f3ria de cura pela intercess\u00e3o de Nossa Senhora de Lourdes e saiba como tamb\u00e9m ter uma gra\u00e7a alcan\u00e7ada.","robots":{"index":"index","follow":"follow","max-snippet":"max-snippet:-1","max-image-preview":"max-image-preview:large","max-video-preview":"max-video-preview:-1"},"canonical":"https:\/\/www.adf.org.br\/home\/seus-pedidos-levados-ao-santuario-de-lourdes-na-franca\/","og_locale":"pt_BR","og_type":"article","og_title":"Seus pedidos levados ao Santu\u00e1rio de Lourdes, na Fran\u00e7a","og_description":"Veja uma emocionante hist\u00f3ria de cura pela intercess\u00e3o de Nossa Senhora de Lourdes e saiba como tamb\u00e9m ter uma gra\u00e7a alcan\u00e7ada.","og_url":"https:\/\/www.adf.org.br\/home\/seus-pedidos-levados-ao-santuario-de-lourdes-na-franca\/","og_site_name":"Associa\u00e7\u00e3o Devotos de F\u00e1tima","article_published_time":"2024-02-10T13:00:59+00:00","article_modified_time":"2024-02-08T20:10:28+00:00","og_image":[{"width":600,"height":350,"url":"https:\/\/www.adf.org.br\/home\/wp-content\/uploads\/2020\/04\/1_VelaDeLourdes.jpg","type":"image\/jpeg"}],"twitter_card":"summary_large_image","twitter_misc":{"Escrito por":"ti@pmk.com.br","Est. tempo de leitura":"2 minutos"},"schema":{"@context":"https:\/\/schema.org","@graph":[{"@type":"WebSite","@id":"https:\/\/www.adf.org.br\/home\/#website","url":"https:\/\/www.adf.org.br\/home\/","name":"Associa\u00e7\u00e3o Devotos de F\u00e1tima","description":"Associa\u00e7\u00e3o Devotos de F\u00e1tima","potentialAction":[{"@type":"SearchAction","target":{"@type":"EntryPoint","urlTemplate":"https:\/\/www.adf.org.br\/home\/?s={search_term_string}"},"query-input":"required name=search_term_string"}],"inLanguage":"pt-BR"},{"@type":"ImageObject","@id":"https:\/\/www.adf.org.br\/home\/seus-pedidos-levados-ao-santuario-de-lourdes-na-franca\/#primaryimage","inLanguage":"pt-BR","url":"https:\/\/www.adf.org.br\/home\/wp-content\/uploads\/2020\/04\/1_VelaDeLourdes.jpg","contentUrl":"https:\/\/www.adf.org.br\/home\/wp-content\/uploads\/2020\/04\/1_VelaDeLourdes.jpg","width":600,"height":350},{"@type":"WebPage","@id":"https:\/\/www.adf.org.br\/home\/seus-pedidos-levados-ao-santuario-de-lourdes-na-franca\/#webpage","url":"https:\/\/www.adf.org.br\/home\/seus-pedidos-levados-ao-santuario-de-lourdes-na-franca\/","name":"Seus pedidos levados ao Santu\u00e1rio de Lourdes, na Fran\u00e7a","isPartOf":{"@id":"https:\/\/www.adf.org.br\/home\/#website"},"primaryImageOfPage":{"@id":"https:\/\/www.adf.org.br\/home\/seus-pedidos-levados-ao-santuario-de-lourdes-na-franca\/#primaryimage"},"datePublished":"2024-02-10T13:00:59+00:00","dateModified":"2024-02-08T20:10:28+00:00","author":{"@id":"https:\/\/www.adf.org.br\/home\/#\/schema\/person\/e2b618cdde5c983802c6955247e4df95"},"description":"Veja uma emocionante hist\u00f3ria de cura pela intercess\u00e3o de Nossa Senhora de Lourdes e saiba como tamb\u00e9m ter uma gra\u00e7a alcan\u00e7ada.","breadcrumb":{"@id":"https:\/\/www.adf.org.br\/home\/seus-pedidos-levados-ao-santuario-de-lourdes-na-franca\/#breadcrumb"},"inLanguage":"pt-BR","potentialAction":[{"@type":"ReadAction","target":["https:\/\/www.adf.org.br\/home\/seus-pedidos-levados-ao-santuario-de-lourdes-na-franca\/"]}]},{"@type":"BreadcrumbList","@id":"https:\/\/www.adf.org.br\/home\/seus-pedidos-levados-ao-santuario-de-lourdes-na-franca\/#breadcrumb","itemListElement":[{"@type":"ListItem","position":1,"name":"Home","item":"https:\/\/www.adf.org.br\/home\/"},{"@type":"ListItem","position":2,"name":"Seus pedidos levados ao Santu\u00e1rio de Lourdes, na Fran\u00e7a"}]},{"@type":"Person","@id":"https:\/\/www.adf.org.br\/home\/#\/schema\/person\/e2b618cdde5c983802c6955247e4df95","name":"ti@pmk.com.br","image":{"@type":"ImageObject","@id":"https:\/\/www.adf.org.br\/home\/#personlogo","inLanguage":"pt-BR","url":"https:\/\/secure.gravatar.com\/avatar\/2f4d3b4697b7c5df630d1489d9c80573?s=96&d=mm&r=g","contentUrl":"https:\/\/secure.gravatar.com\/avatar\/2f4d3b4697b7c5df630d1489d9c80573?s=96&d=mm&r=g","caption":"ti@pmk.com.br"},"url":"https:\/\/www.adf.org.br\/home\/author\/tipmk-com-br\/"}]}},"_links":{"self":[{"href":"https:\/\/www.adf.org.br\/home\/wp-json\/wp\/v2\/posts\/75409"}],"collection":[{"href":"https:\/\/www.adf.org.br\/home\/wp-json\/wp\/v2\/posts"}],"about":[{"href":"https:\/\/www.adf.org.br\/home\/wp-json\/wp\/v2\/types\/post"}],"author":[{"embeddable":true,"href":"https:\/\/www.adf.org.br\/home\/wp-json\/wp\/v2\/users\/1"}],"replies":[{"embeddable":true,"href":"https:\/\/www.adf.org.br\/home\/wp-json\/wp\/v2\/comments?post=75409"}],"version-history":[{"count":4,"href":"https:\/\/www.adf.org.br\/home\/wp-json\/wp\/v2\/posts\/75409\/revisions"}],"predecessor-version":[{"id":75417,"href":"https:\/\/www.adf.org.br\/home\/wp-json\/wp\/v2\/posts\/75409\/revisions\/75417"}],"wp:featuredmedia":[{"embeddable":true,"href":"https:\/\/www.adf.org.br\/home\/wp-json\/wp\/v2\/media\/205"}],"wp:attachment":[{"href":"https:\/\/www.adf.org.br\/home\/wp-json\/wp\/v2\/media?parent=75409"}],"wp:term":[{"taxonomy":"category","embeddable":true,"href":"https:\/\/www.adf.org.br\/home\/wp-json\/wp\/v2\/categories?post=75409"},{"taxonomy":"post_tag","embeddable":true,"href":"https:\/\/www.adf.org.br\/home\/wp-json\/wp\/v2\/tags?post=75409"}],"curies":[{"name":"wp","href":"https:\/\/api.w.org\/{rel}","templated":true}]}}