{"id":75332,"date":"2024-02-07T00:00:07","date_gmt":"2024-02-07T03:00:07","guid":{"rendered":"https:\/\/www.adf.org.br\/home\/?p=75332"},"modified":"2024-02-19T09:36:28","modified_gmt":"2024-02-19T12:36:28","slug":"reze-conosco-a-poderosa-novena-de-nossa-senhora-de-lourdes-6-dia","status":"publish","type":"post","link":"https:\/\/www.adf.org.br\/home\/reze-conosco-a-poderosa-novena-de-nossa-senhora-de-lourdes-6-dia\/","title":{"rendered":"Reze conosco a poderosa Novena de Nossa Senhora de Lourdes \u2013 6\u00ba dia"},"content":{"rendered":"<p><a href=\"https:\/\/adf.org.br\/velario\/lourdes?origem=29322\" target=\"_blank\" rel=\"noopener\"><img loading=\"lazy\" class=\"aligncenter wp-image-75333 \" src=\"https:\/\/www.adf.org.br\/home\/wp-content\/uploads\/2024\/02\/6_dia_novena-1024x555.jpg\" alt=\"\" width=\"943\" height=\"511\" srcset=\"https:\/\/www.adf.org.br\/home\/wp-content\/uploads\/2024\/02\/6_dia_novena-1024x555.jpg 1024w, https:\/\/www.adf.org.br\/home\/wp-content\/uploads\/2024\/02\/6_dia_novena-300x163.jpg 300w, https:\/\/www.adf.org.br\/home\/wp-content\/uploads\/2024\/02\/6_dia_novena-768x416.jpg 768w, https:\/\/www.adf.org.br\/home\/wp-content\/uploads\/2024\/02\/6_dia_novena.jpg 1200w\" sizes=\"(max-width: 943px) 100vw, 943px\" \/><\/a><\/p>\n<p>&nbsp;<\/p>\n<div class=\"markdown prose w-full break-words dark:prose-invert light\">\n<div class=\"markdown prose w-full break-words dark:prose-invert light\">\n<p><span style=\"color: #000000;\">Seguindo nesta <strong>experi\u00eancia transformadora, rezemos o sexto dia da <span style=\"color: #000080;\">Poderosa Novena de Nossa Senhora de Lourdes<\/span><\/strong>.<\/span><\/p>\n<p><span style=\"color: #000000;\"><strong>Ao longo destes nove dias, vamos nos unir em ora\u00e7\u00e3o<\/strong>, clamando pela intercess\u00e3o de Nossa Senhora em nossas vidas.<\/span><\/p>\n<p><span style=\"color: #000000;\">Ao dedicar-se a cada dia para rezar esta novena, voc\u00ea abre seu cora\u00e7\u00e3o para<strong> incont\u00e1veis gra\u00e7as e b\u00ean\u00e7\u00e3os<\/strong>. Comece cada dia da Novena fazendo o sinal da cruz, entregando-se <strong>com amor e confian\u00e7a \u00e0 poderosa intercess\u00e3o de <span style=\"color: #000080;\">Nossa Senhora de Lourdes.<\/span><\/strong><\/span><\/p>\n<\/div>\n<p><span style=\"color: #000000;\"><strong>Confiantes no amor e na miseric\u00f3rdia de <span style=\"color: #000080;\">Nossa Senhora<\/span><\/strong><span style=\"color: #000080;\">,<\/span> seguimos nesta poderosa ora\u00e7\u00e3o.<\/span><\/p>\n<p>&nbsp;<\/p>\n<h3><span style=\"color: #000000;\">Ora\u00e7\u00e3o inicial para todos os dias da Novena<\/span><\/h3>\n<p><strong>\u2670<\/strong> <em><span style=\"color: #000000;\">Pelo sinal da Santa Cruz, Livrai-nos Deus, Nosso Senhor, dos nossos inimigos.\u00a0<\/span><\/em><\/p>\n<p><span style=\"color: #000000;\"><br \/>\nOh! Maria, M\u00e3e de Deus e nossa M\u00e3e,<br \/>\n<\/span><span style=\"color: #000000;\">Aparecendo 18 vezes na gruta de Massabielle, vieste lembrar aos homens<br \/>\nAs palavras de salva\u00e7\u00e3o que teu Filho nos deixou no Evangelho.<\/span><\/p>\n<p><span style=\"color: #000000;\">Celebrando a visita que fizeste \u00e0 humilde<\/span>\u00a0<a href=\"https:\/\/adf.org.br\/velario\/lourdes?origem=29322\" target=\"_blank\" rel=\"noopener\"><span style=\"color: #0000ff;\">Santa Bernadete<\/span><\/a>,<br \/>\n<span style=\"color: #000000;\">N\u00f3s aqui tamb\u00e9m viemos para acolher tua mensagem e,<br \/>\nPor tua intercess\u00e3o materna, conseguir as gra\u00e7as<br \/>\nQue desejamos alcan\u00e7ar de Deus, nosso Pai. Am\u00e9m!<\/span><\/p>\n<\/div>\n<p><strong><span style=\"color: #000000;\"><em>Rezar um Pai-nosso, 3 Ave-Marias e um Gl\u00f3ria.<\/em><\/span><\/strong><\/p>\n<h3><span style=\"color: #000000;\"><br \/>\nSexto dia<\/span><\/h3>\n<p><span style=\"font-weight: 400; color: #000000;\">Oh! Virgem Imaculada, aparecendo \u00e0 humilde <a href=\"https:\/\/adf.org.br\/velario\/lourdes?origem=29322\" target=\"_blank\" rel=\"noopener\"><span style=\"color: #0000ff;\">Santa Bernadete<\/span><\/a>,<br \/>\nRenovaste o apelo do Evangelho \u00e0 ora\u00e7\u00e3o incessante.<br \/>\nN\u00f3s te pedimos a gra\u00e7a de sermos pessoas de ora\u00e7\u00e3o<br \/>\nE que, em nossas preces, intercedamos tamb\u00e9m pelos irm\u00e3os,<br \/>\nPrincipalmente pelos pecadores, pelos pobres e pelos doentes. Am\u00e9m!<\/span><\/p>\n<h3><span style=\"color: #000000;\"><br \/>\nOra\u00e7\u00e3o final para todos os dias<\/span><\/h3>\n<p><span style=\"color: #000000;\">Oh! Boa e santa M\u00e3e, \u00e0 semelhan\u00e7a de tua humilde filha\u00a0<a href=\"https:\/\/adf.org.br\/velario\/lourdes?origem=29322\" target=\"_blank\" rel=\"noopener\"><span style=\"color: #0000ff;\">Santa Bernadete<\/span><\/a>,<br \/>\nQueremos dizer-te como nossa alma se sente feliz em tua presen\u00e7a.<br \/>\nComo \u00e9 grande nossa alegria de poder viver estes momentos,<br \/>\nSob o teu olhar cheio de miseric\u00f3rdia por n\u00f3s.<br \/>\nTu te dignaste descer at\u00e9 a nossa terra, e aparecer a uma pobre crian\u00e7a.<br \/>\nTu, a Rainha do c\u00e9u e da terra, quiseste te servir do que havia de menor neste mundo.<\/span><\/p>\n<p><span style=\"color: #000000;\">Alcan\u00e7a-nos de Deus as gra\u00e7as que te pedimos,<br \/>\nE faze que, amando de cora\u00e7\u00e3o a teu Filho e servindo aos pobres e doentes,<br \/>\nCom alegria, possamos um dia contemplar no c\u00e9u a beleza do teu rosto. Am\u00e9m!<\/span><\/p>\n<p><span style=\"color: #000000;\">Nossa Senhora de Lourdes, rogai por n\u00f3s.<\/span><\/p>\n<p><span style=\"color: #000000;\">Santa Bernadete, rogai por n\u00f3s. <strong>\u2670<\/strong><\/span><\/p>\n<h5 style=\"text-align: right;\"><span style=\"color: #666699;\">Fonte:\u00a0Livro das Novenas<\/span><\/h5>\n<p>&nbsp;<\/p>\n<div class=\"min-h-[20px] text-message flex flex-col items-start gap-3 whitespace-pre-wrap break-words [.text-message+&amp;]:mt-5 overflow-x-auto\" data-message-author-role=\"assistant\" data-message-id=\"c27f8eee-b83b-46d4-8dd3-5a21ddb8fde2\">\n<div class=\"markdown prose w-full break-words dark:prose-invert light\">\n<hr \/>\n<p>&nbsp;<\/p>\n<p><span style=\"color: #000000;\">Durante os nove dias de ora\u00e7\u00e3o e reflex\u00e3o, <strong>esteja aberto aos sinais de transforma\u00e7\u00e3o em sua vida. <\/strong><\/span><\/p>\n<p><span style=\"color: #000000;\">A <span style=\"color: #000080;\"><strong>Novena de Nossa Senhora de Lourdes<\/strong><\/span> n\u00e3o deve ser feita apenas com a repeti\u00e7\u00e3o de palavras, mas sim, com o cora\u00e7\u00e3o aberto para uma profunda conex\u00e3o com Deus pela intercess\u00e3o da Virgem Maria Sant\u00edssima.\u00a0<\/span><\/p>\n<p><span style=\"color: #000000;\">Assim, desejamos que esta novena seja para voc\u00ea um tempo de renova\u00e7\u00e3o espiritual, de cura interior e de fortalecimento da f\u00e9. <\/span><\/p>\n<p><span style=\"color: #000000;\"><strong>Que <\/strong><span style=\"color: #000080;\"><strong>Nossa Senhora de Lourdes<\/strong><\/span><strong>, com seu amor materno, interceda diante do trono de Deus, concedendo gra\u00e7as aos que mais necessitam.\u00a0<\/strong><\/span><\/p>\n<p><span style=\"color: #000000;\">Que a luz e a paz de <span style=\"color: #000080;\"><strong>Nossa Senhora de Lourdes<\/strong><\/span> acompanhem voc\u00ea em cada dia desta Novena.\u00a0<\/span><\/p>\n<p>&nbsp;<\/p>\n<\/div>\n<figure id=\"attachment_205\" aria-describedby=\"caption-attachment-205\" style=\"width: 600px\" class=\"wp-caption aligncenter\"><a href=\"https:\/\/adf.org.br\/velario\/lourdes?origem=29322\" target=\"_blank\" rel=\"noopener\"><img loading=\"lazy\" class=\"wp-image-205 size-full\" src=\"https:\/\/www.adf.org.br\/home\/wp-content\/uploads\/2020\/04\/1_VelaDeLourdes.jpg\" alt=\"\" width=\"600\" height=\"350\" srcset=\"https:\/\/www.adf.org.br\/home\/wp-content\/uploads\/2020\/04\/1_VelaDeLourdes.jpg 600w, https:\/\/www.adf.org.br\/home\/wp-content\/uploads\/2020\/04\/1_VelaDeLourdes-300x175.jpg 300w\" sizes=\"(max-width: 600px) 100vw, 600px\" \/><\/a><figcaption id=\"caption-attachment-205\" class=\"wp-caption-text\"><center><em>Clique aqui e acenda sua Vela de Nossa Senhora de Lourdes, pela Prote\u00e7\u00e3o e Cura da Sa\u00fade.<\/em><\/center><\/figcaption><\/figure>\n<\/div>\n","protected":false},"excerpt":{"rendered":"<p>&nbsp; Seguindo nesta experi\u00eancia transformadora, rezemos o sexto dia da Poderosa Novena de Nossa Senhora de Lourdes. Ao longo destes nove dias, vamos nos unir em ora\u00e7\u00e3o, clamando pela intercess\u00e3o de Nossa Senhora em nossas vidas. Ao dedicar-se a cada dia para rezar esta novena, voc\u00ea abre seu cora\u00e7\u00e3o para incont\u00e1veis gra\u00e7as e b\u00ean\u00e7\u00e3os. Comece [&hellip;]<\/p>\n","protected":false},"author":1,"featured_media":75495,"comment_status":"open","ping_status":"open","sticky":false,"template":"","format":"standard","meta":[],"categories":[2460,14,2332],"tags":[54,310,4721],"yoast_head":"<!-- This site is optimized with the Yoast SEO plugin v17.4 - https:\/\/yoast.com\/wordpress\/plugins\/seo\/ -->\n<title>Reze conosco a poderosa Novena de Nossa Senhora de Lourdes \u2013 6\u00ba dia<\/title>\n<meta name=\"description\" content=\"Acompanhe o sexto dia desta gloriosa ora\u00e7\u00e3o. Que a luz e a paz de Nossa Senhora de Lourdes acompanhem voc\u00ea em cada dia desta Novena.\u00a0\" \/>\n<meta name=\"robots\" content=\"index, follow, max-snippet:-1, max-image-preview:large, max-video-preview:-1\" \/>\n<link rel=\"canonical\" href=\"https:\/\/www.adf.org.br\/home\/reze-conosco-a-poderosa-novena-de-nossa-senhora-de-lourdes-6-dia\/\" \/>\n<meta property=\"og:locale\" content=\"pt_BR\" \/>\n<meta property=\"og:type\" content=\"article\" \/>\n<meta property=\"og:title\" content=\"Reze conosco a poderosa Novena de Nossa Senhora de Lourdes \u2013 6\u00ba dia\" \/>\n<meta property=\"og:description\" content=\"Acompanhe o sexto dia desta gloriosa ora\u00e7\u00e3o. Que a luz e a paz de Nossa Senhora de Lourdes acompanhem voc\u00ea em cada dia desta Novena.\u00a0\" \/>\n<meta property=\"og:url\" content=\"https:\/\/www.adf.org.br\/home\/reze-conosco-a-poderosa-novena-de-nossa-senhora-de-lourdes-6-dia\/\" \/>\n<meta property=\"og:site_name\" content=\"Associa\u00e7\u00e3o Devotos de F\u00e1tima\" \/>\n<meta property=\"article:published_time\" content=\"2024-02-07T03:00:07+00:00\" \/>\n<meta property=\"article:modified_time\" content=\"2024-02-19T12:36:28+00:00\" \/>\n<meta property=\"og:image\" content=\"https:\/\/www.adf.org.br\/home\/wp-content\/uploads\/2024\/02\/6_dia_novena-1.jpg\" \/>\n\t<meta property=\"og:image:width\" content=\"300\" \/>\n\t<meta property=\"og:image:height\" content=\"200\" \/>\n<meta name=\"twitter:card\" content=\"summary_large_image\" \/>\n<meta name=\"twitter:label1\" content=\"Escrito por\" \/>\n\t<meta name=\"twitter:data1\" content=\"ti@pmk.com.br\" \/>\n\t<meta name=\"twitter:label2\" content=\"Est. tempo de leitura\" \/>\n\t<meta name=\"twitter:data2\" content=\"3 minutos\" \/>\n<script type=\"application\/ld+json\" class=\"yoast-schema-graph\">{\"@context\":\"https:\/\/schema.org\",\"@graph\":[{\"@type\":\"WebSite\",\"@id\":\"https:\/\/www.adf.org.br\/home\/#website\",\"url\":\"https:\/\/www.adf.org.br\/home\/\",\"name\":\"Associa\\u00e7\\u00e3o Devotos de F\\u00e1tima\",\"description\":\"Associa\\u00e7\\u00e3o Devotos de F\\u00e1tima\",\"potentialAction\":[{\"@type\":\"SearchAction\",\"target\":{\"@type\":\"EntryPoint\",\"urlTemplate\":\"https:\/\/www.adf.org.br\/home\/?s={search_term_string}\"},\"query-input\":\"required name=search_term_string\"}],\"inLanguage\":\"pt-BR\"},{\"@type\":\"ImageObject\",\"@id\":\"https:\/\/www.adf.org.br\/home\/reze-conosco-a-poderosa-novena-de-nossa-senhora-de-lourdes-6-dia\/#primaryimage\",\"inLanguage\":\"pt-BR\",\"url\":\"https:\/\/www.adf.org.br\/home\/wp-content\/uploads\/2024\/02\/6_dia_novena-1.jpg\",\"contentUrl\":\"https:\/\/www.adf.org.br\/home\/wp-content\/uploads\/2024\/02\/6_dia_novena-1.jpg\",\"width\":300,\"height\":200},{\"@type\":\"WebPage\",\"@id\":\"https:\/\/www.adf.org.br\/home\/reze-conosco-a-poderosa-novena-de-nossa-senhora-de-lourdes-6-dia\/#webpage\",\"url\":\"https:\/\/www.adf.org.br\/home\/reze-conosco-a-poderosa-novena-de-nossa-senhora-de-lourdes-6-dia\/\",\"name\":\"Reze conosco a poderosa Novena de Nossa Senhora de Lourdes \\u2013 6\\u00ba dia\",\"isPartOf\":{\"@id\":\"https:\/\/www.adf.org.br\/home\/#website\"},\"primaryImageOfPage\":{\"@id\":\"https:\/\/www.adf.org.br\/home\/reze-conosco-a-poderosa-novena-de-nossa-senhora-de-lourdes-6-dia\/#primaryimage\"},\"datePublished\":\"2024-02-07T03:00:07+00:00\",\"dateModified\":\"2024-02-19T12:36:28+00:00\",\"author\":{\"@id\":\"https:\/\/www.adf.org.br\/home\/#\/schema\/person\/e2b618cdde5c983802c6955247e4df95\"},\"description\":\"Acompanhe o sexto dia desta gloriosa ora\\u00e7\\u00e3o. Que a luz e a paz de Nossa Senhora de Lourdes acompanhem voc\\u00ea em cada dia desta Novena.\\u00a0\",\"breadcrumb\":{\"@id\":\"https:\/\/www.adf.org.br\/home\/reze-conosco-a-poderosa-novena-de-nossa-senhora-de-lourdes-6-dia\/#breadcrumb\"},\"inLanguage\":\"pt-BR\",\"potentialAction\":[{\"@type\":\"ReadAction\",\"target\":[\"https:\/\/www.adf.org.br\/home\/reze-conosco-a-poderosa-novena-de-nossa-senhora-de-lourdes-6-dia\/\"]}]},{\"@type\":\"BreadcrumbList\",\"@id\":\"https:\/\/www.adf.org.br\/home\/reze-conosco-a-poderosa-novena-de-nossa-senhora-de-lourdes-6-dia\/#breadcrumb\",\"itemListElement\":[{\"@type\":\"ListItem\",\"position\":1,\"name\":\"Home\",\"item\":\"https:\/\/www.adf.org.br\/home\/\"},{\"@type\":\"ListItem\",\"position\":2,\"name\":\"Reze conosco a poderosa Novena de Nossa Senhora de Lourdes \\u2013 6\\u00ba dia\"}]},{\"@type\":\"Person\",\"@id\":\"https:\/\/www.adf.org.br\/home\/#\/schema\/person\/e2b618cdde5c983802c6955247e4df95\",\"name\":\"ti@pmk.com.br\",\"image\":{\"@type\":\"ImageObject\",\"@id\":\"https:\/\/www.adf.org.br\/home\/#personlogo\",\"inLanguage\":\"pt-BR\",\"url\":\"https:\/\/secure.gravatar.com\/avatar\/2f4d3b4697b7c5df630d1489d9c80573?s=96&d=mm&r=g\",\"contentUrl\":\"https:\/\/secure.gravatar.com\/avatar\/2f4d3b4697b7c5df630d1489d9c80573?s=96&d=mm&r=g\",\"caption\":\"ti@pmk.com.br\"},\"url\":\"https:\/\/www.adf.org.br\/home\/author\/tipmk-com-br\/\"}]}<\/script>\n<!-- \/ Yoast SEO plugin. -->","yoast_head_json":{"title":"Reze conosco a poderosa Novena de Nossa Senhora de Lourdes \u2013 6\u00ba dia","description":"Acompanhe o sexto dia desta gloriosa ora\u00e7\u00e3o. Que a luz e a paz de Nossa Senhora de Lourdes acompanhem voc\u00ea em cada dia desta Novena.\u00a0","robots":{"index":"index","follow":"follow","max-snippet":"max-snippet:-1","max-image-preview":"max-image-preview:large","max-video-preview":"max-video-preview:-1"},"canonical":"https:\/\/www.adf.org.br\/home\/reze-conosco-a-poderosa-novena-de-nossa-senhora-de-lourdes-6-dia\/","og_locale":"pt_BR","og_type":"article","og_title":"Reze conosco a poderosa Novena de Nossa Senhora de Lourdes \u2013 6\u00ba dia","og_description":"Acompanhe o sexto dia desta gloriosa ora\u00e7\u00e3o. Que a luz e a paz de Nossa Senhora de Lourdes acompanhem voc\u00ea em cada dia desta Novena.\u00a0","og_url":"https:\/\/www.adf.org.br\/home\/reze-conosco-a-poderosa-novena-de-nossa-senhora-de-lourdes-6-dia\/","og_site_name":"Associa\u00e7\u00e3o Devotos de F\u00e1tima","article_published_time":"2024-02-07T03:00:07+00:00","article_modified_time":"2024-02-19T12:36:28+00:00","og_image":[{"width":300,"height":200,"url":"https:\/\/www.adf.org.br\/home\/wp-content\/uploads\/2024\/02\/6_dia_novena-1.jpg","type":"image\/jpeg"}],"twitter_card":"summary_large_image","twitter_misc":{"Escrito por":"ti@pmk.com.br","Est. tempo de leitura":"3 minutos"},"schema":{"@context":"https:\/\/schema.org","@graph":[{"@type":"WebSite","@id":"https:\/\/www.adf.org.br\/home\/#website","url":"https:\/\/www.adf.org.br\/home\/","name":"Associa\u00e7\u00e3o Devotos de F\u00e1tima","description":"Associa\u00e7\u00e3o Devotos de F\u00e1tima","potentialAction":[{"@type":"SearchAction","target":{"@type":"EntryPoint","urlTemplate":"https:\/\/www.adf.org.br\/home\/?s={search_term_string}"},"query-input":"required name=search_term_string"}],"inLanguage":"pt-BR"},{"@type":"ImageObject","@id":"https:\/\/www.adf.org.br\/home\/reze-conosco-a-poderosa-novena-de-nossa-senhora-de-lourdes-6-dia\/#primaryimage","inLanguage":"pt-BR","url":"https:\/\/www.adf.org.br\/home\/wp-content\/uploads\/2024\/02\/6_dia_novena-1.jpg","contentUrl":"https:\/\/www.adf.org.br\/home\/wp-content\/uploads\/2024\/02\/6_dia_novena-1.jpg","width":300,"height":200},{"@type":"WebPage","@id":"https:\/\/www.adf.org.br\/home\/reze-conosco-a-poderosa-novena-de-nossa-senhora-de-lourdes-6-dia\/#webpage","url":"https:\/\/www.adf.org.br\/home\/reze-conosco-a-poderosa-novena-de-nossa-senhora-de-lourdes-6-dia\/","name":"Reze conosco a poderosa Novena de Nossa Senhora de Lourdes \u2013 6\u00ba dia","isPartOf":{"@id":"https:\/\/www.adf.org.br\/home\/#website"},"primaryImageOfPage":{"@id":"https:\/\/www.adf.org.br\/home\/reze-conosco-a-poderosa-novena-de-nossa-senhora-de-lourdes-6-dia\/#primaryimage"},"datePublished":"2024-02-07T03:00:07+00:00","dateModified":"2024-02-19T12:36:28+00:00","author":{"@id":"https:\/\/www.adf.org.br\/home\/#\/schema\/person\/e2b618cdde5c983802c6955247e4df95"},"description":"Acompanhe o sexto dia desta gloriosa ora\u00e7\u00e3o. Que a luz e a paz de Nossa Senhora de Lourdes acompanhem voc\u00ea em cada dia desta Novena.\u00a0","breadcrumb":{"@id":"https:\/\/www.adf.org.br\/home\/reze-conosco-a-poderosa-novena-de-nossa-senhora-de-lourdes-6-dia\/#breadcrumb"},"inLanguage":"pt-BR","potentialAction":[{"@type":"ReadAction","target":["https:\/\/www.adf.org.br\/home\/reze-conosco-a-poderosa-novena-de-nossa-senhora-de-lourdes-6-dia\/"]}]},{"@type":"BreadcrumbList","@id":"https:\/\/www.adf.org.br\/home\/reze-conosco-a-poderosa-novena-de-nossa-senhora-de-lourdes-6-dia\/#breadcrumb","itemListElement":[{"@type":"ListItem","position":1,"name":"Home","item":"https:\/\/www.adf.org.br\/home\/"},{"@type":"ListItem","position":2,"name":"Reze conosco a poderosa Novena de Nossa Senhora de Lourdes \u2013 6\u00ba dia"}]},{"@type":"Person","@id":"https:\/\/www.adf.org.br\/home\/#\/schema\/person\/e2b618cdde5c983802c6955247e4df95","name":"ti@pmk.com.br","image":{"@type":"ImageObject","@id":"https:\/\/www.adf.org.br\/home\/#personlogo","inLanguage":"pt-BR","url":"https:\/\/secure.gravatar.com\/avatar\/2f4d3b4697b7c5df630d1489d9c80573?s=96&d=mm&r=g","contentUrl":"https:\/\/secure.gravatar.com\/avatar\/2f4d3b4697b7c5df630d1489d9c80573?s=96&d=mm&r=g","caption":"ti@pmk.com.br"},"url":"https:\/\/www.adf.org.br\/home\/author\/tipmk-com-br\/"}]}},"_links":{"self":[{"href":"https:\/\/www.adf.org.br\/home\/wp-json\/wp\/v2\/posts\/75332"}],"collection":[{"href":"https:\/\/www.adf.org.br\/home\/wp-json\/wp\/v2\/posts"}],"about":[{"href":"https:\/\/www.adf.org.br\/home\/wp-json\/wp\/v2\/types\/post"}],"author":[{"embeddable":true,"href":"https:\/\/www.adf.org.br\/home\/wp-json\/wp\/v2\/users\/1"}],"replies":[{"embeddable":true,"href":"https:\/\/www.adf.org.br\/home\/wp-json\/wp\/v2\/comments?post=75332"}],"version-history":[{"count":1,"href":"https:\/\/www.adf.org.br\/home\/wp-json\/wp\/v2\/posts\/75332\/revisions"}],"predecessor-version":[{"id":75334,"href":"https:\/\/www.adf.org.br\/home\/wp-json\/wp\/v2\/posts\/75332\/revisions\/75334"}],"wp:featuredmedia":[{"embeddable":true,"href":"https:\/\/www.adf.org.br\/home\/wp-json\/wp\/v2\/media\/75495"}],"wp:attachment":[{"href":"https:\/\/www.adf.org.br\/home\/wp-json\/wp\/v2\/media?parent=75332"}],"wp:term":[{"taxonomy":"category","embeddable":true,"href":"https:\/\/www.adf.org.br\/home\/wp-json\/wp\/v2\/categories?post=75332"},{"taxonomy":"post_tag","embeddable":true,"href":"https:\/\/www.adf.org.br\/home\/wp-json\/wp\/v2\/tags?post=75332"}],"curies":[{"name":"wp","href":"https:\/\/api.w.org\/{rel}","templated":true}]}}