{"id":74900,"date":"2026-01-06T08:00:50","date_gmt":"2026-01-06T11:00:50","guid":{"rendered":"https:\/\/www.adf.org.br\/home\/?p=74900"},"modified":"2025-12-05T13:49:07","modified_gmt":"2025-12-05T16:49:07","slug":"festa-da-epifania-de-nosso-senhor","status":"publish","type":"post","link":"https:\/\/www.adf.org.br\/home\/festa-da-epifania-de-nosso-senhor\/","title":{"rendered":"Festa da Epifania de Nosso Senhor"},"content":{"rendered":"<p><span style=\"color: #000000;\"><a style=\"color: #000000;\" href=\"https:\/\/adf.org.br\/apostolosdefatima\/2\/\" target=\"_blank\" rel=\"noopener noreferrer\"><img loading=\"lazy\" class=\"aligncenter wp-image-56734 size-full\" src=\"https:\/\/www.adf.org.br\/home\/wp-content\/uploads\/2020\/01\/reis-magos-tamanho-menor.jpg\" alt=\"Epifania de Jesus Cristo\" width=\"585\" height=\"373\" \/><\/a><\/span><\/p>\n<p><span style=\"color: #ffffff;\">.<\/span><\/p>\n<p><strong><span style=\"color: #000000;\">Neste dia da Epifania, celebramos a manifesta\u00e7\u00e3o de Cristo aos tr\u00eas reis magos..<\/span><\/strong><\/p>\n<p><span style=\"color: #000000;\">Guiados por \u201cuma luz humilde, como faz parte do estilo do Deus verdadeiro\u201d, o pequeno grupo bate \u00e0 porta de Bel\u00e9m, avistando \u201co menino com Maria, sua m\u00e3e\u201d.\u00a0Diz a leitura que \u201cajoelharam-se diante d\u2019Ele, e O adoraram\u201d. A cena nos revela a face mission\u00e1ria de Deus..<\/span><\/p>\n<p><span style=\"color: #000000;\">Mas, neste caso, trata-se de uma miss\u00e3o \u00e0s avessas, uma vez que j\u00e1\u00a0<strong>n\u00e3o \u00e9 o mission\u00e1rio quem leva Cristo ao homem, mas \u00e9 o homem que, atrav\u00e9s da estrela, vai at\u00e9 Cristo para ador\u00e1-Lo na carne, em Sua humanidade<\/strong>..<\/span><\/p>\n<p><span style=\"color: #000000;\">Aqui, ent\u00e3o, se apresenta aquela famosa cita\u00e7\u00e3o d\u2019As Confiss\u00f5es de Santo Agostinho:\u00a0<i>\u201cTu mesmo que incitas ao deleite no teu louvor, porque nos fizeste para ti, e nosso cora\u00e7\u00e3o est\u00e1 inquieto enquanto n\u00e3o encontrar em ti descanso\u201d.<\/i><\/span><\/p>\n<p><span style=\"color: #ffffff;\">.<\/span><\/p>\n<h2><span style=\"color: #000000;\"><b>Deus nos chama<\/b>.<\/span><\/h2>\n<p><span style=\"color: #000000;\">Todos n\u00f3s, por mais pecadores que sejamos \u2013 crist\u00e3os e n\u00e3o-crist\u00e3os -, estamos naturalmente inclinados para o Criador.\u00a0<strong>Desejamos a salva\u00e7\u00e3o eterna, mesmo que, muitas vezes, a procuremos no lugar errado<\/strong>..<\/span><\/p>\n<blockquote><p><span style=\"color: #000000;\">O fato de serem pag\u00e3os, com efeito, n\u00e3o impede aqueles magos de reconhecerem no pequeno menino envolto em faixas o rei que lhes havia de nascer..<\/span><\/p><\/blockquote>\n<p><span style=\"color: #000000;\">Pelo contr\u00e1rio, prostram-se para ador\u00e1-Lo, dando-Lhe como presente \u201couro, incenso e mirra\u201d.<\/span><\/p>\n<p><span style=\"color: #000000;\">Eles adoram o Verbo Encarnado, o Deus que se fez homem para nos redimir de toda falta e toda culpa..<\/span><\/p>\n<p><span style=\"color: #000000;\">A\u00a0<strong>Solenidade da Epifania<\/strong>\u00a0<strong>recorda-nos<\/strong>, por sua vez, que o \u00fanico lugar onde, de fato, podemos encontrar Deus nesta Terra \u00e9 na humanidade de Jesus..<\/span><\/p>\n<p><span style=\"color: #000000;\">\u00c9 algo de grande import\u00e2ncia para a nossa f\u00e9, sobre o qual devemos insistir e meditar repetidas vezes \u2013 mormente nestes tempos em que a separa\u00e7\u00e3o entre o Cristo hist\u00f3rico e o Jesus da f\u00e9 \u00e9 promovida a olhos vistos, mesmo dentro da Igreja.<\/span><\/p>\n<p><span style=\"color: #000000;\">A troco de uma suposta paz duradoura, em que se haja um \u00fanico governo mundial e, obviamente, uma \u00fanica super religi\u00e3o n\u00e3o s\u00e3o poucos os que se prop\u00f5em a jogar fora a verdade de nossa f\u00e9..<\/span><\/p>\n<p><span style=\"color: #000000;\">\u00c0 revelia do dep\u00f3sito Sagrado da Doutrina Crist\u00e3, esses novos patronos da raz\u00e3o esclarecida jogam toda sorte de d\u00favida sobre a natureza humana e divina de Cristo, ressuscitando nos dias de hoje o antigo fantasma da heresia gn\u00f3stica..<\/span><\/p>\n<p><span style=\"color: #000000;\">Durante s\u00e9culos, a Igreja precisou se manifestar contra essa tenta\u00e7\u00e3o perniciosa em que se concebe uma f\u00e9 crist\u00e3 desencarnada, sem necessidade da Igreja e dos sacramentos, e alimentada por supostas experi\u00eancias m\u00edsticas e \u201cencontros pessoais\u201d.<\/span><\/p>\n<p><span style=\"color: #ffffff;\">.<\/span><\/p>\n<h2><span style=\"color: #000000;\"><strong>A luta de Santa Teresa de \u00c1vila<\/strong>.<\/span><\/h2>\n<p><span style=\"color: #000000;\">Nesta seara,\u00a0<strong>lutou bravamente Santa Teresa de Jesus<\/strong>, conforme relatos de seu Livro da Vida, a santa de \u00c1vila teve de lidar com certos \u201centendidos e letrados\u201d que, absurdamente, advogavam a devo\u00e7\u00e3o \u00e0 humanidade de Nosso Senhor Jesus Cristo como coisa de iniciantes..<\/span><\/p>\n<p><span style=\"color: #000000;\"><a style=\"color: #000000;\" href=\"https:\/\/adf.org.br\/apostolosdefatima?origem=17198#Participar\" target=\"_blank\" rel=\"noopener noreferrer\"><img loading=\"lazy\" class=\"aligncenter wp-image-56736 size-medium\" src=\"https:\/\/www.adf.org.br\/home\/wp-content\/uploads\/2020\/01\/Santa-Teresa-de-%C3%81vila-1-235x300.jpg\" alt=\"\" width=\"235\" height=\"300\" \/><\/a><\/span><\/p>\n<p><span style=\"color: #ffffff;\">.<\/span><\/p>\n<p><span style=\"color: #000000;\">Para estes, a espiritualidade das almas \u201cevolu\u00eddas\u201d deveria ir para Deus, a frequ\u00eancia aos sacramentos era posta de lado, julgava-se coisa obsoleta..<\/span><\/p>\n<blockquote><p><span style=\"color: #000000;\">N\u00e3o obstante, contrariando aqueles ideais,<b>\u00a0Santa Teresa diz \u00e0s claras que a devo\u00e7\u00e3o \u00e0 humanidade de Jesus consiste em algo fundamental para qualquer crist\u00e3o, de qualquer \u00e9poca e em qualquer lugar<\/b>. E foi assim que ela introduziu entre os carmelitas a f\u00e9 no Verbo Encarnado..<\/span><\/p><\/blockquote>\n<p><span style=\"color: #000000;\">\u00c9 famoso o epis\u00f3dio em que, subindo as escadarias de seu carmelo, a santa encontra um menino e ele lhe pergunta:\u00a0<i>\u201cQuem \u00e9 voc\u00ea?\u201d<\/i>, ao que ela responde: \u2013\u00a0<i>\u201cEu sou Teresa de Jesus, e voc\u00ea?\u201d, \u201cEu sou Jesus de Teresa\u201d.\u00a0<\/i>[\u2026]<\/span><\/p>\n<p><span style=\"color: #ffffff;\">.<\/span><\/p>\n<h2><span style=\"color: #000000;\"><b>Imitando os Tr\u00eas Reis Magos<\/b>.<\/span><\/h2>\n<p><span style=\"color: #000000;\">De igual modo, nesta Solenidade da Epifania, em que Jesus apresenta-se como o Deus feito homem,\u00a0<strong>outra Teresa vem nos ensinar a como adorar o pequeno grande Menino Deus<\/strong>.<\/span><\/p>\n<p><span style=\"color: #000000;\">Imitando a a\u00e7\u00e3o dos tr\u00eas reis magos de dar presentes a Jesus, Teresa de Liseux, nos escritos de Hist\u00f3ria de uma alma, apresenta-se tamb\u00e9m como presente ao menino, mas n\u00e3o como \u201couro\u201d ou<a style=\"color: #000000;\" href=\"https:\/\/adf.org.br\/apostolosdefatima?origem=17198#Participar\" target=\"_blank\" rel=\"noopener noreferrer\"><img loading=\"lazy\" class=\"wp-image-56738 size-medium alignright\" src=\"https:\/\/www.adf.org.br\/home\/wp-content\/uploads\/2020\/01\/santa-teresinha-3-225x300.jpg\" alt=\"\" width=\"225\" height=\"300\" \/><\/a> \u201cmirra\u201d, mas como um brinquedo sobre o qual Jesus possa ter total dom\u00ednio e autonomia.<\/span><\/p>\n<p><span style=\"color: #000000;\">Nesta simplicidade,\u00a0<strong>Santa Teresinha do Menino Jesus vem nos recordar que devemos nos entregar a Deus sem reservas e sem qualquer receio<\/strong>, como verdadeiros filhos que se submetem \u00e0 vontade dos pais..<\/span><\/p>\n<p><span style=\"color: #000000;\">Rezemos a Deus para que, percorrendo os passos dessas duas grandes santas, possamos fazer-nos simples \u201cbrinquedos\u201d em Suas m\u00e3os de pequeno e fr\u00e1gil menino..<\/span><\/p>\n<p><span style=\"color: #000000;\"><b>Fonte:\u00a0<\/b>padrepauloricardo.org<\/span><\/p>\n<p><span style=\"color: #ffffff;\">.<\/span><\/p>\n<h2 style=\"text-align: center;\"><\/h2>\n","protected":false},"excerpt":{"rendered":"<p>. Neste dia da Epifania, celebramos a manifesta\u00e7\u00e3o de Cristo aos tr\u00eas reis magos.. Guiados por \u201cuma luz humilde, como faz parte do estilo do Deus verdadeiro\u201d, o pequeno grupo bate \u00e0 porta de Bel\u00e9m, avistando \u201co menino com Maria, sua m\u00e3e\u201d.\u00a0Diz a leitura que \u201cajoelharam-se diante d\u2019Ele, e O adoraram\u201d. A cena nos revela [&hellip;]<\/p>\n","protected":false},"author":31,"featured_media":74902,"comment_status":"open","ping_status":"open","sticky":false,"template":"","format":"standard","meta":[],"categories":[20],"tags":[2105,5412],"yoast_head":"<!-- This site is optimized with the Yoast SEO plugin v17.4 - https:\/\/yoast.com\/wordpress\/plugins\/seo\/ -->\n<title>Festa da Epifania de Nosso Senhor<\/title>\n<meta name=\"description\" content=\"Hoje celebramos a Epifania de Jesus Cristo e neste artigo voc\u00ea conhecer\u00e1\" \/>\n<meta name=\"robots\" content=\"index, follow, max-snippet:-1, max-image-preview:large, max-video-preview:-1\" \/>\n<link rel=\"canonical\" href=\"https:\/\/www.adf.org.br\/home\/festa-da-epifania-de-nosso-senhor\/\" \/>\n<meta property=\"og:locale\" content=\"pt_BR\" \/>\n<meta property=\"og:type\" content=\"article\" \/>\n<meta property=\"og:title\" content=\"Festa da Epifania de Nosso Senhor\" \/>\n<meta property=\"og:description\" content=\"Hoje celebramos a Epifania de Jesus Cristo e neste artigo voc\u00ea conhecer\u00e1\" \/>\n<meta property=\"og:url\" content=\"https:\/\/www.adf.org.br\/home\/festa-da-epifania-de-nosso-senhor\/\" \/>\n<meta property=\"og:site_name\" content=\"Associa\u00e7\u00e3o Devotos de F\u00e1tima\" \/>\n<meta property=\"article:published_time\" content=\"2026-01-06T11:00:50+00:00\" \/>\n<meta property=\"article:modified_time\" content=\"2025-12-05T16:49:07+00:00\" \/>\n<meta property=\"og:image\" content=\"https:\/\/www.adf.org.br\/home\/wp-content\/uploads\/2024\/01\/Epifania-Jesus-Cristo-festa.jpg\" \/>\n\t<meta property=\"og:image:width\" content=\"1200\" \/>\n\t<meta property=\"og:image:height\" content=\"740\" \/>\n<meta name=\"twitter:card\" content=\"summary_large_image\" \/>\n<meta name=\"twitter:label1\" content=\"Escrito por\" \/>\n\t<meta name=\"twitter:data1\" content=\"Gabriel Barbosa\" \/>\n\t<meta name=\"twitter:label2\" content=\"Est. tempo de leitura\" \/>\n\t<meta name=\"twitter:data2\" content=\"4 minutos\" \/>\n<script type=\"application\/ld+json\" class=\"yoast-schema-graph\">{\"@context\":\"https:\/\/schema.org\",\"@graph\":[{\"@type\":\"WebSite\",\"@id\":\"https:\/\/www.adf.org.br\/home\/#website\",\"url\":\"https:\/\/www.adf.org.br\/home\/\",\"name\":\"Associa\\u00e7\\u00e3o Devotos de F\\u00e1tima\",\"description\":\"Associa\\u00e7\\u00e3o Devotos de F\\u00e1tima\",\"potentialAction\":[{\"@type\":\"SearchAction\",\"target\":{\"@type\":\"EntryPoint\",\"urlTemplate\":\"https:\/\/www.adf.org.br\/home\/?s={search_term_string}\"},\"query-input\":\"required name=search_term_string\"}],\"inLanguage\":\"pt-BR\"},{\"@type\":\"ImageObject\",\"@id\":\"https:\/\/www.adf.org.br\/home\/festa-da-epifania-de-nosso-senhor\/#primaryimage\",\"inLanguage\":\"pt-BR\",\"url\":\"https:\/\/www.adf.org.br\/home\/wp-content\/uploads\/2024\/01\/Epifania-Jesus-Cristo-festa.jpg\",\"contentUrl\":\"https:\/\/www.adf.org.br\/home\/wp-content\/uploads\/2024\/01\/Epifania-Jesus-Cristo-festa.jpg\",\"width\":1200,\"height\":740,\"caption\":\"Epifania Jesus Cristo\"},{\"@type\":\"WebPage\",\"@id\":\"https:\/\/www.adf.org.br\/home\/festa-da-epifania-de-nosso-senhor\/#webpage\",\"url\":\"https:\/\/www.adf.org.br\/home\/festa-da-epifania-de-nosso-senhor\/\",\"name\":\"Festa da Epifania de Nosso Senhor\",\"isPartOf\":{\"@id\":\"https:\/\/www.adf.org.br\/home\/#website\"},\"primaryImageOfPage\":{\"@id\":\"https:\/\/www.adf.org.br\/home\/festa-da-epifania-de-nosso-senhor\/#primaryimage\"},\"datePublished\":\"2026-01-06T11:00:50+00:00\",\"dateModified\":\"2025-12-05T16:49:07+00:00\",\"author\":{\"@id\":\"https:\/\/www.adf.org.br\/home\/#\/schema\/person\/f35a5c5aa7728a3dedf4ea9aa1fc2753\"},\"description\":\"Hoje celebramos a Epifania de Jesus Cristo e neste artigo voc\\u00ea conhecer\\u00e1\",\"breadcrumb\":{\"@id\":\"https:\/\/www.adf.org.br\/home\/festa-da-epifania-de-nosso-senhor\/#breadcrumb\"},\"inLanguage\":\"pt-BR\",\"potentialAction\":[{\"@type\":\"ReadAction\",\"target\":[\"https:\/\/www.adf.org.br\/home\/festa-da-epifania-de-nosso-senhor\/\"]}]},{\"@type\":\"BreadcrumbList\",\"@id\":\"https:\/\/www.adf.org.br\/home\/festa-da-epifania-de-nosso-senhor\/#breadcrumb\",\"itemListElement\":[{\"@type\":\"ListItem\",\"position\":1,\"name\":\"Home\",\"item\":\"https:\/\/www.adf.org.br\/home\/\"},{\"@type\":\"ListItem\",\"position\":2,\"name\":\"Festa da Epifania de Nosso Senhor\"}]},{\"@type\":\"Person\",\"@id\":\"https:\/\/www.adf.org.br\/home\/#\/schema\/person\/f35a5c5aa7728a3dedf4ea9aa1fc2753\",\"name\":\"Gabriel Barbosa\",\"image\":{\"@type\":\"ImageObject\",\"@id\":\"https:\/\/www.adf.org.br\/home\/#personlogo\",\"inLanguage\":\"pt-BR\",\"url\":\"https:\/\/secure.gravatar.com\/avatar\/2b2cb2f4637682c5605e8d36818f51ef?s=96&d=mm&r=g\",\"contentUrl\":\"https:\/\/secure.gravatar.com\/avatar\/2b2cb2f4637682c5605e8d36818f51ef?s=96&d=mm&r=g\",\"caption\":\"Gabriel Barbosa\"},\"url\":\"https:\/\/www.adf.org.br\/home\/author\/gabrielpmk-com-br\/\"}]}<\/script>\n<!-- \/ Yoast SEO plugin. -->","yoast_head_json":{"title":"Festa da Epifania de Nosso Senhor","description":"Hoje celebramos a Epifania de Jesus Cristo e neste artigo voc\u00ea conhecer\u00e1","robots":{"index":"index","follow":"follow","max-snippet":"max-snippet:-1","max-image-preview":"max-image-preview:large","max-video-preview":"max-video-preview:-1"},"canonical":"https:\/\/www.adf.org.br\/home\/festa-da-epifania-de-nosso-senhor\/","og_locale":"pt_BR","og_type":"article","og_title":"Festa da Epifania de Nosso Senhor","og_description":"Hoje celebramos a Epifania de Jesus Cristo e neste artigo voc\u00ea conhecer\u00e1","og_url":"https:\/\/www.adf.org.br\/home\/festa-da-epifania-de-nosso-senhor\/","og_site_name":"Associa\u00e7\u00e3o Devotos de F\u00e1tima","article_published_time":"2026-01-06T11:00:50+00:00","article_modified_time":"2025-12-05T16:49:07+00:00","og_image":[{"width":1200,"height":740,"url":"https:\/\/www.adf.org.br\/home\/wp-content\/uploads\/2024\/01\/Epifania-Jesus-Cristo-festa.jpg","type":"image\/jpeg"}],"twitter_card":"summary_large_image","twitter_misc":{"Escrito por":"Gabriel Barbosa","Est. tempo de leitura":"4 minutos"},"schema":{"@context":"https:\/\/schema.org","@graph":[{"@type":"WebSite","@id":"https:\/\/www.adf.org.br\/home\/#website","url":"https:\/\/www.adf.org.br\/home\/","name":"Associa\u00e7\u00e3o Devotos de F\u00e1tima","description":"Associa\u00e7\u00e3o Devotos de F\u00e1tima","potentialAction":[{"@type":"SearchAction","target":{"@type":"EntryPoint","urlTemplate":"https:\/\/www.adf.org.br\/home\/?s={search_term_string}"},"query-input":"required name=search_term_string"}],"inLanguage":"pt-BR"},{"@type":"ImageObject","@id":"https:\/\/www.adf.org.br\/home\/festa-da-epifania-de-nosso-senhor\/#primaryimage","inLanguage":"pt-BR","url":"https:\/\/www.adf.org.br\/home\/wp-content\/uploads\/2024\/01\/Epifania-Jesus-Cristo-festa.jpg","contentUrl":"https:\/\/www.adf.org.br\/home\/wp-content\/uploads\/2024\/01\/Epifania-Jesus-Cristo-festa.jpg","width":1200,"height":740,"caption":"Epifania Jesus Cristo"},{"@type":"WebPage","@id":"https:\/\/www.adf.org.br\/home\/festa-da-epifania-de-nosso-senhor\/#webpage","url":"https:\/\/www.adf.org.br\/home\/festa-da-epifania-de-nosso-senhor\/","name":"Festa da Epifania de Nosso Senhor","isPartOf":{"@id":"https:\/\/www.adf.org.br\/home\/#website"},"primaryImageOfPage":{"@id":"https:\/\/www.adf.org.br\/home\/festa-da-epifania-de-nosso-senhor\/#primaryimage"},"datePublished":"2026-01-06T11:00:50+00:00","dateModified":"2025-12-05T16:49:07+00:00","author":{"@id":"https:\/\/www.adf.org.br\/home\/#\/schema\/person\/f35a5c5aa7728a3dedf4ea9aa1fc2753"},"description":"Hoje celebramos a Epifania de Jesus Cristo e neste artigo voc\u00ea conhecer\u00e1","breadcrumb":{"@id":"https:\/\/www.adf.org.br\/home\/festa-da-epifania-de-nosso-senhor\/#breadcrumb"},"inLanguage":"pt-BR","potentialAction":[{"@type":"ReadAction","target":["https:\/\/www.adf.org.br\/home\/festa-da-epifania-de-nosso-senhor\/"]}]},{"@type":"BreadcrumbList","@id":"https:\/\/www.adf.org.br\/home\/festa-da-epifania-de-nosso-senhor\/#breadcrumb","itemListElement":[{"@type":"ListItem","position":1,"name":"Home","item":"https:\/\/www.adf.org.br\/home\/"},{"@type":"ListItem","position":2,"name":"Festa da Epifania de Nosso Senhor"}]},{"@type":"Person","@id":"https:\/\/www.adf.org.br\/home\/#\/schema\/person\/f35a5c5aa7728a3dedf4ea9aa1fc2753","name":"Gabriel Barbosa","image":{"@type":"ImageObject","@id":"https:\/\/www.adf.org.br\/home\/#personlogo","inLanguage":"pt-BR","url":"https:\/\/secure.gravatar.com\/avatar\/2b2cb2f4637682c5605e8d36818f51ef?s=96&d=mm&r=g","contentUrl":"https:\/\/secure.gravatar.com\/avatar\/2b2cb2f4637682c5605e8d36818f51ef?s=96&d=mm&r=g","caption":"Gabriel Barbosa"},"url":"https:\/\/www.adf.org.br\/home\/author\/gabrielpmk-com-br\/"}]}},"_links":{"self":[{"href":"https:\/\/www.adf.org.br\/home\/wp-json\/wp\/v2\/posts\/74900"}],"collection":[{"href":"https:\/\/www.adf.org.br\/home\/wp-json\/wp\/v2\/posts"}],"about":[{"href":"https:\/\/www.adf.org.br\/home\/wp-json\/wp\/v2\/types\/post"}],"author":[{"embeddable":true,"href":"https:\/\/www.adf.org.br\/home\/wp-json\/wp\/v2\/users\/31"}],"replies":[{"embeddable":true,"href":"https:\/\/www.adf.org.br\/home\/wp-json\/wp\/v2\/comments?post=74900"}],"version-history":[{"count":3,"href":"https:\/\/www.adf.org.br\/home\/wp-json\/wp\/v2\/posts\/74900\/revisions"}],"predecessor-version":[{"id":79907,"href":"https:\/\/www.adf.org.br\/home\/wp-json\/wp\/v2\/posts\/74900\/revisions\/79907"}],"wp:featuredmedia":[{"embeddable":true,"href":"https:\/\/www.adf.org.br\/home\/wp-json\/wp\/v2\/media\/74902"}],"wp:attachment":[{"href":"https:\/\/www.adf.org.br\/home\/wp-json\/wp\/v2\/media?parent=74900"}],"wp:term":[{"taxonomy":"category","embeddable":true,"href":"https:\/\/www.adf.org.br\/home\/wp-json\/wp\/v2\/categories?post=74900"},{"taxonomy":"post_tag","embeddable":true,"href":"https:\/\/www.adf.org.br\/home\/wp-json\/wp\/v2\/tags?post=74900"}],"curies":[{"name":"wp","href":"https:\/\/api.w.org\/{rel}","templated":true}]}}