{"id":74674,"date":"2023-12-08T00:00:23","date_gmt":"2023-12-08T03:00:23","guid":{"rendered":"https:\/\/www.adf.org.br\/home\/?p=74674"},"modified":"2023-12-01T10:26:10","modified_gmt":"2023-12-01T13:26:10","slug":"mais-um-milagre-no-brasil-operado-por-nossa-senhora-de-fatima","status":"publish","type":"post","link":"https:\/\/www.adf.org.br\/home\/mais-um-milagre-no-brasil-operado-por-nossa-senhora-de-fatima\/","title":{"rendered":"Mais um Milagre no Brasil operado por Nossa Senhora de F\u00e1tima"},"content":{"rendered":"<div><span style=\"color: #000000;\"><a style=\"color: #000000;\" href=\"https:\/\/adf.org.br\/apostolosdefatima\/2\/?origem=28971#Participar\" target=\"_blank\" rel=\"noopener\" data-saferedirecturl=\"https:\/\/www.google.com\/url?q=http:\/\/e.adf.org.br\/bendar\/?atmca%3D10948620%26atmme%3D1%26atmte%3D1%26atmso%3Dck%26utm_content%3D287574798%26atmem%3DZ2FicmllbC5iYXJib3NhLmFhc2NqQGdtYWlsLmNvbQ%3D%3D%26&amp;source=gmail&amp;ust=1701522251018000&amp;usg=AOvVaw0EZynX3kLjkAbplCVA363r\"><img loading=\"lazy\" class=\"CToWUd alignnone\" src=\"https:\/\/ci5.googleusercontent.com\/proxy\/cbcOt1sxhmijUEeMPZjrskLczjHMldtODffUGgNRtEaa3FDBIjH4WebV44hPCU3NJ8_YdN6Mq68t23IlDAfw3lPYaHWjniszdXAbLZ2tfPXteX8g9hko=s0-d-e1-ft#https:\/\/www.adf.org.br\/home\/wp-content\/uploads\/2023\/11\/header-18.jpg\" alt=\"Leia abaixo e conhe\u00e7a um recente milagre operado por Nossa Senhora de F\u00e1tima no Brasil.\" width=\"600\" height=\"404\" data-bit=\"iit\" \/><\/a><\/span><\/div>\n<div>\n<div><span style=\"color: #ffffff;\">.<\/span><br \/>\n<span style=\"color: #000000;\">Salve Maria!<\/span><br \/>\n<span style=\"color: #ffffff;\">.<\/span><br \/>\n<span style=\"color: #000000;\">Tempos atr\u00e1s eu recebi\u00a0<span class=\"il\">um<\/span>\u00a0testemunho emocionante da devota Maria, de Fortaleza, participante do grupo\u00a0<span style=\"color: #0000ff;\"><a style=\"color: #0000ff;\" href=\"https:\/\/adf.org.br\/apostolosdefatima\/2\/?origem=28971#Participar\" target=\"_blank\" rel=\"noopener\" data-saferedirecturl=\"https:\/\/www.google.com\/url?q=http:\/\/e.adf.org.br\/bendar\/?atmca%3D10948620%26atmme%3D1%26atmte%3D1%26atmso%3Dck%26utm_content%3D287574798%26atmem%3DZ2FicmllbC5iYXJib3NhLmFhc2NqQGdtYWlsLmNvbQ%3D%3D%26&amp;source=gmail&amp;ust=1701522251018000&amp;usg=AOvVaw0EZynX3kLjkAbplCVA363r\"><b>Ap\u00f3stolos de\u00a0<span class=\"il\">F\u00e1tima<\/span><\/b><\/a><\/span>.<\/span><br \/>\n<span style=\"color: #ffffff;\">.<\/span><br \/>\n<span style=\"color: #000000;\">O que voc\u00ea ler\u00e1 \u00e9 emocionante e certamente deixaria muitos c\u00e9ticos impressionados:<\/span><\/div>\n<div><span style=\"color: #ffffff;\">.<\/span><\/div>\n<div>\n<blockquote><p><span style=\"color: #000000;\">&#8220;H\u00e1 dois meses eu me via sem sa\u00edda alguma, pois estava lidando com problemas de todos os tipos&#8230;<\/span><\/p>\n<div>\n<p><span style=\"color: #000000;\"><b>Fui diagnosticada com depress\u00e3o e tive de gastar muito com medicamentos.<\/b>\u00a0N\u00e3o sei se o Sr. sabe, mas\u00a0<b>os rem\u00e9dios s\u00e3o muito caros<\/b> e os tratamentos n\u00e3o estavam sendo eficazes. Al\u00e9m disso, a situa\u00e7\u00e3o em casa n\u00e3o estava nada boa.\u00a0<b>Meu filho\u00a0<span class=\"il\">mais<\/span>\u00a0velho come\u00e7ou a usar drogas e virou outra pessoa.<\/b>\u00a0Come\u00e7ou a ficar violento, at\u00e9 chegou a agredir meu esposo, o Sr. acredita?!<\/span><\/p>\n<p><span style=\"color: #000000;\">Isso me deixava\u00a0<span class=\"il\">mais<\/span>\u00a0para baixo e as brigas em casa n\u00e3o paravam&#8230;<\/span><\/p>\n<p><span style=\"color: #000000;\">Certo dia, eu estava vendo meus e-mails e tinha uma mensagem do Sr. me convidando para ingressar\u00a0<span class=\"il\">no<\/span>\u00a0grupo\u00a0<span style=\"text-decoration: underline;\"><span style=\"color: #0000ff;\"><a style=\"color: #0000ff;\" href=\"https:\/\/adf.org.br\/apostolosdefatima\/2\/?origem=28971#Participar\" target=\"_blank\" rel=\"noopener\" data-saferedirecturl=\"https:\/\/www.google.com\/url?q=http:\/\/e.adf.org.br\/bendar\/?atmca%3D10948620%26atmme%3D1%26atmte%3D1%26atmso%3Dck%26utm_content%3D287574798%26atmem%3DZ2FicmllbC5iYXJib3NhLmFhc2NqQGdtYWlsLmNvbQ%3D%3D%26&amp;source=gmail&amp;ust=1701522251018000&amp;usg=AOvVaw0EZynX3kLjkAbplCVA363r\"><b>Ap\u00f3stolos de\u00a0<span class=\"il\">F\u00e1tima<\/span><\/b><\/a><\/span><\/span>.<\/span><\/p>\n<p><span style=\"color: #000000;\">Sendo bem sincera, antes de abrir eu pensei: De novo aquele convite? Isso n\u00e3o vai me ajudar!<\/span><\/p>\n<p><span style=\"color: #000000;\">Mas quando eu comecei a ler fiquei emocionado.\u00a0<b>O sr. me enviou o testemunho de\u00a0<span class=\"il\">um<\/span>\u00a0pai que lidou com problemas parecidos com os meus e que deu a volta\u00a0<span class=\"il\">por<\/span>\u00a0cima gra\u00e7as a\u00a0<span style=\"color: #0000ff;\"><a style=\"color: #0000ff;\" href=\"https:\/\/adf.org.br\/apostolosdefatima\/2\/?origem=28971#Participar\" target=\"_blank\" rel=\"noopener\" data-saferedirecturl=\"https:\/\/www.google.com\/url?q=http:\/\/e.adf.org.br\/bendar\/?atmca%3D10948620%26atmme%3D1%26atmte%3D1%26atmso%3Dck%26utm_content%3D287574798%26atmem%3DZ2FicmllbC5iYXJib3NhLmFhc2NqQGdtYWlsLmNvbQ%3D%3D%26&amp;source=gmail&amp;ust=1701522251018000&amp;usg=AOvVaw0EZynX3kLjkAbplCVA363r\">esse grupo<\/a><\/span><\/b>.<\/span><\/p>\n<p><span style=\"color: #000000;\">Aquilo me deixou emocionado e eu\u00a0<b>decidi participar do grupo<\/b>. Fiz\u00a0<span class=\"il\">um<\/span>\u00a0voto com\u00a0<span style=\"color: #0000ff;\"><a style=\"color: #0000ff;\" href=\"https:\/\/adf.org.br\/apostolosdefatima\/2\/?origem=28971#Participar\" target=\"_blank\" rel=\"noopener\" data-saferedirecturl=\"https:\/\/www.google.com\/url?q=http:\/\/e.adf.org.br\/bendar\/?atmca%3D10948620%26atmme%3D1%26atmte%3D1%26atmso%3Dck%26utm_content%3D287574798%26atmem%3DZ2FicmllbC5iYXJib3NhLmFhc2NqQGdtYWlsLmNvbQ%3D%3D%26&amp;source=gmail&amp;ust=1701522251018000&amp;usg=AOvVaw0EZynX3kLjkAbplCVA363r\"><b><span class=\"il\">Nossa<\/span>\u00a0<span class=\"il\">Senhora<\/span><\/b><\/a><\/span>\u00a0ali mesmo.<\/span><\/p>\n<p><span style=\"color: #000000;\">Ent\u00e3o&#8230;<\/span><\/p>\n<p><span style=\"color: #000000;\"><b>Comecei a contar com as missas semanais e com as ora\u00e7\u00f5es di\u00e1rias<\/b>\u00a0da associa\u00e7\u00e3o e isso me fez\u00a0<span class=\"il\">um<\/span> bem enorme.\u00a0<b>Comecei a me sentir revigorado todos os dias,\u00a0<span class=\"il\">mais<\/span>\u00a0animado e com uma vontade imensa de viver, algo que n\u00e3o sentia h\u00e1 tempos<\/b>!<\/span><\/p>\n<p><span style=\"color: #000000;\"><b>Decidi ent\u00e3o colocar o nome do meu filho nessas ora\u00e7\u00f5es e aos poucos ele foi mudando<\/b>, ficou\u00a0<span class=\"il\">mais<\/span>\u00a0calmo, abandonou certas amizades e as drogas. Hoje \u00e9\u00a0<span class=\"il\">um<\/span>\u00a0novo rapaz.<\/span><\/p>\n<p><span style=\"color: #000000;\">Obrigado Sr. Carlos,\u00a0<span class=\"il\">por<\/span>\u00a0ter me convidado e agrade\u00e7o ao\u00a0<span style=\"text-decoration: underline;\"><span style=\"color: #0000ff;\"><a style=\"color: #0000ff;\" href=\"https:\/\/adf.org.br\/apostolosdefatima\/2\/?origem=28971#Participar\" target=\"_blank\" rel=\"noopener\" data-saferedirecturl=\"https:\/\/www.google.com\/url?q=http:\/\/e.adf.org.br\/bendar\/?atmca%3D10948620%26atmme%3D1%26atmte%3D1%26atmso%3Dck%26utm_content%3D287574798%26atmem%3DZ2FicmllbC5iYXJib3NhLmFhc2NqQGdtYWlsLmNvbQ%3D%3D%26&amp;source=gmail&amp;ust=1701522251018000&amp;usg=AOvVaw0EZynX3kLjkAbplCVA363r\"><b>Grupo Ap\u00f3stolos de\u00a0<span class=\"il\">F\u00e1tima<\/span><\/b><\/a><\/span><\/span>\u00a0pelas ora\u00e7\u00f5es. Foi gra\u00e7as a esse passo que a minha vida foi transformada!&#8221;<\/span><\/p>\n<\/div>\n<\/blockquote>\n<p><span style=\"color: #ffffff;\">.<\/span><br \/>\n<span style=\"color: #000000;\">Essa \u00e9\u00a0<span class=\"il\">mais<\/span>\u00a0uma prova, entre milhares, de que nada \u00e9 imposs\u00edvel para\u00a0Nossa Senhora\u00a0de\u00a0F\u00e1tima.<\/span><br \/>\n<span style=\"color: #ffffff;\">.<\/span><br \/>\n<span style=\"color: #000000;\"><b>Certamente, poderia ser voc\u00ea escrevendo\u00a0<span class=\"il\">um<\/span>\u00a0testemunho para n\u00f3s, se participasse deste aben\u00e7oado grupo de ora\u00e7\u00e3o<\/b>.<\/span><br \/>\n<span style=\"color: #ffffff;\">.<\/span><br \/>\n<span style=\"color: #000000;\"><span class=\"il\">Por<\/span>\u00a0isso, quero te convidar para ingressar\u00a0<span class=\"il\">no<\/span>\u00a0grupo Ap\u00f3stolos de\u00a0<span class=\"il\">F\u00e1tima<\/span>.\u00a0<span style=\"text-decoration: underline;\"><span style=\"color: #0000ff;\"><a style=\"color: #0000ff;\" href=\"https:\/\/adf.org.br\/apostolosdefatima\/2\/?origem=28971#Participar\" target=\"_blank\" rel=\"noopener\" data-saferedirecturl=\"https:\/\/www.google.com\/url?q=http:\/\/e.adf.org.br\/bendar\/?atmca%3D10948620%26atmme%3D1%26atmte%3D1%26atmso%3Dck%26utm_content%3D287574798%26atmem%3DZ2FicmllbC5iYXJib3NhLmFhc2NqQGdtYWlsLmNvbQ%3D%3D%26&amp;source=gmail&amp;ust=1701522251018000&amp;usg=AOvVaw0EZynX3kLjkAbplCVA363r\"><b>Veja aqui como \u00e9 f\u00e1cil participar<\/b><\/a><\/span><\/span>!<\/span><\/p>\n<p><span style=\"color: #000000;\">Diariamente eu recebo lindos testemunhos dos integrantes deste grupo;\u00a0<i>convers\u00f5es, curas, fam\u00edlias restabelecidas, mulheres que conseguiram engravidar, etc<\/i>.<\/span><br \/>\n<span style=\"color: #ffffff;\">.<\/span><br \/>\n<span style=\"color: #000000;\"><span class=\"il\">Nossa<\/span>\u00a0<span class=\"il\">Senhora<\/span>\u00a0olha especialmente\u00a0<span class=\"il\">por<\/span>\u00a0cada\u00a0<span style=\"text-decoration: underline;\"><strong><span style=\"color: #0000ff;\"><a style=\"color: #0000ff; text-decoration: underline;\" href=\"https:\/\/adf.org.br\/apostolosdefatima\/2\/?origem=28971#Participar\" target=\"_blank\" rel=\"noopener\" data-saferedirecturl=\"https:\/\/www.google.com\/url?q=http:\/\/e.adf.org.br\/bendar\/?atmca%3D10948620%26atmme%3D1%26atmte%3D1%26atmso%3Dck%26utm_content%3D287574798%26atmem%3DZ2FicmllbC5iYXJib3NhLmFhc2NqQGdtYWlsLmNvbQ%3D%3D%26&amp;source=gmail&amp;ust=1701522251018000&amp;usg=AOvVaw0EZynX3kLjkAbplCVA363r\">Ap\u00f3stolo de\u00a0<span class=\"il\">F\u00e1tima<\/span><\/a><\/span><\/strong><\/span>\u00a0e certamente olhar\u00e1\u00a0por\u00a0voc\u00ea.<\/span><br \/>\n<span style=\"color: #ffffff;\">.<\/span><br \/>\n<span style=\"color: #000000;\">Portanto, v\u00e1 em frente e\u00a0<span style=\"text-decoration: underline;\"><strong><span style=\"color: #0000ff;\"><a style=\"color: #0000ff; text-decoration: underline;\" href=\"https:\/\/adf.org.br\/apostolosdefatima\/2\/?origem=28971#Participar\" target=\"_blank\" rel=\"noopener\" data-saferedirecturl=\"https:\/\/www.google.com\/url?q=http:\/\/e.adf.org.br\/bendar\/?atmca%3D10948620%26atmme%3D1%26atmte%3D1%26atmso%3Dck%26utm_content%3D287574798%26atmem%3DZ2FicmllbC5iYXJib3NhLmFhc2NqQGdtYWlsLmNvbQ%3D%3D%26&amp;source=gmail&amp;ust=1701522251018000&amp;usg=AOvVaw0EZynX3kLjkAbplCVA363r\">clique aqui para tornar-se\u00a0<span class=\"il\">um<\/span>\u00a0Ap\u00f3stolo de\u00a0<span class=\"il\">F\u00e1tima<\/span><\/a><\/span><\/strong><\/span>!<\/span><br \/>\n<span style=\"color: #ffffff;\">.<\/span><br \/>\n<span style=\"color: #000000;\"><b>Comece a contar com as gra\u00e7as de\u00a0<span class=\"il\">Nossa<\/span>\u00a0<span class=\"il\">Senhora<\/span>\u00a0de\u00a0<span class=\"il\">F\u00e1tima<\/span>\u00a0em sua vida<\/b>.<\/span><br \/>\n<span style=\"color: #ffffff;\">.<\/span><br \/>\n<span style=\"color: #000000;\">A pr\u00f3xima pessoa que nos escrever\u00e1 para relatar que alcan\u00e7ou uma gra\u00e7a certamente ser\u00e1 voc\u00ea.<\/span><\/p>\n<\/div>\n<div><span style=\"color: #ffffff;\">.<\/span><\/div>\n<div><span style=\"color: #000000;\"><strong><i>Carlos Lanna<br \/>\n<\/i><\/strong>Coordenador da Associa\u00e7\u00e3o<br \/>\nDevotos de\u00a0<span class=\"il\">F\u00e1tima<\/span><\/span><\/div>\n<\/div>\n","protected":false},"excerpt":{"rendered":"<p>. Salve Maria! . Tempos atr\u00e1s eu recebi\u00a0um\u00a0testemunho emocionante da devota Maria, de Fortaleza, participante do grupo\u00a0Ap\u00f3stolos de\u00a0F\u00e1tima. . O que voc\u00ea ler\u00e1 \u00e9 emocionante e certamente deixaria muitos c\u00e9ticos impressionados: . &#8220;H\u00e1 dois meses eu me via sem sa\u00edda alguma, pois estava lidando com problemas de todos os tipos&#8230; Fui diagnosticada com depress\u00e3o e [&hellip;]<\/p>\n","protected":false},"author":31,"featured_media":74677,"comment_status":"open","ping_status":"open","sticky":false,"template":"","format":"standard","meta":[],"categories":[1],"tags":[2242,5085,57],"yoast_head":"<!-- This site is optimized with the Yoast SEO plugin v17.4 - https:\/\/yoast.com\/wordpress\/plugins\/seo\/ -->\n<title>Mais um Milagre no Brasil operado por Nossa Senhora de F\u00e1tima<\/title>\n<meta name=\"description\" content=\"Nossa Senhora de F\u00e1tima vem operado diversos milagres pelo Brasil e esse voc\u00ea certamente n\u00e3o conhece.\" \/>\n<meta name=\"robots\" content=\"index, follow, max-snippet:-1, max-image-preview:large, max-video-preview:-1\" \/>\n<link rel=\"canonical\" href=\"https:\/\/www.adf.org.br\/home\/mais-um-milagre-no-brasil-operado-por-nossa-senhora-de-fatima\/\" \/>\n<meta property=\"og:locale\" content=\"pt_BR\" \/>\n<meta property=\"og:type\" content=\"article\" \/>\n<meta property=\"og:title\" content=\"Mais um Milagre no Brasil operado por Nossa Senhora de F\u00e1tima\" \/>\n<meta property=\"og:description\" content=\"Nossa Senhora de F\u00e1tima vem operado diversos milagres pelo Brasil e esse voc\u00ea certamente n\u00e3o conhece.\" \/>\n<meta property=\"og:url\" content=\"https:\/\/www.adf.org.br\/home\/mais-um-milagre-no-brasil-operado-por-nossa-senhora-de-fatima\/\" \/>\n<meta property=\"og:site_name\" content=\"Associa\u00e7\u00e3o Devotos de F\u00e1tima\" \/>\n<meta property=\"article:published_time\" content=\"2023-12-08T03:00:23+00:00\" \/>\n<meta property=\"article:modified_time\" content=\"2023-12-01T13:26:10+00:00\" \/>\n<meta property=\"og:image\" content=\"https:\/\/www.adf.org.br\/home\/wp-content\/uploads\/2023\/12\/Nossa-Senhora-de-Fiamt-a_opera-Milagre-no-Brasil-scaled.jpeg\" \/>\n\t<meta property=\"og:image:width\" content=\"2560\" \/>\n\t<meta property=\"og:image:height\" content=\"1707\" \/>\n<meta name=\"twitter:card\" content=\"summary_large_image\" \/>\n<meta name=\"twitter:label1\" content=\"Escrito por\" \/>\n\t<meta name=\"twitter:data1\" content=\"Gabriel Barbosa\" \/>\n\t<meta name=\"twitter:label2\" content=\"Est. tempo de leitura\" \/>\n\t<meta name=\"twitter:data2\" content=\"3 minutos\" \/>\n<script type=\"application\/ld+json\" class=\"yoast-schema-graph\">{\"@context\":\"https:\/\/schema.org\",\"@graph\":[{\"@type\":\"WebSite\",\"@id\":\"https:\/\/www.adf.org.br\/home\/#website\",\"url\":\"https:\/\/www.adf.org.br\/home\/\",\"name\":\"Associa\\u00e7\\u00e3o Devotos de F\\u00e1tima\",\"description\":\"Associa\\u00e7\\u00e3o Devotos de F\\u00e1tima\",\"potentialAction\":[{\"@type\":\"SearchAction\",\"target\":{\"@type\":\"EntryPoint\",\"urlTemplate\":\"https:\/\/www.adf.org.br\/home\/?s={search_term_string}\"},\"query-input\":\"required name=search_term_string\"}],\"inLanguage\":\"pt-BR\"},{\"@type\":\"ImageObject\",\"@id\":\"https:\/\/www.adf.org.br\/home\/mais-um-milagre-no-brasil-operado-por-nossa-senhora-de-fatima\/#primaryimage\",\"inLanguage\":\"pt-BR\",\"url\":\"https:\/\/www.adf.org.br\/home\/wp-content\/uploads\/2023\/12\/Nossa-Senhora-de-Fiamt-a_opera-Milagre-no-Brasil-scaled.jpeg\",\"contentUrl\":\"https:\/\/www.adf.org.br\/home\/wp-content\/uploads\/2023\/12\/Nossa-Senhora-de-Fiamt-a_opera-Milagre-no-Brasil-scaled.jpeg\",\"width\":2560,\"height\":1707,\"caption\":\"milagre no Brasil operado por Nossa Senhora de F\\u00e1tima\"},{\"@type\":\"WebPage\",\"@id\":\"https:\/\/www.adf.org.br\/home\/mais-um-milagre-no-brasil-operado-por-nossa-senhora-de-fatima\/#webpage\",\"url\":\"https:\/\/www.adf.org.br\/home\/mais-um-milagre-no-brasil-operado-por-nossa-senhora-de-fatima\/\",\"name\":\"Mais um Milagre no Brasil operado por Nossa Senhora de F\\u00e1tima\",\"isPartOf\":{\"@id\":\"https:\/\/www.adf.org.br\/home\/#website\"},\"primaryImageOfPage\":{\"@id\":\"https:\/\/www.adf.org.br\/home\/mais-um-milagre-no-brasil-operado-por-nossa-senhora-de-fatima\/#primaryimage\"},\"datePublished\":\"2023-12-08T03:00:23+00:00\",\"dateModified\":\"2023-12-01T13:26:10+00:00\",\"author\":{\"@id\":\"https:\/\/www.adf.org.br\/home\/#\/schema\/person\/f35a5c5aa7728a3dedf4ea9aa1fc2753\"},\"description\":\"Nossa Senhora de F\\u00e1tima vem operado diversos milagres pelo Brasil e esse voc\\u00ea certamente n\\u00e3o conhece.\",\"breadcrumb\":{\"@id\":\"https:\/\/www.adf.org.br\/home\/mais-um-milagre-no-brasil-operado-por-nossa-senhora-de-fatima\/#breadcrumb\"},\"inLanguage\":\"pt-BR\",\"potentialAction\":[{\"@type\":\"ReadAction\",\"target\":[\"https:\/\/www.adf.org.br\/home\/mais-um-milagre-no-brasil-operado-por-nossa-senhora-de-fatima\/\"]}]},{\"@type\":\"BreadcrumbList\",\"@id\":\"https:\/\/www.adf.org.br\/home\/mais-um-milagre-no-brasil-operado-por-nossa-senhora-de-fatima\/#breadcrumb\",\"itemListElement\":[{\"@type\":\"ListItem\",\"position\":1,\"name\":\"Home\",\"item\":\"https:\/\/www.adf.org.br\/home\/\"},{\"@type\":\"ListItem\",\"position\":2,\"name\":\"Mais um Milagre no Brasil operado por Nossa Senhora de F\\u00e1tima\"}]},{\"@type\":\"Person\",\"@id\":\"https:\/\/www.adf.org.br\/home\/#\/schema\/person\/f35a5c5aa7728a3dedf4ea9aa1fc2753\",\"name\":\"Gabriel Barbosa\",\"image\":{\"@type\":\"ImageObject\",\"@id\":\"https:\/\/www.adf.org.br\/home\/#personlogo\",\"inLanguage\":\"pt-BR\",\"url\":\"https:\/\/secure.gravatar.com\/avatar\/2b2cb2f4637682c5605e8d36818f51ef?s=96&d=mm&r=g\",\"contentUrl\":\"https:\/\/secure.gravatar.com\/avatar\/2b2cb2f4637682c5605e8d36818f51ef?s=96&d=mm&r=g\",\"caption\":\"Gabriel Barbosa\"},\"url\":\"https:\/\/www.adf.org.br\/home\/author\/gabrielpmk-com-br\/\"}]}<\/script>\n<!-- \/ Yoast SEO plugin. -->","yoast_head_json":{"title":"Mais um Milagre no Brasil operado por Nossa Senhora de F\u00e1tima","description":"Nossa Senhora de F\u00e1tima vem operado diversos milagres pelo Brasil e esse voc\u00ea certamente n\u00e3o conhece.","robots":{"index":"index","follow":"follow","max-snippet":"max-snippet:-1","max-image-preview":"max-image-preview:large","max-video-preview":"max-video-preview:-1"},"canonical":"https:\/\/www.adf.org.br\/home\/mais-um-milagre-no-brasil-operado-por-nossa-senhora-de-fatima\/","og_locale":"pt_BR","og_type":"article","og_title":"Mais um Milagre no Brasil operado por Nossa Senhora de F\u00e1tima","og_description":"Nossa Senhora de F\u00e1tima vem operado diversos milagres pelo Brasil e esse voc\u00ea certamente n\u00e3o conhece.","og_url":"https:\/\/www.adf.org.br\/home\/mais-um-milagre-no-brasil-operado-por-nossa-senhora-de-fatima\/","og_site_name":"Associa\u00e7\u00e3o Devotos de F\u00e1tima","article_published_time":"2023-12-08T03:00:23+00:00","article_modified_time":"2023-12-01T13:26:10+00:00","og_image":[{"width":2560,"height":1707,"url":"https:\/\/www.adf.org.br\/home\/wp-content\/uploads\/2023\/12\/Nossa-Senhora-de-Fiamt-a_opera-Milagre-no-Brasil-scaled.jpeg","type":"image\/jpeg"}],"twitter_card":"summary_large_image","twitter_misc":{"Escrito por":"Gabriel Barbosa","Est. tempo de leitura":"3 minutos"},"schema":{"@context":"https:\/\/schema.org","@graph":[{"@type":"WebSite","@id":"https:\/\/www.adf.org.br\/home\/#website","url":"https:\/\/www.adf.org.br\/home\/","name":"Associa\u00e7\u00e3o Devotos de F\u00e1tima","description":"Associa\u00e7\u00e3o Devotos de F\u00e1tima","potentialAction":[{"@type":"SearchAction","target":{"@type":"EntryPoint","urlTemplate":"https:\/\/www.adf.org.br\/home\/?s={search_term_string}"},"query-input":"required name=search_term_string"}],"inLanguage":"pt-BR"},{"@type":"ImageObject","@id":"https:\/\/www.adf.org.br\/home\/mais-um-milagre-no-brasil-operado-por-nossa-senhora-de-fatima\/#primaryimage","inLanguage":"pt-BR","url":"https:\/\/www.adf.org.br\/home\/wp-content\/uploads\/2023\/12\/Nossa-Senhora-de-Fiamt-a_opera-Milagre-no-Brasil-scaled.jpeg","contentUrl":"https:\/\/www.adf.org.br\/home\/wp-content\/uploads\/2023\/12\/Nossa-Senhora-de-Fiamt-a_opera-Milagre-no-Brasil-scaled.jpeg","width":2560,"height":1707,"caption":"milagre no Brasil operado por Nossa Senhora de F\u00e1tima"},{"@type":"WebPage","@id":"https:\/\/www.adf.org.br\/home\/mais-um-milagre-no-brasil-operado-por-nossa-senhora-de-fatima\/#webpage","url":"https:\/\/www.adf.org.br\/home\/mais-um-milagre-no-brasil-operado-por-nossa-senhora-de-fatima\/","name":"Mais um Milagre no Brasil operado por Nossa Senhora de F\u00e1tima","isPartOf":{"@id":"https:\/\/www.adf.org.br\/home\/#website"},"primaryImageOfPage":{"@id":"https:\/\/www.adf.org.br\/home\/mais-um-milagre-no-brasil-operado-por-nossa-senhora-de-fatima\/#primaryimage"},"datePublished":"2023-12-08T03:00:23+00:00","dateModified":"2023-12-01T13:26:10+00:00","author":{"@id":"https:\/\/www.adf.org.br\/home\/#\/schema\/person\/f35a5c5aa7728a3dedf4ea9aa1fc2753"},"description":"Nossa Senhora de F\u00e1tima vem operado diversos milagres pelo Brasil e esse voc\u00ea certamente n\u00e3o conhece.","breadcrumb":{"@id":"https:\/\/www.adf.org.br\/home\/mais-um-milagre-no-brasil-operado-por-nossa-senhora-de-fatima\/#breadcrumb"},"inLanguage":"pt-BR","potentialAction":[{"@type":"ReadAction","target":["https:\/\/www.adf.org.br\/home\/mais-um-milagre-no-brasil-operado-por-nossa-senhora-de-fatima\/"]}]},{"@type":"BreadcrumbList","@id":"https:\/\/www.adf.org.br\/home\/mais-um-milagre-no-brasil-operado-por-nossa-senhora-de-fatima\/#breadcrumb","itemListElement":[{"@type":"ListItem","position":1,"name":"Home","item":"https:\/\/www.adf.org.br\/home\/"},{"@type":"ListItem","position":2,"name":"Mais um Milagre no Brasil operado por Nossa Senhora de F\u00e1tima"}]},{"@type":"Person","@id":"https:\/\/www.adf.org.br\/home\/#\/schema\/person\/f35a5c5aa7728a3dedf4ea9aa1fc2753","name":"Gabriel Barbosa","image":{"@type":"ImageObject","@id":"https:\/\/www.adf.org.br\/home\/#personlogo","inLanguage":"pt-BR","url":"https:\/\/secure.gravatar.com\/avatar\/2b2cb2f4637682c5605e8d36818f51ef?s=96&d=mm&r=g","contentUrl":"https:\/\/secure.gravatar.com\/avatar\/2b2cb2f4637682c5605e8d36818f51ef?s=96&d=mm&r=g","caption":"Gabriel Barbosa"},"url":"https:\/\/www.adf.org.br\/home\/author\/gabrielpmk-com-br\/"}]}},"_links":{"self":[{"href":"https:\/\/www.adf.org.br\/home\/wp-json\/wp\/v2\/posts\/74674"}],"collection":[{"href":"https:\/\/www.adf.org.br\/home\/wp-json\/wp\/v2\/posts"}],"about":[{"href":"https:\/\/www.adf.org.br\/home\/wp-json\/wp\/v2\/types\/post"}],"author":[{"embeddable":true,"href":"https:\/\/www.adf.org.br\/home\/wp-json\/wp\/v2\/users\/31"}],"replies":[{"embeddable":true,"href":"https:\/\/www.adf.org.br\/home\/wp-json\/wp\/v2\/comments?post=74674"}],"version-history":[{"count":8,"href":"https:\/\/www.adf.org.br\/home\/wp-json\/wp\/v2\/posts\/74674\/revisions"}],"predecessor-version":[{"id":74683,"href":"https:\/\/www.adf.org.br\/home\/wp-json\/wp\/v2\/posts\/74674\/revisions\/74683"}],"wp:featuredmedia":[{"embeddable":true,"href":"https:\/\/www.adf.org.br\/home\/wp-json\/wp\/v2\/media\/74677"}],"wp:attachment":[{"href":"https:\/\/www.adf.org.br\/home\/wp-json\/wp\/v2\/media?parent=74674"}],"wp:term":[{"taxonomy":"category","embeddable":true,"href":"https:\/\/www.adf.org.br\/home\/wp-json\/wp\/v2\/categories?post=74674"},{"taxonomy":"post_tag","embeddable":true,"href":"https:\/\/www.adf.org.br\/home\/wp-json\/wp\/v2\/tags?post=74674"}],"curies":[{"name":"wp","href":"https:\/\/api.w.org\/{rel}","templated":true}]}}