{"id":74658,"date":"2023-12-08T00:00:19","date_gmt":"2023-12-08T03:00:19","guid":{"rendered":"https:\/\/www.adf.org.br\/home\/?p=74658"},"modified":"2023-11-30T17:02:07","modified_gmt":"2023-11-30T20:02:07","slug":"um-lindo-presente-de-natal-para-voce-e-sua-familia","status":"publish","type":"post","link":"https:\/\/www.adf.org.br\/home\/um-lindo-presente-de-natal-para-voce-e-sua-familia\/","title":{"rendered":"Um lindo presente de Natal para voc\u00ea e sua fam\u00edlia."},"content":{"rendered":"<h2><span style=\"color: #000000;\"><strong>O Natal j\u00e1 est\u00e1 chegando!<\/strong><\/span><\/h2>\n<p><span style=\"color: #000000;\"><strong>O M<\/strong>enino Jesus e Nossa Senhora de F\u00e1tima querem habitar o seu nessa data especial.<\/span><\/p>\n<p><span style=\"color: #000000;\">Sabe como voc\u00ea pode Deix\u00e1-los entrar no seu lar?<\/span><\/p>\n<p><span style=\"color: #000000;\">Colocando a Capelinha Natalina de Nossa Senhora em sua casa:<\/span><\/p>\n<p>&nbsp;<\/p>\n<p><a href=\"https:\/\/adf.org.br\/capelinhanatalnossasenhoradefatima\/?origem=28959\" target=\"_blank\" rel=\"noopener\"><img loading=\"lazy\" class=\"aligncenter wp-image-74664 size-full\" src=\"https:\/\/www.adf.org.br\/home\/wp-content\/uploads\/2023\/12\/capelinha_ADF.gif\" alt=\"Capela Natalina Nossa Senhora de F\u00e1tima\" width=\"461\" height=\"433\" \/><\/a><\/p>\n<p><strong><span style=\"color: #000000;\">A Associa\u00e7\u00e3o Devotos de F\u00e1tima est\u00e1 promovendo a iniciativa de deixar o Menino Jesus e Nossa Senhora nos lares neste Natal.<\/span><\/strong><\/p>\n<p><span style=\"color: #000000;\">Voc\u00ea concorda que era comum vermos s\u00edmbolos cat\u00f3licos nas casas no Natal?\u00a0<\/span><\/p>\n<p>Ent\u00e3o, nos dias atuais \u00e9 algo muito raro e queremos mudar este cen\u00e1rio.<\/p>\n<p style=\"text-align: center;\"><span style=\"color: #0000ff;\"><strong><span style=\"text-decoration: underline;\"><a style=\"color: #0000ff; text-decoration: underline;\" href=\"https:\/\/adf.org.br\/capelinhanatalnossasenhoradefatima\/?origem=28959\" target=\"_blank\" rel=\"noopener\">E voc\u00ea pode fazer parte disso acessando aqui<\/a><\/span><\/strong><\/span>!<\/p>\n<p>Vamos juntos resgatar o verdadeiro significado do Natal: O nascimento do Menino Jesus.<\/p>\n<h2><strong><span style=\"color: #000000;\">N\u00e3o deixe o Menino Jesus e Nossa Senhora longes de sua casa neste Natal!<\/span><\/strong><\/h2>\n<p><span style=\"color: #000000;\"><span style=\"text-decoration: underline; color: #0000ff;\"><a style=\"color: #0000ff; text-decoration: underline;\" href=\"https:\/\/adf.org.br\/capelinhanatalnossasenhoradefatima\/?origem=28959\" target=\"_blank\" rel=\"noopener\">Clique aqui para receber a Capelinha de Natal em sua casa<\/a><\/span>!<\/span><\/p>\n","protected":false},"excerpt":{"rendered":"<p>O Natal j\u00e1 est\u00e1 chegando! O Menino Jesus e Nossa Senhora de F\u00e1tima querem habitar o seu nessa data especial. Sabe como voc\u00ea pode Deix\u00e1-los entrar no seu lar? Colocando a Capelinha Natalina de Nossa Senhora em sua casa: &nbsp; A Associa\u00e7\u00e3o Devotos de F\u00e1tima est\u00e1 promovendo a iniciativa de deixar o Menino Jesus e [&hellip;]<\/p>\n","protected":false},"author":31,"featured_media":74668,"comment_status":"open","ping_status":"open","sticky":false,"template":"","format":"standard","meta":[],"categories":[20],"tags":[5376,39,5375,5387,5379,5388,5386],"yoast_head":"<!-- This site is optimized with the Yoast SEO plugin v17.4 - https:\/\/yoast.com\/wordpress\/plugins\/seo\/ -->\n<title>Um lindo presente de Natal para voc\u00ea e sua fam\u00edlia<\/title>\n<meta name=\"description\" content=\"Com esse presente voc\u00ea resgata o verdadeiro espirito de Natal para sua casa\" \/>\n<meta name=\"robots\" content=\"index, follow, max-snippet:-1, max-image-preview:large, max-video-preview:-1\" \/>\n<link rel=\"canonical\" href=\"https:\/\/www.adf.org.br\/home\/um-lindo-presente-de-natal-para-voce-e-sua-familia\/\" \/>\n<meta property=\"og:locale\" content=\"pt_BR\" \/>\n<meta property=\"og:type\" content=\"article\" \/>\n<meta property=\"og:title\" content=\"Um lindo presente de Natal para voc\u00ea e sua fam\u00edlia\" \/>\n<meta property=\"og:description\" content=\"Com esse presente voc\u00ea resgata o verdadeiro espirito de Natal para sua casa\" \/>\n<meta property=\"og:url\" content=\"https:\/\/www.adf.org.br\/home\/um-lindo-presente-de-natal-para-voce-e-sua-familia\/\" \/>\n<meta property=\"og:site_name\" content=\"Associa\u00e7\u00e3o Devotos de F\u00e1tima\" \/>\n<meta property=\"article:published_time\" content=\"2023-12-08T03:00:19+00:00\" \/>\n<meta property=\"article:modified_time\" content=\"2023-11-30T20:02:07+00:00\" \/>\n<meta property=\"og:image\" content=\"https:\/\/www.adf.org.br\/home\/wp-content\/uploads\/2023\/12\/AdobeStock_626809402-scaled.jpeg\" \/>\n\t<meta property=\"og:image:width\" content=\"2560\" \/>\n\t<meta property=\"og:image:height\" content=\"1435\" \/>\n<meta name=\"twitter:card\" content=\"summary_large_image\" \/>\n<meta name=\"twitter:label1\" content=\"Escrito por\" \/>\n\t<meta name=\"twitter:data1\" content=\"Gabriel Barbosa\" \/>\n\t<meta name=\"twitter:label2\" content=\"Est. tempo de leitura\" \/>\n\t<meta name=\"twitter:data2\" content=\"1 minuto\" \/>\n<script type=\"application\/ld+json\" class=\"yoast-schema-graph\">{\"@context\":\"https:\/\/schema.org\",\"@graph\":[{\"@type\":\"WebSite\",\"@id\":\"https:\/\/www.adf.org.br\/home\/#website\",\"url\":\"https:\/\/www.adf.org.br\/home\/\",\"name\":\"Associa\\u00e7\\u00e3o Devotos de F\\u00e1tima\",\"description\":\"Associa\\u00e7\\u00e3o Devotos de F\\u00e1tima\",\"potentialAction\":[{\"@type\":\"SearchAction\",\"target\":{\"@type\":\"EntryPoint\",\"urlTemplate\":\"https:\/\/www.adf.org.br\/home\/?s={search_term_string}\"},\"query-input\":\"required name=search_term_string\"}],\"inLanguage\":\"pt-BR\"},{\"@type\":\"ImageObject\",\"@id\":\"https:\/\/www.adf.org.br\/home\/um-lindo-presente-de-natal-para-voce-e-sua-familia\/#primaryimage\",\"inLanguage\":\"pt-BR\",\"url\":\"https:\/\/www.adf.org.br\/home\/wp-content\/uploads\/2023\/12\/AdobeStock_626809402-scaled.jpeg\",\"contentUrl\":\"https:\/\/www.adf.org.br\/home\/wp-content\/uploads\/2023\/12\/AdobeStock_626809402-scaled.jpeg\",\"width\":2560,\"height\":1435,\"caption\":\"Presente de Natal cat\\u00f3lico\"},{\"@type\":\"WebPage\",\"@id\":\"https:\/\/www.adf.org.br\/home\/um-lindo-presente-de-natal-para-voce-e-sua-familia\/#webpage\",\"url\":\"https:\/\/www.adf.org.br\/home\/um-lindo-presente-de-natal-para-voce-e-sua-familia\/\",\"name\":\"Um lindo presente de Natal para voc\\u00ea e sua fam\\u00edlia\",\"isPartOf\":{\"@id\":\"https:\/\/www.adf.org.br\/home\/#website\"},\"primaryImageOfPage\":{\"@id\":\"https:\/\/www.adf.org.br\/home\/um-lindo-presente-de-natal-para-voce-e-sua-familia\/#primaryimage\"},\"datePublished\":\"2023-12-08T03:00:19+00:00\",\"dateModified\":\"2023-11-30T20:02:07+00:00\",\"author\":{\"@id\":\"https:\/\/www.adf.org.br\/home\/#\/schema\/person\/f35a5c5aa7728a3dedf4ea9aa1fc2753\"},\"description\":\"Com esse presente voc\\u00ea resgata o verdadeiro espirito de Natal para sua casa\",\"breadcrumb\":{\"@id\":\"https:\/\/www.adf.org.br\/home\/um-lindo-presente-de-natal-para-voce-e-sua-familia\/#breadcrumb\"},\"inLanguage\":\"pt-BR\",\"potentialAction\":[{\"@type\":\"ReadAction\",\"target\":[\"https:\/\/www.adf.org.br\/home\/um-lindo-presente-de-natal-para-voce-e-sua-familia\/\"]}]},{\"@type\":\"BreadcrumbList\",\"@id\":\"https:\/\/www.adf.org.br\/home\/um-lindo-presente-de-natal-para-voce-e-sua-familia\/#breadcrumb\",\"itemListElement\":[{\"@type\":\"ListItem\",\"position\":1,\"name\":\"Home\",\"item\":\"https:\/\/www.adf.org.br\/home\/\"},{\"@type\":\"ListItem\",\"position\":2,\"name\":\"Um lindo presente de Natal para voc\\u00ea e sua fam\\u00edlia.\"}]},{\"@type\":\"Person\",\"@id\":\"https:\/\/www.adf.org.br\/home\/#\/schema\/person\/f35a5c5aa7728a3dedf4ea9aa1fc2753\",\"name\":\"Gabriel Barbosa\",\"image\":{\"@type\":\"ImageObject\",\"@id\":\"https:\/\/www.adf.org.br\/home\/#personlogo\",\"inLanguage\":\"pt-BR\",\"url\":\"https:\/\/secure.gravatar.com\/avatar\/2b2cb2f4637682c5605e8d36818f51ef?s=96&d=mm&r=g\",\"contentUrl\":\"https:\/\/secure.gravatar.com\/avatar\/2b2cb2f4637682c5605e8d36818f51ef?s=96&d=mm&r=g\",\"caption\":\"Gabriel Barbosa\"},\"url\":\"https:\/\/www.adf.org.br\/home\/author\/gabrielpmk-com-br\/\"}]}<\/script>\n<!-- \/ Yoast SEO plugin. -->","yoast_head_json":{"title":"Um lindo presente de Natal para voc\u00ea e sua fam\u00edlia","description":"Com esse presente voc\u00ea resgata o verdadeiro espirito de Natal para sua casa","robots":{"index":"index","follow":"follow","max-snippet":"max-snippet:-1","max-image-preview":"max-image-preview:large","max-video-preview":"max-video-preview:-1"},"canonical":"https:\/\/www.adf.org.br\/home\/um-lindo-presente-de-natal-para-voce-e-sua-familia\/","og_locale":"pt_BR","og_type":"article","og_title":"Um lindo presente de Natal para voc\u00ea e sua fam\u00edlia","og_description":"Com esse presente voc\u00ea resgata o verdadeiro espirito de Natal para sua casa","og_url":"https:\/\/www.adf.org.br\/home\/um-lindo-presente-de-natal-para-voce-e-sua-familia\/","og_site_name":"Associa\u00e7\u00e3o Devotos de F\u00e1tima","article_published_time":"2023-12-08T03:00:19+00:00","article_modified_time":"2023-11-30T20:02:07+00:00","og_image":[{"width":2560,"height":1435,"url":"https:\/\/www.adf.org.br\/home\/wp-content\/uploads\/2023\/12\/AdobeStock_626809402-scaled.jpeg","type":"image\/jpeg"}],"twitter_card":"summary_large_image","twitter_misc":{"Escrito por":"Gabriel Barbosa","Est. tempo de leitura":"1 minuto"},"schema":{"@context":"https:\/\/schema.org","@graph":[{"@type":"WebSite","@id":"https:\/\/www.adf.org.br\/home\/#website","url":"https:\/\/www.adf.org.br\/home\/","name":"Associa\u00e7\u00e3o Devotos de F\u00e1tima","description":"Associa\u00e7\u00e3o Devotos de F\u00e1tima","potentialAction":[{"@type":"SearchAction","target":{"@type":"EntryPoint","urlTemplate":"https:\/\/www.adf.org.br\/home\/?s={search_term_string}"},"query-input":"required name=search_term_string"}],"inLanguage":"pt-BR"},{"@type":"ImageObject","@id":"https:\/\/www.adf.org.br\/home\/um-lindo-presente-de-natal-para-voce-e-sua-familia\/#primaryimage","inLanguage":"pt-BR","url":"https:\/\/www.adf.org.br\/home\/wp-content\/uploads\/2023\/12\/AdobeStock_626809402-scaled.jpeg","contentUrl":"https:\/\/www.adf.org.br\/home\/wp-content\/uploads\/2023\/12\/AdobeStock_626809402-scaled.jpeg","width":2560,"height":1435,"caption":"Presente de Natal cat\u00f3lico"},{"@type":"WebPage","@id":"https:\/\/www.adf.org.br\/home\/um-lindo-presente-de-natal-para-voce-e-sua-familia\/#webpage","url":"https:\/\/www.adf.org.br\/home\/um-lindo-presente-de-natal-para-voce-e-sua-familia\/","name":"Um lindo presente de Natal para voc\u00ea e sua fam\u00edlia","isPartOf":{"@id":"https:\/\/www.adf.org.br\/home\/#website"},"primaryImageOfPage":{"@id":"https:\/\/www.adf.org.br\/home\/um-lindo-presente-de-natal-para-voce-e-sua-familia\/#primaryimage"},"datePublished":"2023-12-08T03:00:19+00:00","dateModified":"2023-11-30T20:02:07+00:00","author":{"@id":"https:\/\/www.adf.org.br\/home\/#\/schema\/person\/f35a5c5aa7728a3dedf4ea9aa1fc2753"},"description":"Com esse presente voc\u00ea resgata o verdadeiro espirito de Natal para sua casa","breadcrumb":{"@id":"https:\/\/www.adf.org.br\/home\/um-lindo-presente-de-natal-para-voce-e-sua-familia\/#breadcrumb"},"inLanguage":"pt-BR","potentialAction":[{"@type":"ReadAction","target":["https:\/\/www.adf.org.br\/home\/um-lindo-presente-de-natal-para-voce-e-sua-familia\/"]}]},{"@type":"BreadcrumbList","@id":"https:\/\/www.adf.org.br\/home\/um-lindo-presente-de-natal-para-voce-e-sua-familia\/#breadcrumb","itemListElement":[{"@type":"ListItem","position":1,"name":"Home","item":"https:\/\/www.adf.org.br\/home\/"},{"@type":"ListItem","position":2,"name":"Um lindo presente de Natal para voc\u00ea e sua fam\u00edlia."}]},{"@type":"Person","@id":"https:\/\/www.adf.org.br\/home\/#\/schema\/person\/f35a5c5aa7728a3dedf4ea9aa1fc2753","name":"Gabriel Barbosa","image":{"@type":"ImageObject","@id":"https:\/\/www.adf.org.br\/home\/#personlogo","inLanguage":"pt-BR","url":"https:\/\/secure.gravatar.com\/avatar\/2b2cb2f4637682c5605e8d36818f51ef?s=96&d=mm&r=g","contentUrl":"https:\/\/secure.gravatar.com\/avatar\/2b2cb2f4637682c5605e8d36818f51ef?s=96&d=mm&r=g","caption":"Gabriel Barbosa"},"url":"https:\/\/www.adf.org.br\/home\/author\/gabrielpmk-com-br\/"}]}},"_links":{"self":[{"href":"https:\/\/www.adf.org.br\/home\/wp-json\/wp\/v2\/posts\/74658"}],"collection":[{"href":"https:\/\/www.adf.org.br\/home\/wp-json\/wp\/v2\/posts"}],"about":[{"href":"https:\/\/www.adf.org.br\/home\/wp-json\/wp\/v2\/types\/post"}],"author":[{"embeddable":true,"href":"https:\/\/www.adf.org.br\/home\/wp-json\/wp\/v2\/users\/31"}],"replies":[{"embeddable":true,"href":"https:\/\/www.adf.org.br\/home\/wp-json\/wp\/v2\/comments?post=74658"}],"version-history":[{"count":9,"href":"https:\/\/www.adf.org.br\/home\/wp-json\/wp\/v2\/posts\/74658\/revisions"}],"predecessor-version":[{"id":74669,"href":"https:\/\/www.adf.org.br\/home\/wp-json\/wp\/v2\/posts\/74658\/revisions\/74669"}],"wp:featuredmedia":[{"embeddable":true,"href":"https:\/\/www.adf.org.br\/home\/wp-json\/wp\/v2\/media\/74668"}],"wp:attachment":[{"href":"https:\/\/www.adf.org.br\/home\/wp-json\/wp\/v2\/media?parent=74658"}],"wp:term":[{"taxonomy":"category","embeddable":true,"href":"https:\/\/www.adf.org.br\/home\/wp-json\/wp\/v2\/categories?post=74658"},{"taxonomy":"post_tag","embeddable":true,"href":"https:\/\/www.adf.org.br\/home\/wp-json\/wp\/v2\/tags?post=74658"}],"curies":[{"name":"wp","href":"https:\/\/api.w.org\/{rel}","templated":true}]}}