{"id":74544,"date":"2023-11-29T00:00:05","date_gmt":"2023-11-29T03:00:05","guid":{"rendered":"https:\/\/www.adf.org.br\/home\/?p=74544"},"modified":"2023-11-24T11:44:25","modified_gmt":"2023-11-24T14:44:25","slug":"medalha-milagrosa-simbolo-de-esperanca-e-salvacao","status":"publish","type":"post","link":"https:\/\/www.adf.org.br\/home\/medalha-milagrosa-simbolo-de-esperanca-e-salvacao\/","title":{"rendered":"Medalha Milagrosa: S\u00edmbolo de Esperan\u00e7a e Salva\u00e7\u00e3o"},"content":{"rendered":"<figure id=\"attachment_74551\" aria-describedby=\"caption-attachment-74551\" style=\"width: 770px\" class=\"wp-caption aligncenter\"><img loading=\"lazy\" class=\"wp-image-74551 size-full\" src=\"https:\/\/www.adf.org.br\/home\/wp-content\/uploads\/2023\/11\/Colera-Paris.jpg\" alt=\"\" width=\"770\" height=\"513\" srcset=\"https:\/\/www.adf.org.br\/home\/wp-content\/uploads\/2023\/11\/Colera-Paris.jpg 770w, https:\/\/www.adf.org.br\/home\/wp-content\/uploads\/2023\/11\/Colera-Paris-300x200.jpg 300w, https:\/\/www.adf.org.br\/home\/wp-content\/uploads\/2023\/11\/Colera-Paris-768x512.jpg 768w\" sizes=\"(max-width: 770px) 100vw, 770px\" \/><figcaption id=\"caption-attachment-74551\" class=\"wp-caption-text\">Representa\u00e7\u00e3o da C\u00f3lera<\/figcaption><\/figure>\n<p><span style=\"color: #000000;\">No S\u00e9culo XIX o mundo presenciou uma das maiores pandemias da Hist\u00f3ria, onde se perderam milh\u00f5es de vidas. <\/span><\/p>\n<p><span style=\"color: #000000;\"><strong>Entre os pa\u00edses atingidos estava a Fran\u00e7a, que passava tamb\u00e9m por uma Revolu\u00e7\u00e3o de car\u00e1ter liberal popular.<\/strong><\/span><\/p>\n<p><span style=\"color: #000000;\">Foi neste momento de crise e instabilidade social, pol\u00edtica e econ\u00f4mica, que Nossa Senhora aparece e faz a primeira de suas grandes mensagens para o mundo. E fala do uso de uma medalha.<\/span><\/p>\n<p><span style=\"color: #000000;\">De fam\u00edlia humilde, nasce Catherine Labour\u00e9, que, ainda jovem, ingressa ao noviciado das Filhas da Caridade de S\u00e3o Vicente de Paulo na Rue du Bac, em Paris. <\/span><\/p>\n<p><span style=\"color: #000000;\">E ainda novi\u00e7a, recebe a gra\u00e7a de ver Nossa Senhora em pessoa por 3 vezes no per\u00edodo de julho a dezembro de 1830.<\/span><\/p>\n<p style=\"padding-left: 40px;\"><strong><span style=\"color: #000000;\">Aos 18 de julho foi a primeira apari\u00e7\u00e3o, quando no meio da noite uma crian\u00e7a misteriosa a acorda e lhe diz: <em>\u201cA Sant\u00edssima Virgem a espera\u201d<\/em>.<\/span><\/strong><\/p>\n<p><span style=\"color: #000000;\">Catarina se veste e acompanha a crian\u00e7a, que vai iluminando com raios de luz todos os lugares por onde passa.<\/span><\/p>\n<p><span style=\"color: #000000;\">Chegando \u00e0 capela, seu pequeno guia lhe apresenta: <em>\u201cEis a Sant\u00edssima Virgem\u201d<\/em>.<\/span><\/p>\n<p><span style=\"color: #000000;\">Catarina corre aos joelhos de Nossa Senhora sentada na cadeira, e relata ter passado ali o momento mais suave de sua vida. Foi ent\u00e3o que Catarina recebe o an\u00fancio de sua miss\u00e3o e o pedido de funda\u00e7\u00e3o de uma Confraria dos Filhos de Maria.<\/span><\/p>\n<p><span style=\"color: #000000;\"><strong>Em 27 de novembro aparece de novo, dessa vez durante a ora\u00e7\u00e3o das Irm\u00e3s<\/strong>, sobre o quadro de S\u00e3o Jos\u00e9. <\/span><\/p>\n<p><span style=\"color: #000000;\">Antes, Catarina v\u00ea dois globos vivos, que passam, um ap\u00f3s o outro, e nos quais a\u00a0 ant\u00edssima Virgem se mant\u00e9m em p\u00e9, sobre a metade do globo terrestre e seus p\u00e9s esmagando a serpente.<\/span><\/p>\n<p><span style=\"color: #000000;\">De repente, Santa Catarina v\u00ea nos dedos da Sant\u00edssima Virgem an\u00e9is revestidos de bel\u00edssimas pedras preciosas, das quais sa\u00edam raios muito brilhantes. A respeito destes, Nossa Senhora explicou:<\/span><\/p>\n<blockquote><p><span style=\"color: #800080;\"><em><strong>\u201cEstes raios s\u00e3o o s\u00edmbolo das gra\u00e7as que Eu derramo sobre as pessoas que mas pedem\u201d<\/strong><\/em>.<\/span><\/p><\/blockquote>\n<p><span style=\"color: #000000;\">A partir dessa imagem e da explica\u00e7\u00e3o da Virgem Maria, a Irm\u00e3 Catarina compreendeu:<strong> qu\u00e3o agrad\u00e1vel \u00e9 rezar a ela; quanto ela \u00e9 generosa para com seus devotos; quantas gra\u00e7as concede \u00e0s pessoas que lhe pedem; e que alegria ela sente ao conced\u00ea-las a n\u00f3s<\/strong>.<\/span><\/p>\n<p><span style=\"color: #000000;\">Depois, em forma oval, forma-se a apari\u00e7\u00e3o e Catarina v\u00ea inscrita, em letras de ouro, esta invoca\u00e7\u00e3o: <\/span><\/p>\n<blockquote><p><em><span style=\"color: #000000;\">\u201c<strong>\u00d3 Maria concebida sem pecado, rogai por n\u00f3s, que recorremos a V\u00f3s!<\/strong>&#8220;. Ent\u00e3o uma voz se faz ouvir: \u201c<strong>Fazei cunhar uma medalha sob este modelo. As pessoas que a usarem, com confian\u00e7a, receber\u00e3o muitas gra\u00e7as<\/strong>\u201d.<\/span><\/em><\/p><\/blockquote>\n<p><span style=\"color: #000000;\">Finalmente, ao redor, <strong>Catarina v\u00ea o reverso da Medalha<\/strong>: no alto, uma cruz, com a inicial do nome de Maria superposta, e, em baixo, dois cora\u00e7\u00f5es, um coroado de espinhos, e outro, transpassado por uma lan\u00e7a.<\/span><\/p>\n<p><span style=\"color: #000000;\">Alguns meses ap\u00f3s as apari\u00e7\u00f5es, Irm\u00e3 Catarina \u00e9 nomeada para cuidar dos idosos no Asilo de Enghien. <\/span><\/p>\n<p><span style=\"color: #000000;\"><strong>Uma voz interior, por\u00e9m, insiste: \u00e9 preciso fazer cunhar a medalha.<\/strong> E foi em fevereiro de 1832, que a terr\u00edvel epidemia de c\u00f3lera, se alastra por toda Fran\u00e7a.<\/span><\/p>\n<p><span style=\"color: #000000;\"><strong>As Filhas da Caridade come\u00e7am a distribuir, em junho, as primeiras medalhas. <\/strong><\/span><\/p>\n<p><span style=\"color: #000000;\"><strong>As curas multiplicam-se, bem como as prote\u00e7\u00f5es e convers\u00f5es<\/strong>. E foi por essas gra\u00e7as que o povo de Paris come\u00e7ou a chamar a medalha de \u201cmilagrosa\u201d.<\/span><\/p>\n<p style=\"padding-left: 40px;\"><span style=\"color: #000000;\"><strong>A medalha \u00e9 um poderoso sacramental, um verdadeiro canal de b\u00ean\u00e7\u00e3os e gra\u00e7as. <\/strong><\/span><\/p>\n<p style=\"padding-left: 40px;\"><span style=\"color: #000000;\"><strong>Quem a leva consigo porta um sinal de que pertence \u00e0 Virgem Maria e, se pertence a ela, pertence tamb\u00e9m a Jesus Cristo, Nosso Senhor.<\/strong> <\/span><\/p>\n<p style=\"padding-left: 40px;\"><span style=\"color: #000000;\">Portanto, quem est\u00e1 com Deus nada teme: <em>\u201cSe Deus \u00e9 por n\u00f3s quem ser\u00e1 contra n\u00f3s!\u201d<\/em> (Rm 8,31).<\/span><\/p>\n<p><span style=\"color: #000000;\">Esta devo\u00e7\u00e3o mariana que ficou conhecida como Nossa Senhora das Gra\u00e7as, se mant\u00eam muito atuais, especialmente em nosso tempo, marcado por grandes desordens. <\/span><\/p>\n<p><span style=\"color: #000000;\"><strong>Temos, nessas apari\u00e7\u00f5es, a certeza da presen\u00e7a de Nossa Senhora, que prometeu estar sempre conosco<\/strong>, velar por n\u00f3s e nos conceder muitas gra\u00e7as.<\/span><\/p>\n<p><span style=\"color: #000000;\">Por isso<strong>, ainda que tudo possa parecer estar perdido, tenhamos confian\u00e7a, pois a Virgem Maria n\u00e3o nos abandonar\u00e1 e como Ela mesma prometeu<\/strong>:<\/span><\/p>\n<h2 style=\"text-align: center;\"><span style=\"color: #800080;\"><em>\u201cTodas <strong>as pessoas que trouxeram com f\u00e9 e confian\u00e7a receber\u00e3o gra\u00e7as especiais<\/strong>\u201d<\/em><\/span><\/h2>\n<p><span style=\"color: #000000;\">Repare nessa promessa que Nossa Senhora das Gra\u00e7as fez&#8230;<\/span><\/p>\n<p><span style=\"color: #000000;\">Ela n\u00e3o se refere a algumas pessoas receber\u00e3o, mas sim TODAS.<\/span><\/p>\n<p><span style=\"color: #000000;\">E, certamente, voc\u00ea preciosa de gra\u00e7as em sua vida, sejam elas materiais ou espirituais.<\/span><\/p>\n<p><span style=\"color: #000000;\">Ent\u00e3o, <strong>voc\u00ea precisa da Medalha Milagrosa de Nossa Senhora das Gra\u00e7as:<\/strong><\/span><\/p>\n<figure id=\"attachment_74430\" aria-describedby=\"caption-attachment-74430\" style=\"width: 182px\" class=\"wp-caption alignleft\"><img loading=\"lazy\" class=\"wp-image-74430 size-full\" src=\"https:\/\/www.adf.org.br\/home\/wp-content\/uploads\/2023\/11\/medalha.jpg\" alt=\"Medalha Milagrosa que a Associa\u00e7\u00e3o Devotos de F\u00e1tima est\u00e1 distribuindo\" width=\"182\" height=\"192\" \/><figcaption id=\"caption-attachment-74430\" class=\"wp-caption-text\">Medalha Milagrosa que a Associa\u00e7\u00e3o Devotos de F\u00e1tima est\u00e1 distribuindo<\/figcaption><\/figure>\n<p><span style=\"color: #000000;\"><span style=\"color: #800080;\"><strong>Voc\u00ea pode ganhar uma Medalha de GRA\u00c7A se ligar aqui na Associa\u00e7\u00e3o pelo<\/strong><\/span>:<\/span><\/p>\n<h1 style=\"text-align: center;\"><span style=\"text-decoration: underline;\"><span style=\"color: #0000ff;\"><a style=\"color: #0000ff;\" href=\"tel:08006082128\" target=\"_blank\" rel=\"noopener\"><strong>0800 608 2128<\/strong><\/a><\/span><\/span><\/h1>\n<p style=\"text-align: center;\"><span style=\"color: #000000;\">Toque ou pressione o n\u00famero para discar automaticamente.<\/span><br \/>\n<span style=\"color: #000000;\">A liga\u00e7\u00e3o \u00e9 gr\u00e1tis para todo o Brasil<\/span><\/p>\n<p><span style=\"color: #000000;\">A Medalha que estamos distribuindo foi confeccionada segundo as apari\u00e7\u00f5es de Nossa Senhora \u00e0 Santa Catarina e no lugar onde Ela apareceu: na Fran\u00e7a.<\/span><\/p>\n<p><span style=\"color: #000000;\">Infelizmente, h\u00e1 muitas medalhas por a\u00ed que s\u00e3o falsas, intituladas at\u00e9 de &#8216;vers\u00f5es sat\u00e2nicas&#8217; e n\u00e3o s\u00e3o essas que voc\u00ea quer, certo?<\/span><\/p>\n<p><span style=\"color: #000000;\">Portanto, nada de perder tempo. Ligue na associa\u00e7\u00e3o &#8211; <span style=\"text-decoration: underline; color: #0000ff;\"><strong>0800 608 2128<\/strong><\/span> &#8211; e pe\u00e7a gr\u00e1tis a Medalha Milagrosa de Nossa Senhora das Gra\u00e7as.<\/span><\/p>\n","protected":false},"excerpt":{"rendered":"<p>No S\u00e9culo XIX o mundo presenciou uma das maiores pandemias da Hist\u00f3ria, onde se perderam milh\u00f5es de vidas. Entre os pa\u00edses atingidos estava a Fran\u00e7a, que passava tamb\u00e9m por uma Revolu\u00e7\u00e3o de car\u00e1ter liberal popular. Foi neste momento de crise e instabilidade social, pol\u00edtica e econ\u00f4mica, que Nossa Senhora aparece e faz a primeira de [&hellip;]<\/p>\n","protected":false},"author":31,"featured_media":74552,"comment_status":"open","ping_status":"open","sticky":false,"template":"","format":"standard","meta":[],"categories":[20],"tags":[34,38,2094,306,2922],"yoast_head":"<!-- This site is optimized with the Yoast SEO plugin v17.4 - https:\/\/yoast.com\/wordpress\/plugins\/seo\/ -->\n<title>Medalha Milagrosa: S\u00edmbolo de Esperan\u00e7a e Salva\u00e7\u00e3o<\/title>\n<meta name=\"description\" content=\"A Medalha Milagrosa, que foi revelada a Santa Catarina Labour\u00e9, \u00e9 um s\u00edmbolo de Esperan\u00e7a e Salva\u00e7\u00e3o\" \/>\n<meta name=\"robots\" content=\"index, follow, max-snippet:-1, max-image-preview:large, max-video-preview:-1\" \/>\n<link rel=\"canonical\" href=\"https:\/\/www.adf.org.br\/home\/medalha-milagrosa-simbolo-de-esperanca-e-salvacao\/\" \/>\n<meta property=\"og:locale\" content=\"pt_BR\" \/>\n<meta property=\"og:type\" content=\"article\" \/>\n<meta property=\"og:title\" content=\"Medalha Milagrosa: S\u00edmbolo de Esperan\u00e7a e Salva\u00e7\u00e3o\" \/>\n<meta property=\"og:description\" content=\"A Medalha Milagrosa, que foi revelada a Santa Catarina Labour\u00e9, \u00e9 um s\u00edmbolo de Esperan\u00e7a e Salva\u00e7\u00e3o\" \/>\n<meta property=\"og:url\" content=\"https:\/\/www.adf.org.br\/home\/medalha-milagrosa-simbolo-de-esperanca-e-salvacao\/\" \/>\n<meta property=\"og:site_name\" content=\"Associa\u00e7\u00e3o Devotos de F\u00e1tima\" \/>\n<meta property=\"article:published_time\" content=\"2023-11-29T03:00:05+00:00\" \/>\n<meta property=\"article:modified_time\" content=\"2023-11-24T14:44:25+00:00\" \/>\n<meta property=\"og:image\" content=\"https:\/\/www.adf.org.br\/home\/wp-content\/uploads\/2023\/11\/Medalha-Milagrosa-de-Nossa-Senhora.jpg\" \/>\n\t<meta property=\"og:image:width\" content=\"1280\" \/>\n\t<meta property=\"og:image:height\" content=\"720\" \/>\n<meta name=\"twitter:card\" content=\"summary_large_image\" \/>\n<meta name=\"twitter:label1\" content=\"Escrito por\" \/>\n\t<meta name=\"twitter:data1\" content=\"Gabriel Barbosa\" \/>\n\t<meta name=\"twitter:label2\" content=\"Est. tempo de leitura\" \/>\n\t<meta name=\"twitter:data2\" content=\"5 minutos\" \/>\n<script type=\"application\/ld+json\" class=\"yoast-schema-graph\">{\"@context\":\"https:\/\/schema.org\",\"@graph\":[{\"@type\":\"WebSite\",\"@id\":\"https:\/\/www.adf.org.br\/home\/#website\",\"url\":\"https:\/\/www.adf.org.br\/home\/\",\"name\":\"Associa\\u00e7\\u00e3o Devotos de F\\u00e1tima\",\"description\":\"Associa\\u00e7\\u00e3o Devotos de F\\u00e1tima\",\"potentialAction\":[{\"@type\":\"SearchAction\",\"target\":{\"@type\":\"EntryPoint\",\"urlTemplate\":\"https:\/\/www.adf.org.br\/home\/?s={search_term_string}\"},\"query-input\":\"required name=search_term_string\"}],\"inLanguage\":\"pt-BR\"},{\"@type\":\"ImageObject\",\"@id\":\"https:\/\/www.adf.org.br\/home\/medalha-milagrosa-simbolo-de-esperanca-e-salvacao\/#primaryimage\",\"inLanguage\":\"pt-BR\",\"url\":\"https:\/\/www.adf.org.br\/home\/wp-content\/uploads\/2023\/11\/Medalha-Milagrosa-de-Nossa-Senhora.jpg\",\"contentUrl\":\"https:\/\/www.adf.org.br\/home\/wp-content\/uploads\/2023\/11\/Medalha-Milagrosa-de-Nossa-Senhora.jpg\",\"width\":1280,\"height\":720,\"caption\":\"Medalha Milagrosa de Nossa Senhora\"},{\"@type\":\"WebPage\",\"@id\":\"https:\/\/www.adf.org.br\/home\/medalha-milagrosa-simbolo-de-esperanca-e-salvacao\/#webpage\",\"url\":\"https:\/\/www.adf.org.br\/home\/medalha-milagrosa-simbolo-de-esperanca-e-salvacao\/\",\"name\":\"Medalha Milagrosa: S\\u00edmbolo de Esperan\\u00e7a e Salva\\u00e7\\u00e3o\",\"isPartOf\":{\"@id\":\"https:\/\/www.adf.org.br\/home\/#website\"},\"primaryImageOfPage\":{\"@id\":\"https:\/\/www.adf.org.br\/home\/medalha-milagrosa-simbolo-de-esperanca-e-salvacao\/#primaryimage\"},\"datePublished\":\"2023-11-29T03:00:05+00:00\",\"dateModified\":\"2023-11-24T14:44:25+00:00\",\"author\":{\"@id\":\"https:\/\/www.adf.org.br\/home\/#\/schema\/person\/f35a5c5aa7728a3dedf4ea9aa1fc2753\"},\"description\":\"A Medalha Milagrosa, que foi revelada a Santa Catarina Labour\\u00e9, \\u00e9 um s\\u00edmbolo de Esperan\\u00e7a e Salva\\u00e7\\u00e3o\",\"breadcrumb\":{\"@id\":\"https:\/\/www.adf.org.br\/home\/medalha-milagrosa-simbolo-de-esperanca-e-salvacao\/#breadcrumb\"},\"inLanguage\":\"pt-BR\",\"potentialAction\":[{\"@type\":\"ReadAction\",\"target\":[\"https:\/\/www.adf.org.br\/home\/medalha-milagrosa-simbolo-de-esperanca-e-salvacao\/\"]}]},{\"@type\":\"BreadcrumbList\",\"@id\":\"https:\/\/www.adf.org.br\/home\/medalha-milagrosa-simbolo-de-esperanca-e-salvacao\/#breadcrumb\",\"itemListElement\":[{\"@type\":\"ListItem\",\"position\":1,\"name\":\"Home\",\"item\":\"https:\/\/www.adf.org.br\/home\/\"},{\"@type\":\"ListItem\",\"position\":2,\"name\":\"Medalha Milagrosa: S\\u00edmbolo de Esperan\\u00e7a e Salva\\u00e7\\u00e3o\"}]},{\"@type\":\"Person\",\"@id\":\"https:\/\/www.adf.org.br\/home\/#\/schema\/person\/f35a5c5aa7728a3dedf4ea9aa1fc2753\",\"name\":\"Gabriel Barbosa\",\"image\":{\"@type\":\"ImageObject\",\"@id\":\"https:\/\/www.adf.org.br\/home\/#personlogo\",\"inLanguage\":\"pt-BR\",\"url\":\"https:\/\/secure.gravatar.com\/avatar\/2b2cb2f4637682c5605e8d36818f51ef?s=96&d=mm&r=g\",\"contentUrl\":\"https:\/\/secure.gravatar.com\/avatar\/2b2cb2f4637682c5605e8d36818f51ef?s=96&d=mm&r=g\",\"caption\":\"Gabriel Barbosa\"},\"url\":\"https:\/\/www.adf.org.br\/home\/author\/gabrielpmk-com-br\/\"}]}<\/script>\n<!-- \/ Yoast SEO plugin. -->","yoast_head_json":{"title":"Medalha Milagrosa: S\u00edmbolo de Esperan\u00e7a e Salva\u00e7\u00e3o","description":"A Medalha Milagrosa, que foi revelada a Santa Catarina Labour\u00e9, \u00e9 um s\u00edmbolo de Esperan\u00e7a e Salva\u00e7\u00e3o","robots":{"index":"index","follow":"follow","max-snippet":"max-snippet:-1","max-image-preview":"max-image-preview:large","max-video-preview":"max-video-preview:-1"},"canonical":"https:\/\/www.adf.org.br\/home\/medalha-milagrosa-simbolo-de-esperanca-e-salvacao\/","og_locale":"pt_BR","og_type":"article","og_title":"Medalha Milagrosa: S\u00edmbolo de Esperan\u00e7a e Salva\u00e7\u00e3o","og_description":"A Medalha Milagrosa, que foi revelada a Santa Catarina Labour\u00e9, \u00e9 um s\u00edmbolo de Esperan\u00e7a e Salva\u00e7\u00e3o","og_url":"https:\/\/www.adf.org.br\/home\/medalha-milagrosa-simbolo-de-esperanca-e-salvacao\/","og_site_name":"Associa\u00e7\u00e3o Devotos de F\u00e1tima","article_published_time":"2023-11-29T03:00:05+00:00","article_modified_time":"2023-11-24T14:44:25+00:00","og_image":[{"width":1280,"height":720,"url":"https:\/\/www.adf.org.br\/home\/wp-content\/uploads\/2023\/11\/Medalha-Milagrosa-de-Nossa-Senhora.jpg","type":"image\/jpeg"}],"twitter_card":"summary_large_image","twitter_misc":{"Escrito por":"Gabriel Barbosa","Est. tempo de leitura":"5 minutos"},"schema":{"@context":"https:\/\/schema.org","@graph":[{"@type":"WebSite","@id":"https:\/\/www.adf.org.br\/home\/#website","url":"https:\/\/www.adf.org.br\/home\/","name":"Associa\u00e7\u00e3o Devotos de F\u00e1tima","description":"Associa\u00e7\u00e3o Devotos de F\u00e1tima","potentialAction":[{"@type":"SearchAction","target":{"@type":"EntryPoint","urlTemplate":"https:\/\/www.adf.org.br\/home\/?s={search_term_string}"},"query-input":"required name=search_term_string"}],"inLanguage":"pt-BR"},{"@type":"ImageObject","@id":"https:\/\/www.adf.org.br\/home\/medalha-milagrosa-simbolo-de-esperanca-e-salvacao\/#primaryimage","inLanguage":"pt-BR","url":"https:\/\/www.adf.org.br\/home\/wp-content\/uploads\/2023\/11\/Medalha-Milagrosa-de-Nossa-Senhora.jpg","contentUrl":"https:\/\/www.adf.org.br\/home\/wp-content\/uploads\/2023\/11\/Medalha-Milagrosa-de-Nossa-Senhora.jpg","width":1280,"height":720,"caption":"Medalha Milagrosa de Nossa Senhora"},{"@type":"WebPage","@id":"https:\/\/www.adf.org.br\/home\/medalha-milagrosa-simbolo-de-esperanca-e-salvacao\/#webpage","url":"https:\/\/www.adf.org.br\/home\/medalha-milagrosa-simbolo-de-esperanca-e-salvacao\/","name":"Medalha Milagrosa: S\u00edmbolo de Esperan\u00e7a e Salva\u00e7\u00e3o","isPartOf":{"@id":"https:\/\/www.adf.org.br\/home\/#website"},"primaryImageOfPage":{"@id":"https:\/\/www.adf.org.br\/home\/medalha-milagrosa-simbolo-de-esperanca-e-salvacao\/#primaryimage"},"datePublished":"2023-11-29T03:00:05+00:00","dateModified":"2023-11-24T14:44:25+00:00","author":{"@id":"https:\/\/www.adf.org.br\/home\/#\/schema\/person\/f35a5c5aa7728a3dedf4ea9aa1fc2753"},"description":"A Medalha Milagrosa, que foi revelada a Santa Catarina Labour\u00e9, \u00e9 um s\u00edmbolo de Esperan\u00e7a e Salva\u00e7\u00e3o","breadcrumb":{"@id":"https:\/\/www.adf.org.br\/home\/medalha-milagrosa-simbolo-de-esperanca-e-salvacao\/#breadcrumb"},"inLanguage":"pt-BR","potentialAction":[{"@type":"ReadAction","target":["https:\/\/www.adf.org.br\/home\/medalha-milagrosa-simbolo-de-esperanca-e-salvacao\/"]}]},{"@type":"BreadcrumbList","@id":"https:\/\/www.adf.org.br\/home\/medalha-milagrosa-simbolo-de-esperanca-e-salvacao\/#breadcrumb","itemListElement":[{"@type":"ListItem","position":1,"name":"Home","item":"https:\/\/www.adf.org.br\/home\/"},{"@type":"ListItem","position":2,"name":"Medalha Milagrosa: S\u00edmbolo de Esperan\u00e7a e Salva\u00e7\u00e3o"}]},{"@type":"Person","@id":"https:\/\/www.adf.org.br\/home\/#\/schema\/person\/f35a5c5aa7728a3dedf4ea9aa1fc2753","name":"Gabriel Barbosa","image":{"@type":"ImageObject","@id":"https:\/\/www.adf.org.br\/home\/#personlogo","inLanguage":"pt-BR","url":"https:\/\/secure.gravatar.com\/avatar\/2b2cb2f4637682c5605e8d36818f51ef?s=96&d=mm&r=g","contentUrl":"https:\/\/secure.gravatar.com\/avatar\/2b2cb2f4637682c5605e8d36818f51ef?s=96&d=mm&r=g","caption":"Gabriel Barbosa"},"url":"https:\/\/www.adf.org.br\/home\/author\/gabrielpmk-com-br\/"}]}},"_links":{"self":[{"href":"https:\/\/www.adf.org.br\/home\/wp-json\/wp\/v2\/posts\/74544"}],"collection":[{"href":"https:\/\/www.adf.org.br\/home\/wp-json\/wp\/v2\/posts"}],"about":[{"href":"https:\/\/www.adf.org.br\/home\/wp-json\/wp\/v2\/types\/post"}],"author":[{"embeddable":true,"href":"https:\/\/www.adf.org.br\/home\/wp-json\/wp\/v2\/users\/31"}],"replies":[{"embeddable":true,"href":"https:\/\/www.adf.org.br\/home\/wp-json\/wp\/v2\/comments?post=74544"}],"version-history":[{"count":8,"href":"https:\/\/www.adf.org.br\/home\/wp-json\/wp\/v2\/posts\/74544\/revisions"}],"predecessor-version":[{"id":74554,"href":"https:\/\/www.adf.org.br\/home\/wp-json\/wp\/v2\/posts\/74544\/revisions\/74554"}],"wp:featuredmedia":[{"embeddable":true,"href":"https:\/\/www.adf.org.br\/home\/wp-json\/wp\/v2\/media\/74552"}],"wp:attachment":[{"href":"https:\/\/www.adf.org.br\/home\/wp-json\/wp\/v2\/media?parent=74544"}],"wp:term":[{"taxonomy":"category","embeddable":true,"href":"https:\/\/www.adf.org.br\/home\/wp-json\/wp\/v2\/categories?post=74544"},{"taxonomy":"post_tag","embeddable":true,"href":"https:\/\/www.adf.org.br\/home\/wp-json\/wp\/v2\/tags?post=74544"}],"curies":[{"name":"wp","href":"https:\/\/api.w.org\/{rel}","templated":true}]}}