{"id":74538,"date":"2023-11-28T08:00:20","date_gmt":"2023-11-28T11:00:20","guid":{"rendered":"https:\/\/www.adf.org.br\/home\/?p=74538"},"modified":"2025-11-26T10:35:04","modified_gmt":"2025-11-26T13:35:04","slug":"santa-catarina-laboure-aparicoes-de-nossa-senhora-das-gracas-medalha-milagrosa","status":"publish","type":"post","link":"https:\/\/www.adf.org.br\/home\/santa-catarina-laboure-aparicoes-de-nossa-senhora-das-gracas-medalha-milagrosa\/","title":{"rendered":"Santa Catarina Labour\u00e9: As Apari\u00e7\u00f5es de Nossa Senhora das Gra\u00e7as e a Medalha Milagrosa"},"content":{"rendered":"<p><strong><span style=\"color: #000000;\">Celebramos hoje a Festa de Santa Catarina Labour\u00e9, que em 1830, recebeu vis\u00f5es de Maria Sant\u00edssimo, que anos mais tarde, recebeu o nome de &#8220;Nossa Senhora das Gra\u00e7as&#8221;<\/span><\/strong><\/p>\n<p><span style=\"color: #000000;\">Poucos sabem, mas s\u00f3 em 1876 que tornou-se p\u00fablico que uma humilde religiosa, falecida naquele ano, \u00e9 que recebera da M\u00e3e de Deus a revela\u00e7\u00e3o dessa Medalha.<\/span><\/p>\n<p><span style=\"color: #000000;\">Vamos ent\u00e3o revisitar a hist\u00f3ria da humilde Catarina Labour\u00e9 antes de tornar-se santa&#8230;<\/span><\/p>\n<figure style=\"width: 189px\" class=\"wp-caption alignleft\"><img loading=\"lazy\" src=\"https:\/\/upload.wikimedia.org\/wikipedia\/commons\/thumb\/c\/c0\/Catherine_Laboure.jpg\/240px-Catherine_Laboure.jpg\" alt=\"Santa Catarina Labour\u00e9\" width=\"189\" height=\"343\" \/><figcaption class=\"wp-caption-text\">Santa Catarina Labour\u00e9<\/figcaption><\/figure>\n<p><span style=\"color: #000000;\">Tudo come\u00e7ou na pequena aldeia de Fain-les-Moutiers, em Borgonha. Catarina nasceu a 2 de maio de 1806, a nona dos onze filhos de Pedro e Lu\u00edsa Labour\u00e9, honestos e religiosos agricultores. Quando tinha apenas nove anos, Catarina perdeu a m\u00e3e.\u00a0<\/span><\/p>\n<p style=\"padding-left: 40px;\"><span style=\"color: #000000;\"><strong>Ap\u00f3s o funeral, a menina subiu numa cadeira em seu quarto, tirou uma imagem de Nossa Senhora da parede, osculou-a e pediu-lhe que Ela se dignasse substituir sua m\u00e3e falecida.<\/strong><\/span><\/p>\n<p><span style=\"color: #000000;\">Tr\u00eas anos depois, sua irm\u00e3 mais velha entrou para o convento das Irm\u00e3s da Caridade de S\u00e3o Vicente de Paulo. <\/span><span style=\"color: #000000;\">Couberam a Catarina, ent\u00e3o com 12 anos, e \u00e0 sua irm\u00e3 Tonete, com 10, todas as responsabilidades dom\u00e9sticas.<\/span><\/p>\n<p><span style=\"color: #000000;\"><strong>Foi nessa \u00e9poca que ela recebeu a Primeira Comunh\u00e3o.<\/strong><\/span><\/p>\n<p><span style=\"color: #000000;\"><strong>A partir de ent\u00e3o a menina passou a levantar-se todos os dias \u00e0s quatro horas da manh\u00e3, para assistir \u00e0 Missa e rezar na igreja da aldeia.<\/strong><\/span><\/p>\n<p><span style=\"color: #000000;\">Apesar dos in\u00fameros afazeres, n\u00e3o descuidava sua vida de piedade, encontrando sempre tempo para medita\u00e7\u00e3o, ora\u00e7\u00f5es vocais e mortifica\u00e7\u00f5es.<\/span><\/p>\n<h2><span style=\"color: #000000;\"><strong><br \/>\nS\u00e3o Vicente de Paulo indica-lhe sua voca\u00e7\u00e3o<\/strong><\/span><\/h2>\n<figure style=\"width: 193px\" class=\"wp-caption alignright\"><img loading=\"lazy\" src=\"https:\/\/www.pbcm.org.br\/source\/St-Vicente-de-Paulo.jpg\" alt=\"S\u00e3o Vicente de Paulo\" width=\"193\" height=\"232\" \/><figcaption class=\"wp-caption-text\">S\u00e3o Vicente de Paulo<\/figcaption><\/figure>\n<p><span style=\"color: #000000;\">O tempo foi passando, e Catarina crescendo em gra\u00e7a e santidade. Certo dia ela sonhou que estava na igreja e viu um sacerdote j\u00e1 anci\u00e3o celebrando a Missa.<\/span><\/p>\n<p><span style=\"color: #000000;\"><strong>Quando esta terminou, o sacerdote fez-lhe um sinal com o dedo, chamando-a para perto de si. Por\u00e9m, t\u00edmida, Catarina retirou-se do recinto sagrado e foi visitar um doente<\/strong>. O mesmo sacerdote apareceu-lhe, e disse:<\/span><\/p>\n<p style=\"padding-left: 40px;\"><span style=\"color: #000000;\">\u201c<em>Minha filha, \u00e9 uma boa obra cuidar dos enfermos; voc\u00ea agora foge de mim, mas um dia ser\u00e1 feliz de me encontrar. Deus tem des\u00edgnios sobre voc\u00ea, n\u00e3o se esque\u00e7a\u201d.<\/em><\/span><\/p>\n<p><span style=\"color: #000000;\">Catarina acordou sem entender o significado do sonho.<\/span><\/p>\n<p><span style=\"color: #000000;\">Mais tarde, visitando o convento das Irm\u00e3s da Caridade de Chatillon, onde estava sua irm\u00e3, viu na parede um quadro representando o mesmo anci\u00e3o.<\/span><\/p>\n<p><span style=\"color: #000000;\">Perguntou quem era, e responderam-lhe que se tratava de S\u00e3o Vicente de Paulo, fundador da Congrega\u00e7\u00e3o. Catarina entendeu ent\u00e3o que sua voca\u00e7\u00e3o era a de ser uma das filhas do Santo da caridade.<\/span><\/p>\n<p><span style=\"color: #000000;\"><strong>Mas seu pai n\u00e3o queria ouvir falar disso. J\u00e1 bastava ter dado uma filha a Deus, e ele tinha muito apego a Catarina.<\/strong><\/span><\/p>\n<p><strong><span style=\"color: #000000;\">Para distra\u00ed-la dessa ideia, mandou-a a Paris, para ajudar seu irm\u00e3o que tinha l\u00e1 uma pens\u00e3o.<\/span><\/strong><\/p>\n<p><span style=\"color: #000000;\">Foi uma prova\u00e7\u00e3o para a santa ver-se em meio aos rudes fregueses do estabelecimento, o que a fez redobrar as ora\u00e7\u00f5es para manter sua pureza de cora\u00e7\u00e3o e o fervor de esp\u00edrito.<\/span><\/p>\n<p><span style=\"color: #000000;\">Uma cunhada a convidou a ir para sua casa, em Chatillon, onde mantinha uma escola para mo\u00e7as.<\/span><\/p>\n<p><span style=\"color: #000000;\"><strong>Ali Catarina podia ir freq\u00fcentemente ao mosteiro das Irm\u00e3s da Caridade, que ficava perto.<\/strong><\/span><\/p>\n<p><span style=\"color: #000000;\">E foi nessa casa religiosa que ela entrou a 22 de janeiro de 1830, quando seu pai deu-lhe finalmente a devida permiss\u00e3o. Catarina tinha ent\u00e3o 24 anos de idade.<\/span><\/p>\n<h2><span style=\"color: #000000;\"><strong><br \/>\nPrepara\u00e7\u00e3o para importantes revela\u00e7\u00f5es<\/strong><\/span><\/h2>\n<p><span style=\"color: #000000;\">Depois de passar pelo postulantado em Chatillon, Catarina foi mandada para o noviciado na Casa-m\u00e3e das vicentinas, na Rue du Bac, em Paris.<\/span><\/p>\n<p><span style=\"color: #000000;\">Nesses dias, a comunidade rezava uma solene novena preparat\u00f3ria para a traslada\u00e7\u00e3o das rel\u00edquias de S\u00e3o Vicente de Paulo. <strong>Catarina teve v\u00e1rias vis\u00f5es do Santo, e sobretudo do seu cora\u00e7\u00e3o, que ficara incorrupto<\/strong>.<\/span><\/p>\n<p><span style=\"color: #000000;\">Mas era agraciada com outras vis\u00f5es especiais. Conforme narra ela mesma, uma delas\u00a0<em>era a de ver Nosso Senhor no Sant\u00edssimo Sacramento:<\/em><\/span><\/p>\n<p style=\"padding-left: 40px;\"><span style=\"color: #000000;\">\u201cEu O vi durante todo o tempo do meu noviciado, exceto todas as vezes que eu duvidava; nesses dias eu nada via, porque procurava aprofundar-me em indaga\u00e7\u00f5es sobre este mist\u00e9rio, e temia enganar-me\u201d.<\/span><\/p>\n<p><span style=\"color: #000000;\">No domingo da Sant\u00edssima Trindade:<\/span><\/p>\n<blockquote><p><span style=\"color: #000000;\"><em><br \/>\n\u201cNosso Senhor me apareceu no Sant\u00edssimo Sacramento durante a Missa cantada, como um rei, tendo uma cruz ao peito.<\/em><\/span><\/p>\n<p><span style=\"color: #000000;\"><em>No momento do Evangelho, pareceu-me que a cruz ca\u00eda aos p\u00e9s de Nosso Senhor e que Ele estava sem as ins\u00edgnias reais; todas tinham ca\u00eddo por terra.<\/em><\/span><\/p>\n<p><span style=\"color: #000000;\"><em>Tive ent\u00e3o os mais negros e tristes pensamentos:<\/em><\/span><\/p>\n<p><span style=\"color: #000000;\"><em>Pensei que o Rei da Terra estava perdido e ia ser despojado da realeza; e depois disso pensei, sem saber explicar, na extens\u00e3o dos grandes males que viriam<\/em><em>\u201d<\/em>.<\/span><\/p><\/blockquote>\n<p><span style=\"color: #000000;\">Com efeito, poucas semanas depois, Carlos X foi destitu\u00eddo do trono e banido do reino. Essas gra\u00e7as eram uma prepara\u00e7\u00e3o para as grandes apari\u00e7\u00f5es da M\u00e3e de Deus.<\/span><\/p>\n<h2><span style=\"color: #000000;\"><strong><br \/>\n<span style=\"color: #800080;\">Primeira vis\u00e3o da Sant\u00edssima Virgem<\/span><\/strong><\/span><\/h2>\n<figure style=\"width: 800px\" class=\"wp-caption alignnone\"><img loading=\"lazy\" src=\"https:\/\/basilicasaomiguelarcanjo.org.br\/wp-content\/uploads\/2020\/11\/aparicoes-nossa-senhora-a-santa-catarina-laboure.jpg\" alt=\"Nossa Senhora das Gra\u00e7as aparecendo a Santa Catarina Labour\u00e9\" width=\"800\" height=\"500\" \/><figcaption class=\"wp-caption-text\">Nossa Senhora das Gra\u00e7as aparecendo a Santa Catarina Labour\u00e9<\/figcaption><\/figure>\n<p><span style=\"color: #000000;\">Na v\u00e9spera da festa de S\u00e3o Vicente, ainda em 1830, a Mestra de Novi\u00e7as tinha feito uma prele\u00e7\u00e3o sobre a devo\u00e7\u00e3o aos santos, e especialmente a Nossa Senhora.<\/span><\/p>\n<p><span style=\"color: #000000;\">Isso inflamou na Irm\u00e3 Catarina o desejo de ver a M\u00e3e de Deus.<\/span><\/p>\n<p><span style=\"color: #000000;\">Quando foi deitar-se, pegou um pedacinho de uma sobrepeliz de S\u00e3o Vicente, que a Mestra tinha dado como rel\u00edquia \u00e0s novi\u00e7as;<\/span><\/p>\n<p><span style=\"color: #000000;\">E engoliu-o, julgando assim que S\u00e3o Vicente poderia alcan\u00e7ar-lhe essa gra\u00e7a.<\/span><\/p>\n<p><span style=\"color: #000000;\">Quando tudo no convento estava tranq\u00fcilo e todos dormiam, \u00e0s onze e meia da noite, a Irm\u00e3 Catarina ouviu uma voz de crian\u00e7a que a chamava.<\/span><\/p>\n<p><span style=\"color: #000000;\">Abriu o cortinado do leito e viu um menino de uns cinco anos de idade, que lhe disse:<\/span><\/p>\n<p><span style=\"color: #000000;\">\u201cVenha \u00e0 capela. A Sant\u00edssima Virgem a espera\u201d.<\/span><\/p>\n<p><span style=\"color: #000000;\"><strong>Catarina vestiu-se rapidamente e seguiu a crian\u00e7a at\u00e9 a capela, que estava iluminada como para a Missa de Natal.<\/strong><\/span><\/p>\n<p><strong><span style=\"color: #000000;\">O menino, que era o Anjo da Guarda de Catarina, conduziu-a ao presbit\u00e9rio, para junto da cadeira do Padre Diretor.<\/span><\/strong><\/p>\n<p><span style=\"color: #000000;\">A\u00ed ela ajoelhou-se. Depois de um tempo que lhe pareceu longo, ouviu o ru\u00eddo do frufru de um vestido de seda e viu a Sant\u00edssima Virgem sentar-se na cadeira. Conta-nos Catarina:<\/span><\/p>\n<p style=\"padding-left: 40px;\"><span style=\"color: #000000;\"><em>\u201cEla me disse como eu devia proceder para com meu diretor, como devia proceder nas horas de sofrimento e muitas outras coisas que n\u00e3o posso revelar\u201d.<\/em><\/span><\/p>\n<h3><span style=\"color: #000000;\">Essas coisas que ela n\u00e3o podia contar em 1830, revelou-as depois:<\/span><\/h3>\n<p style=\"padding-left: 40px;\"><span style=\"color: #000000;\">\u201c<em>V\u00e1rias desgra\u00e7as v\u00e3o cair sobre a Fran\u00e7a; o trono ser\u00e1 derrubado; o mundo inteiro ser\u00e1 revolto por desgra\u00e7as de toda sorte\u201d.<\/em><\/span><\/p>\n<p><span style=\"color: #000000;\">Falou tamb\u00e9m de \u201cgrandes abusos\u201d e \u201cgrande relaxamento\u201d nas comunidades de sacerdotes e freiras vicentinas, e que deveria alertar disso os superiores.\u00a0<\/span><\/p>\n<p><span style=\"color: #000000;\">Voltou, em seguida, a falar de outros terr\u00edveis acontecimentos que ocorreriam em futuro mais distante;<\/span><\/p>\n<p><span style=\"color: #000000;\">Prevendo com 40 anos de anteced\u00eancia as agita\u00e7\u00f5es da Comuna de Paris e o assassinato do Arcebispo;<\/span><\/p>\n<p><span style=\"color: #000000;\">Prometeu sua especial prote\u00e7\u00e3o, nessas horas tr\u00e1gicas, aos filhos e \u00e0s filhas de S\u00e3o Vicente de Paulo.<\/span><\/p>\n<p>&nbsp;<\/p>\n<h2><span style=\"color: #000000;\"><strong>Revela\u00e7\u00e3o extraordin\u00e1ria da Medalha Milagrosa<\/strong><\/span><\/h2>\n<figure style=\"width: 246px\" class=\"wp-caption alignright\"><img loading=\"lazy\" class=\"\" src=\"https:\/\/www.adf.org.br\/home\/wp-content\/uploads\/2014\/11\/Apari%C3%A7%C3%A3o-da-Sant%C3%ADssima-Virgem-a-Santa-Catarina-Labour%C3%A9-719x1024.jpg\" alt=\"Representa\u00e7\u00e3o da Apari\u00e7\u00e3o de Nossa Senhora das Gra\u00e7as \u00e0 Santa Catarina Labour\u00e9, onde Ela lhe contou da Medalha Milagrosa\" width=\"246\" height=\"350\" \/><figcaption class=\"wp-caption-text\">Representa\u00e7\u00e3o da Apari\u00e7\u00e3o de Nossa Senhora das Gra\u00e7as \u00e0 Santa Catarina Labour\u00e9, onde Ela lhe contou da Medalha Milagrosa<\/figcaption><\/figure>\n<p><span style=\"color: #000000;\">No dia 27 de novembro de 1830, Catarina havia acabado de fazer a leitura da medita\u00e7\u00e3o, na capela, quando ouviu o caracter\u00edstico frufru de um vestido de seda.<\/span><\/p>\n<p><span style=\"color: #000000;\">Olhou para o lado e viu Nossa Senhora vestida de branco, sobre uma meia-esfera. Tinha nas m\u00e3os uma bola que representava o globo terrestre, e olhava para o C\u00e9u.<\/span><\/p>\n<p style=\"padding-left: 40px;\"><span style=\"color: #000000;\">\u201c<em>De repente<\/em>\u00a0\u2014 narra Catarina \u2014\u00a0<em>percebi an\u00e9is nos seus dedos, engastados de pedras brilhantes, umas maiores e mais belas do que as outras, das quais sa\u00edam raios que eram, tamb\u00e9m, uns mais belos que os outros\u201d<\/em>.<\/span><\/p>\n<p><span style=\"color: #000000;\">Nossa Senhora explicou-lhe que tais raios simbolizavam as gra\u00e7as que derramava sobre as pessoas que as pediam. Continua Catarina:<\/span><\/p>\n<p style=\"padding-left: 40px;\"><span style=\"color: #000000;\">\u201c<em>Formou-se um quadro em torno da Sant\u00edssima Virgem, de forma oval, no alto do qual estavam escritas, com letras de ouro, estas palavras: <\/em><\/span><span style=\"color: #000000;\"><em>\u00d3 Maria concebida sem pecado, rogai por n\u00f3s que recorremos a v\u00f3s!\u201d<\/em><\/span><\/p>\n<p><span style=\"color: #000000;\">Ao mesmo tempo, uma voz disse-lhe para mandar\u00a0cunhar uma medalha conforme aquele modelo, com a promessa de que as pessoas que a trouxessem ao pesco\u00e7o receberiam muitas gra\u00e7as;<\/span><\/p>\n<p><span style=\"color: #000000;\">\u201cP<em>rincipalmente as que a trouxessem com inteira confian\u00e7a\u201d.<\/em>\u00a0Instantes depois o quadro girou sobre si mesmo, e Catarina viu o reverso da\u00a0medalha.<\/span><\/p>\n<h2><span style=\"color: #000000;\"><strong>Difus\u00e3o da Medalha e gra\u00e7as operadas<\/strong><\/span><\/h2>\n<figure id=\"attachment_74430\" aria-describedby=\"caption-attachment-74430\" style=\"width: 182px\" class=\"wp-caption alignleft\"><img loading=\"lazy\" class=\"wp-image-74430 size-full\" src=\"https:\/\/www.adf.org.br\/home\/wp-content\/uploads\/2023\/11\/medalha.jpg\" alt=\"Medalha Milagrosa\" width=\"182\" height=\"192\" \/><figcaption id=\"caption-attachment-74430\" class=\"wp-caption-text\">Aut\u00eantica Medalha Milagrosa que a Associa\u00e7\u00e3o Devotos de F\u00e1tima est\u00e1 distribuindo gratuitamente<\/figcaption><\/figure>\n<p><span style=\"color: #000000;\">Catarina perguntou a Nossa Senhora a quem recorrer para confec\u00e7\u00e3o da medalha.<\/span><\/p>\n<p><span style=\"color: #000000;\">A M\u00e3e de Deus respondeu-lhe que deveria procurar seu confessor, o Pe. Jo\u00e3o Aria Aladel: \u201cEle \u00e9 meu servidor\u201d.<\/span><\/p>\n<p><strong><span style=\"color: #000000;\">No in\u00edcio, o Pe. Aladel n\u00e3o acreditou no que Catarina dizia; mas, ap\u00f3s dois anos de insist\u00eancia, ele procurou o Arcebispo, que ordenou em 20 de junho de 1832 que fossem cunhadas duas mil medalhas.<\/span><\/strong><\/p>\n<p><span style=\"color: #000000;\">O modo como se difundiram as medalhas foi t\u00e3o prodigioso, juntamente com grande n\u00famero de gra\u00e7as operadas, que a medalha passou a ser conhecida como Medalha Milagrosa.<\/span><\/p>\n<p><span style=\"color: #000000;\">Por exemplo, em mar\u00e7o de 1832, quando iam ser confeccionadas as primeiras medalhas, uma terr\u00edvel epidemia de c\u00f3lera, proveniente da Europa oriental, atingiu Paris.<\/span><\/p>\n<p><span style=\"color: #000000;\">Mais de 18 mil pessoas morreram em poucas semanas por causa da doen\u00e7a. Num \u00fanico dia, chegou a haver 861 mortes.<\/span><\/p>\n<p><span style=\"color: #000000;\">No fim de junho, as primeiras medalhas ficaram prontas e come\u00e7aram a ser distribu\u00eddas entre os flagelados.<\/span><\/p>\n<p><span style=\"color: #000000;\"><strong><br \/>\nNa mesma hora refluiu a peste, e tiveram in\u00edcio, em s\u00e9rie, os prod\u00edgios que em poucos anos tornariam a Medalha Milagrosa mundialmente c\u00e9lebre.<\/strong><\/span><\/p>\n<h2><span style=\"color: #000000;\"><strong>A miss\u00e3o de Catarina Labour\u00e9 estava cumprida<\/strong><\/span><\/h2>\n<p><span style=\"color: #000000;\">Os 46 anos que lhe restaram de vida, ela os passou como uma humilde irm\u00e3, da qual praticamente nada havia para falar.<\/span><\/p>\n<p><span style=\"color: #000000;\">S\u00f3 quando se aproximou sua morte, em 1876, sua superiora soube que fora ela a privilegiada Irm\u00e3 que recebera aquela sublime miss\u00e3o.<\/span><\/p>\n<p><span style=\"color: #000000;\">Ent\u00e3o, ela foi beatificada pelo Papa Pio XI em 1933 e canonizada no dia 27 de julho de 1947 pelo Papa Pio XII.<\/span><\/p>\n<p><span style=\"color: #000000;\">Cinq\u00fcenta e seis anos ap\u00f3s sua morte,\u00a0o corpo de Catarina foi encontrado inteiramente incorrupto,\u00a0e \u00e9 como se encontra ainda hoje na capela das Irm\u00e3s da Caridade, na Rue du Bac, em Paris.<\/span><\/p>\n<p>&nbsp;<\/p>\n","protected":false},"excerpt":{"rendered":"<p>Celebramos hoje a Festa de Santa Catarina Labour\u00e9, que em 1830, recebeu vis\u00f5es de Maria Sant\u00edssimo, que anos mais tarde, recebeu o nome de &#8220;Nossa Senhora das Gra\u00e7as&#8221; Poucos sabem, mas s\u00f3 em 1876 que tornou-se p\u00fablico que uma humilde religiosa, falecida naquele ano, \u00e9 que recebera da M\u00e3e de Deus a revela\u00e7\u00e3o dessa Medalha. [&hellip;]<\/p>\n","protected":false},"author":31,"featured_media":74543,"comment_status":"open","ping_status":"open","sticky":false,"template":"","format":"standard","meta":[],"categories":[20],"tags":[4569,34,38,306,5361,522,5360],"yoast_head":"<!-- This site is optimized with the Yoast SEO plugin v17.4 - https:\/\/yoast.com\/wordpress\/plugins\/seo\/ -->\n<title>Santa Catarina Labour\u00e9: As Apari\u00e7\u00f5es de Nossa Senhora das Gra\u00e7as e a Medalha Milagrosa<\/title>\n<meta name=\"description\" content=\"Celebramos hoje o dia de Santa Catarina Labour\u00e9, a santa Silenciosa que difundir a devo\u00e7\u00e3o \u00e0 Medalha Milagrosa\" \/>\n<meta name=\"robots\" content=\"index, follow, max-snippet:-1, max-image-preview:large, max-video-preview:-1\" \/>\n<link rel=\"canonical\" href=\"https:\/\/www.adf.org.br\/home\/santa-catarina-laboure-aparicoes-de-nossa-senhora-das-gracas-medalha-milagrosa\/\" \/>\n<meta property=\"og:locale\" content=\"pt_BR\" \/>\n<meta property=\"og:type\" content=\"article\" \/>\n<meta property=\"og:title\" content=\"Santa Catarina Labour\u00e9: As Apari\u00e7\u00f5es de Nossa Senhora das Gra\u00e7as e a Medalha Milagrosa\" \/>\n<meta property=\"og:description\" content=\"Celebramos hoje o dia de Santa Catarina Labour\u00e9, a santa Silenciosa que difundir a devo\u00e7\u00e3o \u00e0 Medalha Milagrosa\" \/>\n<meta property=\"og:url\" content=\"https:\/\/www.adf.org.br\/home\/santa-catarina-laboure-aparicoes-de-nossa-senhora-das-gracas-medalha-milagrosa\/\" \/>\n<meta property=\"og:site_name\" content=\"Associa\u00e7\u00e3o Devotos de F\u00e1tima\" \/>\n<meta property=\"article:published_time\" content=\"2023-11-28T11:00:20+00:00\" \/>\n<meta property=\"article:modified_time\" content=\"2025-11-26T13:35:04+00:00\" \/>\n<meta property=\"og:image\" content=\"https:\/\/www.adf.org.br\/home\/wp-content\/uploads\/2023\/11\/Santa-Catarina-Labourevidente-de-Nossa-Senhora-das-Gracas.jpg\" \/>\n\t<meta property=\"og:image:width\" content=\"754\" \/>\n\t<meta property=\"og:image:height\" content=\"396\" \/>\n<meta name=\"twitter:card\" content=\"summary_large_image\" \/>\n<meta name=\"twitter:label1\" content=\"Escrito por\" \/>\n\t<meta name=\"twitter:data1\" content=\"Gabriel Barbosa\" \/>\n\t<meta name=\"twitter:label2\" content=\"Est. tempo de leitura\" \/>\n\t<meta name=\"twitter:data2\" content=\"9 minutos\" \/>\n<script type=\"application\/ld+json\" class=\"yoast-schema-graph\">{\"@context\":\"https:\/\/schema.org\",\"@graph\":[{\"@type\":\"WebSite\",\"@id\":\"https:\/\/www.adf.org.br\/home\/#website\",\"url\":\"https:\/\/www.adf.org.br\/home\/\",\"name\":\"Associa\\u00e7\\u00e3o Devotos de F\\u00e1tima\",\"description\":\"Associa\\u00e7\\u00e3o Devotos de F\\u00e1tima\",\"potentialAction\":[{\"@type\":\"SearchAction\",\"target\":{\"@type\":\"EntryPoint\",\"urlTemplate\":\"https:\/\/www.adf.org.br\/home\/?s={search_term_string}\"},\"query-input\":\"required name=search_term_string\"}],\"inLanguage\":\"pt-BR\"},{\"@type\":\"ImageObject\",\"@id\":\"https:\/\/www.adf.org.br\/home\/santa-catarina-laboure-aparicoes-de-nossa-senhora-das-gracas-medalha-milagrosa\/#primaryimage\",\"inLanguage\":\"pt-BR\",\"url\":\"https:\/\/www.adf.org.br\/home\/wp-content\/uploads\/2023\/11\/Santa-Catarina-Labourevidente-de-Nossa-Senhora-das-Gracas.jpg\",\"contentUrl\":\"https:\/\/www.adf.org.br\/home\/wp-content\/uploads\/2023\/11\/Santa-Catarina-Labourevidente-de-Nossa-Senhora-das-Gracas.jpg\",\"width\":754,\"height\":396,\"caption\":\"Santa Catarina Labour\\u00e9, vidente de Nossa Senhora das Gra\\u00e7as\"},{\"@type\":\"WebPage\",\"@id\":\"https:\/\/www.adf.org.br\/home\/santa-catarina-laboure-aparicoes-de-nossa-senhora-das-gracas-medalha-milagrosa\/#webpage\",\"url\":\"https:\/\/www.adf.org.br\/home\/santa-catarina-laboure-aparicoes-de-nossa-senhora-das-gracas-medalha-milagrosa\/\",\"name\":\"Santa Catarina Labour\\u00e9: As Apari\\u00e7\\u00f5es de Nossa Senhora das Gra\\u00e7as e a Medalha Milagrosa\",\"isPartOf\":{\"@id\":\"https:\/\/www.adf.org.br\/home\/#website\"},\"primaryImageOfPage\":{\"@id\":\"https:\/\/www.adf.org.br\/home\/santa-catarina-laboure-aparicoes-de-nossa-senhora-das-gracas-medalha-milagrosa\/#primaryimage\"},\"datePublished\":\"2023-11-28T11:00:20+00:00\",\"dateModified\":\"2025-11-26T13:35:04+00:00\",\"author\":{\"@id\":\"https:\/\/www.adf.org.br\/home\/#\/schema\/person\/f35a5c5aa7728a3dedf4ea9aa1fc2753\"},\"description\":\"Celebramos hoje o dia de Santa Catarina Labour\\u00e9, a santa Silenciosa que difundir a devo\\u00e7\\u00e3o \\u00e0 Medalha Milagrosa\",\"breadcrumb\":{\"@id\":\"https:\/\/www.adf.org.br\/home\/santa-catarina-laboure-aparicoes-de-nossa-senhora-das-gracas-medalha-milagrosa\/#breadcrumb\"},\"inLanguage\":\"pt-BR\",\"potentialAction\":[{\"@type\":\"ReadAction\",\"target\":[\"https:\/\/www.adf.org.br\/home\/santa-catarina-laboure-aparicoes-de-nossa-senhora-das-gracas-medalha-milagrosa\/\"]}]},{\"@type\":\"BreadcrumbList\",\"@id\":\"https:\/\/www.adf.org.br\/home\/santa-catarina-laboure-aparicoes-de-nossa-senhora-das-gracas-medalha-milagrosa\/#breadcrumb\",\"itemListElement\":[{\"@type\":\"ListItem\",\"position\":1,\"name\":\"Home\",\"item\":\"https:\/\/www.adf.org.br\/home\/\"},{\"@type\":\"ListItem\",\"position\":2,\"name\":\"Santa Catarina Labour\\u00e9: As Apari\\u00e7\\u00f5es de Nossa Senhora das Gra\\u00e7as e a Medalha Milagrosa\"}]},{\"@type\":\"Person\",\"@id\":\"https:\/\/www.adf.org.br\/home\/#\/schema\/person\/f35a5c5aa7728a3dedf4ea9aa1fc2753\",\"name\":\"Gabriel Barbosa\",\"image\":{\"@type\":\"ImageObject\",\"@id\":\"https:\/\/www.adf.org.br\/home\/#personlogo\",\"inLanguage\":\"pt-BR\",\"url\":\"https:\/\/secure.gravatar.com\/avatar\/2b2cb2f4637682c5605e8d36818f51ef?s=96&d=mm&r=g\",\"contentUrl\":\"https:\/\/secure.gravatar.com\/avatar\/2b2cb2f4637682c5605e8d36818f51ef?s=96&d=mm&r=g\",\"caption\":\"Gabriel Barbosa\"},\"url\":\"https:\/\/www.adf.org.br\/home\/author\/gabrielpmk-com-br\/\"}]}<\/script>\n<!-- \/ Yoast SEO plugin. -->","yoast_head_json":{"title":"Santa Catarina Labour\u00e9: As Apari\u00e7\u00f5es de Nossa Senhora das Gra\u00e7as e a Medalha Milagrosa","description":"Celebramos hoje o dia de Santa Catarina Labour\u00e9, a santa Silenciosa que difundir a devo\u00e7\u00e3o \u00e0 Medalha Milagrosa","robots":{"index":"index","follow":"follow","max-snippet":"max-snippet:-1","max-image-preview":"max-image-preview:large","max-video-preview":"max-video-preview:-1"},"canonical":"https:\/\/www.adf.org.br\/home\/santa-catarina-laboure-aparicoes-de-nossa-senhora-das-gracas-medalha-milagrosa\/","og_locale":"pt_BR","og_type":"article","og_title":"Santa Catarina Labour\u00e9: As Apari\u00e7\u00f5es de Nossa Senhora das Gra\u00e7as e a Medalha Milagrosa","og_description":"Celebramos hoje o dia de Santa Catarina Labour\u00e9, a santa Silenciosa que difundir a devo\u00e7\u00e3o \u00e0 Medalha Milagrosa","og_url":"https:\/\/www.adf.org.br\/home\/santa-catarina-laboure-aparicoes-de-nossa-senhora-das-gracas-medalha-milagrosa\/","og_site_name":"Associa\u00e7\u00e3o Devotos de F\u00e1tima","article_published_time":"2023-11-28T11:00:20+00:00","article_modified_time":"2025-11-26T13:35:04+00:00","og_image":[{"width":754,"height":396,"url":"https:\/\/www.adf.org.br\/home\/wp-content\/uploads\/2023\/11\/Santa-Catarina-Labourevidente-de-Nossa-Senhora-das-Gracas.jpg","type":"image\/jpeg"}],"twitter_card":"summary_large_image","twitter_misc":{"Escrito por":"Gabriel Barbosa","Est. tempo de leitura":"9 minutos"},"schema":{"@context":"https:\/\/schema.org","@graph":[{"@type":"WebSite","@id":"https:\/\/www.adf.org.br\/home\/#website","url":"https:\/\/www.adf.org.br\/home\/","name":"Associa\u00e7\u00e3o Devotos de F\u00e1tima","description":"Associa\u00e7\u00e3o Devotos de F\u00e1tima","potentialAction":[{"@type":"SearchAction","target":{"@type":"EntryPoint","urlTemplate":"https:\/\/www.adf.org.br\/home\/?s={search_term_string}"},"query-input":"required name=search_term_string"}],"inLanguage":"pt-BR"},{"@type":"ImageObject","@id":"https:\/\/www.adf.org.br\/home\/santa-catarina-laboure-aparicoes-de-nossa-senhora-das-gracas-medalha-milagrosa\/#primaryimage","inLanguage":"pt-BR","url":"https:\/\/www.adf.org.br\/home\/wp-content\/uploads\/2023\/11\/Santa-Catarina-Labourevidente-de-Nossa-Senhora-das-Gracas.jpg","contentUrl":"https:\/\/www.adf.org.br\/home\/wp-content\/uploads\/2023\/11\/Santa-Catarina-Labourevidente-de-Nossa-Senhora-das-Gracas.jpg","width":754,"height":396,"caption":"Santa Catarina Labour\u00e9, vidente de Nossa Senhora das Gra\u00e7as"},{"@type":"WebPage","@id":"https:\/\/www.adf.org.br\/home\/santa-catarina-laboure-aparicoes-de-nossa-senhora-das-gracas-medalha-milagrosa\/#webpage","url":"https:\/\/www.adf.org.br\/home\/santa-catarina-laboure-aparicoes-de-nossa-senhora-das-gracas-medalha-milagrosa\/","name":"Santa Catarina Labour\u00e9: As Apari\u00e7\u00f5es de Nossa Senhora das Gra\u00e7as e a Medalha Milagrosa","isPartOf":{"@id":"https:\/\/www.adf.org.br\/home\/#website"},"primaryImageOfPage":{"@id":"https:\/\/www.adf.org.br\/home\/santa-catarina-laboure-aparicoes-de-nossa-senhora-das-gracas-medalha-milagrosa\/#primaryimage"},"datePublished":"2023-11-28T11:00:20+00:00","dateModified":"2025-11-26T13:35:04+00:00","author":{"@id":"https:\/\/www.adf.org.br\/home\/#\/schema\/person\/f35a5c5aa7728a3dedf4ea9aa1fc2753"},"description":"Celebramos hoje o dia de Santa Catarina Labour\u00e9, a santa Silenciosa que difundir a devo\u00e7\u00e3o \u00e0 Medalha Milagrosa","breadcrumb":{"@id":"https:\/\/www.adf.org.br\/home\/santa-catarina-laboure-aparicoes-de-nossa-senhora-das-gracas-medalha-milagrosa\/#breadcrumb"},"inLanguage":"pt-BR","potentialAction":[{"@type":"ReadAction","target":["https:\/\/www.adf.org.br\/home\/santa-catarina-laboure-aparicoes-de-nossa-senhora-das-gracas-medalha-milagrosa\/"]}]},{"@type":"BreadcrumbList","@id":"https:\/\/www.adf.org.br\/home\/santa-catarina-laboure-aparicoes-de-nossa-senhora-das-gracas-medalha-milagrosa\/#breadcrumb","itemListElement":[{"@type":"ListItem","position":1,"name":"Home","item":"https:\/\/www.adf.org.br\/home\/"},{"@type":"ListItem","position":2,"name":"Santa Catarina Labour\u00e9: As Apari\u00e7\u00f5es de Nossa Senhora das Gra\u00e7as e a Medalha Milagrosa"}]},{"@type":"Person","@id":"https:\/\/www.adf.org.br\/home\/#\/schema\/person\/f35a5c5aa7728a3dedf4ea9aa1fc2753","name":"Gabriel Barbosa","image":{"@type":"ImageObject","@id":"https:\/\/www.adf.org.br\/home\/#personlogo","inLanguage":"pt-BR","url":"https:\/\/secure.gravatar.com\/avatar\/2b2cb2f4637682c5605e8d36818f51ef?s=96&d=mm&r=g","contentUrl":"https:\/\/secure.gravatar.com\/avatar\/2b2cb2f4637682c5605e8d36818f51ef?s=96&d=mm&r=g","caption":"Gabriel Barbosa"},"url":"https:\/\/www.adf.org.br\/home\/author\/gabrielpmk-com-br\/"}]}},"_links":{"self":[{"href":"https:\/\/www.adf.org.br\/home\/wp-json\/wp\/v2\/posts\/74538"}],"collection":[{"href":"https:\/\/www.adf.org.br\/home\/wp-json\/wp\/v2\/posts"}],"about":[{"href":"https:\/\/www.adf.org.br\/home\/wp-json\/wp\/v2\/types\/post"}],"author":[{"embeddable":true,"href":"https:\/\/www.adf.org.br\/home\/wp-json\/wp\/v2\/users\/31"}],"replies":[{"embeddable":true,"href":"https:\/\/www.adf.org.br\/home\/wp-json\/wp\/v2\/comments?post=74538"}],"version-history":[{"count":5,"href":"https:\/\/www.adf.org.br\/home\/wp-json\/wp\/v2\/posts\/74538\/revisions"}],"predecessor-version":[{"id":79872,"href":"https:\/\/www.adf.org.br\/home\/wp-json\/wp\/v2\/posts\/74538\/revisions\/79872"}],"wp:featuredmedia":[{"embeddable":true,"href":"https:\/\/www.adf.org.br\/home\/wp-json\/wp\/v2\/media\/74543"}],"wp:attachment":[{"href":"https:\/\/www.adf.org.br\/home\/wp-json\/wp\/v2\/media?parent=74538"}],"wp:term":[{"taxonomy":"category","embeddable":true,"href":"https:\/\/www.adf.org.br\/home\/wp-json\/wp\/v2\/categories?post=74538"},{"taxonomy":"post_tag","embeddable":true,"href":"https:\/\/www.adf.org.br\/home\/wp-json\/wp\/v2\/tags?post=74538"}],"curies":[{"name":"wp","href":"https:\/\/api.w.org\/{rel}","templated":true}]}}