{"id":74527,"date":"2025-11-27T08:00:46","date_gmt":"2025-11-27T11:00:46","guid":{"rendered":"https:\/\/www.adf.org.br\/home\/?p=74527"},"modified":"2025-10-24T14:04:56","modified_gmt":"2025-10-24T17:04:56","slug":"nossa-senhora-das-gracas-medalha-milagrosa","status":"publish","type":"post","link":"https:\/\/www.adf.org.br\/home\/nossa-senhora-das-gracas-medalha-milagrosa\/","title":{"rendered":"Dia de Nossa Senhora das Gra\u00e7as e a Medalha Milagrosa. Conhe\u00e7a a hist\u00f3ria"},"content":{"rendered":"<h2 style=\"text-align: center;\"><span style=\"color: #000000;\"><strong>A Igreja celebra hoje o dia de Nossa Senhora das Gra\u00e7as.<\/strong><\/span><\/h2>\n<figure id=\"attachment_74528\" aria-describedby=\"caption-attachment-74528\" style=\"width: 1029px\" class=\"wp-caption aligncenter\"><img loading=\"lazy\" class=\"size-full wp-image-74528\" src=\"https:\/\/www.adf.org.br\/home\/wp-content\/uploads\/2023\/11\/Santa-Catarina-Laboure-e-Nossa-Senhora-das-Gracas.jpg\" alt=\"Santa Catarina Labour\u00e9 e Nossa Senhora das Gra\u00e7as\" width=\"1029\" height=\"672\" srcset=\"https:\/\/www.adf.org.br\/home\/wp-content\/uploads\/2023\/11\/Santa-Catarina-Laboure-e-Nossa-Senhora-das-Gracas.jpg 1029w, https:\/\/www.adf.org.br\/home\/wp-content\/uploads\/2023\/11\/Santa-Catarina-Laboure-e-Nossa-Senhora-das-Gracas-300x196.jpg 300w, https:\/\/www.adf.org.br\/home\/wp-content\/uploads\/2023\/11\/Santa-Catarina-Laboure-e-Nossa-Senhora-das-Gracas-1024x669.jpg 1024w, https:\/\/www.adf.org.br\/home\/wp-content\/uploads\/2023\/11\/Santa-Catarina-Laboure-e-Nossa-Senhora-das-Gracas-768x502.jpg 768w\" sizes=\"(max-width: 1029px) 100vw, 1029px\" \/><figcaption id=\"caption-attachment-74528\" class=\"wp-caption-text\">Santa Catarina Labour\u00e9 e Nossa Senhora das Gra\u00e7as<\/figcaption><\/figure>\n<p><span style=\"color: #000000;\">Em 1830, Nossa Senhora apareceu, em Paris, a <b>Santa Catarina Labour\u00e9<\/b>, ent\u00e3o jovem religiosa, e lhe ensinou a devo\u00e7\u00e3o da\u00a0<strong>Medalha Milagrosa<\/strong>.\u00a0<\/span><\/p>\n<p><span style=\"color: #000000;\">Nessas apari\u00e7\u00f5es, Catarina afirmou que Maria lhe dissera que o mundo estava prestes a ser dominado por <em>&#8216;males de toda esp\u00e9cie&#8217;<\/em>.<\/span><\/p>\n<p><span style=\"color: #000000;\">A M\u00e3e de Deus, segundo a santa, estava com uma veste branca e manto azul. Conforme relatou a religiosa, era de uma <em>\u201cbeleza indiz\u00edvel\u201d<\/em>. <\/span><\/p>\n<p><span style=\"color: #000000;\">Os p\u00e9s estavam sobre um globo branco e esmagavam uma serpente. <strong>Suas m\u00e3os, \u00e0 altura do cora\u00e7\u00e3o, seguravam um pequeno globo de ouro, coroado com uma pequena cruz.<\/strong>\u00a0Levava nos dedos an\u00e9is com pedras preciosas que brilhavam e iluminavam em toda dire\u00e7\u00e3o.<\/span><\/p>\n<p><span style=\"color: #000000;\">A Virgem olhou ent\u00e3o para Santa Catarina e lhe disse:<\/span><\/p>\n<blockquote><p><span style=\"color: #000000;\"><i>\u201cO globo que v\u00eas representa o mundo inteiro, especialmente a Fran\u00e7a e cada alma em particular.<\/i><b><i><span style=\"color: #800080;\">Estes raios s\u00e3o o s\u00edmbolo das gra\u00e7as que Eu derramo sobre as pessoas que me pedem<\/span><\/i><\/b><i>. As p\u00e9rolas que n\u00e3o emitem raios s\u00e3o as gra\u00e7as das almas que n\u00e3o pedem\u201d.<\/i><\/span><\/p><\/blockquote>\n<p><span style=\"color: #ffffff;\">.<\/span><span style=\"color: #000000;\">O globo de ouro que a\u00a0Virgem Maria\u00a0estava segurando se desvaneceu e seus bra\u00e7os se estenderam abertos, enquanto os raios de luz continuavam caindo sobre o globo branco dos p\u00e9s.<\/span><\/p>\n<p><span style=\"color: #000000;\">Nesse momento, formou-se um quadro oval em torno de\u00a0Nossa Senhora, com as seguintes palavras em letras douradas:\u00a0<\/span><\/p>\n<blockquote><p><span style=\"color: #000000;\"><strong><i>\u201c\u00d3 Maria concebida sem pecado, rogai por n\u00f3s que recorremos a V\u00f3s.\u201d<\/i><\/strong><\/span><\/p><\/blockquote>\n<p><span style=\"color: #000000;\">Ent\u00e3o, Maria pediu que Catarina mandasse cunhar a medalha, segundo o que estava vendo:<\/span><\/p>\n<p><a href=\"tel:08006082128\" target=\"_blank\" rel=\"noopener\"><img loading=\"lazy\" class=\"wp-image-74430 size-full\" src=\"https:\/\/www.adf.org.br\/home\/wp-content\/uploads\/2023\/11\/medalha.jpg\" alt=\"Medalha Milagrosa que a Associa\u00e7\u00e3o Devotos de F\u00e1tima est\u00e1 distribuindo de gra\u00e7a\" width=\"182\" height=\"192\" \/><\/a><\/p>\n<blockquote><p>&nbsp;<\/p>\n<p><span style=\"color: #000000;\"><i>\u201cFazei cunhar uma medalha com este modelo. Todas as pessoas que a usarem receber\u00e3o grandes gra\u00e7as, trazendo-a ao pesco\u00e7o. As gra\u00e7as ser\u00e3o abundantes para as pessoas que a usarem com confian\u00e7a&#8221;,<\/i><\/span><span style=\"color: #000000;\"><strong>\u00a0prometeu a Sant\u00edssima Virgem \u2013\u00a0<\/strong><\/span><\/p><\/blockquote>\n<p>&nbsp;<\/p>\n<h2><span style=\"color: #800080;\"><b>A promessa se cumpre<\/b><\/span><\/h2>\n<p><span style=\"color: #000000;\">A promessa efetivamente se cumpriu. Em mar\u00e7o de 1832, quando iam ser confeccionadas as\u00a0<a style=\"color: #000000;\" href=\"https:\/\/www.adf.org.br\/home\/exercito_da_medalha_milagrosa\/\" target=\"_blank\" rel=\"noopener\">primeiras medalhas<\/a>, uma terr\u00edvel epidemia de c\u00f3lera,\u00a0<strong>proveniente da Europa oriental<\/strong>, atingiu Paris. Mais de 18 mil pessoas morreram em poucas semanas. Num \u00fanico dia, chegou a haver 861 mortes.<\/span><\/p>\n<p><span style=\"color: #000000;\">No fim de junho, as primeiras medalhas ficaram prontas e come\u00e7aram a ser distribu\u00eddas entre os flagelados. <\/span><\/p>\n<p><span style=\"color: #000000;\">Na mesma hora refluiu a peste e tiveram in\u00edcio, em s\u00e9rie, os prod\u00edgios que em poucos anos tornariam a\u00a0Medalha Milagrosa\u00a0mundialmente c\u00e9lebre.<\/span><\/p>\n<h2><span style=\"color: #800080;\">Apari\u00e7\u00f5es de Nossa Senhora das Gra\u00e7as<\/span><\/h2>\n<p><span style=\"color: #000000;\"><strong>A primeira apari\u00e7\u00e3o<\/strong> ocorreu em julho daquele ano, durante a qual a Virgem transmitiu mensagens sobre os pecados do mundo, a import\u00e2ncia de Jesus Cristo como redentor e advert\u00eancias sobre castigos iminentes. <\/span><\/p>\n<p><span style=\"color: #000000;\"><strong>A segunda apari\u00e7\u00e3o<\/strong>, em novembro de 1830, envolveu a instru\u00e7\u00e3o para criar a Medalha Milagrosa, com promessas de gra\u00e7as especiais para aqueles que a usassem com devo\u00e7\u00e3o.<\/span><\/p>\n<p><span style=\"color: #000000;\"><strong>A Medalha Milagrosa foi cunhada conforme as instru\u00e7\u00f5es da Virgem<\/strong> e se tornou um meio de b\u00ean\u00e7\u00e3os maternais, milagres e prepara\u00e7\u00e3o para a defini\u00e7\u00e3o dogm\u00e1tica da Imaculada Concei\u00e7\u00e3o em 1854. A devo\u00e7\u00e3o \u00e0 medalha se espalhou rapidamente, acompanhada por numerosos milagres e convers\u00f5es. <\/span><\/p>\n<p><span style=\"color: #000000;\">O <strong>Papa Greg\u00f3rio XVI e outros pont\u00edfices aprovaram e aben\u00e7oaram a medalha,<\/strong> e a devo\u00e7\u00e3o se consolidou, contribuindo para a restaura\u00e7\u00e3o da f\u00e9 e dos bons costumes.<\/span><\/p>\n<p><span style=\"color: #000000;\"><strong>As apari\u00e7\u00f5es tamb\u00e9m inclu\u00edram previs\u00f5es de acontecimentos futuros, como desgra\u00e7as na Fran\u00e7a e a confirma\u00e7\u00e3o do dogma da Imaculada Concei\u00e7\u00e3o<\/strong>. <\/span><\/p>\n<p><span style=\"color: #000000;\">A devo\u00e7\u00e3o \u00e0 Medalha Milagrosa foi amplamente aceita, e diversas gra\u00e7as foram associadas a ela. <\/span><\/p>\n<p><span style=\"color: #000000;\">A hist\u00f3ria destas apari\u00e7\u00f5es e a dissemina\u00e7\u00e3o da devo\u00e7\u00e3o \u00e0 Medalha Milagrosa s\u00e3o testemunhos de f\u00e9 e da intercess\u00e3o da Virgem Maria na vida dos fi\u00e9is.<\/span><\/p>\n<p>&nbsp;<\/p>\n","protected":false},"excerpt":{"rendered":"<p>A Igreja celebra hoje o dia de Nossa Senhora das Gra\u00e7as. Em 1830, Nossa Senhora apareceu, em Paris, a Santa Catarina Labour\u00e9, ent\u00e3o jovem religiosa, e lhe ensinou a devo\u00e7\u00e3o da\u00a0Medalha Milagrosa.\u00a0 Nessas apari\u00e7\u00f5es, Catarina afirmou que Maria lhe dissera que o mundo estava prestes a ser dominado por &#8216;males de toda esp\u00e9cie&#8217;. A M\u00e3e [&hellip;]<\/p>\n","protected":false},"author":31,"featured_media":74536,"comment_status":"open","ping_status":"open","sticky":false,"template":"","format":"standard","meta":[],"categories":[20],"tags":[3422,2065,34,2094,470],"yoast_head":"<!-- This site is optimized with the Yoast SEO plugin v17.4 - https:\/\/yoast.com\/wordpress\/plugins\/seo\/ -->\n<title>Dia de Nossa Senhora das Gra\u00e7as e a Medalha Milagrosa. Conhe\u00e7a a hist\u00f3ria<\/title>\n<meta name=\"description\" content=\"A igreja celebra hoje o dia de Nossa Senhora das Gra\u00e7as, a devo\u00e7\u00e3o Mariana que entregou a Medalha Milagrosa para a humanidade.\" \/>\n<meta name=\"robots\" content=\"index, follow, max-snippet:-1, max-image-preview:large, max-video-preview:-1\" \/>\n<link rel=\"canonical\" href=\"https:\/\/www.adf.org.br\/home\/nossa-senhora-das-gracas-medalha-milagrosa\/\" \/>\n<meta property=\"og:locale\" content=\"pt_BR\" \/>\n<meta property=\"og:type\" content=\"article\" \/>\n<meta property=\"og:title\" content=\"Dia de Nossa Senhora das Gra\u00e7as e a Medalha Milagrosa. Conhe\u00e7a a hist\u00f3ria\" \/>\n<meta property=\"og:description\" content=\"A igreja celebra hoje o dia de Nossa Senhora das Gra\u00e7as, a devo\u00e7\u00e3o Mariana que entregou a Medalha Milagrosa para a humanidade.\" \/>\n<meta property=\"og:url\" content=\"https:\/\/www.adf.org.br\/home\/nossa-senhora-das-gracas-medalha-milagrosa\/\" \/>\n<meta property=\"og:site_name\" content=\"Associa\u00e7\u00e3o Devotos de F\u00e1tima\" \/>\n<meta property=\"article:published_time\" content=\"2025-11-27T11:00:46+00:00\" \/>\n<meta property=\"article:modified_time\" content=\"2025-10-24T17:04:56+00:00\" \/>\n<meta property=\"og:image\" content=\"https:\/\/www.adf.org.br\/home\/wp-content\/uploads\/2023\/11\/Nossa-Senhora-das-Gracas.jpg\" \/>\n\t<meta property=\"og:image:width\" content=\"904\" \/>\n\t<meta property=\"og:image:height\" content=\"509\" \/>\n<meta name=\"twitter:card\" content=\"summary_large_image\" \/>\n<meta name=\"twitter:label1\" content=\"Escrito por\" \/>\n\t<meta name=\"twitter:data1\" content=\"Gabriel Barbosa\" \/>\n\t<meta name=\"twitter:label2\" content=\"Est. tempo de leitura\" \/>\n\t<meta name=\"twitter:data2\" content=\"3 minutos\" \/>\n<script type=\"application\/ld+json\" class=\"yoast-schema-graph\">{\"@context\":\"https:\/\/schema.org\",\"@graph\":[{\"@type\":\"WebSite\",\"@id\":\"https:\/\/www.adf.org.br\/home\/#website\",\"url\":\"https:\/\/www.adf.org.br\/home\/\",\"name\":\"Associa\\u00e7\\u00e3o Devotos de F\\u00e1tima\",\"description\":\"Associa\\u00e7\\u00e3o Devotos de F\\u00e1tima\",\"potentialAction\":[{\"@type\":\"SearchAction\",\"target\":{\"@type\":\"EntryPoint\",\"urlTemplate\":\"https:\/\/www.adf.org.br\/home\/?s={search_term_string}\"},\"query-input\":\"required name=search_term_string\"}],\"inLanguage\":\"pt-BR\"},{\"@type\":\"ImageObject\",\"@id\":\"https:\/\/www.adf.org.br\/home\/nossa-senhora-das-gracas-medalha-milagrosa\/#primaryimage\",\"inLanguage\":\"pt-BR\",\"url\":\"https:\/\/www.adf.org.br\/home\/wp-content\/uploads\/2023\/11\/Nossa-Senhora-das-Gracas.jpg\",\"contentUrl\":\"https:\/\/www.adf.org.br\/home\/wp-content\/uploads\/2023\/11\/Nossa-Senhora-das-Gracas.jpg\",\"width\":904,\"height\":509,\"caption\":\"Festa de Nossa Senhora das Gra\\u00e7as\"},{\"@type\":\"WebPage\",\"@id\":\"https:\/\/www.adf.org.br\/home\/nossa-senhora-das-gracas-medalha-milagrosa\/#webpage\",\"url\":\"https:\/\/www.adf.org.br\/home\/nossa-senhora-das-gracas-medalha-milagrosa\/\",\"name\":\"Dia de Nossa Senhora das Gra\\u00e7as e a Medalha Milagrosa. Conhe\\u00e7a a hist\\u00f3ria\",\"isPartOf\":{\"@id\":\"https:\/\/www.adf.org.br\/home\/#website\"},\"primaryImageOfPage\":{\"@id\":\"https:\/\/www.adf.org.br\/home\/nossa-senhora-das-gracas-medalha-milagrosa\/#primaryimage\"},\"datePublished\":\"2025-11-27T11:00:46+00:00\",\"dateModified\":\"2025-10-24T17:04:56+00:00\",\"author\":{\"@id\":\"https:\/\/www.adf.org.br\/home\/#\/schema\/person\/f35a5c5aa7728a3dedf4ea9aa1fc2753\"},\"description\":\"A igreja celebra hoje o dia de Nossa Senhora das Gra\\u00e7as, a devo\\u00e7\\u00e3o Mariana que entregou a Medalha Milagrosa para a humanidade.\",\"breadcrumb\":{\"@id\":\"https:\/\/www.adf.org.br\/home\/nossa-senhora-das-gracas-medalha-milagrosa\/#breadcrumb\"},\"inLanguage\":\"pt-BR\",\"potentialAction\":[{\"@type\":\"ReadAction\",\"target\":[\"https:\/\/www.adf.org.br\/home\/nossa-senhora-das-gracas-medalha-milagrosa\/\"]}]},{\"@type\":\"BreadcrumbList\",\"@id\":\"https:\/\/www.adf.org.br\/home\/nossa-senhora-das-gracas-medalha-milagrosa\/#breadcrumb\",\"itemListElement\":[{\"@type\":\"ListItem\",\"position\":1,\"name\":\"Home\",\"item\":\"https:\/\/www.adf.org.br\/home\/\"},{\"@type\":\"ListItem\",\"position\":2,\"name\":\"Dia de Nossa Senhora das Gra\\u00e7as e a Medalha Milagrosa. Conhe\\u00e7a a hist\\u00f3ria\"}]},{\"@type\":\"Person\",\"@id\":\"https:\/\/www.adf.org.br\/home\/#\/schema\/person\/f35a5c5aa7728a3dedf4ea9aa1fc2753\",\"name\":\"Gabriel Barbosa\",\"image\":{\"@type\":\"ImageObject\",\"@id\":\"https:\/\/www.adf.org.br\/home\/#personlogo\",\"inLanguage\":\"pt-BR\",\"url\":\"https:\/\/secure.gravatar.com\/avatar\/2b2cb2f4637682c5605e8d36818f51ef?s=96&d=mm&r=g\",\"contentUrl\":\"https:\/\/secure.gravatar.com\/avatar\/2b2cb2f4637682c5605e8d36818f51ef?s=96&d=mm&r=g\",\"caption\":\"Gabriel Barbosa\"},\"url\":\"https:\/\/www.adf.org.br\/home\/author\/gabrielpmk-com-br\/\"}]}<\/script>\n<!-- \/ Yoast SEO plugin. -->","yoast_head_json":{"title":"Dia de Nossa Senhora das Gra\u00e7as e a Medalha Milagrosa. Conhe\u00e7a a hist\u00f3ria","description":"A igreja celebra hoje o dia de Nossa Senhora das Gra\u00e7as, a devo\u00e7\u00e3o Mariana que entregou a Medalha Milagrosa para a humanidade.","robots":{"index":"index","follow":"follow","max-snippet":"max-snippet:-1","max-image-preview":"max-image-preview:large","max-video-preview":"max-video-preview:-1"},"canonical":"https:\/\/www.adf.org.br\/home\/nossa-senhora-das-gracas-medalha-milagrosa\/","og_locale":"pt_BR","og_type":"article","og_title":"Dia de Nossa Senhora das Gra\u00e7as e a Medalha Milagrosa. Conhe\u00e7a a hist\u00f3ria","og_description":"A igreja celebra hoje o dia de Nossa Senhora das Gra\u00e7as, a devo\u00e7\u00e3o Mariana que entregou a Medalha Milagrosa para a humanidade.","og_url":"https:\/\/www.adf.org.br\/home\/nossa-senhora-das-gracas-medalha-milagrosa\/","og_site_name":"Associa\u00e7\u00e3o Devotos de F\u00e1tima","article_published_time":"2025-11-27T11:00:46+00:00","article_modified_time":"2025-10-24T17:04:56+00:00","og_image":[{"width":904,"height":509,"url":"https:\/\/www.adf.org.br\/home\/wp-content\/uploads\/2023\/11\/Nossa-Senhora-das-Gracas.jpg","type":"image\/jpeg"}],"twitter_card":"summary_large_image","twitter_misc":{"Escrito por":"Gabriel Barbosa","Est. tempo de leitura":"3 minutos"},"schema":{"@context":"https:\/\/schema.org","@graph":[{"@type":"WebSite","@id":"https:\/\/www.adf.org.br\/home\/#website","url":"https:\/\/www.adf.org.br\/home\/","name":"Associa\u00e7\u00e3o Devotos de F\u00e1tima","description":"Associa\u00e7\u00e3o Devotos de F\u00e1tima","potentialAction":[{"@type":"SearchAction","target":{"@type":"EntryPoint","urlTemplate":"https:\/\/www.adf.org.br\/home\/?s={search_term_string}"},"query-input":"required name=search_term_string"}],"inLanguage":"pt-BR"},{"@type":"ImageObject","@id":"https:\/\/www.adf.org.br\/home\/nossa-senhora-das-gracas-medalha-milagrosa\/#primaryimage","inLanguage":"pt-BR","url":"https:\/\/www.adf.org.br\/home\/wp-content\/uploads\/2023\/11\/Nossa-Senhora-das-Gracas.jpg","contentUrl":"https:\/\/www.adf.org.br\/home\/wp-content\/uploads\/2023\/11\/Nossa-Senhora-das-Gracas.jpg","width":904,"height":509,"caption":"Festa de Nossa Senhora das Gra\u00e7as"},{"@type":"WebPage","@id":"https:\/\/www.adf.org.br\/home\/nossa-senhora-das-gracas-medalha-milagrosa\/#webpage","url":"https:\/\/www.adf.org.br\/home\/nossa-senhora-das-gracas-medalha-milagrosa\/","name":"Dia de Nossa Senhora das Gra\u00e7as e a Medalha Milagrosa. Conhe\u00e7a a hist\u00f3ria","isPartOf":{"@id":"https:\/\/www.adf.org.br\/home\/#website"},"primaryImageOfPage":{"@id":"https:\/\/www.adf.org.br\/home\/nossa-senhora-das-gracas-medalha-milagrosa\/#primaryimage"},"datePublished":"2025-11-27T11:00:46+00:00","dateModified":"2025-10-24T17:04:56+00:00","author":{"@id":"https:\/\/www.adf.org.br\/home\/#\/schema\/person\/f35a5c5aa7728a3dedf4ea9aa1fc2753"},"description":"A igreja celebra hoje o dia de Nossa Senhora das Gra\u00e7as, a devo\u00e7\u00e3o Mariana que entregou a Medalha Milagrosa para a humanidade.","breadcrumb":{"@id":"https:\/\/www.adf.org.br\/home\/nossa-senhora-das-gracas-medalha-milagrosa\/#breadcrumb"},"inLanguage":"pt-BR","potentialAction":[{"@type":"ReadAction","target":["https:\/\/www.adf.org.br\/home\/nossa-senhora-das-gracas-medalha-milagrosa\/"]}]},{"@type":"BreadcrumbList","@id":"https:\/\/www.adf.org.br\/home\/nossa-senhora-das-gracas-medalha-milagrosa\/#breadcrumb","itemListElement":[{"@type":"ListItem","position":1,"name":"Home","item":"https:\/\/www.adf.org.br\/home\/"},{"@type":"ListItem","position":2,"name":"Dia de Nossa Senhora das Gra\u00e7as e a Medalha Milagrosa. Conhe\u00e7a a hist\u00f3ria"}]},{"@type":"Person","@id":"https:\/\/www.adf.org.br\/home\/#\/schema\/person\/f35a5c5aa7728a3dedf4ea9aa1fc2753","name":"Gabriel Barbosa","image":{"@type":"ImageObject","@id":"https:\/\/www.adf.org.br\/home\/#personlogo","inLanguage":"pt-BR","url":"https:\/\/secure.gravatar.com\/avatar\/2b2cb2f4637682c5605e8d36818f51ef?s=96&d=mm&r=g","contentUrl":"https:\/\/secure.gravatar.com\/avatar\/2b2cb2f4637682c5605e8d36818f51ef?s=96&d=mm&r=g","caption":"Gabriel Barbosa"},"url":"https:\/\/www.adf.org.br\/home\/author\/gabrielpmk-com-br\/"}]}},"_links":{"self":[{"href":"https:\/\/www.adf.org.br\/home\/wp-json\/wp\/v2\/posts\/74527"}],"collection":[{"href":"https:\/\/www.adf.org.br\/home\/wp-json\/wp\/v2\/posts"}],"about":[{"href":"https:\/\/www.adf.org.br\/home\/wp-json\/wp\/v2\/types\/post"}],"author":[{"embeddable":true,"href":"https:\/\/www.adf.org.br\/home\/wp-json\/wp\/v2\/users\/31"}],"replies":[{"embeddable":true,"href":"https:\/\/www.adf.org.br\/home\/wp-json\/wp\/v2\/comments?post=74527"}],"version-history":[{"count":9,"href":"https:\/\/www.adf.org.br\/home\/wp-json\/wp\/v2\/posts\/74527\/revisions"}],"predecessor-version":[{"id":79870,"href":"https:\/\/www.adf.org.br\/home\/wp-json\/wp\/v2\/posts\/74527\/revisions\/79870"}],"wp:featuredmedia":[{"embeddable":true,"href":"https:\/\/www.adf.org.br\/home\/wp-json\/wp\/v2\/media\/74536"}],"wp:attachment":[{"href":"https:\/\/www.adf.org.br\/home\/wp-json\/wp\/v2\/media?parent=74527"}],"wp:term":[{"taxonomy":"category","embeddable":true,"href":"https:\/\/www.adf.org.br\/home\/wp-json\/wp\/v2\/categories?post=74527"},{"taxonomy":"post_tag","embeddable":true,"href":"https:\/\/www.adf.org.br\/home\/wp-json\/wp\/v2\/tags?post=74527"}],"curies":[{"name":"wp","href":"https:\/\/api.w.org\/{rel}","templated":true}]}}