{"id":74400,"date":"2025-11-21T08:00:36","date_gmt":"2025-11-21T11:00:36","guid":{"rendered":"https:\/\/www.adf.org.br\/home\/?p=74400"},"modified":"2025-10-24T13:55:52","modified_gmt":"2025-10-24T16:55:52","slug":"dia-da-apresentacao-de-nossa-senhora-importancia-dessa-celebracao","status":"publish","type":"post","link":"https:\/\/www.adf.org.br\/home\/dia-da-apresentacao-de-nossa-senhora-importancia-dessa-celebracao\/","title":{"rendered":"Dia da Apresenta\u00e7\u00e3o de Nossa Senhora | Qual a import\u00e2ncia dessa celebra\u00e7\u00e3o? Descubra"},"content":{"rendered":"<figure id=\"attachment_74401\" aria-describedby=\"caption-attachment-74401\" style=\"width: 990px\" class=\"wp-caption aligncenter\"><img loading=\"lazy\" class=\"size-full wp-image-74401\" src=\"https:\/\/www.adf.org.br\/home\/wp-content\/uploads\/2023\/11\/dia-da-Apresentacao-Nossa-Senhora.png\" alt=\"Dia da Apresenta\u00e7\u00e3o de Nossa Senhora\" width=\"990\" height=\"519\" srcset=\"https:\/\/www.adf.org.br\/home\/wp-content\/uploads\/2023\/11\/dia-da-Apresentacao-Nossa-Senhora.png 990w, https:\/\/www.adf.org.br\/home\/wp-content\/uploads\/2023\/11\/dia-da-Apresentacao-Nossa-Senhora-300x157.png 300w, https:\/\/www.adf.org.br\/home\/wp-content\/uploads\/2023\/11\/dia-da-Apresentacao-Nossa-Senhora-768x403.png 768w\" sizes=\"(max-width: 990px) 100vw, 990px\" \/><figcaption id=\"caption-attachment-74401\" class=\"wp-caption-text\">Pintura que ilustra a Apresenta\u00e7\u00e3o de Nossa Senhora<\/figcaption><\/figure>\n<p style=\"padding-left: 40px;\"><span style=\"color: #000000;\">H\u00e1 preciosas li\u00e7\u00f5es para a vida cotidiana proporcionadas por essa comemora\u00e7\u00e3o:\u00a0<b>como enfrentar os sofrimentos<\/b>, cumprir as obriga\u00e7\u00f5es para com Deus e a necessidade de recorrer \u00e0 Auxiliadora dos Crist\u00e3os\u00a0s\u00e3o apenas algumas delas. Leia a seguir a origem e import\u00e2ncia desta festividade:<\/span><\/p>\n<h1><span style=\"color: #800080;\"><b>Dia da Apresenta\u00e7\u00e3o de Nossa Senhora<\/b><\/span><\/h1>\n<p><span style=\"color: #000000;\"><strong>A\u00a0Apresenta\u00e7\u00e3o de <\/strong><strong>Nossa Senhora<\/strong><strong> \u00e9 a festa estabelecida pela Santa Igreja para consagrar<\/strong> a mem\u00f3ria de um solene acontecimento na vida de Maria Sant\u00edssima, sendo Ela ainda crian\u00e7a.<\/span><\/p>\n<p><span style=\"color: #000000;\">Uma tradi\u00e7\u00e3o constante, cuja origem remonta aos primeiros tempos do Cristianismo nos informa que a Virgem Sant\u00edssima, aos tr\u00eas anos de idade, foi apresentada ao Templo de Jerusal\u00e9m, onde se consagrou em corpo e alma ao Senhor.<\/span><\/p>\n<p style=\"padding-left: 40px;\"><span style=\"color: #000000;\">O Oriente foi o primeiro a celebrar tal festa, como atesta um t\u00f3pico da constitui\u00e7\u00e3o do Imperador Manuel Commeno, em 1143. Dois s\u00e9culos mais tarde tal comemora\u00e7\u00e3o passou ao Ocidente. O\u00a0<b>Papa Greg\u00f3rio XI introduziu-a no calend\u00e1rio romano, por volta de 1373<\/b>.<\/span><\/p>\n<p>A festa da Apresenta\u00e7\u00e3o da Bem-aventurada\u00a0Virgem Maria\u00a0no Templo, al\u00e9m de celebrar esse epis\u00f3dio da vida de Nossa Senhora, busca recordar tamb\u00e9m todo o per\u00edodo que vai desde seu nascimento at\u00e9 a Anuncia\u00e7\u00e3o do Anjo.<\/p>\n<p><span style=\"color: #000000;\">Ao celebr\u00e1-la, a Igreja visa iluminar, tanto quanto poss\u00edvel, o sil\u00eancio existente na Sagrada Escritura a prop\u00f3sito do primeiro per\u00edodo da vida de Maria Sant\u00edssima.<\/span><\/p>\n<p>Dotada da plenitude de suas faculdades, Nossa Senhora fez a Deus voto de castidade, tendo sido a primeira a portar esse sagrado estandarte, sob o qual se alistaram depois legi\u00f5es de virgens.<\/p>\n<p><span style=\"color: #000000;\">Os judeus costumavam consagrar seus filhos ao servi\u00e7o do Templo e fazer educar as meninas \u00e0 sombra tutelar do sagrado edif\u00edcio.\u00a0<\/span><\/p>\n<p><span style=\"color: #000000;\">Tendo sabido Maria que seu pai e sua m\u00e3e \u2013\u00a0<b>Joaquim e Ana<\/b>, cujos nomes significam respectivamente prepara\u00e7\u00e3o do Senhor e gra\u00e7a \u2013 fi\u00e9is a t\u00e3o vener\u00e1vel costume, haviam prometido ao Senhor, ao pedir-Lhe um filho, que Lho ofereceriam, adiantou-se ao seu desejo e\u00a0<b>quis Ela mesma consagrar-se ao Senhor<\/b>.<\/span><\/p>\n<p><span style=\"color: #000000;\">E foi a primeira a lhes suplicar que cumprissem sua promessa.<\/span><\/p>\n<blockquote><p><strong style=\"color: #800080;\"><i>\u201cAna n\u00e3o vacilou,\u00a0<\/i><\/strong><span style=\"color: #800080;\">afirma S\u00e3o Greg\u00f3rio de Nissa<\/span><i style=\"color: #800080;\">,<strong>\u00a0em aceder ao seu desejo; levou-A ao Templo, e A ofereceu ao Senhor.\u201c<\/strong><\/i><\/p><\/blockquote>\n<p><span style=\"color: #ffffff;\">.<\/span><\/p>\n<h2><span style=\"color: #000000;\"><b>Legi\u00f5es de Anjos\u00a0acompanham Maria Sant\u00edssima de Nazar\u00e9 a Jerusal\u00e9m<\/b><\/span><\/h2>\n<figure style=\"width: 160px\" class=\"wp-caption alignleft\"><a href=\"https:\/\/adf.org.br\/capelinhanatalnossasenhoradefatima\/?origem=28838\" target=\"_blank\" rel=\"noopener\"><img loading=\"lazy\" src=\"https:\/\/cruzterrasanta.com.br\/_global\/_ssf\/ssf.aspx?d=\/_upload\/significados_de_santos\/&amp;arquivo=20170531102436-nossa-senhora-rainha-dos-anjos.jpg\" alt=\"Nossa Senhora Rainha dos Anjos.\" width=\"160\" height=\"241\" \/><\/a><figcaption class=\"wp-caption-text\">Nossa Senhora Rainha dos Anjos.<\/figcaption><\/figure>\n<p><span style=\"color: #000000;\">Vejamos como Ana e Joaquim fizeram a Deus o oferecimento d\u2019Aquela que mais amavam no mundo.<\/span><\/p>\n<p><span style=\"color: #000000;\">Eles sa\u00edram de Nazar\u00e9 para Jerusal\u00e9m, levando nos bra\u00e7os sua querida filha, que era muita pequena para enfrentar as fadigas de uma viagem de trinta l\u00e9guas.<\/span><\/p>\n<p><span style=\"color: #000000;\">Associou-se a eles um reduzido n\u00famero de parentes. <\/span><\/p>\n<p style=\"padding-left: 40px;\"><span style=\"color: #000000;\"><i>\u201cPor\u00e9m os Anjos,\u00a0<\/i>diz S\u00e3o Greg\u00f3rio de Nicom\u00e9dia,<i>\u00a0seguiam-nos e acompanhavam em numerosa corte \u00e0 terna e pura Virgem, que ia oferecer-se no altar do Sen<\/i>hor.\u201d<\/span><\/p>\n<p>Quando os santos viajantes chegaram ao Templo, Maria Sant\u00edssima voltou-se para seu pai e sua m\u00e3e, osculou (beijou) suas m\u00e3os, pediu-lhes a b\u00ean\u00e7\u00e3o e, sem vacilar um instante, subiu ao santu\u00e1rio.<\/p>\n<p><span style=\"color: #000000;\"><b>Exemplo para n\u00f3s:<\/b>\u00a0devemos cumprir o dever para com Deus sem delongas e com entusiasmo, recordando-nos daquela frase da Escritura:\u00a0<i>\u201cMaldito o que faz a obra do Senhor com neglig\u00eancia.\u201d\u00a0<\/i>(Jer. 48, 10).<\/span><\/p>\n<p><span style=\"color: #000000;\">O pr\u00f3prio Deus celebrou aquele dia memor\u00e1vel em que viu entrar no Templo sua casta Esposa, porque nunca se havia apresentado uma criatura t\u00e3o pura e t\u00e3o santa.<\/span><\/p>\n<p><span style=\"color: #000000;\">1. Cfr. escritos S\u00e3o Greg\u00f3rio de Nissa, S\u00e3o Jo\u00e3o Damasceno, Santo Andr\u00e9 de Creta e S\u00e3o Greg\u00f3rio de Nicom\u00e9dia \u2014 veja Bento XIV, p. 532, e Can\u00edsio, lib. I, cap. 12, apud Catecismo de Perseverancia citado na nota 3.<\/span><\/p>\n<h5 style=\"text-align: right;\"><span style=\"color: #000000;\"><b>Fonte:<\/b>\u00a0Texto de Valdis Grinsteins extra\u00eddo do site Catolicismo<\/span><\/h5>\n","protected":false},"excerpt":{"rendered":"<p>H\u00e1 preciosas li\u00e7\u00f5es para a vida cotidiana proporcionadas por essa comemora\u00e7\u00e3o:\u00a0como enfrentar os sofrimentos, cumprir as obriga\u00e7\u00f5es para com Deus e a necessidade de recorrer \u00e0 Auxiliadora dos Crist\u00e3os\u00a0s\u00e3o apenas algumas delas. Leia a seguir a origem e import\u00e2ncia desta festividade: Dia da Apresenta\u00e7\u00e3o de Nossa Senhora A\u00a0Apresenta\u00e7\u00e3o de Nossa Senhora \u00e9 a festa estabelecida [&hellip;]<\/p>\n","protected":false},"author":31,"featured_media":74401,"comment_status":"open","ping_status":"open","sticky":false,"template":"","format":"standard","meta":[],"categories":[20],"tags":[5342,5340,5341,5151,38],"yoast_head":"<!-- This site is optimized with the Yoast SEO plugin v17.4 - https:\/\/yoast.com\/wordpress\/plugins\/seo\/ -->\n<title>Dia da Apresenta\u00e7\u00e3o de Nossa Senhora | Qual a import\u00e2ncia dessa celebra\u00e7\u00e3o?<\/title>\n<meta name=\"description\" content=\"A Apresenta\u00e7\u00e3o de Nossa Senhora \u00e9 a festa estabelecida pela Santa Igreja para consagrar a mem\u00f3ria de um solene acontecimento na vida de Maria Sant\u00edssima,\" \/>\n<meta name=\"robots\" content=\"index, follow, max-snippet:-1, max-image-preview:large, max-video-preview:-1\" \/>\n<link rel=\"canonical\" href=\"https:\/\/www.adf.org.br\/home\/dia-da-apresentacao-de-nossa-senhora-importancia-dessa-celebracao\/\" \/>\n<meta property=\"og:locale\" content=\"pt_BR\" \/>\n<meta property=\"og:type\" content=\"article\" \/>\n<meta property=\"og:title\" content=\"Dia da Apresenta\u00e7\u00e3o de Nossa Senhora | Qual a import\u00e2ncia dessa celebra\u00e7\u00e3o?\" \/>\n<meta property=\"og:description\" content=\"A Apresenta\u00e7\u00e3o de Nossa Senhora \u00e9 a festa estabelecida pela Santa Igreja para consagrar a mem\u00f3ria de um solene acontecimento na vida de Maria Sant\u00edssima,\" \/>\n<meta property=\"og:url\" content=\"https:\/\/www.adf.org.br\/home\/dia-da-apresentacao-de-nossa-senhora-importancia-dessa-celebracao\/\" \/>\n<meta property=\"og:site_name\" content=\"Associa\u00e7\u00e3o Devotos de F\u00e1tima\" \/>\n<meta property=\"article:published_time\" content=\"2025-11-21T11:00:36+00:00\" \/>\n<meta property=\"article:modified_time\" content=\"2025-10-24T16:55:52+00:00\" \/>\n<meta property=\"og:image\" content=\"https:\/\/www.adf.org.br\/home\/wp-content\/uploads\/2023\/11\/dia-da-Apresentacao-Nossa-Senhora.png\" \/>\n\t<meta property=\"og:image:width\" content=\"990\" \/>\n\t<meta property=\"og:image:height\" content=\"519\" \/>\n<meta name=\"twitter:card\" content=\"summary_large_image\" \/>\n<meta name=\"twitter:label1\" content=\"Escrito por\" \/>\n\t<meta name=\"twitter:data1\" content=\"Gabriel Barbosa\" \/>\n\t<meta name=\"twitter:label2\" content=\"Est. tempo de leitura\" \/>\n\t<meta name=\"twitter:data2\" content=\"3 minutos\" \/>\n<script type=\"application\/ld+json\" class=\"yoast-schema-graph\">{\"@context\":\"https:\/\/schema.org\",\"@graph\":[{\"@type\":\"WebSite\",\"@id\":\"https:\/\/www.adf.org.br\/home\/#website\",\"url\":\"https:\/\/www.adf.org.br\/home\/\",\"name\":\"Associa\\u00e7\\u00e3o Devotos de F\\u00e1tima\",\"description\":\"Associa\\u00e7\\u00e3o Devotos de F\\u00e1tima\",\"potentialAction\":[{\"@type\":\"SearchAction\",\"target\":{\"@type\":\"EntryPoint\",\"urlTemplate\":\"https:\/\/www.adf.org.br\/home\/?s={search_term_string}\"},\"query-input\":\"required name=search_term_string\"}],\"inLanguage\":\"pt-BR\"},{\"@type\":\"ImageObject\",\"@id\":\"https:\/\/www.adf.org.br\/home\/dia-da-apresentacao-de-nossa-senhora-importancia-dessa-celebracao\/#primaryimage\",\"inLanguage\":\"pt-BR\",\"url\":\"https:\/\/www.adf.org.br\/home\/wp-content\/uploads\/2023\/11\/dia-da-Apresentacao-Nossa-Senhora.png\",\"contentUrl\":\"https:\/\/www.adf.org.br\/home\/wp-content\/uploads\/2023\/11\/dia-da-Apresentacao-Nossa-Senhora.png\",\"width\":990,\"height\":519,\"caption\":\"Dia da Apresenta\\u00e7\\u00e3o de Nossa Senhora\"},{\"@type\":\"WebPage\",\"@id\":\"https:\/\/www.adf.org.br\/home\/dia-da-apresentacao-de-nossa-senhora-importancia-dessa-celebracao\/#webpage\",\"url\":\"https:\/\/www.adf.org.br\/home\/dia-da-apresentacao-de-nossa-senhora-importancia-dessa-celebracao\/\",\"name\":\"Dia da Apresenta\\u00e7\\u00e3o de Nossa Senhora | Qual a import\\u00e2ncia dessa celebra\\u00e7\\u00e3o?\",\"isPartOf\":{\"@id\":\"https:\/\/www.adf.org.br\/home\/#website\"},\"primaryImageOfPage\":{\"@id\":\"https:\/\/www.adf.org.br\/home\/dia-da-apresentacao-de-nossa-senhora-importancia-dessa-celebracao\/#primaryimage\"},\"datePublished\":\"2025-11-21T11:00:36+00:00\",\"dateModified\":\"2025-10-24T16:55:52+00:00\",\"author\":{\"@id\":\"https:\/\/www.adf.org.br\/home\/#\/schema\/person\/f35a5c5aa7728a3dedf4ea9aa1fc2753\"},\"description\":\"A Apresenta\\u00e7\\u00e3o de Nossa Senhora \\u00e9 a festa estabelecida pela Santa Igreja para consagrar a mem\\u00f3ria de um solene acontecimento na vida de Maria Sant\\u00edssima,\",\"breadcrumb\":{\"@id\":\"https:\/\/www.adf.org.br\/home\/dia-da-apresentacao-de-nossa-senhora-importancia-dessa-celebracao\/#breadcrumb\"},\"inLanguage\":\"pt-BR\",\"potentialAction\":[{\"@type\":\"ReadAction\",\"target\":[\"https:\/\/www.adf.org.br\/home\/dia-da-apresentacao-de-nossa-senhora-importancia-dessa-celebracao\/\"]}]},{\"@type\":\"BreadcrumbList\",\"@id\":\"https:\/\/www.adf.org.br\/home\/dia-da-apresentacao-de-nossa-senhora-importancia-dessa-celebracao\/#breadcrumb\",\"itemListElement\":[{\"@type\":\"ListItem\",\"position\":1,\"name\":\"Home\",\"item\":\"https:\/\/www.adf.org.br\/home\/\"},{\"@type\":\"ListItem\",\"position\":2,\"name\":\"Dia da Apresenta\\u00e7\\u00e3o de Nossa Senhora | Qual a import\\u00e2ncia dessa celebra\\u00e7\\u00e3o? Descubra\"}]},{\"@type\":\"Person\",\"@id\":\"https:\/\/www.adf.org.br\/home\/#\/schema\/person\/f35a5c5aa7728a3dedf4ea9aa1fc2753\",\"name\":\"Gabriel Barbosa\",\"image\":{\"@type\":\"ImageObject\",\"@id\":\"https:\/\/www.adf.org.br\/home\/#personlogo\",\"inLanguage\":\"pt-BR\",\"url\":\"https:\/\/secure.gravatar.com\/avatar\/2b2cb2f4637682c5605e8d36818f51ef?s=96&d=mm&r=g\",\"contentUrl\":\"https:\/\/secure.gravatar.com\/avatar\/2b2cb2f4637682c5605e8d36818f51ef?s=96&d=mm&r=g\",\"caption\":\"Gabriel Barbosa\"},\"url\":\"https:\/\/www.adf.org.br\/home\/author\/gabrielpmk-com-br\/\"}]}<\/script>\n<!-- \/ Yoast SEO plugin. -->","yoast_head_json":{"title":"Dia da Apresenta\u00e7\u00e3o de Nossa Senhora | Qual a import\u00e2ncia dessa celebra\u00e7\u00e3o?","description":"A Apresenta\u00e7\u00e3o de Nossa Senhora \u00e9 a festa estabelecida pela Santa Igreja para consagrar a mem\u00f3ria de um solene acontecimento na vida de Maria Sant\u00edssima,","robots":{"index":"index","follow":"follow","max-snippet":"max-snippet:-1","max-image-preview":"max-image-preview:large","max-video-preview":"max-video-preview:-1"},"canonical":"https:\/\/www.adf.org.br\/home\/dia-da-apresentacao-de-nossa-senhora-importancia-dessa-celebracao\/","og_locale":"pt_BR","og_type":"article","og_title":"Dia da Apresenta\u00e7\u00e3o de Nossa Senhora | Qual a import\u00e2ncia dessa celebra\u00e7\u00e3o?","og_description":"A Apresenta\u00e7\u00e3o de Nossa Senhora \u00e9 a festa estabelecida pela Santa Igreja para consagrar a mem\u00f3ria de um solene acontecimento na vida de Maria Sant\u00edssima,","og_url":"https:\/\/www.adf.org.br\/home\/dia-da-apresentacao-de-nossa-senhora-importancia-dessa-celebracao\/","og_site_name":"Associa\u00e7\u00e3o Devotos de F\u00e1tima","article_published_time":"2025-11-21T11:00:36+00:00","article_modified_time":"2025-10-24T16:55:52+00:00","og_image":[{"width":990,"height":519,"url":"https:\/\/www.adf.org.br\/home\/wp-content\/uploads\/2023\/11\/dia-da-Apresentacao-Nossa-Senhora.png","type":"image\/png"}],"twitter_card":"summary_large_image","twitter_misc":{"Escrito por":"Gabriel Barbosa","Est. tempo de leitura":"3 minutos"},"schema":{"@context":"https:\/\/schema.org","@graph":[{"@type":"WebSite","@id":"https:\/\/www.adf.org.br\/home\/#website","url":"https:\/\/www.adf.org.br\/home\/","name":"Associa\u00e7\u00e3o Devotos de F\u00e1tima","description":"Associa\u00e7\u00e3o Devotos de F\u00e1tima","potentialAction":[{"@type":"SearchAction","target":{"@type":"EntryPoint","urlTemplate":"https:\/\/www.adf.org.br\/home\/?s={search_term_string}"},"query-input":"required name=search_term_string"}],"inLanguage":"pt-BR"},{"@type":"ImageObject","@id":"https:\/\/www.adf.org.br\/home\/dia-da-apresentacao-de-nossa-senhora-importancia-dessa-celebracao\/#primaryimage","inLanguage":"pt-BR","url":"https:\/\/www.adf.org.br\/home\/wp-content\/uploads\/2023\/11\/dia-da-Apresentacao-Nossa-Senhora.png","contentUrl":"https:\/\/www.adf.org.br\/home\/wp-content\/uploads\/2023\/11\/dia-da-Apresentacao-Nossa-Senhora.png","width":990,"height":519,"caption":"Dia da Apresenta\u00e7\u00e3o de Nossa Senhora"},{"@type":"WebPage","@id":"https:\/\/www.adf.org.br\/home\/dia-da-apresentacao-de-nossa-senhora-importancia-dessa-celebracao\/#webpage","url":"https:\/\/www.adf.org.br\/home\/dia-da-apresentacao-de-nossa-senhora-importancia-dessa-celebracao\/","name":"Dia da Apresenta\u00e7\u00e3o de Nossa Senhora | Qual a import\u00e2ncia dessa celebra\u00e7\u00e3o?","isPartOf":{"@id":"https:\/\/www.adf.org.br\/home\/#website"},"primaryImageOfPage":{"@id":"https:\/\/www.adf.org.br\/home\/dia-da-apresentacao-de-nossa-senhora-importancia-dessa-celebracao\/#primaryimage"},"datePublished":"2025-11-21T11:00:36+00:00","dateModified":"2025-10-24T16:55:52+00:00","author":{"@id":"https:\/\/www.adf.org.br\/home\/#\/schema\/person\/f35a5c5aa7728a3dedf4ea9aa1fc2753"},"description":"A Apresenta\u00e7\u00e3o de Nossa Senhora \u00e9 a festa estabelecida pela Santa Igreja para consagrar a mem\u00f3ria de um solene acontecimento na vida de Maria Sant\u00edssima,","breadcrumb":{"@id":"https:\/\/www.adf.org.br\/home\/dia-da-apresentacao-de-nossa-senhora-importancia-dessa-celebracao\/#breadcrumb"},"inLanguage":"pt-BR","potentialAction":[{"@type":"ReadAction","target":["https:\/\/www.adf.org.br\/home\/dia-da-apresentacao-de-nossa-senhora-importancia-dessa-celebracao\/"]}]},{"@type":"BreadcrumbList","@id":"https:\/\/www.adf.org.br\/home\/dia-da-apresentacao-de-nossa-senhora-importancia-dessa-celebracao\/#breadcrumb","itemListElement":[{"@type":"ListItem","position":1,"name":"Home","item":"https:\/\/www.adf.org.br\/home\/"},{"@type":"ListItem","position":2,"name":"Dia da Apresenta\u00e7\u00e3o de Nossa Senhora | Qual a import\u00e2ncia dessa celebra\u00e7\u00e3o? Descubra"}]},{"@type":"Person","@id":"https:\/\/www.adf.org.br\/home\/#\/schema\/person\/f35a5c5aa7728a3dedf4ea9aa1fc2753","name":"Gabriel Barbosa","image":{"@type":"ImageObject","@id":"https:\/\/www.adf.org.br\/home\/#personlogo","inLanguage":"pt-BR","url":"https:\/\/secure.gravatar.com\/avatar\/2b2cb2f4637682c5605e8d36818f51ef?s=96&d=mm&r=g","contentUrl":"https:\/\/secure.gravatar.com\/avatar\/2b2cb2f4637682c5605e8d36818f51ef?s=96&d=mm&r=g","caption":"Gabriel Barbosa"},"url":"https:\/\/www.adf.org.br\/home\/author\/gabrielpmk-com-br\/"}]}},"_links":{"self":[{"href":"https:\/\/www.adf.org.br\/home\/wp-json\/wp\/v2\/posts\/74400"}],"collection":[{"href":"https:\/\/www.adf.org.br\/home\/wp-json\/wp\/v2\/posts"}],"about":[{"href":"https:\/\/www.adf.org.br\/home\/wp-json\/wp\/v2\/types\/post"}],"author":[{"embeddable":true,"href":"https:\/\/www.adf.org.br\/home\/wp-json\/wp\/v2\/users\/31"}],"replies":[{"embeddable":true,"href":"https:\/\/www.adf.org.br\/home\/wp-json\/wp\/v2\/comments?post=74400"}],"version-history":[{"count":9,"href":"https:\/\/www.adf.org.br\/home\/wp-json\/wp\/v2\/posts\/74400\/revisions"}],"predecessor-version":[{"id":79866,"href":"https:\/\/www.adf.org.br\/home\/wp-json\/wp\/v2\/posts\/74400\/revisions\/79866"}],"wp:featuredmedia":[{"embeddable":true,"href":"https:\/\/www.adf.org.br\/home\/wp-json\/wp\/v2\/media\/74401"}],"wp:attachment":[{"href":"https:\/\/www.adf.org.br\/home\/wp-json\/wp\/v2\/media?parent=74400"}],"wp:term":[{"taxonomy":"category","embeddable":true,"href":"https:\/\/www.adf.org.br\/home\/wp-json\/wp\/v2\/categories?post=74400"},{"taxonomy":"post_tag","embeddable":true,"href":"https:\/\/www.adf.org.br\/home\/wp-json\/wp\/v2\/tags?post=74400"}],"curies":[{"name":"wp","href":"https:\/\/api.w.org\/{rel}","templated":true}]}}