{"id":74162,"date":"2023-10-29T00:00:59","date_gmt":"2023-10-29T03:00:59","guid":{"rendered":"https:\/\/www.adf.org.br\/home\/?p=74162"},"modified":"2023-11-06T16:18:38","modified_gmt":"2023-11-06T19:18:38","slug":"vida-sim-aborto-nao-assine-a-peticao-e-salve-vidas","status":"publish","type":"post","link":"https:\/\/www.adf.org.br\/home\/vida-sim-aborto-nao-assine-a-peticao-e-salve-vidas\/","title":{"rendered":"Vida sim, aborto n\u00e3o! Assine a peti\u00e7\u00e3o e salve vidas"},"content":{"rendered":"<style><span data-mce-type=\"bookmark\" style=\"display: inline-block; width: 0px; overflow: hidden; line-height: 0;\" class=\"mce_SELRES_start\">\ufeff<\/span>a{cursor:pointer}<\/style>\n<p><img loading=\"lazy\" class=\"aligncenter\" title=\"vida-sim-aborto-nao - peti\u00e7\u00e3o contra o aborto\" src=\"http:\/\/www.adf.org.br\/home\/wp-content\/uploads\/2018\/06\/vida-sim-aborto-nao-300x195.jpg\" alt=\"vida-sim-aborto-nao - peti\u00e7\u00e3o contra o aborto\" width=\"405\" height=\"263\" \/><\/p>\n<p><span style=\"color: #000000;\">Uma barbaridade quer ganhar espa\u00e7o no nosso Brasil:<\/span><\/p>\n<h2 style=\"text-align: center;\"><span style=\"text-decoration: underline;\"><span style=\"color: #ff0000;\"><a style=\"text-decoration: underline; color: #ff0000;\" data-toggle=\"modal\" data-target=\"#postagemModal\"><strong>A legaliza\u00e7\u00e3o do Aborto!<\/strong><\/a><\/span><\/span><\/h2>\n<p><span style=\"color: #000000;\"><span style=\"color: #ffffff;\">.<\/span><br \/>\nAlguns ministros s\u00e3o a favor, como Luiz Fux, Rosa Weber, Gilmar Mendes e C\u00e1rmen L\u00facia, mas ainda h\u00e1 aqueles que querem proteger essas vidas, como a deputada Chris Tonietto, que est\u00e1 \u00e0 frente de defender vidas.<\/span><\/p>\n<p><span style=\"text-decoration: underline;\"><span style=\"color: #0000ff;\"><a style=\"text-decoration: underline; color: #0000ff;\" data-toggle=\"modal\" data-target=\"#postagemModal\"><strong>N\u00e3o podemos ficar parados enquanto vidas inocentes podem correr perigo, caso o STF aprove a 442.<\/strong><\/a><\/span><\/span><\/p>\n<p><span style=\"color: #000000;\">A assim chamada\u00a0<b>Argui\u00e7\u00e3o de Descumprimento de Preceito Fundamental<\/b>\u00a0(ADPF) 442 \u00e9 uma a\u00e7\u00e3o proposta pelo Partido Socialismo e Liberdade (PSOL)\u00a0<b>que busca a descriminaliza\u00e7\u00e3o e a legaliza\u00e7\u00e3o do aborto volunt\u00e1rio, at\u00e9 o terceiro m\u00eas de gesta\u00e7\u00e3o!<\/b>\u00a0<\/span><\/p>\n<p><span style=\"color: #000000;\">Por isso, eu conto com a sua assinatura que a Associa\u00e7\u00e3o Devotos de F\u00e1tima est\u00e1 promovendo.<\/span><\/p>\n<h2 style=\"text-align: center;\"><span style=\"text-decoration: underline; color: #0000ff;\"><a style=\"text-decoration: underline; color: #0000ff;\" data-toggle=\"modal\" data-target=\"#postagemModal\"> Assine aqui a peti\u00e7\u00e3o e salve vidas!<\/a><\/span><\/h2>\n<p><span style=\"color: #000000;\">Precisamos proteger essas vidas inocentes.<\/span><\/p>\n<p><span style=\"color: #000000;\">Vidas importam. <span style=\"text-decoration: underline;\"><span style=\"color: #0000ff;\"><a style=\"text-decoration: underline; color: #0000ff;\" data-toggle=\"modal\" data-target=\"#postagemModal\">Conto com voc\u00ea.<\/a><\/span><\/span><\/span><\/p>\n<p><span style=\"color: #000000;\"><strong>Compartilhe com seus amigos e familiares essa p\u00e1gina<\/strong><\/span><\/p>\n<p><script src=\"https:\/\/ajax.googleapis.com\/ajax\/libs\/jquery\/3.5.1\/jquery.min.js\"><\/script><br \/>\n<script src=\"https:\/\/maxcdn.bootstrapcdn.com\/bootstrap\/3.4.1\/js\/bootstrap.min.js\"><\/script><br \/>\n<script src=\"https:\/\/www.adf.org.br\/form-modal-post\/js\/index.js\"><\/script><br \/>\n<script src=\"https:\/\/www.adf.org.br\/form-modal-post\/js\/carregamento.js?v=1.1.0\"><\/script><\/p>\n","protected":false},"excerpt":{"rendered":"<p>Uma barbaridade quer ganhar espa\u00e7o no nosso Brasil: A legaliza\u00e7\u00e3o do Aborto! . Alguns ministros s\u00e3o a favor, como Luiz Fux, Rosa Weber, Gilmar Mendes e C\u00e1rmen L\u00facia, mas ainda h\u00e1 aqueles que querem proteger essas vidas, como a deputada Chris Tonietto, que est\u00e1 \u00e0 frente de defender vidas. N\u00e3o podemos ficar parados enquanto vidas [&hellip;]<\/p>\n","protected":false},"author":31,"featured_media":74167,"comment_status":"open","ping_status":"open","sticky":false,"template":"","format":"standard","meta":[],"categories":[20],"tags":[47,5296,1385,5262,5213],"yoast_head":"<!-- This site is optimized with the Yoast SEO plugin v17.4 - https:\/\/yoast.com\/wordpress\/plugins\/seo\/ -->\n<title>Vida sim, aborto n\u00e3o! Assine a peti\u00e7\u00e3o e salve vidas<\/title>\n<meta name=\"description\" content=\"Querem descriminalizar o aborto e a sua assinatura pode impedir essa atrocidade. Assine a peti\u00e7\u00e3o\" \/>\n<meta name=\"robots\" content=\"index, follow, max-snippet:-1, max-image-preview:large, max-video-preview:-1\" \/>\n<link rel=\"canonical\" href=\"https:\/\/www.adf.org.br\/home\/vida-sim-aborto-nao-assine-a-peticao-e-salve-vidas\/\" \/>\n<meta property=\"og:locale\" content=\"pt_BR\" \/>\n<meta property=\"og:type\" content=\"article\" \/>\n<meta property=\"og:title\" content=\"Vida sim, aborto n\u00e3o! Assine a peti\u00e7\u00e3o e salve vidas\" \/>\n<meta property=\"og:description\" content=\"Querem descriminalizar o aborto e a sua assinatura pode impedir essa atrocidade. Assine a peti\u00e7\u00e3o\" \/>\n<meta property=\"og:url\" content=\"https:\/\/www.adf.org.br\/home\/vida-sim-aborto-nao-assine-a-peticao-e-salve-vidas\/\" \/>\n<meta property=\"og:site_name\" content=\"Associa\u00e7\u00e3o Devotos de F\u00e1tima\" \/>\n<meta property=\"article:published_time\" content=\"2023-10-29T03:00:59+00:00\" \/>\n<meta property=\"article:modified_time\" content=\"2023-11-06T19:18:38+00:00\" \/>\n<meta property=\"og:image\" content=\"https:\/\/www.adf.org.br\/home\/wp-content\/uploads\/2023\/10\/aBORTO-scaled.jpeg\" \/>\n\t<meta property=\"og:image:width\" content=\"2560\" \/>\n\t<meta property=\"og:image:height\" content=\"1712\" \/>\n<meta name=\"twitter:card\" content=\"summary_large_image\" \/>\n<meta name=\"twitter:label1\" content=\"Escrito por\" \/>\n\t<meta name=\"twitter:data1\" content=\"Gabriel Barbosa\" \/>\n\t<meta name=\"twitter:label2\" content=\"Est. tempo de leitura\" \/>\n\t<meta name=\"twitter:data2\" content=\"1 minuto\" \/>\n<script type=\"application\/ld+json\" class=\"yoast-schema-graph\">{\"@context\":\"https:\/\/schema.org\",\"@graph\":[{\"@type\":\"WebSite\",\"@id\":\"https:\/\/www.adf.org.br\/home\/#website\",\"url\":\"https:\/\/www.adf.org.br\/home\/\",\"name\":\"Associa\\u00e7\\u00e3o Devotos de F\\u00e1tima\",\"description\":\"Associa\\u00e7\\u00e3o Devotos de F\\u00e1tima\",\"potentialAction\":[{\"@type\":\"SearchAction\",\"target\":{\"@type\":\"EntryPoint\",\"urlTemplate\":\"https:\/\/www.adf.org.br\/home\/?s={search_term_string}\"},\"query-input\":\"required name=search_term_string\"}],\"inLanguage\":\"pt-BR\"},{\"@type\":\"ImageObject\",\"@id\":\"https:\/\/www.adf.org.br\/home\/vida-sim-aborto-nao-assine-a-peticao-e-salve-vidas\/#primaryimage\",\"inLanguage\":\"pt-BR\",\"url\":\"https:\/\/www.adf.org.br\/home\/wp-content\/uploads\/2023\/10\/aBORTO-scaled.jpeg\",\"contentUrl\":\"https:\/\/www.adf.org.br\/home\/wp-content\/uploads\/2023\/10\/aBORTO-scaled.jpeg\",\"width\":2560,\"height\":1712,\"caption\":\"Assine a peti\\u00e7\\u00e3o contra o Aborto. Salve Vidas\"},{\"@type\":\"WebPage\",\"@id\":\"https:\/\/www.adf.org.br\/home\/vida-sim-aborto-nao-assine-a-peticao-e-salve-vidas\/#webpage\",\"url\":\"https:\/\/www.adf.org.br\/home\/vida-sim-aborto-nao-assine-a-peticao-e-salve-vidas\/\",\"name\":\"Vida sim, aborto n\\u00e3o! Assine a peti\\u00e7\\u00e3o e salve vidas\",\"isPartOf\":{\"@id\":\"https:\/\/www.adf.org.br\/home\/#website\"},\"primaryImageOfPage\":{\"@id\":\"https:\/\/www.adf.org.br\/home\/vida-sim-aborto-nao-assine-a-peticao-e-salve-vidas\/#primaryimage\"},\"datePublished\":\"2023-10-29T03:00:59+00:00\",\"dateModified\":\"2023-11-06T19:18:38+00:00\",\"author\":{\"@id\":\"https:\/\/www.adf.org.br\/home\/#\/schema\/person\/f35a5c5aa7728a3dedf4ea9aa1fc2753\"},\"description\":\"Querem descriminalizar o aborto e a sua assinatura pode impedir essa atrocidade. Assine a peti\\u00e7\\u00e3o\",\"breadcrumb\":{\"@id\":\"https:\/\/www.adf.org.br\/home\/vida-sim-aborto-nao-assine-a-peticao-e-salve-vidas\/#breadcrumb\"},\"inLanguage\":\"pt-BR\",\"potentialAction\":[{\"@type\":\"ReadAction\",\"target\":[\"https:\/\/www.adf.org.br\/home\/vida-sim-aborto-nao-assine-a-peticao-e-salve-vidas\/\"]}]},{\"@type\":\"BreadcrumbList\",\"@id\":\"https:\/\/www.adf.org.br\/home\/vida-sim-aborto-nao-assine-a-peticao-e-salve-vidas\/#breadcrumb\",\"itemListElement\":[{\"@type\":\"ListItem\",\"position\":1,\"name\":\"Home\",\"item\":\"https:\/\/www.adf.org.br\/home\/\"},{\"@type\":\"ListItem\",\"position\":2,\"name\":\"Vida sim, aborto n\\u00e3o! Assine a peti\\u00e7\\u00e3o e salve vidas\"}]},{\"@type\":\"Person\",\"@id\":\"https:\/\/www.adf.org.br\/home\/#\/schema\/person\/f35a5c5aa7728a3dedf4ea9aa1fc2753\",\"name\":\"Gabriel Barbosa\",\"image\":{\"@type\":\"ImageObject\",\"@id\":\"https:\/\/www.adf.org.br\/home\/#personlogo\",\"inLanguage\":\"pt-BR\",\"url\":\"https:\/\/secure.gravatar.com\/avatar\/2b2cb2f4637682c5605e8d36818f51ef?s=96&d=mm&r=g\",\"contentUrl\":\"https:\/\/secure.gravatar.com\/avatar\/2b2cb2f4637682c5605e8d36818f51ef?s=96&d=mm&r=g\",\"caption\":\"Gabriel Barbosa\"},\"url\":\"https:\/\/www.adf.org.br\/home\/author\/gabrielpmk-com-br\/\"}]}<\/script>\n<!-- \/ Yoast SEO plugin. -->","yoast_head_json":{"title":"Vida sim, aborto n\u00e3o! Assine a peti\u00e7\u00e3o e salve vidas","description":"Querem descriminalizar o aborto e a sua assinatura pode impedir essa atrocidade. Assine a peti\u00e7\u00e3o","robots":{"index":"index","follow":"follow","max-snippet":"max-snippet:-1","max-image-preview":"max-image-preview:large","max-video-preview":"max-video-preview:-1"},"canonical":"https:\/\/www.adf.org.br\/home\/vida-sim-aborto-nao-assine-a-peticao-e-salve-vidas\/","og_locale":"pt_BR","og_type":"article","og_title":"Vida sim, aborto n\u00e3o! Assine a peti\u00e7\u00e3o e salve vidas","og_description":"Querem descriminalizar o aborto e a sua assinatura pode impedir essa atrocidade. Assine a peti\u00e7\u00e3o","og_url":"https:\/\/www.adf.org.br\/home\/vida-sim-aborto-nao-assine-a-peticao-e-salve-vidas\/","og_site_name":"Associa\u00e7\u00e3o Devotos de F\u00e1tima","article_published_time":"2023-10-29T03:00:59+00:00","article_modified_time":"2023-11-06T19:18:38+00:00","og_image":[{"width":2560,"height":1712,"url":"https:\/\/www.adf.org.br\/home\/wp-content\/uploads\/2023\/10\/aBORTO-scaled.jpeg","type":"image\/jpeg"}],"twitter_card":"summary_large_image","twitter_misc":{"Escrito por":"Gabriel Barbosa","Est. tempo de leitura":"1 minuto"},"schema":{"@context":"https:\/\/schema.org","@graph":[{"@type":"WebSite","@id":"https:\/\/www.adf.org.br\/home\/#website","url":"https:\/\/www.adf.org.br\/home\/","name":"Associa\u00e7\u00e3o Devotos de F\u00e1tima","description":"Associa\u00e7\u00e3o Devotos de F\u00e1tima","potentialAction":[{"@type":"SearchAction","target":{"@type":"EntryPoint","urlTemplate":"https:\/\/www.adf.org.br\/home\/?s={search_term_string}"},"query-input":"required name=search_term_string"}],"inLanguage":"pt-BR"},{"@type":"ImageObject","@id":"https:\/\/www.adf.org.br\/home\/vida-sim-aborto-nao-assine-a-peticao-e-salve-vidas\/#primaryimage","inLanguage":"pt-BR","url":"https:\/\/www.adf.org.br\/home\/wp-content\/uploads\/2023\/10\/aBORTO-scaled.jpeg","contentUrl":"https:\/\/www.adf.org.br\/home\/wp-content\/uploads\/2023\/10\/aBORTO-scaled.jpeg","width":2560,"height":1712,"caption":"Assine a peti\u00e7\u00e3o contra o Aborto. Salve Vidas"},{"@type":"WebPage","@id":"https:\/\/www.adf.org.br\/home\/vida-sim-aborto-nao-assine-a-peticao-e-salve-vidas\/#webpage","url":"https:\/\/www.adf.org.br\/home\/vida-sim-aborto-nao-assine-a-peticao-e-salve-vidas\/","name":"Vida sim, aborto n\u00e3o! Assine a peti\u00e7\u00e3o e salve vidas","isPartOf":{"@id":"https:\/\/www.adf.org.br\/home\/#website"},"primaryImageOfPage":{"@id":"https:\/\/www.adf.org.br\/home\/vida-sim-aborto-nao-assine-a-peticao-e-salve-vidas\/#primaryimage"},"datePublished":"2023-10-29T03:00:59+00:00","dateModified":"2023-11-06T19:18:38+00:00","author":{"@id":"https:\/\/www.adf.org.br\/home\/#\/schema\/person\/f35a5c5aa7728a3dedf4ea9aa1fc2753"},"description":"Querem descriminalizar o aborto e a sua assinatura pode impedir essa atrocidade. Assine a peti\u00e7\u00e3o","breadcrumb":{"@id":"https:\/\/www.adf.org.br\/home\/vida-sim-aborto-nao-assine-a-peticao-e-salve-vidas\/#breadcrumb"},"inLanguage":"pt-BR","potentialAction":[{"@type":"ReadAction","target":["https:\/\/www.adf.org.br\/home\/vida-sim-aborto-nao-assine-a-peticao-e-salve-vidas\/"]}]},{"@type":"BreadcrumbList","@id":"https:\/\/www.adf.org.br\/home\/vida-sim-aborto-nao-assine-a-peticao-e-salve-vidas\/#breadcrumb","itemListElement":[{"@type":"ListItem","position":1,"name":"Home","item":"https:\/\/www.adf.org.br\/home\/"},{"@type":"ListItem","position":2,"name":"Vida sim, aborto n\u00e3o! Assine a peti\u00e7\u00e3o e salve vidas"}]},{"@type":"Person","@id":"https:\/\/www.adf.org.br\/home\/#\/schema\/person\/f35a5c5aa7728a3dedf4ea9aa1fc2753","name":"Gabriel Barbosa","image":{"@type":"ImageObject","@id":"https:\/\/www.adf.org.br\/home\/#personlogo","inLanguage":"pt-BR","url":"https:\/\/secure.gravatar.com\/avatar\/2b2cb2f4637682c5605e8d36818f51ef?s=96&d=mm&r=g","contentUrl":"https:\/\/secure.gravatar.com\/avatar\/2b2cb2f4637682c5605e8d36818f51ef?s=96&d=mm&r=g","caption":"Gabriel Barbosa"},"url":"https:\/\/www.adf.org.br\/home\/author\/gabrielpmk-com-br\/"}]}},"_links":{"self":[{"href":"https:\/\/www.adf.org.br\/home\/wp-json\/wp\/v2\/posts\/74162"}],"collection":[{"href":"https:\/\/www.adf.org.br\/home\/wp-json\/wp\/v2\/posts"}],"about":[{"href":"https:\/\/www.adf.org.br\/home\/wp-json\/wp\/v2\/types\/post"}],"author":[{"embeddable":true,"href":"https:\/\/www.adf.org.br\/home\/wp-json\/wp\/v2\/users\/31"}],"replies":[{"embeddable":true,"href":"https:\/\/www.adf.org.br\/home\/wp-json\/wp\/v2\/comments?post=74162"}],"version-history":[{"count":7,"href":"https:\/\/www.adf.org.br\/home\/wp-json\/wp\/v2\/posts\/74162\/revisions"}],"predecessor-version":[{"id":75772,"href":"https:\/\/www.adf.org.br\/home\/wp-json\/wp\/v2\/posts\/74162\/revisions\/75772"}],"wp:featuredmedia":[{"embeddable":true,"href":"https:\/\/www.adf.org.br\/home\/wp-json\/wp\/v2\/media\/74167"}],"wp:attachment":[{"href":"https:\/\/www.adf.org.br\/home\/wp-json\/wp\/v2\/media?parent=74162"}],"wp:term":[{"taxonomy":"category","embeddable":true,"href":"https:\/\/www.adf.org.br\/home\/wp-json\/wp\/v2\/categories?post=74162"},{"taxonomy":"post_tag","embeddable":true,"href":"https:\/\/www.adf.org.br\/home\/wp-json\/wp\/v2\/tags?post=74162"}],"curies":[{"name":"wp","href":"https:\/\/api.w.org\/{rel}","templated":true}]}}