{"id":74032,"date":"2023-10-16T00:00:15","date_gmt":"2023-10-16T03:00:15","guid":{"rendered":"https:\/\/www.adf.org.br\/home\/?p=74032"},"modified":"2023-10-13T17:10:12","modified_gmt":"2023-10-13T20:10:12","slug":"dia-de-santa-edwiges-reze-essa-oracao-e-recorra-a-padroeira-dos-endividados","status":"publish","type":"post","link":"https:\/\/www.adf.org.br\/home\/dia-de-santa-edwiges-reze-essa-oracao-e-recorra-a-padroeira-dos-endividados\/","title":{"rendered":"Dia de Santa Edwiges. Reze essa ora\u00e7\u00e3o e recorra \u00e0 Padroeira dos Endividados"},"content":{"rendered":"<figure id=\"attachment_52127\" aria-describedby=\"caption-attachment-52127\" style=\"width: 304px\" class=\"wp-caption aligncenter\"><img loading=\"lazy\" class=\"wp-image-52127\" title=\"Ora\u00e7\u00e3o a Santa Edwiges, padroeira dos Endividados\" src=\"https:\/\/www.adf.org.br\/home\/wp-content\/uploads\/2019\/05\/santa-edwiges-219x300.jpg\" alt=\"Ora\u00e7\u00e3o a Santa Edwiges\" width=\"304\" height=\"416\" \/><figcaption id=\"caption-attachment-52127\" class=\"wp-caption-text\"><em><span style=\"font-size: 10pt; color: #000000; font-family: georgia, palatino, serif;\">Santa Edwiges, Padroeira dos Endividados<\/span><\/em><\/figcaption><\/figure>\n<p><span style=\"color: #000000;\"><em><span style=\"font-size: 12pt; font-family: verdana, geneva, sans-serif;\"><span style=\"font-size: 24pt;\"><strong>S<\/strong><\/span>anta Edwiges &#8211; <strong>Padroeira dos endividados<\/strong> &#8211; interceda por todos que recorrerem a v\u00f3s por esse prece! Reze:<\/span><\/em><\/span><\/p>\n<p><span style=\"color: #000000;\">A igreja celebra celebra hoje o dia da Padroeira dos Endividados, Santa Edwiges, conhecida mundialmente por interceder pelos desempregados, pobres e por quem mais precisa.\u00a0<\/span><\/p>\n<p><span style=\"color: #000000;\">Se voc\u00ea lida &#8211; ou n\u00e3o &#8211; com alguma dificuldade financeira, reze essa poderosa ora\u00e7\u00e3o.<\/span><\/p>\n<blockquote>\n<h2><span style=\"color: #000000;\"><em><span style=\"font-family: verdana, geneva, sans-serif; font-size: 12pt;\"><span style=\"color: #800080;\">\u00d3 Santa Edwiges<\/span>,<\/span><\/em><\/span><\/h2>\n<p><span style=\"color: #000000;\"><em><span style=\"font-family: verdana, geneva, sans-serif; font-size: 12pt;\">v\u00f3s que na terra fostes o amparo dos pobres,<\/span><\/em><\/span><\/p>\n<p><span style=\"color: #000000;\"><span style=\"font-family: verdana, geneva, sans-serif; font-size: 12pt;\"><strong><em>a ajuda dos desvalidos e o Socorro dos Endividados,<\/em><\/strong><\/span><\/span><\/p>\n<p><span style=\"color: #000000;\"><span style=\"font-family: verdana, geneva, sans-serif; font-size: 12pt;\"><strong><em>e no C\u00e9u agora desfrutais do eterno pr\u00eamio da caridade que em vida praticastes,<\/em><\/strong><\/span><\/span><\/p>\n<p><span style=\"color: #000000;\"><span style=\"font-family: verdana, geneva, sans-serif; font-size: 12pt;\"><em>suplicante te pe\u00e7o que sejais a minha advogada,<\/em><\/span><\/span><\/p>\n<p><span style=\"color: #000000;\"><span style=\"font-family: verdana, geneva, sans-serif; font-size: 12pt;\"><strong><em>para que eu obtenha de Deus o aux\u00edlio de que urgentemente preciso,<\/em><\/strong><\/span><\/span><\/p>\n<p><strong><span style=\"color: #000000;\"><span style=\"font-family: verdana, geneva, sans-serif; font-size: 12pt;\"><em>Alcan\u00e7ai-me tamb\u00e9m a suprema gra\u00e7a da salva\u00e7\u00e3o eterna.<\/em><\/span><\/span><\/strong><\/p>\n<p><span style=\"color: #000000;\"><span style=\"font-family: verdana, geneva, sans-serif; font-size: 12pt;\"><em>Santa Edwiges, rogai por n\u00f3s.<\/em><\/span><\/span><\/p>\n<p><span style=\"color: #000000;\"><span style=\"font-family: verdana, geneva, sans-serif; font-size: 12pt;\"><em>Am\u00e9m.<\/em><\/span><\/span><\/p>\n<p><strong><span style=\"font-family: verdana, geneva, sans-serif; font-size: 12pt; color: #000000;\">Rezar 1 Pai Nosso, 1 Ave Maria e Gl\u00f3ria ao Pai.<\/span><\/strong><\/p><\/blockquote>\n<p><span style=\"color: #ffffff;\">.<\/span><\/p>\n<p><a href=\"https:\/\/adf.org.br\/velario\/santaedwiges?origem=28486\" target=\"_blank\" rel=\"noopener\"><img loading=\"lazy\" class=\"aligncenter\" src=\"https:\/\/ci5.googleusercontent.com\/proxy\/DrXr9jFH_HffHhmS5TZFcB2rveS3DwVvOIvs5zgWuxDWx4lB1le9mu-rShaOlMtfPm4uJzxEwZKVMtxf_iFK4Ic09xUy7OX5dHD4EmpP=s0-d-e1-ft#http:\/\/adf.org.br\/home\/emkt\/001_dell\/ADF-EMKT-DMD-16-10.jpg\" alt=\"Associacao_Devotos_De_Nossa_Senhora_De_Fatima\" width=\"600\" height=\"337\" \/><\/a><\/p>\n<p><span style=\"color: #000000;\">A situa\u00e7\u00e3o n\u00e3o est\u00e1 f\u00e1cil para o nosso pa\u00eds&#8230;<\/span><\/p>\n<p><span style=\"color: #000000;\"><strong>O desemprego est\u00e1 alto;<br \/>\nA corrup\u00e7\u00e3o \u00e9 deslavada;<br \/>\nA crise financeira est\u00e1 grave&#8230;<\/strong><\/span><\/p>\n<p><span style=\"color: #000000;\">Com isso, muitas pessoas n\u00e3o t\u00eam dinheiro para pagarem suas contas e viverem dignamente.<\/span><br \/>\n<span style=\"color: #000000;\"><a style=\"color: #000000;\" href=\"https:\/\/adf.org.br\/velario\/santaedwiges?origem=28486\" target=\"_blank\" rel=\"noopener\" data-saferedirecturl=\"https:\/\/www.google.com\/url?q=http:\/\/e.adf.org.br\/bendar\/?atmca%3D8756177%26atmme%3D1%26atmte%3D1%26atmso%3Dck%26utm_content%3D258605329%26atmem%3DZ2FicmllbC5iYXJib3NhLmFhc2NqQGdtYWlsLmNvbQ%3D%3D%26&amp;source=gmail&amp;ust=1697303969282000&amp;usg=AOvVaw0Pte6uDA8wzP2en5kcUU0v\"><img loading=\"lazy\" class=\"CToWUd alignleft\" src=\"https:\/\/ci5.googleusercontent.com\/proxy\/Om30xRlHv8eNFli6Q4ZnjFoNKxnaNP6D6bPo6rbXPnul8wPiLGjdn2khMsQDe8H0HKbsWPve8mpyUYFOzNSwKrZczdv9=s0-d-e1-ft#http:\/\/adf.org.br\/home\/emkt\/001_dell\/vela-0002.jpg\" alt=\"Associacao_Devotos_De_Nossa_Senhora_De_Fatima\" width=\"137\" height=\"303\" data-bit=\"iit\" \/><\/a><\/span><br \/>\n<span style=\"color: #000000;\">Muitas fam\u00edlias brigam diariamente por conta das d\u00edvidas acumuladas.<\/span><\/p>\n<p><span style=\"color: #000000;\"><em>&#8220;\u00c9 muito dif\u00edcil ter uma noite inteira de sono pensando nos problemas financeiros e em como sustentar uma fam\u00edlia&#8221;<\/em>, \u00e9 o que muitas pessoas nos escrevem.<\/span><\/p>\n<p><span style=\"color: #000000;\">Eu espero do fundo do meu cora\u00e7\u00e3o que este n\u00e3o seja o seu caso.<\/span><\/p>\n<p><span style=\"color: #000000;\">Mas se voc\u00ea estiver passando por algum momento de dificuldade, eu gostaria de lhe convidar a\u00a0<span style=\"text-decoration: underline;\"><span style=\"color: #0000ff; text-decoration: underline;\"><a style=\"color: #0000ff; text-decoration: underline;\" href=\"https:\/\/adf.org.br\/velario\/santaedwiges?origem=28486\" target=\"_blank\" rel=\"noopener\"><strong>acender aqui a Vela de\u00a0Santa\u00a0Edwiges<\/strong><\/a><\/span><\/span>.<\/span><\/p>\n<p><span style=\"color: #000000;\"><strong><span style=\"text-decoration: underline;\"><span style=\"color: #0000ff;\"><a style=\"color: #0000ff; text-decoration: underline;\" href=\"https:\/\/adf.org.br\/velario\/santaedwiges?origem=28486\"><span class=\"il\">Santa<\/span>\u00a0<span class=\"il\">Edwiges<\/span><\/a><\/span><\/span>\u00a0\u00e9 a padroeira dos endividados e escutar\u00e1 os seus pedidos feitos com f\u00e9<\/strong>.<\/span><\/p>\n<p><span style=\"color: #000000;\">Aproveite para inscrever tamb\u00e9m o nome de um amigo ou familiar que esteja passando por um problema financeiro.<\/span><\/p>\n<p><span style=\"color: #ffffff;\">.<\/span><\/p>\n<h2 style=\"text-align: center;\"><span style=\"color: #0000ff;\"><strong><a style=\"color: #0000ff;\" href=\"https:\/\/adf.org.br\/velario\/santaedwiges?origem=28486\" target=\"_blank\" rel=\"noopener\" data-saferedirecturl=\"https:\/\/www.google.com\/url?q=http:\/\/e.adf.org.br\/bendar\/?atmca%3D8756177%26atmme%3D1%26atmte%3D1%26atmso%3Dck%26utm_content%3D258605329%26atmem%3DZ2FicmllbC5iYXJib3NhLmFhc2NqQGdtYWlsLmNvbQ%3D%3D%26&amp;source=gmail&amp;ust=1697303969282000&amp;usg=AOvVaw0Pte6uDA8wzP2en5kcUU0v\"><span style=\"text-decoration: underline;\">Clique aqui para acender a<\/span><br \/>\n<span style=\"text-decoration: underline;\">Vela de\u00a0<span class=\"il\">Santa<\/span>\u00a0<span class=\"il\">Edwiges<\/span>.<\/span><\/a><\/strong><\/span><\/h2>\n<p><span style=\"color: #ffffff;\">.<\/span><\/p>\n<p><span style=\"color: #000000;\"><span style=\"text-decoration: underline;\"><strong><a style=\"color: #000000;\" href=\"https:\/\/adf.org.br\/velario\/santaedwiges?origem=28486\" target=\"_blank\" rel=\"noopener\" data-saferedirecturl=\"https:\/\/www.google.com\/url?q=http:\/\/e.adf.org.br\/bendar\/?atmca%3D8756177%26atmme%3D1%26atmte%3D1%26atmso%3Dck%26utm_content%3D258605329%26atmem%3DZ2FicmllbC5iYXJib3NhLmFhc2NqQGdtYWlsLmNvbQ%3D%3D%26&amp;source=gmail&amp;ust=1697303969282000&amp;usg=AOvVaw0Pte6uDA8wzP2en5kcUU0v\"><span style=\"color: #0000ff; text-decoration: underline;\">Ao acender esta vela<\/span><\/a><\/strong><\/span>, os seus pedidos ser\u00e3o levados diretamente ao altar da\u00a0<strong>Missa de\u00a0<span class=\"il\">Santa<\/span>\u00a0<span class=\"il\">Edwiges<\/span><\/strong>, do pr\u00f3ximo s\u00e1bado..<\/span><\/p>\n<p><span style=\"color: #000000;\"><span class=\"il\">Santa<\/span>\u00a0<span class=\"il\">Edwiges<\/span>, rogai por n\u00f3s!<\/span><\/p>\n","protected":false},"excerpt":{"rendered":"<p>Santa Edwiges &#8211; Padroeira dos endividados &#8211; interceda por todos que recorrerem a v\u00f3s por esse prece! Reze: A igreja celebra celebra hoje o dia da Padroeira dos Endividados, Santa Edwiges, conhecida mundialmente por interceder pelos desempregados, pobres e por quem mais precisa.\u00a0 Se voc\u00ea lida &#8211; ou n\u00e3o &#8211; com alguma dificuldade financeira, reze [&hellip;]<\/p>\n","protected":false},"author":31,"featured_media":74034,"comment_status":"open","ping_status":"open","sticky":false,"template":"","format":"standard","meta":[],"categories":[14],"tags":[2517,5282,5283,5281,2063],"yoast_head":"<!-- This site is optimized with the Yoast SEO plugin v17.4 - https:\/\/yoast.com\/wordpress\/plugins\/seo\/ -->\n<title>Dia de Santa Edwiges. Reze essa ora\u00e7\u00e3o e recorra \u00e0 Padroeira dos Endividados<\/title>\n<meta name=\"description\" content=\"Dia de Santa Edwiges. Reze essa ora\u00e7\u00e3o e recorra \u00e0 Padroeira dos Endividados\" \/>\n<meta name=\"robots\" content=\"index, follow, max-snippet:-1, max-image-preview:large, max-video-preview:-1\" \/>\n<link rel=\"canonical\" href=\"https:\/\/www.adf.org.br\/home\/dia-de-santa-edwiges-reze-essa-oracao-e-recorra-a-padroeira-dos-endividados\/\" \/>\n<meta property=\"og:locale\" content=\"pt_BR\" \/>\n<meta property=\"og:type\" content=\"article\" \/>\n<meta property=\"og:title\" content=\"Dia de Santa Edwiges. Reze essa ora\u00e7\u00e3o e recorra \u00e0 Padroeira dos Endividados\" \/>\n<meta property=\"og:description\" content=\"Dia de Santa Edwiges. Reze essa ora\u00e7\u00e3o e recorra \u00e0 Padroeira dos Endividados\" \/>\n<meta property=\"og:url\" content=\"https:\/\/www.adf.org.br\/home\/dia-de-santa-edwiges-reze-essa-oracao-e-recorra-a-padroeira-dos-endividados\/\" \/>\n<meta property=\"og:site_name\" content=\"Associa\u00e7\u00e3o Devotos de F\u00e1tima\" \/>\n<meta property=\"article:published_time\" content=\"2023-10-16T03:00:15+00:00\" \/>\n<meta property=\"article:modified_time\" content=\"2023-10-13T20:10:12+00:00\" \/>\n<meta property=\"og:image\" content=\"https:\/\/www.adf.org.br\/home\/wp-content\/uploads\/2023\/10\/AdobeStock_277335945-2-scaled.jpeg\" \/>\n\t<meta property=\"og:image:width\" content=\"2560\" \/>\n\t<meta property=\"og:image:height\" content=\"1440\" \/>\n<meta name=\"twitter:card\" content=\"summary_large_image\" \/>\n<meta name=\"twitter:label1\" content=\"Escrito por\" \/>\n\t<meta name=\"twitter:data1\" content=\"Gabriel Barbosa\" \/>\n\t<meta name=\"twitter:label2\" content=\"Est. tempo de leitura\" \/>\n\t<meta name=\"twitter:data2\" content=\"2 minutos\" \/>\n<script type=\"application\/ld+json\" class=\"yoast-schema-graph\">{\"@context\":\"https:\/\/schema.org\",\"@graph\":[{\"@type\":\"WebSite\",\"@id\":\"https:\/\/www.adf.org.br\/home\/#website\",\"url\":\"https:\/\/www.adf.org.br\/home\/\",\"name\":\"Associa\\u00e7\\u00e3o Devotos de F\\u00e1tima\",\"description\":\"Associa\\u00e7\\u00e3o Devotos de F\\u00e1tima\",\"potentialAction\":[{\"@type\":\"SearchAction\",\"target\":{\"@type\":\"EntryPoint\",\"urlTemplate\":\"https:\/\/www.adf.org.br\/home\/?s={search_term_string}\"},\"query-input\":\"required name=search_term_string\"}],\"inLanguage\":\"pt-BR\"},{\"@type\":\"ImageObject\",\"@id\":\"https:\/\/www.adf.org.br\/home\/dia-de-santa-edwiges-reze-essa-oracao-e-recorra-a-padroeira-dos-endividados\/#primaryimage\",\"inLanguage\":\"pt-BR\",\"url\":\"https:\/\/www.adf.org.br\/home\/wp-content\/uploads\/2023\/10\/AdobeStock_277335945-2-scaled.jpeg\",\"contentUrl\":\"https:\/\/www.adf.org.br\/home\/wp-content\/uploads\/2023\/10\/AdobeStock_277335945-2-scaled.jpeg\",\"width\":2560,\"height\":1440,\"caption\":\"Ora\\u00e7\\u00e3o a Santa Edwiges\"},{\"@type\":\"WebPage\",\"@id\":\"https:\/\/www.adf.org.br\/home\/dia-de-santa-edwiges-reze-essa-oracao-e-recorra-a-padroeira-dos-endividados\/#webpage\",\"url\":\"https:\/\/www.adf.org.br\/home\/dia-de-santa-edwiges-reze-essa-oracao-e-recorra-a-padroeira-dos-endividados\/\",\"name\":\"Dia de Santa Edwiges. Reze essa ora\\u00e7\\u00e3o e recorra \\u00e0 Padroeira dos Endividados\",\"isPartOf\":{\"@id\":\"https:\/\/www.adf.org.br\/home\/#website\"},\"primaryImageOfPage\":{\"@id\":\"https:\/\/www.adf.org.br\/home\/dia-de-santa-edwiges-reze-essa-oracao-e-recorra-a-padroeira-dos-endividados\/#primaryimage\"},\"datePublished\":\"2023-10-16T03:00:15+00:00\",\"dateModified\":\"2023-10-13T20:10:12+00:00\",\"author\":{\"@id\":\"https:\/\/www.adf.org.br\/home\/#\/schema\/person\/f35a5c5aa7728a3dedf4ea9aa1fc2753\"},\"description\":\"Dia de Santa Edwiges. Reze essa ora\\u00e7\\u00e3o e recorra \\u00e0 Padroeira dos Endividados\",\"breadcrumb\":{\"@id\":\"https:\/\/www.adf.org.br\/home\/dia-de-santa-edwiges-reze-essa-oracao-e-recorra-a-padroeira-dos-endividados\/#breadcrumb\"},\"inLanguage\":\"pt-BR\",\"potentialAction\":[{\"@type\":\"ReadAction\",\"target\":[\"https:\/\/www.adf.org.br\/home\/dia-de-santa-edwiges-reze-essa-oracao-e-recorra-a-padroeira-dos-endividados\/\"]}]},{\"@type\":\"BreadcrumbList\",\"@id\":\"https:\/\/www.adf.org.br\/home\/dia-de-santa-edwiges-reze-essa-oracao-e-recorra-a-padroeira-dos-endividados\/#breadcrumb\",\"itemListElement\":[{\"@type\":\"ListItem\",\"position\":1,\"name\":\"Home\",\"item\":\"https:\/\/www.adf.org.br\/home\/\"},{\"@type\":\"ListItem\",\"position\":2,\"name\":\"Dia de Santa Edwiges. Reze essa ora\\u00e7\\u00e3o e recorra \\u00e0 Padroeira dos Endividados\"}]},{\"@type\":\"Person\",\"@id\":\"https:\/\/www.adf.org.br\/home\/#\/schema\/person\/f35a5c5aa7728a3dedf4ea9aa1fc2753\",\"name\":\"Gabriel Barbosa\",\"image\":{\"@type\":\"ImageObject\",\"@id\":\"https:\/\/www.adf.org.br\/home\/#personlogo\",\"inLanguage\":\"pt-BR\",\"url\":\"https:\/\/secure.gravatar.com\/avatar\/2b2cb2f4637682c5605e8d36818f51ef?s=96&d=mm&r=g\",\"contentUrl\":\"https:\/\/secure.gravatar.com\/avatar\/2b2cb2f4637682c5605e8d36818f51ef?s=96&d=mm&r=g\",\"caption\":\"Gabriel Barbosa\"},\"url\":\"https:\/\/www.adf.org.br\/home\/author\/gabrielpmk-com-br\/\"}]}<\/script>\n<!-- \/ Yoast SEO plugin. -->","yoast_head_json":{"title":"Dia de Santa Edwiges. Reze essa ora\u00e7\u00e3o e recorra \u00e0 Padroeira dos Endividados","description":"Dia de Santa Edwiges. Reze essa ora\u00e7\u00e3o e recorra \u00e0 Padroeira dos Endividados","robots":{"index":"index","follow":"follow","max-snippet":"max-snippet:-1","max-image-preview":"max-image-preview:large","max-video-preview":"max-video-preview:-1"},"canonical":"https:\/\/www.adf.org.br\/home\/dia-de-santa-edwiges-reze-essa-oracao-e-recorra-a-padroeira-dos-endividados\/","og_locale":"pt_BR","og_type":"article","og_title":"Dia de Santa Edwiges. Reze essa ora\u00e7\u00e3o e recorra \u00e0 Padroeira dos Endividados","og_description":"Dia de Santa Edwiges. Reze essa ora\u00e7\u00e3o e recorra \u00e0 Padroeira dos Endividados","og_url":"https:\/\/www.adf.org.br\/home\/dia-de-santa-edwiges-reze-essa-oracao-e-recorra-a-padroeira-dos-endividados\/","og_site_name":"Associa\u00e7\u00e3o Devotos de F\u00e1tima","article_published_time":"2023-10-16T03:00:15+00:00","article_modified_time":"2023-10-13T20:10:12+00:00","og_image":[{"width":2560,"height":1440,"url":"https:\/\/www.adf.org.br\/home\/wp-content\/uploads\/2023\/10\/AdobeStock_277335945-2-scaled.jpeg","type":"image\/jpeg"}],"twitter_card":"summary_large_image","twitter_misc":{"Escrito por":"Gabriel Barbosa","Est. tempo de leitura":"2 minutos"},"schema":{"@context":"https:\/\/schema.org","@graph":[{"@type":"WebSite","@id":"https:\/\/www.adf.org.br\/home\/#website","url":"https:\/\/www.adf.org.br\/home\/","name":"Associa\u00e7\u00e3o Devotos de F\u00e1tima","description":"Associa\u00e7\u00e3o Devotos de F\u00e1tima","potentialAction":[{"@type":"SearchAction","target":{"@type":"EntryPoint","urlTemplate":"https:\/\/www.adf.org.br\/home\/?s={search_term_string}"},"query-input":"required name=search_term_string"}],"inLanguage":"pt-BR"},{"@type":"ImageObject","@id":"https:\/\/www.adf.org.br\/home\/dia-de-santa-edwiges-reze-essa-oracao-e-recorra-a-padroeira-dos-endividados\/#primaryimage","inLanguage":"pt-BR","url":"https:\/\/www.adf.org.br\/home\/wp-content\/uploads\/2023\/10\/AdobeStock_277335945-2-scaled.jpeg","contentUrl":"https:\/\/www.adf.org.br\/home\/wp-content\/uploads\/2023\/10\/AdobeStock_277335945-2-scaled.jpeg","width":2560,"height":1440,"caption":"Ora\u00e7\u00e3o a Santa Edwiges"},{"@type":"WebPage","@id":"https:\/\/www.adf.org.br\/home\/dia-de-santa-edwiges-reze-essa-oracao-e-recorra-a-padroeira-dos-endividados\/#webpage","url":"https:\/\/www.adf.org.br\/home\/dia-de-santa-edwiges-reze-essa-oracao-e-recorra-a-padroeira-dos-endividados\/","name":"Dia de Santa Edwiges. Reze essa ora\u00e7\u00e3o e recorra \u00e0 Padroeira dos Endividados","isPartOf":{"@id":"https:\/\/www.adf.org.br\/home\/#website"},"primaryImageOfPage":{"@id":"https:\/\/www.adf.org.br\/home\/dia-de-santa-edwiges-reze-essa-oracao-e-recorra-a-padroeira-dos-endividados\/#primaryimage"},"datePublished":"2023-10-16T03:00:15+00:00","dateModified":"2023-10-13T20:10:12+00:00","author":{"@id":"https:\/\/www.adf.org.br\/home\/#\/schema\/person\/f35a5c5aa7728a3dedf4ea9aa1fc2753"},"description":"Dia de Santa Edwiges. Reze essa ora\u00e7\u00e3o e recorra \u00e0 Padroeira dos Endividados","breadcrumb":{"@id":"https:\/\/www.adf.org.br\/home\/dia-de-santa-edwiges-reze-essa-oracao-e-recorra-a-padroeira-dos-endividados\/#breadcrumb"},"inLanguage":"pt-BR","potentialAction":[{"@type":"ReadAction","target":["https:\/\/www.adf.org.br\/home\/dia-de-santa-edwiges-reze-essa-oracao-e-recorra-a-padroeira-dos-endividados\/"]}]},{"@type":"BreadcrumbList","@id":"https:\/\/www.adf.org.br\/home\/dia-de-santa-edwiges-reze-essa-oracao-e-recorra-a-padroeira-dos-endividados\/#breadcrumb","itemListElement":[{"@type":"ListItem","position":1,"name":"Home","item":"https:\/\/www.adf.org.br\/home\/"},{"@type":"ListItem","position":2,"name":"Dia de Santa Edwiges. Reze essa ora\u00e7\u00e3o e recorra \u00e0 Padroeira dos Endividados"}]},{"@type":"Person","@id":"https:\/\/www.adf.org.br\/home\/#\/schema\/person\/f35a5c5aa7728a3dedf4ea9aa1fc2753","name":"Gabriel Barbosa","image":{"@type":"ImageObject","@id":"https:\/\/www.adf.org.br\/home\/#personlogo","inLanguage":"pt-BR","url":"https:\/\/secure.gravatar.com\/avatar\/2b2cb2f4637682c5605e8d36818f51ef?s=96&d=mm&r=g","contentUrl":"https:\/\/secure.gravatar.com\/avatar\/2b2cb2f4637682c5605e8d36818f51ef?s=96&d=mm&r=g","caption":"Gabriel Barbosa"},"url":"https:\/\/www.adf.org.br\/home\/author\/gabrielpmk-com-br\/"}]}},"_links":{"self":[{"href":"https:\/\/www.adf.org.br\/home\/wp-json\/wp\/v2\/posts\/74032"}],"collection":[{"href":"https:\/\/www.adf.org.br\/home\/wp-json\/wp\/v2\/posts"}],"about":[{"href":"https:\/\/www.adf.org.br\/home\/wp-json\/wp\/v2\/types\/post"}],"author":[{"embeddable":true,"href":"https:\/\/www.adf.org.br\/home\/wp-json\/wp\/v2\/users\/31"}],"replies":[{"embeddable":true,"href":"https:\/\/www.adf.org.br\/home\/wp-json\/wp\/v2\/comments?post=74032"}],"version-history":[{"count":8,"href":"https:\/\/www.adf.org.br\/home\/wp-json\/wp\/v2\/posts\/74032\/revisions"}],"predecessor-version":[{"id":74035,"href":"https:\/\/www.adf.org.br\/home\/wp-json\/wp\/v2\/posts\/74032\/revisions\/74035"}],"wp:featuredmedia":[{"embeddable":true,"href":"https:\/\/www.adf.org.br\/home\/wp-json\/wp\/v2\/media\/74034"}],"wp:attachment":[{"href":"https:\/\/www.adf.org.br\/home\/wp-json\/wp\/v2\/media?parent=74032"}],"wp:term":[{"taxonomy":"category","embeddable":true,"href":"https:\/\/www.adf.org.br\/home\/wp-json\/wp\/v2\/categories?post=74032"},{"taxonomy":"post_tag","embeddable":true,"href":"https:\/\/www.adf.org.br\/home\/wp-json\/wp\/v2\/tags?post=74032"}],"curies":[{"name":"wp","href":"https:\/\/api.w.org\/{rel}","templated":true}]}}