{"id":73638,"date":"2023-09-25T05:00:30","date_gmt":"2023-09-25T08:00:30","guid":{"rendered":"https:\/\/www.adf.org.br\/home\/?p=73638"},"modified":"2023-09-22T10:01:25","modified_gmt":"2023-09-22T13:01:25","slug":"por-que-fatima-propoe-a-devocao-a-seu-imaculado-coracao-como-solucao-para-a-crise-do-mundo-moderno-descubra","status":"publish","type":"post","link":"https:\/\/www.adf.org.br\/home\/por-que-fatima-propoe-a-devocao-a-seu-imaculado-coracao-como-solucao-para-a-crise-do-mundo-moderno-descubra\/","title":{"rendered":"Por que F\u00e1tima prop\u00f5e a devo\u00e7\u00e3o a seu Imaculado Cora\u00e7\u00e3o como &#8216;solu\u00e7\u00e3o&#8217; para a crise do mundo moderno? Descubra"},"content":{"rendered":"<h1 style=\"text-align: center;\"><em><span style=\"color: #800080;\">Por que F\u00e1tima prop\u00f5e a devo\u00e7\u00e3o a seu Imaculado Cora\u00e7\u00e3o como &#8216;solu\u00e7\u00e3o&#8217; para a crise do mundo moderno? Descubra<\/span><\/em><\/h1>\n<figure style=\"width: 798px\" class=\"wp-caption aligncenter\"><a href=\"https:\/\/adf.org.br\/apostolosdefatima\/2\/?origem=28105#Promessa\" target=\"_blank\" rel=\"noopener\"><img loading=\"lazy\" src=\"https:\/\/blog.comfebrasil.com.br\/wp-content\/uploads\/2022\/11\/im-e1668788928822.jpg\" alt=\"Devo\u00e7\u00e3o ao Imaculado Cora\u00e7\u00e3o de Maria \u00e9 a solu\u00e7\u00e3o eficaz que F\u00e1tima entregou para a humanidade\" width=\"798\" height=\"444\" \/><\/a><figcaption class=\"wp-caption-text\">Devo\u00e7\u00e3o ao Imaculado Cora\u00e7\u00e3o de Maria \u00e9 a solu\u00e7\u00e3o eficaz que F\u00e1tima entregou para a humanidade<\/figcaption><\/figure>\n<p><span style=\"color: #000000;\">Foi durante as apari\u00e7\u00f5es em F\u00e1tima que Nossa Senhora revelou o <strong><span style=\"text-decoration: underline; color: #0000ff;\"><a style=\"color: #0000ff; text-decoration: underline;\" href=\"https:\/\/adf.org.br\/apostolosdefatima\/2\/?origem=28105#Promessa\" target=\"_blank\" rel=\"noopener\">Imaculado Cora\u00e7\u00e3o de Maria<\/a><\/span><\/strong> seria a solu\u00e7\u00e3o para a crise do mundo moderno.<\/span><\/p>\n<p><span style=\"color: #000000;\">Crises essas que j\u00e1 afetam todos os \u00e2mbitos da sociedade, a fam\u00edlia, a igreja, etc.<\/span><\/p>\n<p><span style=\"color: #000000;\">Em uma das apari\u00e7\u00f5es, Nossa M\u00e3e disse:<\/span><\/p>\n<blockquote><p><em><span style=\"color: #000000;\">&#8220;<strong>Quando virdes uma noite iluminada por uma luz desconhecida, sabei que \u00e9 o grande sinal que Deus vos d\u00e1, de que vai punir o mundo de seus crimes<\/strong>, por meio da guerra, da fome, e de persegui\u00e7\u00f5es \u00e0 Igreja e ao Santo Padre.<\/span><\/em><\/p>\n<p><em><span style=\"color: #000000;\"><strong>Para impedir isso, <span style=\"text-decoration: underline; color: #0000ff;\"><a style=\"color: #0000ff; text-decoration: underline;\" href=\"https:\/\/adf.org.br\/apostolosdefatima\/2\/?origem=28105#Promessa\" target=\"_blank\" rel=\"noopener\">virei pedir a consagra\u00e7\u00e3o da R\u00fassia ao meu Imaculado Cora\u00e7\u00e3o<\/a><\/span>, e a Comunh\u00e3o Reparadora nos Primeiros S\u00e1bados<\/strong>. <\/span><span style=\"color: #000000;\">Se atenderem a meus pedidos, a R\u00fassia se converter\u00e1 e ter\u00e3o paz. Se n\u00e3o, espalhar\u00e1 os seus erros pelo mundo, promovendo guerras e persegui\u00e7\u00f5es \u00e0 Igreja.&#8221;<\/span><\/em><\/p><\/blockquote>\n<p><span style=\"color: #000000;\">Por qual raz\u00e3o Maria prop\u00f5e o triunfo do seu Cora\u00e7\u00e3o como rem\u00e9dio definitivo? Encontramos a resposta no texto abaixo, extra\u00eddo da revista <em>&#8220;O Catolicismo&#8221;:<\/em><\/span><\/p>\n<h1><span style=\"color: #ffffff;\">.<\/span><\/h1>\n<p><span style=\"color: #000000;\"><strong>H<\/strong>\u00e1 muitos anos A m\u00edstica cidade de Deus, da Vener\u00e1vel S\u00f3ror Maria de Agreda, chamou-me a aten\u00e7\u00e3o um ponto a respeito de Nossa Senhora: <\/span><\/p>\n<p style=\"padding-left: 40px;\"><strong><span style=\"color: #000000;\">Ela tem o conhecimento de todas as ci\u00eancias, at\u00e9 mesmo das militares. Julguei isso um achado, porque n\u00e3o teria sentido que Deus concedesse a Ela tantos privil\u00e9gios e a privasse nesse ponto.<\/span><\/strong><\/p>\n<p><span style=\"color: #000000;\">Mas, por outro lado, como provar que Nossa Senhora conhece t\u00e1ticas e estrat\u00e9gias?<\/span><\/p>\n<p><span style=\"color: #000000;\">Quando analisamos as diversas devo\u00e7\u00f5es surgidas ao longo dos s\u00e9culos \u00e0 Sant\u00edssima Virgem \u2014 v\u00e1rias delas fruto de apari\u00e7\u00f5es ou revela\u00e7\u00f5es \u2014 compreendemos a exist\u00eancia de uma liga\u00e7\u00e3o l\u00f3gica profunda entre o tipo de invoca\u00e7\u00e3o e a \u00e9poca na qual essa devo\u00e7\u00e3o se tornou necess\u00e1ria ou at\u00e9 imprescind\u00edvel.<\/span><\/p>\n<p><span style=\"color: #000000;\">Isto \u00e9 l\u00f3gico, porque na luta espiritual, assim como na guerra, <strong>as armas se adaptam ao tipo de combate e a luta se trava de acordo com o g\u00eanero de armas existentes.<\/strong><\/span><\/p>\n<p><span style=\"color: #000000;\">Quando n\u00e3o havia p\u00f3lvora nem artilharia, as pessoas se protegiam em castelos com altas muralhas, isolados numa montanha ou em algum local de dif\u00edcil acesso. <\/span><\/p>\n<p><span style=\"color: #000000;\">Com o descobrimento da p\u00f3lvora \u2013 e com ela dos canh\u00f5es \u2013 isto j\u00e1 n\u00e3o era suficiente e as pessoas procuravam se resguardar dentro de fortifica\u00e7\u00f5es s\u00f3lidas, como tantas existentes no litoral brasileiro. <\/span><\/p>\n<p><span style=\"color: #000000;\">Quando nem isto foi suficiente, as pessoas passaram a camuflar tanto quanto podiam o local onde se escondiam, evitando assim ser v\u00edtimas de bombardeios.<\/span><\/p>\n<h2><span style=\"color: #800080;\"><strong>Para cada situa\u00e7\u00e3o, nova devo\u00e7\u00e3o<\/strong><\/span><\/h2>\n<figure style=\"width: 657px\" class=\"wp-caption alignnone\"><a href=\"https:\/\/adf.org.br\/apostolosdefatima\/2\/?origem=28105#Promessa\" target=\"_blank\" rel=\"noopener\"><img loading=\"lazy\" src=\"https:\/\/www.adf.org.br\/home\/wp-content\/uploads\/2023\/07\/Nossa-Senhora-de-Fatima-e-Nossa-Senhora-de-Lourdes.png\" alt=\"F\u00e1tima e Lourdes: O Mundo vai Mal, e vai Mal porque est\u00e1 afundando na Imoralidade\" width=\"657\" height=\"356\" \/><\/a><figcaption class=\"wp-caption-text\">Nossa Senhora de F\u00e1tima e Nossa Senhora de Lourdes, s\u00e3o apari\u00e7\u00f5es que aconteceram em \u00e9pocas diferentes, de acordo com a necessidade do mundo.<\/figcaption><\/figure>\n<p><span style=\"color: #000000;\"><strong>A hist\u00f3ria da luta espiritual entre a luz e as trevas obedece a semelhante l\u00f3gica.<\/strong> Quando, no in\u00edcio da Cristandade, a corrup\u00e7\u00e3o no mundo pag\u00e3o era generalizada, tornaram-se necess\u00e1rios exemplos ostensivos de vida virtuosa, ou de m\u00e1rtires que provassem pelo hero\u00edsmo a exist\u00eancia de outro mundo.<\/span><\/p>\n<p><span style=\"color: #000000;\">Nossa Senhora era ent\u00e3o apresentada como a Virgem e a M\u00e3e casta por excel\u00eancia. <\/span><\/p>\n<p><span style=\"color: #000000;\">Quando come\u00e7aram a surgir Estados crist\u00e3os, imp\u00f4s-se o aparecimento de governantes e governados virtuosos e, sobretudo, de devo\u00e7\u00f5es a Nossa Senhora enquanto Rainha. Para deformar essa virtude, o inimigo infernal a\u00e7ulou o orgulho, que rejeitava servir determinado rei ou nobre poderoso. <\/span><\/p>\n<h4><span style=\"color: #000000;\"><strong>A Igreja respondeu a essa revolta mediante a devo\u00e7\u00e3o do escapul\u00e1rio \u2014 s\u00edmbolo de que servimos a uma Rainha ainda mais poderosa.<\/strong> <\/span><\/h4>\n<p><span style=\"color: #000000;\">Depois, quando o dem\u00f4nio e seus sequazes come\u00e7aram a difundir doutrinas erradas, com desvios sutis e dif\u00edceis de replicar, apareceu o Ros\u00e1rio, em que se medita uma s\u00e9rie de verdades elementares. Contrarrestou-se com isso a investida do advers\u00e1rio.<\/span><\/p>\n<p style=\"padding-left: 40px;\"><em><span style=\"color: #000000;\">Quando o protestantismo estimulou o orgulho, apresentando-o como superioridade espiritual, a Igreja ensinou as devo\u00e7\u00f5es a Nossa Senhora como mestra da humildade. Surgiram ent\u00e3o devo\u00e7\u00f5es como a da Divina Pastora, t\u00e3o difundida pela Ordem dos capuchinhos. <\/span><\/em><\/p>\n<p><span style=\"color: #000000;\">Por ocasi\u00e3o dos ataques externos, como o dos turcos mu\u00e7ulmanos para esmagar a Igreja, nasceram devo\u00e7\u00f5es como a de Nossa Senhora Auxiliadora dos Crist\u00e3os.<\/span><\/p>\n<p><span style=\"color: #000000;\">Antes e depois da Revolu\u00e7\u00e3o Francesa surgiu e propagou-se o Iluminismo, para o qual s\u00f3 a raz\u00e3o \u00e9 s\u00e9ria, e que tudo aquilo que n\u00e3o se prova no \u00e2mbito das ci\u00eancias naturais (como a exist\u00eancia de Deus) n\u00e3o pode ser levado em conta. <strong>A Igreja ent\u00e3o nos lembrou a beleza dos mist\u00e9rios Mariais, como o da Imaculada Concei\u00e7\u00e3o. <\/strong><\/span><\/p>\n<p><span style=\"color: #000000;\">E n\u00e3o \u00e9 mera casualidade o fato de Nossa Senhora de Lourdes operar milagres que at\u00e9 hoje deixam at\u00f4nitos os que veem na ci\u00eancia a \u00fanica porta do conhecimento. Ficou mais do que provado ter havido uma interven\u00e7\u00e3o sobrenatural nos extraordin\u00e1rios milagres de Lourdes, obrigando os que vilipendiam a f\u00e9 \u00e0 inc\u00f4moda posi\u00e7\u00e3o de n\u00e3o poderem explicar cientificamente o que n\u00e3o podem negar.<\/span><\/p>\n<h2><span style=\"color: #800080;\">Devo\u00e7\u00e3o ao Imaculado Cora\u00e7\u00e3o de Maria<\/span><\/h2>\n<figure style=\"width: 226px\" class=\"wp-caption alignleft\"><a href=\"https:\/\/adf.org.br\/apostolosdefatima\/2\/?origem=28105#Promessa\" target=\"_blank\" rel=\"noopener\"><img loading=\"lazy\" src=\"https:\/\/s3.amazonaws.com\/assets.jaweb\/radiodafamilia\/imgConteudo\/o_apelo_a_devocao_ao_imaculado_coracao_de_maria_na_mensagem_de_fatima_41260_1_pt.jpg\" alt=\"Pastorinha de F\u00e1tima L\u00facia e Nossa Senhora de F\u00e1tima, com o Cora\u00e7\u00e3o de Maria exposto.\" width=\"226\" height=\"277\" \/><\/a><figcaption class=\"wp-caption-text\">Pastorinha de F\u00e1tima L\u00facia e Nossa Senhora de F\u00e1tima, com o Cora\u00e7\u00e3o de Maria exposto.<\/figcaption><\/figure>\n<p><span style=\"color: #000000;\">Chegamos assim aos nossos dias, com uma crise espiritual, moral, pol\u00edtica e financeira generalizada. <\/span><\/p>\n<p><span style=\"color: #000000;\">Como contestar e se opor \u00e0 pretens\u00e3o moderna de que alcan\u00e7amos o melhor n\u00edvel de vida da Hist\u00f3ria, a melhor organiza\u00e7\u00e3o social, e de que podemos fazer o que bem entendermos, at\u00e9 estabelecer estatutos de legalidade para desvios morais condenados claramente nas Sagradas Escrituras? <\/span><\/p>\n<p><span style=\"color: #000000;\"><strong>\u00c9 a pr\u00f3pria Sant\u00edssima Virgem que em F\u00e1tima indica o rem\u00e9dio para t\u00e3o grande mal: a devo\u00e7\u00e3o a seu <span style=\"text-decoration: underline; color: #0000ff;\"><a style=\"color: #0000ff; text-decoration: underline;\" href=\"https:\/\/adf.org.br\/apostolosdefatima\/2\/?origem=28105#Promessa\" target=\"_blank\" rel=\"noopener\">Imaculado Cora\u00e7\u00e3o<\/a><\/span>.<\/strong> Por qu\u00ea?<\/span><\/p>\n<p><span style=\"color: #000000;\">Se houve por um lado enorme progresso material nos \u00faltimos tempos, por outro ningu\u00e9m pode negar que se verificou tamb\u00e9m uma decad\u00eancia moral imensa. <\/span><\/p>\n<p><span style=\"color: #000000;\">Crimes antes dif\u00edceis de imaginar ocorrem hoje com frequ\u00eancia. Pesquisas de opini\u00e3o atestam que as pessoas se mostram muito c\u00e9ticas em rela\u00e7\u00e3o ao futuro, e os jovens tendem a admitir que ter\u00e3o uma vida pior que a de seus pais.<\/span><\/p>\n<p><span style=\"color: #000000;\">Os pecados coletivos v\u00e3o tomando uma propor\u00e7\u00e3o assustadora. Na Europa, a limita\u00e7\u00e3o da natalidade, causada pelo ego\u00edsmo e n\u00e3o pela pobreza, chegou a tal ponto que muitas pessoas se perguntam: seus pa\u00edses sobreviver\u00e3o, ou ir\u00e3o desaparecer submergidos pelas ondas da imigra\u00e7\u00e3o?<\/span><\/p>\n<h2><span style=\"color: #800080;\">Inauditas mis\u00e9rias e solu\u00e7\u00e3o materna<\/span><\/h2>\n<p><span style=\"color: #000000;\">Quando os problemas chegam a um extremo, s\u00f3 a mudan\u00e7a radical resolve. De onde a necessidade da imagem do cora\u00e7\u00e3o \u2014 ou seja, mudar aquilo que amamos com apego e come\u00e7ar outro modo de viver. Mas, por que ent\u00e3o n\u00e3o conservar a devo\u00e7\u00e3o ao Sagrado Cora\u00e7\u00e3o de Jesus, praticada desde o s\u00e9culo XVIII? Por que mudar para o Cora\u00e7\u00e3o de Maria?<\/span><\/p>\n<figure style=\"width: 249px\" class=\"wp-caption alignright\"><img loading=\"lazy\" src=\"https:\/\/a-static.mlcdn.com.br\/1500x1500\/quadro-sagrado-coracao-de-jesus-e-maria-45x45cm-tecido-canvas-com-moldura-armazem-destaques\/armazemdestaques\/12806452208\/3261c0c556f18395cb50c7917bda22ad.jpg\" alt=\"O Cora\u00e7\u00e3o de Maria \u00e9 um s\u00f3 com o Cora\u00e7\u00e3o de Jesus. Foto: Divulga\u00e7\u00e3o\" width=\"249\" height=\"249\" \/><figcaption class=\"wp-caption-text\">O Cora\u00e7\u00e3o de Maria \u00e9 um s\u00f3 com o Cora\u00e7\u00e3o de Jesus. Foto: Divulga\u00e7\u00e3o<\/figcaption><\/figure>\n<p><span style=\"color: #000000;\">Eis a\u00ed outro problema de car\u00e1ter psicol\u00f3gico. Primeiramente, n\u00e3o se trata de mudar nada. <strong>A devo\u00e7\u00e3o ao <span style=\"text-decoration: underline; color: #0000ff;\"><a style=\"color: #0000ff; text-decoration: underline;\" href=\"https:\/\/adf.org.br\/apostolosdefatima\/2\/?origem=28105#Promessa\" target=\"_blank\" rel=\"noopener\">Imaculado Cora\u00e7\u00e3o de Maria<\/a><\/span> soma-se \u00e0 devo\u00e7\u00e3o ao Sagrado Cora\u00e7\u00e3o de Jesus. Elas como que formam uma s\u00f3 devo\u00e7\u00e3o<\/strong>.<\/span><\/p>\n<p><span style=\"color: #000000;\">Acontece que o n\u00edvel de pecado chegou a tal ponto, que alguns poderiam pensar: \u00e9 demais um Deus perdoar tanto e, para isso, s\u00f3 mesmo o concurso materno poder\u00e1 ajudar. <\/span><\/p>\n<h4><span style=\"color: #000000;\">Obviamente, do ponto de vista doutrin\u00e1rio, esta obje\u00e7\u00e3o \u00e9 falsa. <\/span><\/h4>\n<p><strong><span style=\"color: #000000;\">Deus Nosso Senhor \u00e9 a pr\u00f3pria Miseric\u00f3rdia e, por maior que seja a bondade de <span style=\"text-decoration: underline; color: #0000ff;\"><a style=\"color: #0000ff; text-decoration: underline;\" href=\"https:\/\/adf.org.br\/apostolosdefatima\/2\/?origem=28105#Promessa\" target=\"_blank\" rel=\"noopener\">Nossa Senhora<\/a><\/span>, ela \u00e9 um canal que traz at\u00e9 n\u00f3s a miseric\u00f3rdia d\u2019Ele.<\/span><\/strong><\/p>\n<p><span style=\"color: #000000;\">Mas como Deus toma em considera\u00e7\u00e3o as nossas mis\u00e9rias, para nos fazer sentir melhor sua infinita miseric\u00f3rdia, Ele aponta como sa\u00edda uma solu\u00e7\u00e3o materna. E, no fundo, as palavras de <span style=\"text-decoration: underline; color: #0000ff;\"><strong><a style=\"color: #0000ff; text-decoration: underline;\" href=\"https:\/\/adf.org.br\/apostolosdefatima\/2\/?origem=28105#Promessa\" target=\"_blank\" rel=\"noopener\">Nossa Senhora em F\u00e1tima<\/a><\/strong><\/span> <em>\u00a8Por fim o meu Imaculado Cora\u00e7\u00e3o triunfar\u00e1\u00a8<\/em> podem ser assim interpretadas: <\/span><\/p>\n<blockquote><p><strong><em><span style=\"color: #000000;\">\u201cVoc\u00eas cometeram todo tipo de crimes, mas meu cora\u00e7\u00e3o materno os ama a tal ponto, que mesmo assim encontrei uma sa\u00edda e vou conduzir ao C\u00e9u todos os que se abrirem ao meu amor\u00a8. <\/span><\/em><\/strong><\/p><\/blockquote>\n<p><span style=\"color: #000000;\">S\u00f3 com esta seguran\u00e7a, de que nossa M\u00e3e vai nos ajudar, \u00e9 que podemos adquirir for\u00e7as para iniciar o processo da reforma de nossos cora\u00e7\u00f5es.<\/span><\/p>\n<p><span style=\"color: #000000;\"><strong>Temos hoje dois advers\u00e1rios espirituais terr\u00edveis: por um lado, o apego ao pecado, e a pecados incomensur\u00e1veis; por outro lado, a sensa\u00e7\u00e3o de que fracassamos de tal forma, que sem uma ajuda absolutamente extraordin\u00e1ria n\u00e3o sairemos da triste situa\u00e7\u00e3o em que nos encontramos<\/strong>. <\/span><\/p>\n<p><span style=\"color: #000000;\">Para combater esses dois inimigos de nossa alma nos \u00e9 oferecida uma arma decisiva: a devo\u00e7\u00e3o ao Imaculado Cora\u00e7\u00e3o de admir\u00e1vel M\u00e3e, que move montanhas e resolve casos imposs\u00edveis. E que promete ademais, de maneira a n\u00e3o deixar d\u00favidas, uma vit\u00f3ria completa.<\/span><\/p>\n<p><span style=\"color: #000000;\">Podemos duvidar depois disto da sabedoria que, seguindo as melhores regras de estrat\u00e9gia, governa as a\u00e7\u00f5es de Nossa Senhora?!<\/span><\/p>\n<h1 style=\"text-align: center;\"><span style=\"color: #ffffff;\">***<\/span><\/h1>\n<p>Resumidamente, para a crise atual que assola a humanidade, a solu\u00e7\u00e3o \u00e9 o Cora\u00e7\u00e3o Imaculado de Maria.<\/p>\n<p>S\u00f3 teremos paz, assim como Ela revelou, se a devo\u00e7\u00e3o a esse Cora\u00e7\u00e3o for restabelecida.<\/p>\n<p><strong><span style=\"color: #0000ff;\"><a style=\"color: #0000ff;\" href=\"https:\/\/adf.org.br\/apostolosdefatima\/2\/?origem=28105#Promessa\" target=\"_blank\" rel=\"noopener\">Acesse aqui e veja como voc\u00ea pode fazer com que a devo\u00e7\u00e3o a este cora\u00e7\u00e3o seja mais conhecida.<\/a><\/span><\/strong><\/p>\n<p>Atenda ao pedido de F\u00e1tima, de onde estiver, sem sair de casa.<\/p>\n","protected":false},"excerpt":{"rendered":"<p>Por que F\u00e1tima prop\u00f5e a devo\u00e7\u00e3o a seu Imaculado Cora\u00e7\u00e3o como &#8216;solu\u00e7\u00e3o&#8217; para a crise do mundo moderno? Descubra Foi durante as apari\u00e7\u00f5es em F\u00e1tima que Nossa Senhora revelou o Imaculado Cora\u00e7\u00e3o de Maria seria a solu\u00e7\u00e3o para a crise do mundo moderno. Crises essas que j\u00e1 afetam todos os \u00e2mbitos da sociedade, a fam\u00edlia, [&hellip;]<\/p>\n","protected":false},"author":31,"featured_media":73646,"comment_status":"open","ping_status":"open","sticky":false,"template":"","format":"standard","meta":[],"categories":[20],"tags":[43,2389,5205,57],"yoast_head":"<!-- This site is optimized with the Yoast SEO plugin v17.4 - https:\/\/yoast.com\/wordpress\/plugins\/seo\/ -->\n<title>Por que F\u00e1tima prop\u00f5e a devo\u00e7\u00e3o a seu Imaculado Cora\u00e7\u00e3o como &#039;solu\u00e7\u00e3o&#039; para a crise do mundo moderno? Descubra<\/title>\n<meta name=\"robots\" content=\"index, follow, max-snippet:-1, max-image-preview:large, max-video-preview:-1\" \/>\n<link rel=\"canonical\" href=\"https:\/\/www.adf.org.br\/home\/por-que-fatima-propoe-a-devocao-a-seu-imaculado-coracao-como-solucao-para-a-crise-do-mundo-moderno-descubra\/\" \/>\n<meta property=\"og:locale\" content=\"pt_BR\" \/>\n<meta property=\"og:type\" content=\"article\" \/>\n<meta property=\"og:title\" content=\"Por que F\u00e1tima prop\u00f5e a devo\u00e7\u00e3o a seu Imaculado Cora\u00e7\u00e3o como &#039;solu\u00e7\u00e3o&#039; para a crise do mundo moderno? Descubra\" \/>\n<meta property=\"og:description\" content=\"Por que F\u00e1tima prop\u00f5e a devo\u00e7\u00e3o a seu Imaculado Cora\u00e7\u00e3o como &#8216;solu\u00e7\u00e3o&#8217; para a crise do mundo moderno? Descubra Foi durante as apari\u00e7\u00f5es em F\u00e1tima que Nossa Senhora revelou o Imaculado Cora\u00e7\u00e3o de Maria seria a solu\u00e7\u00e3o para a crise do mundo moderno. Crises essas que j\u00e1 afetam todos os \u00e2mbitos da sociedade, a fam\u00edlia, [&hellip;]\" \/>\n<meta property=\"og:url\" content=\"https:\/\/www.adf.org.br\/home\/por-que-fatima-propoe-a-devocao-a-seu-imaculado-coracao-como-solucao-para-a-crise-do-mundo-moderno-descubra\/\" \/>\n<meta property=\"og:site_name\" content=\"Associa\u00e7\u00e3o Devotos de F\u00e1tima\" \/>\n<meta property=\"article:published_time\" content=\"2023-09-25T08:00:30+00:00\" \/>\n<meta property=\"article:modified_time\" content=\"2023-09-22T13:01:25+00:00\" \/>\n<meta property=\"og:image\" content=\"https:\/\/www.adf.org.br\/home\/wp-content\/uploads\/2023\/09\/Coracao-de-Maria-e-a-solucao-eficaz-para-a-crise-moderna.png\" \/>\n\t<meta property=\"og:image:width\" content=\"1200\" \/>\n\t<meta property=\"og:image:height\" content=\"650\" \/>\n<meta name=\"twitter:card\" content=\"summary_large_image\" \/>\n<meta name=\"twitter:label1\" content=\"Escrito por\" \/>\n\t<meta name=\"twitter:data1\" content=\"Gabriel Barbosa\" \/>\n\t<meta name=\"twitter:label2\" content=\"Est. tempo de leitura\" \/>\n\t<meta name=\"twitter:data2\" content=\"8 minutos\" \/>\n<script type=\"application\/ld+json\" class=\"yoast-schema-graph\">{\"@context\":\"https:\/\/schema.org\",\"@graph\":[{\"@type\":\"WebSite\",\"@id\":\"https:\/\/www.adf.org.br\/home\/#website\",\"url\":\"https:\/\/www.adf.org.br\/home\/\",\"name\":\"Associa\\u00e7\\u00e3o Devotos de F\\u00e1tima\",\"description\":\"Associa\\u00e7\\u00e3o Devotos de F\\u00e1tima\",\"potentialAction\":[{\"@type\":\"SearchAction\",\"target\":{\"@type\":\"EntryPoint\",\"urlTemplate\":\"https:\/\/www.adf.org.br\/home\/?s={search_term_string}\"},\"query-input\":\"required name=search_term_string\"}],\"inLanguage\":\"pt-BR\"},{\"@type\":\"ImageObject\",\"@id\":\"https:\/\/www.adf.org.br\/home\/por-que-fatima-propoe-a-devocao-a-seu-imaculado-coracao-como-solucao-para-a-crise-do-mundo-moderno-descubra\/#primaryimage\",\"inLanguage\":\"pt-BR\",\"url\":\"https:\/\/www.adf.org.br\/home\/wp-content\/uploads\/2023\/09\/Coracao-de-Maria-e-a-solucao-eficaz-para-a-crise-moderna.png\",\"contentUrl\":\"https:\/\/www.adf.org.br\/home\/wp-content\/uploads\/2023\/09\/Coracao-de-Maria-e-a-solucao-eficaz-para-a-crise-moderna.png\",\"width\":1200,\"height\":650,\"caption\":\"Cora\\u00e7\\u00e3o de Maria \\u00e9 a solu\\u00e7\\u00e3o eficaz para a crise moderna\"},{\"@type\":\"WebPage\",\"@id\":\"https:\/\/www.adf.org.br\/home\/por-que-fatima-propoe-a-devocao-a-seu-imaculado-coracao-como-solucao-para-a-crise-do-mundo-moderno-descubra\/#webpage\",\"url\":\"https:\/\/www.adf.org.br\/home\/por-que-fatima-propoe-a-devocao-a-seu-imaculado-coracao-como-solucao-para-a-crise-do-mundo-moderno-descubra\/\",\"name\":\"Por que F\\u00e1tima prop\\u00f5e a devo\\u00e7\\u00e3o a seu Imaculado Cora\\u00e7\\u00e3o como 'solu\\u00e7\\u00e3o' para a crise do mundo moderno? Descubra\",\"isPartOf\":{\"@id\":\"https:\/\/www.adf.org.br\/home\/#website\"},\"primaryImageOfPage\":{\"@id\":\"https:\/\/www.adf.org.br\/home\/por-que-fatima-propoe-a-devocao-a-seu-imaculado-coracao-como-solucao-para-a-crise-do-mundo-moderno-descubra\/#primaryimage\"},\"datePublished\":\"2023-09-25T08:00:30+00:00\",\"dateModified\":\"2023-09-22T13:01:25+00:00\",\"author\":{\"@id\":\"https:\/\/www.adf.org.br\/home\/#\/schema\/person\/f35a5c5aa7728a3dedf4ea9aa1fc2753\"},\"breadcrumb\":{\"@id\":\"https:\/\/www.adf.org.br\/home\/por-que-fatima-propoe-a-devocao-a-seu-imaculado-coracao-como-solucao-para-a-crise-do-mundo-moderno-descubra\/#breadcrumb\"},\"inLanguage\":\"pt-BR\",\"potentialAction\":[{\"@type\":\"ReadAction\",\"target\":[\"https:\/\/www.adf.org.br\/home\/por-que-fatima-propoe-a-devocao-a-seu-imaculado-coracao-como-solucao-para-a-crise-do-mundo-moderno-descubra\/\"]}]},{\"@type\":\"BreadcrumbList\",\"@id\":\"https:\/\/www.adf.org.br\/home\/por-que-fatima-propoe-a-devocao-a-seu-imaculado-coracao-como-solucao-para-a-crise-do-mundo-moderno-descubra\/#breadcrumb\",\"itemListElement\":[{\"@type\":\"ListItem\",\"position\":1,\"name\":\"Home\",\"item\":\"https:\/\/www.adf.org.br\/home\/\"},{\"@type\":\"ListItem\",\"position\":2,\"name\":\"Por que F\\u00e1tima prop\\u00f5e a devo\\u00e7\\u00e3o a seu Imaculado Cora\\u00e7\\u00e3o como &#8216;solu\\u00e7\\u00e3o&#8217; para a crise do mundo moderno? Descubra\"}]},{\"@type\":\"Person\",\"@id\":\"https:\/\/www.adf.org.br\/home\/#\/schema\/person\/f35a5c5aa7728a3dedf4ea9aa1fc2753\",\"name\":\"Gabriel Barbosa\",\"image\":{\"@type\":\"ImageObject\",\"@id\":\"https:\/\/www.adf.org.br\/home\/#personlogo\",\"inLanguage\":\"pt-BR\",\"url\":\"https:\/\/secure.gravatar.com\/avatar\/2b2cb2f4637682c5605e8d36818f51ef?s=96&d=mm&r=g\",\"contentUrl\":\"https:\/\/secure.gravatar.com\/avatar\/2b2cb2f4637682c5605e8d36818f51ef?s=96&d=mm&r=g\",\"caption\":\"Gabriel Barbosa\"},\"url\":\"https:\/\/www.adf.org.br\/home\/author\/gabrielpmk-com-br\/\"}]}<\/script>\n<!-- \/ Yoast SEO plugin. -->","yoast_head_json":{"title":"Por que F\u00e1tima prop\u00f5e a devo\u00e7\u00e3o a seu Imaculado Cora\u00e7\u00e3o como 'solu\u00e7\u00e3o' para a crise do mundo moderno? Descubra","robots":{"index":"index","follow":"follow","max-snippet":"max-snippet:-1","max-image-preview":"max-image-preview:large","max-video-preview":"max-video-preview:-1"},"canonical":"https:\/\/www.adf.org.br\/home\/por-que-fatima-propoe-a-devocao-a-seu-imaculado-coracao-como-solucao-para-a-crise-do-mundo-moderno-descubra\/","og_locale":"pt_BR","og_type":"article","og_title":"Por que F\u00e1tima prop\u00f5e a devo\u00e7\u00e3o a seu Imaculado Cora\u00e7\u00e3o como 'solu\u00e7\u00e3o' para a crise do mundo moderno? Descubra","og_description":"Por que F\u00e1tima prop\u00f5e a devo\u00e7\u00e3o a seu Imaculado Cora\u00e7\u00e3o como &#8216;solu\u00e7\u00e3o&#8217; para a crise do mundo moderno? Descubra Foi durante as apari\u00e7\u00f5es em F\u00e1tima que Nossa Senhora revelou o Imaculado Cora\u00e7\u00e3o de Maria seria a solu\u00e7\u00e3o para a crise do mundo moderno. Crises essas que j\u00e1 afetam todos os \u00e2mbitos da sociedade, a fam\u00edlia, [&hellip;]","og_url":"https:\/\/www.adf.org.br\/home\/por-que-fatima-propoe-a-devocao-a-seu-imaculado-coracao-como-solucao-para-a-crise-do-mundo-moderno-descubra\/","og_site_name":"Associa\u00e7\u00e3o Devotos de F\u00e1tima","article_published_time":"2023-09-25T08:00:30+00:00","article_modified_time":"2023-09-22T13:01:25+00:00","og_image":[{"width":1200,"height":650,"url":"https:\/\/www.adf.org.br\/home\/wp-content\/uploads\/2023\/09\/Coracao-de-Maria-e-a-solucao-eficaz-para-a-crise-moderna.png","type":"image\/png"}],"twitter_card":"summary_large_image","twitter_misc":{"Escrito por":"Gabriel Barbosa","Est. tempo de leitura":"8 minutos"},"schema":{"@context":"https:\/\/schema.org","@graph":[{"@type":"WebSite","@id":"https:\/\/www.adf.org.br\/home\/#website","url":"https:\/\/www.adf.org.br\/home\/","name":"Associa\u00e7\u00e3o Devotos de F\u00e1tima","description":"Associa\u00e7\u00e3o Devotos de F\u00e1tima","potentialAction":[{"@type":"SearchAction","target":{"@type":"EntryPoint","urlTemplate":"https:\/\/www.adf.org.br\/home\/?s={search_term_string}"},"query-input":"required name=search_term_string"}],"inLanguage":"pt-BR"},{"@type":"ImageObject","@id":"https:\/\/www.adf.org.br\/home\/por-que-fatima-propoe-a-devocao-a-seu-imaculado-coracao-como-solucao-para-a-crise-do-mundo-moderno-descubra\/#primaryimage","inLanguage":"pt-BR","url":"https:\/\/www.adf.org.br\/home\/wp-content\/uploads\/2023\/09\/Coracao-de-Maria-e-a-solucao-eficaz-para-a-crise-moderna.png","contentUrl":"https:\/\/www.adf.org.br\/home\/wp-content\/uploads\/2023\/09\/Coracao-de-Maria-e-a-solucao-eficaz-para-a-crise-moderna.png","width":1200,"height":650,"caption":"Cora\u00e7\u00e3o de Maria \u00e9 a solu\u00e7\u00e3o eficaz para a crise moderna"},{"@type":"WebPage","@id":"https:\/\/www.adf.org.br\/home\/por-que-fatima-propoe-a-devocao-a-seu-imaculado-coracao-como-solucao-para-a-crise-do-mundo-moderno-descubra\/#webpage","url":"https:\/\/www.adf.org.br\/home\/por-que-fatima-propoe-a-devocao-a-seu-imaculado-coracao-como-solucao-para-a-crise-do-mundo-moderno-descubra\/","name":"Por que F\u00e1tima prop\u00f5e a devo\u00e7\u00e3o a seu Imaculado Cora\u00e7\u00e3o como 'solu\u00e7\u00e3o' para a crise do mundo moderno? Descubra","isPartOf":{"@id":"https:\/\/www.adf.org.br\/home\/#website"},"primaryImageOfPage":{"@id":"https:\/\/www.adf.org.br\/home\/por-que-fatima-propoe-a-devocao-a-seu-imaculado-coracao-como-solucao-para-a-crise-do-mundo-moderno-descubra\/#primaryimage"},"datePublished":"2023-09-25T08:00:30+00:00","dateModified":"2023-09-22T13:01:25+00:00","author":{"@id":"https:\/\/www.adf.org.br\/home\/#\/schema\/person\/f35a5c5aa7728a3dedf4ea9aa1fc2753"},"breadcrumb":{"@id":"https:\/\/www.adf.org.br\/home\/por-que-fatima-propoe-a-devocao-a-seu-imaculado-coracao-como-solucao-para-a-crise-do-mundo-moderno-descubra\/#breadcrumb"},"inLanguage":"pt-BR","potentialAction":[{"@type":"ReadAction","target":["https:\/\/www.adf.org.br\/home\/por-que-fatima-propoe-a-devocao-a-seu-imaculado-coracao-como-solucao-para-a-crise-do-mundo-moderno-descubra\/"]}]},{"@type":"BreadcrumbList","@id":"https:\/\/www.adf.org.br\/home\/por-que-fatima-propoe-a-devocao-a-seu-imaculado-coracao-como-solucao-para-a-crise-do-mundo-moderno-descubra\/#breadcrumb","itemListElement":[{"@type":"ListItem","position":1,"name":"Home","item":"https:\/\/www.adf.org.br\/home\/"},{"@type":"ListItem","position":2,"name":"Por que F\u00e1tima prop\u00f5e a devo\u00e7\u00e3o a seu Imaculado Cora\u00e7\u00e3o como &#8216;solu\u00e7\u00e3o&#8217; para a crise do mundo moderno? Descubra"}]},{"@type":"Person","@id":"https:\/\/www.adf.org.br\/home\/#\/schema\/person\/f35a5c5aa7728a3dedf4ea9aa1fc2753","name":"Gabriel Barbosa","image":{"@type":"ImageObject","@id":"https:\/\/www.adf.org.br\/home\/#personlogo","inLanguage":"pt-BR","url":"https:\/\/secure.gravatar.com\/avatar\/2b2cb2f4637682c5605e8d36818f51ef?s=96&d=mm&r=g","contentUrl":"https:\/\/secure.gravatar.com\/avatar\/2b2cb2f4637682c5605e8d36818f51ef?s=96&d=mm&r=g","caption":"Gabriel Barbosa"},"url":"https:\/\/www.adf.org.br\/home\/author\/gabrielpmk-com-br\/"}]}},"_links":{"self":[{"href":"https:\/\/www.adf.org.br\/home\/wp-json\/wp\/v2\/posts\/73638"}],"collection":[{"href":"https:\/\/www.adf.org.br\/home\/wp-json\/wp\/v2\/posts"}],"about":[{"href":"https:\/\/www.adf.org.br\/home\/wp-json\/wp\/v2\/types\/post"}],"author":[{"embeddable":true,"href":"https:\/\/www.adf.org.br\/home\/wp-json\/wp\/v2\/users\/31"}],"replies":[{"embeddable":true,"href":"https:\/\/www.adf.org.br\/home\/wp-json\/wp\/v2\/comments?post=73638"}],"version-history":[{"count":5,"href":"https:\/\/www.adf.org.br\/home\/wp-json\/wp\/v2\/posts\/73638\/revisions"}],"predecessor-version":[{"id":73645,"href":"https:\/\/www.adf.org.br\/home\/wp-json\/wp\/v2\/posts\/73638\/revisions\/73645"}],"wp:featuredmedia":[{"embeddable":true,"href":"https:\/\/www.adf.org.br\/home\/wp-json\/wp\/v2\/media\/73646"}],"wp:attachment":[{"href":"https:\/\/www.adf.org.br\/home\/wp-json\/wp\/v2\/media?parent=73638"}],"wp:term":[{"taxonomy":"category","embeddable":true,"href":"https:\/\/www.adf.org.br\/home\/wp-json\/wp\/v2\/categories?post=73638"},{"taxonomy":"post_tag","embeddable":true,"href":"https:\/\/www.adf.org.br\/home\/wp-json\/wp\/v2\/tags?post=73638"}],"curies":[{"name":"wp","href":"https:\/\/api.w.org\/{rel}","templated":true}]}}