{"id":73593,"date":"2023-09-22T00:00:35","date_gmt":"2023-09-22T03:00:35","guid":{"rendered":"https:\/\/www.adf.org.br\/home\/?p=73593"},"modified":"2023-09-19T13:57:18","modified_gmt":"2023-09-19T16:57:18","slug":"veja-como-incluir-seus-pedidos-na-missa-do-santo-padre-pio-celebrada-amanha","status":"publish","type":"post","link":"https:\/\/www.adf.org.br\/home\/veja-como-incluir-seus-pedidos-na-missa-do-santo-padre-pio-celebrada-amanha\/","title":{"rendered":"Veja como incluir seus pedidos na Missa do Santo Padre Pio, celebrada amanh\u00e3"},"content":{"rendered":"<figure id=\"attachment_73596\" aria-describedby=\"caption-attachment-73596\" style=\"width: 923px\" class=\"wp-caption aligncenter\"><img loading=\"lazy\" class=\" wp-image-73596\" src=\"https:\/\/www.adf.org.br\/home\/wp-content\/uploads\/2023\/09\/MIssa-do-Padre-Pio.png\" alt=\"Ligue para 0800 608 2128 e inclua seu nome e pedidos na Missa da Festa do Santo Padre PIo\" width=\"923\" height=\"500\" srcset=\"https:\/\/www.adf.org.br\/home\/wp-content\/uploads\/2023\/09\/MIssa-do-Padre-Pio.png 1200w, https:\/\/www.adf.org.br\/home\/wp-content\/uploads\/2023\/09\/MIssa-do-Padre-Pio-300x163.png 300w, https:\/\/www.adf.org.br\/home\/wp-content\/uploads\/2023\/09\/MIssa-do-Padre-Pio-1024x555.png 1024w, https:\/\/www.adf.org.br\/home\/wp-content\/uploads\/2023\/09\/MIssa-do-Padre-Pio-768x416.png 768w\" sizes=\"(max-width: 923px) 100vw, 923px\" \/><figcaption id=\"caption-attachment-73596\" class=\"wp-caption-text\">Ligue para 0800 608 2128 e inclua seu nome e pedidos na Missa da Festa do Santo Padre PIo<\/figcaption><\/figure>\n<p><span style=\"color: #000000;\">Amanh\u00e3 \u00e9 dia do <span style=\"text-decoration: underline;\"><strong><span style=\"color: #0000ff; text-decoration: underline;\"><a style=\"color: #0000ff; text-decoration: underline;\" href=\"https:\/\/adf.org.br\/velario\/padrepio?origem=28344\" target=\"_blank\" rel=\"noopener\">Santo Padre Pio<\/a><\/span><\/strong><\/span>, um dos grandes devotos de F\u00e1tima.<\/span><\/p>\n<p><span style=\"color: #000000;\">Tamanha era sua devo\u00e7\u00e3o que algumas pessoas o chamam de o <strong><span style=\"text-decoration: underline;\"><span style=\"color: #0000ff; text-decoration: underline;\"><a style=\"color: #0000ff; text-decoration: underline;\" href=\"https:\/\/adf.org.br\/velario\/padrepio?origem=28344\" target=\"_blank\" rel=\"noopener\">4\u00ba Pastorinho de F\u00e1tima<\/a><\/span><\/span><\/strong>!<\/span><\/p>\n<p><strong><span style=\"color: #000000;\">Para celebrar a festa deste grande Santo, que tinha grande devo\u00e7\u00e3o e amor em Nossa M\u00e3e, vamos mandar celebrar uma Missa em honra a ele.<\/span><\/strong><\/p>\n<p><span style=\"color: #000000;\"><span style=\"color: #800080;\"><strong>Voc\u00ea pode incluir seu nome e pedidos na Missa de S\u00faplicas ao Padre Pio<\/strong><\/span>, se ligar, sem custos, para:<\/span><\/p>\n<p><a href=\"tel:08006082128\" target=\"_blank\" rel=\"noopener\"><img loading=\"lazy\" class=\"aligncenter\" src=\"https:\/\/www.adf.org.br\/home\/wp-content\/uploads\/2021\/08\/Bot%C3%A3o-Telefone-ADF.png\" alt=\"\" width=\"482\" height=\"113\" \/><\/a><\/p>\n<p><span style=\"color: #000000;\">Atrav\u00e9s da intercess\u00e3o dele, muitas pessoas alcan\u00e7aram gra\u00e7as impressionantes.<\/span><\/p>\n<p style=\"padding-left: 40px;\"><em><span style=\"color: #000000;\">Enfermos foram curados;<\/span><\/em><br \/>\n<em><span style=\"color: #000000;\">Mulheres conseguiram engravidar;<\/span><\/em><br \/>\n<em><span style=\"color: #000000;\">Paz e harmonia na fam\u00edlia restabelecidas;<\/span><\/em><br \/>\n<em><span style=\"color: #000000;\">Convers\u00f5es;<\/span><\/em><\/p>\n<p><strong><span style=\"color: #000000;\">As gra\u00e7as s\u00e3o diversas e certamente ele interceder\u00e1 em sua vida, junto de Nossa Senhora e Nosso Senhor Jesus Cristo.<\/span><\/strong><\/p>\n<p><span style=\"color: #000000;\">Ent\u00e3o, ligue no <span style=\"color: #0000ff;\"><a style=\"color: #0000ff;\" href=\"tel:08006082128\" target=\"_blank\" rel=\"noopener\"><span style=\"text-decoration: underline;\"><strong>0800 608 2128<\/strong><\/span><\/a><\/span> para incluir seu nome na <span style=\"color: #800080;\"><strong>Missa de S\u00faplicas ao Padre Pio<\/strong><\/span>.<\/span><\/p>\n<p><span style=\"color: #000000;\">E caso voc\u00ea n\u00e3o consiga falar conosco,<span style=\"text-decoration: underline;\"><strong><span style=\"color: #0000ff; text-decoration: underline;\"><a style=\"color: #0000ff; text-decoration: underline;\" href=\"https:\/\/adf.org.br\/velario\/padrepio?origem=28344\" target=\"_blank\" rel=\"noopener\"> acenda aqui uma Vela Virtual ao Padre Pio<\/a><\/span><\/strong><\/span> para inscrever seus pedidos.<\/span><\/p>\n<p><strong><span style=\"color: #000000;\">Ele \u00e9 conhecido como o Santo mais milagroso do \u00faltimo s\u00e9culo.\u00a0<\/span><\/strong><\/p>\n<p><span style=\"color: #000000;\">Por isso, tenha f\u00e9. O Santo Padre Pio, devoto de F\u00e1tima, pode lhe conceder a gra\u00e7a que precisa.<\/span><\/p>\n","protected":false},"excerpt":{"rendered":"<p>Amanh\u00e3 \u00e9 dia do Santo Padre Pio, um dos grandes devotos de F\u00e1tima. Tamanha era sua devo\u00e7\u00e3o que algumas pessoas o chamam de o 4\u00ba Pastorinho de F\u00e1tima! Para celebrar a festa deste grande Santo, que tinha grande devo\u00e7\u00e3o e amor em Nossa M\u00e3e, vamos mandar celebrar uma Missa em honra a ele. Voc\u00ea pode [&hellip;]<\/p>\n","protected":false},"author":31,"featured_media":73595,"comment_status":"open","ping_status":"open","sticky":false,"template":"","format":"standard","meta":[],"categories":[2621],"tags":[5198,5197,5199,5201,2151,22,1397,26,5200],"yoast_head":"<!-- This site is optimized with the Yoast SEO plugin v17.4 - https:\/\/yoast.com\/wordpress\/plugins\/seo\/ -->\n<title>Veja como incluir seus pedidos na Missa do Santo Padre Pio, celebrada amanh\u00e3<\/title>\n<meta name=\"description\" content=\"Voc\u00ea pode colocar seus pedidos, inten\u00e7\u00f5es e nomes de familiares e amigos na Missa do Santo Capuchinho. Veja como. \u00c9 gr\u00e1tis\" \/>\n<meta name=\"robots\" content=\"index, follow, max-snippet:-1, max-image-preview:large, max-video-preview:-1\" \/>\n<link rel=\"canonical\" href=\"https:\/\/www.adf.org.br\/home\/veja-como-incluir-seus-pedidos-na-missa-do-santo-padre-pio-celebrada-amanha\/\" \/>\n<meta property=\"og:locale\" content=\"pt_BR\" \/>\n<meta property=\"og:type\" content=\"article\" \/>\n<meta property=\"og:title\" content=\"Veja como incluir seus pedidos na Missa do Santo Padre Pio, celebrada amanh\u00e3\" \/>\n<meta property=\"og:description\" content=\"Voc\u00ea pode colocar seus pedidos, inten\u00e7\u00f5es e nomes de familiares e amigos na Missa do Santo Capuchinho. Veja como. \u00c9 gr\u00e1tis\" \/>\n<meta property=\"og:url\" content=\"https:\/\/www.adf.org.br\/home\/veja-como-incluir-seus-pedidos-na-missa-do-santo-padre-pio-celebrada-amanha\/\" \/>\n<meta property=\"og:site_name\" content=\"Associa\u00e7\u00e3o Devotos de F\u00e1tima\" \/>\n<meta property=\"article:published_time\" content=\"2023-09-22T03:00:35+00:00\" \/>\n<meta property=\"article:modified_time\" content=\"2023-09-19T16:57:18+00:00\" \/>\n<meta property=\"og:image\" content=\"https:\/\/www.adf.org.br\/home\/wp-content\/uploads\/2023\/09\/Capa_MIssa-do-Padre-Pio.png\" \/>\n\t<meta property=\"og:image:width\" content=\"1200\" \/>\n\t<meta property=\"og:image:height\" content=\"650\" \/>\n<meta name=\"twitter:card\" content=\"summary_large_image\" \/>\n<meta name=\"twitter:label1\" content=\"Escrito por\" \/>\n\t<meta name=\"twitter:data1\" content=\"Gabriel Barbosa\" \/>\n\t<meta name=\"twitter:label2\" content=\"Est. tempo de leitura\" \/>\n\t<meta name=\"twitter:data2\" content=\"1 minuto\" \/>\n<script type=\"application\/ld+json\" class=\"yoast-schema-graph\">{\"@context\":\"https:\/\/schema.org\",\"@graph\":[{\"@type\":\"WebSite\",\"@id\":\"https:\/\/www.adf.org.br\/home\/#website\",\"url\":\"https:\/\/www.adf.org.br\/home\/\",\"name\":\"Associa\\u00e7\\u00e3o Devotos de F\\u00e1tima\",\"description\":\"Associa\\u00e7\\u00e3o Devotos de F\\u00e1tima\",\"potentialAction\":[{\"@type\":\"SearchAction\",\"target\":{\"@type\":\"EntryPoint\",\"urlTemplate\":\"https:\/\/www.adf.org.br\/home\/?s={search_term_string}\"},\"query-input\":\"required name=search_term_string\"}],\"inLanguage\":\"pt-BR\"},{\"@type\":\"ImageObject\",\"@id\":\"https:\/\/www.adf.org.br\/home\/veja-como-incluir-seus-pedidos-na-missa-do-santo-padre-pio-celebrada-amanha\/#primaryimage\",\"inLanguage\":\"pt-BR\",\"url\":\"https:\/\/www.adf.org.br\/home\/wp-content\/uploads\/2023\/09\/Capa_MIssa-do-Padre-Pio.png\",\"contentUrl\":\"https:\/\/www.adf.org.br\/home\/wp-content\/uploads\/2023\/09\/Capa_MIssa-do-Padre-Pio.png\",\"width\":1200,\"height\":650,\"caption\":\"Seus pedidos na Missa da Festa do Padre Pio\"},{\"@type\":\"WebPage\",\"@id\":\"https:\/\/www.adf.org.br\/home\/veja-como-incluir-seus-pedidos-na-missa-do-santo-padre-pio-celebrada-amanha\/#webpage\",\"url\":\"https:\/\/www.adf.org.br\/home\/veja-como-incluir-seus-pedidos-na-missa-do-santo-padre-pio-celebrada-amanha\/\",\"name\":\"Veja como incluir seus pedidos na Missa do Santo Padre Pio, celebrada amanh\\u00e3\",\"isPartOf\":{\"@id\":\"https:\/\/www.adf.org.br\/home\/#website\"},\"primaryImageOfPage\":{\"@id\":\"https:\/\/www.adf.org.br\/home\/veja-como-incluir-seus-pedidos-na-missa-do-santo-padre-pio-celebrada-amanha\/#primaryimage\"},\"datePublished\":\"2023-09-22T03:00:35+00:00\",\"dateModified\":\"2023-09-19T16:57:18+00:00\",\"author\":{\"@id\":\"https:\/\/www.adf.org.br\/home\/#\/schema\/person\/f35a5c5aa7728a3dedf4ea9aa1fc2753\"},\"description\":\"Voc\\u00ea pode colocar seus pedidos, inten\\u00e7\\u00f5es e nomes de familiares e amigos na Missa do Santo Capuchinho. Veja como. \\u00c9 gr\\u00e1tis\",\"breadcrumb\":{\"@id\":\"https:\/\/www.adf.org.br\/home\/veja-como-incluir-seus-pedidos-na-missa-do-santo-padre-pio-celebrada-amanha\/#breadcrumb\"},\"inLanguage\":\"pt-BR\",\"potentialAction\":[{\"@type\":\"ReadAction\",\"target\":[\"https:\/\/www.adf.org.br\/home\/veja-como-incluir-seus-pedidos-na-missa-do-santo-padre-pio-celebrada-amanha\/\"]}]},{\"@type\":\"BreadcrumbList\",\"@id\":\"https:\/\/www.adf.org.br\/home\/veja-como-incluir-seus-pedidos-na-missa-do-santo-padre-pio-celebrada-amanha\/#breadcrumb\",\"itemListElement\":[{\"@type\":\"ListItem\",\"position\":1,\"name\":\"Home\",\"item\":\"https:\/\/www.adf.org.br\/home\/\"},{\"@type\":\"ListItem\",\"position\":2,\"name\":\"Veja como incluir seus pedidos na Missa do Santo Padre Pio, celebrada amanh\\u00e3\"}]},{\"@type\":\"Person\",\"@id\":\"https:\/\/www.adf.org.br\/home\/#\/schema\/person\/f35a5c5aa7728a3dedf4ea9aa1fc2753\",\"name\":\"Gabriel Barbosa\",\"image\":{\"@type\":\"ImageObject\",\"@id\":\"https:\/\/www.adf.org.br\/home\/#personlogo\",\"inLanguage\":\"pt-BR\",\"url\":\"https:\/\/secure.gravatar.com\/avatar\/2b2cb2f4637682c5605e8d36818f51ef?s=96&d=mm&r=g\",\"contentUrl\":\"https:\/\/secure.gravatar.com\/avatar\/2b2cb2f4637682c5605e8d36818f51ef?s=96&d=mm&r=g\",\"caption\":\"Gabriel Barbosa\"},\"url\":\"https:\/\/www.adf.org.br\/home\/author\/gabrielpmk-com-br\/\"}]}<\/script>\n<!-- \/ Yoast SEO plugin. -->","yoast_head_json":{"title":"Veja como incluir seus pedidos na Missa do Santo Padre Pio, celebrada amanh\u00e3","description":"Voc\u00ea pode colocar seus pedidos, inten\u00e7\u00f5es e nomes de familiares e amigos na Missa do Santo Capuchinho. Veja como. \u00c9 gr\u00e1tis","robots":{"index":"index","follow":"follow","max-snippet":"max-snippet:-1","max-image-preview":"max-image-preview:large","max-video-preview":"max-video-preview:-1"},"canonical":"https:\/\/www.adf.org.br\/home\/veja-como-incluir-seus-pedidos-na-missa-do-santo-padre-pio-celebrada-amanha\/","og_locale":"pt_BR","og_type":"article","og_title":"Veja como incluir seus pedidos na Missa do Santo Padre Pio, celebrada amanh\u00e3","og_description":"Voc\u00ea pode colocar seus pedidos, inten\u00e7\u00f5es e nomes de familiares e amigos na Missa do Santo Capuchinho. Veja como. \u00c9 gr\u00e1tis","og_url":"https:\/\/www.adf.org.br\/home\/veja-como-incluir-seus-pedidos-na-missa-do-santo-padre-pio-celebrada-amanha\/","og_site_name":"Associa\u00e7\u00e3o Devotos de F\u00e1tima","article_published_time":"2023-09-22T03:00:35+00:00","article_modified_time":"2023-09-19T16:57:18+00:00","og_image":[{"width":1200,"height":650,"url":"https:\/\/www.adf.org.br\/home\/wp-content\/uploads\/2023\/09\/Capa_MIssa-do-Padre-Pio.png","type":"image\/png"}],"twitter_card":"summary_large_image","twitter_misc":{"Escrito por":"Gabriel Barbosa","Est. tempo de leitura":"1 minuto"},"schema":{"@context":"https:\/\/schema.org","@graph":[{"@type":"WebSite","@id":"https:\/\/www.adf.org.br\/home\/#website","url":"https:\/\/www.adf.org.br\/home\/","name":"Associa\u00e7\u00e3o Devotos de F\u00e1tima","description":"Associa\u00e7\u00e3o Devotos de F\u00e1tima","potentialAction":[{"@type":"SearchAction","target":{"@type":"EntryPoint","urlTemplate":"https:\/\/www.adf.org.br\/home\/?s={search_term_string}"},"query-input":"required name=search_term_string"}],"inLanguage":"pt-BR"},{"@type":"ImageObject","@id":"https:\/\/www.adf.org.br\/home\/veja-como-incluir-seus-pedidos-na-missa-do-santo-padre-pio-celebrada-amanha\/#primaryimage","inLanguage":"pt-BR","url":"https:\/\/www.adf.org.br\/home\/wp-content\/uploads\/2023\/09\/Capa_MIssa-do-Padre-Pio.png","contentUrl":"https:\/\/www.adf.org.br\/home\/wp-content\/uploads\/2023\/09\/Capa_MIssa-do-Padre-Pio.png","width":1200,"height":650,"caption":"Seus pedidos na Missa da Festa do Padre Pio"},{"@type":"WebPage","@id":"https:\/\/www.adf.org.br\/home\/veja-como-incluir-seus-pedidos-na-missa-do-santo-padre-pio-celebrada-amanha\/#webpage","url":"https:\/\/www.adf.org.br\/home\/veja-como-incluir-seus-pedidos-na-missa-do-santo-padre-pio-celebrada-amanha\/","name":"Veja como incluir seus pedidos na Missa do Santo Padre Pio, celebrada amanh\u00e3","isPartOf":{"@id":"https:\/\/www.adf.org.br\/home\/#website"},"primaryImageOfPage":{"@id":"https:\/\/www.adf.org.br\/home\/veja-como-incluir-seus-pedidos-na-missa-do-santo-padre-pio-celebrada-amanha\/#primaryimage"},"datePublished":"2023-09-22T03:00:35+00:00","dateModified":"2023-09-19T16:57:18+00:00","author":{"@id":"https:\/\/www.adf.org.br\/home\/#\/schema\/person\/f35a5c5aa7728a3dedf4ea9aa1fc2753"},"description":"Voc\u00ea pode colocar seus pedidos, inten\u00e7\u00f5es e nomes de familiares e amigos na Missa do Santo Capuchinho. Veja como. \u00c9 gr\u00e1tis","breadcrumb":{"@id":"https:\/\/www.adf.org.br\/home\/veja-como-incluir-seus-pedidos-na-missa-do-santo-padre-pio-celebrada-amanha\/#breadcrumb"},"inLanguage":"pt-BR","potentialAction":[{"@type":"ReadAction","target":["https:\/\/www.adf.org.br\/home\/veja-como-incluir-seus-pedidos-na-missa-do-santo-padre-pio-celebrada-amanha\/"]}]},{"@type":"BreadcrumbList","@id":"https:\/\/www.adf.org.br\/home\/veja-como-incluir-seus-pedidos-na-missa-do-santo-padre-pio-celebrada-amanha\/#breadcrumb","itemListElement":[{"@type":"ListItem","position":1,"name":"Home","item":"https:\/\/www.adf.org.br\/home\/"},{"@type":"ListItem","position":2,"name":"Veja como incluir seus pedidos na Missa do Santo Padre Pio, celebrada amanh\u00e3"}]},{"@type":"Person","@id":"https:\/\/www.adf.org.br\/home\/#\/schema\/person\/f35a5c5aa7728a3dedf4ea9aa1fc2753","name":"Gabriel Barbosa","image":{"@type":"ImageObject","@id":"https:\/\/www.adf.org.br\/home\/#personlogo","inLanguage":"pt-BR","url":"https:\/\/secure.gravatar.com\/avatar\/2b2cb2f4637682c5605e8d36818f51ef?s=96&d=mm&r=g","contentUrl":"https:\/\/secure.gravatar.com\/avatar\/2b2cb2f4637682c5605e8d36818f51ef?s=96&d=mm&r=g","caption":"Gabriel Barbosa"},"url":"https:\/\/www.adf.org.br\/home\/author\/gabrielpmk-com-br\/"}]}},"_links":{"self":[{"href":"https:\/\/www.adf.org.br\/home\/wp-json\/wp\/v2\/posts\/73593"}],"collection":[{"href":"https:\/\/www.adf.org.br\/home\/wp-json\/wp\/v2\/posts"}],"about":[{"href":"https:\/\/www.adf.org.br\/home\/wp-json\/wp\/v2\/types\/post"}],"author":[{"embeddable":true,"href":"https:\/\/www.adf.org.br\/home\/wp-json\/wp\/v2\/users\/31"}],"replies":[{"embeddable":true,"href":"https:\/\/www.adf.org.br\/home\/wp-json\/wp\/v2\/comments?post=73593"}],"version-history":[{"count":3,"href":"https:\/\/www.adf.org.br\/home\/wp-json\/wp\/v2\/posts\/73593\/revisions"}],"predecessor-version":[{"id":73598,"href":"https:\/\/www.adf.org.br\/home\/wp-json\/wp\/v2\/posts\/73593\/revisions\/73598"}],"wp:featuredmedia":[{"embeddable":true,"href":"https:\/\/www.adf.org.br\/home\/wp-json\/wp\/v2\/media\/73595"}],"wp:attachment":[{"href":"https:\/\/www.adf.org.br\/home\/wp-json\/wp\/v2\/media?parent=73593"}],"wp:term":[{"taxonomy":"category","embeddable":true,"href":"https:\/\/www.adf.org.br\/home\/wp-json\/wp\/v2\/categories?post=73593"},{"taxonomy":"post_tag","embeddable":true,"href":"https:\/\/www.adf.org.br\/home\/wp-json\/wp\/v2\/tags?post=73593"}],"curies":[{"name":"wp","href":"https:\/\/api.w.org\/{rel}","templated":true}]}}