{"id":73560,"date":"2025-09-14T07:00:19","date_gmt":"2025-09-14T10:00:19","guid":{"rendered":"https:\/\/www.adf.org.br\/home\/?p=73560"},"modified":"2025-09-05T13:22:49","modified_gmt":"2025-09-05T16:22:49","slug":"e-hoje-dia-da-exaltacao-da-santa-cruz","status":"publish","type":"post","link":"https:\/\/www.adf.org.br\/home\/e-hoje-dia-da-exaltacao-da-santa-cruz\/","title":{"rendered":"\u00c9 HOJE: DIA DA EXALTA\u00c7\u00c3O DA SANTA CRUZ"},"content":{"rendered":"<p><span style=\"color: #000000;\"><a style=\"color: #000000;\" href=\"https:\/\/adf.org.br\/velario\/suplicas?origem=15990\" target=\"_blank\" rel=\"noopener noreferrer\"><img loading=\"lazy\" class=\"aligncenter wp-image-62342 size-full\" src=\"https:\/\/www.aascj.org.br\/home\/wp-content\/uploads\/2019\/09\/Exalta%C3%A7%C3%A3o-da-Santa-Cruz.jpg\" alt=\"Exalta\u00e7\u00e3o-da-Santa-Cruz\" width=\"320\" height=\"480\" \/><\/a><\/span><\/p>\n<p><span style=\"color: #000000;\">Hoje, 14 de setembro, celebramos o\u00a0<strong>Dia da Exalta\u00e7\u00e3o da Santa Cruz<\/strong>, um dos mais importantes s\u00edmbolos da Salva\u00e7\u00e3o.\u00a0<\/span><\/p>\n<p><span style=\"color: #000000;\">Esta celebra\u00e7\u00e3o, muito antiga,<strong>\u00a0tinha primeiramente como \u00fanico objetivo o anivers\u00e1rio da descoberta da verdadeira cruz de Nosso Senhor, por Santa Helena, e a dedica\u00e7\u00e3o das\u00a0bas\u00edlicas constantinianas<\/strong>,\u00a0consagradas em Jerusal\u00e9m a 14 de setembro de 335, no pr\u00f3prio local do sepulcro e do calv\u00e1rio.<\/span><\/p>\n<p><span style=\"color: #000000;\">Mais tarde, uma confus\u00e3o de datas fez passar para o dia 14 de setembro a mem\u00f3ria da restitui\u00e7\u00e3o da Santa Cruz em 629, pelo Imperador Her\u00e1clio, que a recuperou dos persas, que a tinham furtado.<\/span><\/p>\n<p><span style=\"color: #000000;\">A liturgia da Cruz \u00e9 uma liturgia triunfante:\u00a0<strong>a Igreja celebra nela a vit\u00f3ria de Cristo sobre a morte, e o glorioso trof\u00e9u da nossa reden\u00e7\u00e3o.<\/strong><\/span><\/p>\n<p><span style=\"color: #000000;\">Os orientais denominavam-na\u00a0<em>\u201cda preciosa Cruz, portadora da Vida\u201d<\/em>.<\/span><\/p>\n<p><span style=\"color: #000000;\">Essa festa nos recorda o triunfo de Cristo, e a mudan\u00e7a por Ele causada na condi\u00e7\u00e3o humana.<\/span><\/p>\n<p><span style=\"color: #000000;\">Pois\u00a0<strong>disse o<\/strong><strong>\u00a0Redentor:<\/strong><\/span><\/p>\n<blockquote><p><span style=\"color: #000000;\"><i>\u201cAssim como Mois\u00e9s levantou a serpente no deserto, assim tamb\u00e9m tem de ser levantado o Filho do Homem, a fim de que todo aquele que nele crer, tenha a vida eterna\u201d\u00a0<\/i><strong>(Jo 12, 32)<\/strong>.<\/span><\/p><\/blockquote>\n<h2><span style=\"color: #000000;\"><b>O sinal da Cruz<\/b><\/span><\/h2>\n<p><span style=\"color: #000000;\">A pr\u00e1tica de fazer o sinal da cruz \u00e9 vivida desde os prim\u00f3rdios da Igreja.\u00a0\u00a0<\/span><\/p>\n<p><span style=\"color: #000000;\">Quando tra\u00e7amos o sinal da cruz sobre o nosso corpo, estamos afirmando tr\u00eas verdades fundamentais de nossa f\u00e9:<strong>\u00a0Deus, que \u00e9 Uno e Trino; a Encarna\u00e7\u00e3o de Jesus e Sua Morte na Cruz.<\/strong><\/span><\/p>\n<p><span style=\"color: #000000;\">Nos aconselha\u00a0<strong>S\u00e3o Cirilo<\/strong>\u00a0<strong>de Jerusal\u00e9m<\/strong>:<\/span><\/p>\n<p><span style=\"color: #000000;\"><i>\u201c<strong>N\u00e3o nos envergonhemos de professar o Crucificado<\/strong>,\u00a0selemos confiadamente a testa com os dedos, fa\u00e7amos o sinal da cruz, sobretudo sobre o p\u00e3o, a comida e os copos de que bebemos!<\/i><\/span><\/p>\n<p><span style=\"color: #000000;\"><i>Fa\u00e7amos quando vamos e quando vimos, antes de dormir, ao deitarmo-nos e ao levantarmo-nos, quando andamos e descansamos!\u201d<\/i><\/span><\/p>\n<h2><span style=\"color: #000000;\"><b>A Cruz est\u00e1 guardada na tradi\u00e7\u00e3o e no cora\u00e7\u00e3o de cada verdadeiro crist\u00e3o, por isso neste dia, a Igreja nos convida a rezar:<\/b><\/span><\/h2>\n<blockquote><p><span style=\"color: #000000;\"><strong><i>\u201cDo Rei avan\u00e7a o estandarte,<\/i><\/strong><\/span><\/p>\n<p><span style=\"color: #000000;\"><strong><i>fulge o mist\u00e9rio da Cruz,<\/i><\/strong><\/span><\/p>\n<p><span style=\"color: #000000;\"><strong><i>onde por n\u00f3s suspenso o autor da vida,<\/i><\/strong><\/span><\/p>\n<p><span style=\"color: #000000;\"><strong><i>Jesus.<\/i><\/strong><\/span><\/p>\n<p><span style=\"color: #000000;\"><strong><i>Do lado morto de Cristo,<\/i><\/strong><\/span><\/p>\n<p><span style=\"color: #000000;\"><strong><i>ao golpe que lhe vibravam,<\/i><\/strong><\/span><\/p>\n<p><span style=\"color: #000000;\"><strong><i>para lavar meu pecado o sangue e a \u00e1gua jorravam.<\/i><\/strong><\/span><\/p>\n<p><span style=\"color: #000000;\"><strong><i>\u00c1rvore espl\u00eandida bela de rubra p\u00farpura,<\/i><\/strong><\/span><\/p>\n<p><span style=\"color: #000000;\"><strong><i>ornada dos santos membros,<\/i><\/strong><\/span><\/p>\n<p><span style=\"color: #000000;\"><strong><i>tocar digna s\u00f3 tu foste achada.<\/i><\/strong><\/span><\/p>\n<p><span style=\"color: #000000;\"><strong><i>Viva Jesus!<\/i><\/strong><\/span><\/p>\n<p><span style=\"color: #000000;\"><strong><i>Viva a Santa Cruz!\u201d<\/i><\/strong><\/span><\/p><\/blockquote>\n<p style=\"text-align: right;\"><span style=\"color: #000000;\"><b>Fonte:\u00a0<\/b><em>ipco.org.br<\/em><\/span><\/p>\n","protected":false},"excerpt":{"rendered":"<p>Hoje, 14 de setembro, celebramos o\u00a0Dia da Exalta\u00e7\u00e3o da Santa Cruz, um dos mais importantes s\u00edmbolos da Salva\u00e7\u00e3o.\u00a0 Esta celebra\u00e7\u00e3o, muito antiga,\u00a0tinha primeiramente como \u00fanico objetivo o anivers\u00e1rio da descoberta da verdadeira cruz de Nosso Senhor, por Santa Helena, e a dedica\u00e7\u00e3o das\u00a0bas\u00edlicas constantinianas,\u00a0consagradas em Jerusal\u00e9m a 14 de setembro de 335, no pr\u00f3prio local [&hellip;]<\/p>\n","protected":false},"author":31,"featured_media":73561,"comment_status":"open","ping_status":"open","sticky":false,"template":"","format":"standard","meta":[],"categories":[20],"tags":[4546,5192,5193,5191],"yoast_head":"<!-- This site is optimized with the Yoast SEO plugin v17.4 - https:\/\/yoast.com\/wordpress\/plugins\/seo\/ -->\n<title>\u00c9 HOJE: DIA DA EXALTA\u00c7\u00c3O DA SANTA CRUZ<\/title>\n<meta name=\"robots\" content=\"index, follow, max-snippet:-1, max-image-preview:large, max-video-preview:-1\" \/>\n<link rel=\"canonical\" href=\"https:\/\/www.adf.org.br\/home\/e-hoje-dia-da-exaltacao-da-santa-cruz\/\" \/>\n<meta property=\"og:locale\" content=\"pt_BR\" \/>\n<meta property=\"og:type\" content=\"article\" \/>\n<meta property=\"og:title\" content=\"\u00c9 HOJE: DIA DA EXALTA\u00c7\u00c3O DA SANTA CRUZ\" \/>\n<meta property=\"og:description\" content=\"Hoje, 14 de setembro, celebramos o\u00a0Dia da Exalta\u00e7\u00e3o da Santa Cruz, um dos mais importantes s\u00edmbolos da Salva\u00e7\u00e3o.\u00a0 Esta celebra\u00e7\u00e3o, muito antiga,\u00a0tinha primeiramente como \u00fanico objetivo o anivers\u00e1rio da descoberta da verdadeira cruz de Nosso Senhor, por Santa Helena, e a dedica\u00e7\u00e3o das\u00a0bas\u00edlicas constantinianas,\u00a0consagradas em Jerusal\u00e9m a 14 de setembro de 335, no pr\u00f3prio local [&hellip;]\" \/>\n<meta property=\"og:url\" content=\"https:\/\/www.adf.org.br\/home\/e-hoje-dia-da-exaltacao-da-santa-cruz\/\" \/>\n<meta property=\"og:site_name\" content=\"Associa\u00e7\u00e3o Devotos de F\u00e1tima\" \/>\n<meta property=\"article:published_time\" content=\"2025-09-14T10:00:19+00:00\" \/>\n<meta property=\"article:modified_time\" content=\"2025-09-05T16:22:49+00:00\" \/>\n<meta property=\"og:image\" content=\"https:\/\/www.adf.org.br\/home\/wp-content\/uploads\/2023\/09\/exaltacao-da-Santa-Cruz.jpg\" \/>\n\t<meta property=\"og:image:width\" content=\"750\" \/>\n\t<meta property=\"og:image:height\" content=\"350\" \/>\n<meta name=\"twitter:card\" content=\"summary_large_image\" \/>\n<meta name=\"twitter:label1\" content=\"Escrito por\" \/>\n\t<meta name=\"twitter:data1\" content=\"Gabriel Barbosa\" \/>\n\t<meta name=\"twitter:label2\" content=\"Est. tempo de leitura\" \/>\n\t<meta name=\"twitter:data2\" content=\"2 minutos\" \/>\n<script type=\"application\/ld+json\" class=\"yoast-schema-graph\">{\"@context\":\"https:\/\/schema.org\",\"@graph\":[{\"@type\":\"WebSite\",\"@id\":\"https:\/\/www.adf.org.br\/home\/#website\",\"url\":\"https:\/\/www.adf.org.br\/home\/\",\"name\":\"Associa\\u00e7\\u00e3o Devotos de F\\u00e1tima\",\"description\":\"Associa\\u00e7\\u00e3o Devotos de F\\u00e1tima\",\"potentialAction\":[{\"@type\":\"SearchAction\",\"target\":{\"@type\":\"EntryPoint\",\"urlTemplate\":\"https:\/\/www.adf.org.br\/home\/?s={search_term_string}\"},\"query-input\":\"required name=search_term_string\"}],\"inLanguage\":\"pt-BR\"},{\"@type\":\"ImageObject\",\"@id\":\"https:\/\/www.adf.org.br\/home\/e-hoje-dia-da-exaltacao-da-santa-cruz\/#primaryimage\",\"inLanguage\":\"pt-BR\",\"url\":\"https:\/\/www.adf.org.br\/home\/wp-content\/uploads\/2023\/09\/exaltacao-da-Santa-Cruz.jpg\",\"contentUrl\":\"https:\/\/www.adf.org.br\/home\/wp-content\/uploads\/2023\/09\/exaltacao-da-Santa-Cruz.jpg\",\"width\":750,\"height\":350,\"caption\":\"Festa da Exalta\\u00e7\\u00e3o da Santa Cruz\"},{\"@type\":\"WebPage\",\"@id\":\"https:\/\/www.adf.org.br\/home\/e-hoje-dia-da-exaltacao-da-santa-cruz\/#webpage\",\"url\":\"https:\/\/www.adf.org.br\/home\/e-hoje-dia-da-exaltacao-da-santa-cruz\/\",\"name\":\"\\u00c9 HOJE: DIA DA EXALTA\\u00c7\\u00c3O DA SANTA CRUZ\",\"isPartOf\":{\"@id\":\"https:\/\/www.adf.org.br\/home\/#website\"},\"primaryImageOfPage\":{\"@id\":\"https:\/\/www.adf.org.br\/home\/e-hoje-dia-da-exaltacao-da-santa-cruz\/#primaryimage\"},\"datePublished\":\"2025-09-14T10:00:19+00:00\",\"dateModified\":\"2025-09-05T16:22:49+00:00\",\"author\":{\"@id\":\"https:\/\/www.adf.org.br\/home\/#\/schema\/person\/f35a5c5aa7728a3dedf4ea9aa1fc2753\"},\"breadcrumb\":{\"@id\":\"https:\/\/www.adf.org.br\/home\/e-hoje-dia-da-exaltacao-da-santa-cruz\/#breadcrumb\"},\"inLanguage\":\"pt-BR\",\"potentialAction\":[{\"@type\":\"ReadAction\",\"target\":[\"https:\/\/www.adf.org.br\/home\/e-hoje-dia-da-exaltacao-da-santa-cruz\/\"]}]},{\"@type\":\"BreadcrumbList\",\"@id\":\"https:\/\/www.adf.org.br\/home\/e-hoje-dia-da-exaltacao-da-santa-cruz\/#breadcrumb\",\"itemListElement\":[{\"@type\":\"ListItem\",\"position\":1,\"name\":\"Home\",\"item\":\"https:\/\/www.adf.org.br\/home\/\"},{\"@type\":\"ListItem\",\"position\":2,\"name\":\"\\u00c9 HOJE: DIA DA EXALTA\\u00c7\\u00c3O DA SANTA CRUZ\"}]},{\"@type\":\"Person\",\"@id\":\"https:\/\/www.adf.org.br\/home\/#\/schema\/person\/f35a5c5aa7728a3dedf4ea9aa1fc2753\",\"name\":\"Gabriel Barbosa\",\"image\":{\"@type\":\"ImageObject\",\"@id\":\"https:\/\/www.adf.org.br\/home\/#personlogo\",\"inLanguage\":\"pt-BR\",\"url\":\"https:\/\/secure.gravatar.com\/avatar\/2b2cb2f4637682c5605e8d36818f51ef?s=96&d=mm&r=g\",\"contentUrl\":\"https:\/\/secure.gravatar.com\/avatar\/2b2cb2f4637682c5605e8d36818f51ef?s=96&d=mm&r=g\",\"caption\":\"Gabriel Barbosa\"},\"url\":\"https:\/\/www.adf.org.br\/home\/author\/gabrielpmk-com-br\/\"}]}<\/script>\n<!-- \/ Yoast SEO plugin. -->","yoast_head_json":{"title":"\u00c9 HOJE: DIA DA EXALTA\u00c7\u00c3O DA SANTA CRUZ","robots":{"index":"index","follow":"follow","max-snippet":"max-snippet:-1","max-image-preview":"max-image-preview:large","max-video-preview":"max-video-preview:-1"},"canonical":"https:\/\/www.adf.org.br\/home\/e-hoje-dia-da-exaltacao-da-santa-cruz\/","og_locale":"pt_BR","og_type":"article","og_title":"\u00c9 HOJE: DIA DA EXALTA\u00c7\u00c3O DA SANTA CRUZ","og_description":"Hoje, 14 de setembro, celebramos o\u00a0Dia da Exalta\u00e7\u00e3o da Santa Cruz, um dos mais importantes s\u00edmbolos da Salva\u00e7\u00e3o.\u00a0 Esta celebra\u00e7\u00e3o, muito antiga,\u00a0tinha primeiramente como \u00fanico objetivo o anivers\u00e1rio da descoberta da verdadeira cruz de Nosso Senhor, por Santa Helena, e a dedica\u00e7\u00e3o das\u00a0bas\u00edlicas constantinianas,\u00a0consagradas em Jerusal\u00e9m a 14 de setembro de 335, no pr\u00f3prio local [&hellip;]","og_url":"https:\/\/www.adf.org.br\/home\/e-hoje-dia-da-exaltacao-da-santa-cruz\/","og_site_name":"Associa\u00e7\u00e3o Devotos de F\u00e1tima","article_published_time":"2025-09-14T10:00:19+00:00","article_modified_time":"2025-09-05T16:22:49+00:00","og_image":[{"width":750,"height":350,"url":"https:\/\/www.adf.org.br\/home\/wp-content\/uploads\/2023\/09\/exaltacao-da-Santa-Cruz.jpg","type":"image\/jpeg"}],"twitter_card":"summary_large_image","twitter_misc":{"Escrito por":"Gabriel Barbosa","Est. tempo de leitura":"2 minutos"},"schema":{"@context":"https:\/\/schema.org","@graph":[{"@type":"WebSite","@id":"https:\/\/www.adf.org.br\/home\/#website","url":"https:\/\/www.adf.org.br\/home\/","name":"Associa\u00e7\u00e3o Devotos de F\u00e1tima","description":"Associa\u00e7\u00e3o Devotos de F\u00e1tima","potentialAction":[{"@type":"SearchAction","target":{"@type":"EntryPoint","urlTemplate":"https:\/\/www.adf.org.br\/home\/?s={search_term_string}"},"query-input":"required name=search_term_string"}],"inLanguage":"pt-BR"},{"@type":"ImageObject","@id":"https:\/\/www.adf.org.br\/home\/e-hoje-dia-da-exaltacao-da-santa-cruz\/#primaryimage","inLanguage":"pt-BR","url":"https:\/\/www.adf.org.br\/home\/wp-content\/uploads\/2023\/09\/exaltacao-da-Santa-Cruz.jpg","contentUrl":"https:\/\/www.adf.org.br\/home\/wp-content\/uploads\/2023\/09\/exaltacao-da-Santa-Cruz.jpg","width":750,"height":350,"caption":"Festa da Exalta\u00e7\u00e3o da Santa Cruz"},{"@type":"WebPage","@id":"https:\/\/www.adf.org.br\/home\/e-hoje-dia-da-exaltacao-da-santa-cruz\/#webpage","url":"https:\/\/www.adf.org.br\/home\/e-hoje-dia-da-exaltacao-da-santa-cruz\/","name":"\u00c9 HOJE: DIA DA EXALTA\u00c7\u00c3O DA SANTA CRUZ","isPartOf":{"@id":"https:\/\/www.adf.org.br\/home\/#website"},"primaryImageOfPage":{"@id":"https:\/\/www.adf.org.br\/home\/e-hoje-dia-da-exaltacao-da-santa-cruz\/#primaryimage"},"datePublished":"2025-09-14T10:00:19+00:00","dateModified":"2025-09-05T16:22:49+00:00","author":{"@id":"https:\/\/www.adf.org.br\/home\/#\/schema\/person\/f35a5c5aa7728a3dedf4ea9aa1fc2753"},"breadcrumb":{"@id":"https:\/\/www.adf.org.br\/home\/e-hoje-dia-da-exaltacao-da-santa-cruz\/#breadcrumb"},"inLanguage":"pt-BR","potentialAction":[{"@type":"ReadAction","target":["https:\/\/www.adf.org.br\/home\/e-hoje-dia-da-exaltacao-da-santa-cruz\/"]}]},{"@type":"BreadcrumbList","@id":"https:\/\/www.adf.org.br\/home\/e-hoje-dia-da-exaltacao-da-santa-cruz\/#breadcrumb","itemListElement":[{"@type":"ListItem","position":1,"name":"Home","item":"https:\/\/www.adf.org.br\/home\/"},{"@type":"ListItem","position":2,"name":"\u00c9 HOJE: DIA DA EXALTA\u00c7\u00c3O DA SANTA CRUZ"}]},{"@type":"Person","@id":"https:\/\/www.adf.org.br\/home\/#\/schema\/person\/f35a5c5aa7728a3dedf4ea9aa1fc2753","name":"Gabriel Barbosa","image":{"@type":"ImageObject","@id":"https:\/\/www.adf.org.br\/home\/#personlogo","inLanguage":"pt-BR","url":"https:\/\/secure.gravatar.com\/avatar\/2b2cb2f4637682c5605e8d36818f51ef?s=96&d=mm&r=g","contentUrl":"https:\/\/secure.gravatar.com\/avatar\/2b2cb2f4637682c5605e8d36818f51ef?s=96&d=mm&r=g","caption":"Gabriel Barbosa"},"url":"https:\/\/www.adf.org.br\/home\/author\/gabrielpmk-com-br\/"}]}},"_links":{"self":[{"href":"https:\/\/www.adf.org.br\/home\/wp-json\/wp\/v2\/posts\/73560"}],"collection":[{"href":"https:\/\/www.adf.org.br\/home\/wp-json\/wp\/v2\/posts"}],"about":[{"href":"https:\/\/www.adf.org.br\/home\/wp-json\/wp\/v2\/types\/post"}],"author":[{"embeddable":true,"href":"https:\/\/www.adf.org.br\/home\/wp-json\/wp\/v2\/users\/31"}],"replies":[{"embeddable":true,"href":"https:\/\/www.adf.org.br\/home\/wp-json\/wp\/v2\/comments?post=73560"}],"version-history":[{"count":6,"href":"https:\/\/www.adf.org.br\/home\/wp-json\/wp\/v2\/posts\/73560\/revisions"}],"predecessor-version":[{"id":79777,"href":"https:\/\/www.adf.org.br\/home\/wp-json\/wp\/v2\/posts\/73560\/revisions\/79777"}],"wp:featuredmedia":[{"embeddable":true,"href":"https:\/\/www.adf.org.br\/home\/wp-json\/wp\/v2\/media\/73561"}],"wp:attachment":[{"href":"https:\/\/www.adf.org.br\/home\/wp-json\/wp\/v2\/media?parent=73560"}],"wp:term":[{"taxonomy":"category","embeddable":true,"href":"https:\/\/www.adf.org.br\/home\/wp-json\/wp\/v2\/categories?post=73560"},{"taxonomy":"post_tag","embeddable":true,"href":"https:\/\/www.adf.org.br\/home\/wp-json\/wp\/v2\/tags?post=73560"}],"curies":[{"name":"wp","href":"https:\/\/api.w.org\/{rel}","templated":true}]}}