{"id":73199,"date":"2023-08-01T08:00:22","date_gmt":"2023-08-01T11:00:22","guid":{"rendered":"https:\/\/www.adf.org.br\/home\/?p=73199"},"modified":"2023-07-31T16:11:37","modified_gmt":"2023-07-31T19:11:37","slug":"porque-agosto-e-dedicado-ao-coracao-de-maria-descubra-neste-artigo","status":"publish","type":"post","link":"https:\/\/www.adf.org.br\/home\/porque-agosto-e-dedicado-ao-coracao-de-maria-descubra-neste-artigo\/","title":{"rendered":"Por que Agosto \u00e9 dedicado ao Cora\u00e7\u00e3o de Maria? Descubra neste artigo"},"content":{"rendered":"<figure style=\"width: 774px\" class=\"wp-caption aligncenter\"><a href=\"https:\/\/adf.org.br\/apostolosdefatima\/2\/?origem=28030#Promessa\" target=\"_blank\" rel=\"noopener\"><img loading=\"lazy\" src=\"https:\/\/www.paieterno.com.br\/wp-content\/uploads\/2019\/06\/Imaculado-Coracao-de-Maria-02.jpg\" alt=\"Agosto, m\u00eas do Imaculado Cora\u00e7\u00e3o de Maria\" width=\"774\" height=\"436\" \/><\/a><figcaption class=\"wp-caption-text\">Agosto, m\u00eas do Imaculado Cora\u00e7\u00e3o de Maria<\/figcaption><\/figure>\n<p><span style=\"color: #000000;\"><strong>N<\/strong>a Igreja Cat\u00f3lica, cresceram ao longo do tempo \u201cdevo\u00e7\u00f5es\u201d espec\u00edficas atribu\u00eddas a cada m\u00eas do ano. O m\u00eas de junho foi associado ao\u00a0<strong>Sagrado Cora\u00e7\u00e3o de Jesus<\/strong>\u00a0porque a festa do Sagrado Cora\u00e7\u00e3o sempre cai naquele m\u00eas.<\/span><\/p>\n<p><span style=\"color: #000000;\"><strong>Agosto tornou-se conhecido como um m\u00eas dedicado ao Imaculado Cora\u00e7\u00e3o de Maria<\/strong>, mas atualmente \u00e9 dif\u00edcil saber o motivo. N\u00e3o existe festa particular e a celebra\u00e7\u00e3o principal em agosto \u00e9 a\u00a0<span style=\"color: #0000ff;\"><a style=\"color: #0000ff;\" href=\"https:\/\/adf.org.br\/apostolosdefatima\/2\/?origem=28030#Promessa\" target=\"_blank\" rel=\"noopener\">Assun\u00e7\u00e3o da Virgem Maria<\/a><\/span><strong>, no dia 15<\/strong>.<\/span><\/p>\n<p><span style=\"color: #000000;\">Por\u00e9m, uma das raz\u00f5es pelas quais o m\u00eas se tornou associado ao Imaculado Cora\u00e7\u00e3o de Maria \u00e9 por causa da\u00a0<strong>Segunda Guerra Mundial<\/strong>\u00a0e a devo\u00e7\u00e3o do Papa Pio XII a\u00a0<span style=\"color: #0000ff;\"><strong><a style=\"color: #0000ff;\" href=\"https:\/\/adf.org.br\/apostolosdefatima\/2\/?origem=28030#Promessa\" target=\"_blank\" rel=\"noopener\">Nossa Senhora de F\u00e1tima<\/a><\/strong><\/span>.<\/span><\/p>\n<p><span style=\"color: #000000;\">O mundo estava em tumulto na d\u00e9cada de 1940, e o Papa Pio XII respondeu aos pedidos de Nossa Senhora de F\u00e1tima,<em>\u00a0consagrando o mundo ao Imaculado Cora\u00e7\u00e3o de Maria<\/em>. Isso ocorreu em 31 de outubro de 1942.<\/span><\/p>\n<p><span style=\"color: #000000;\">Em 4 de maio de 1944, o\u00a0<strong>Papa Pio XII estabeleceu a festa do Imaculado Cora\u00e7\u00e3o de Maria no dia 22 de agosto<\/strong>, dia da oitava festa da Assun\u00e7\u00e3o. Ele fez isso para que, por sua intercess\u00e3o, seja obtida \u201c<strong>paz entre as na\u00e7\u00f5es, liberdade para a Igreja, convers\u00e3o dos pecadores, amor \u00e0 pureza e pr\u00e1tica da virtude<\/strong>\u201d.<\/span><\/p>\n<p><span style=\"color: #000000;\">Este foi o dia dedicado ao Imaculado Cora\u00e7\u00e3o de Maria at\u00e9 depois do Conc\u00edlio Vaticano II.<\/span><\/p>\n<figure class=\"wp-caption alignleft\"><span style=\"color: #000000;\"><a href=\"https:\/\/adf.org.br\/apostolosdefatima\/2\/?origem=28030#Promessa\" target=\"_blank\" rel=\"noopener\"><img loading=\"lazy\" class=\"alignleft\" src=\"https:\/\/blog.avemaria.com.br\/restrito\/img\/noticias\/db8b79b48307bcc17a2a91be3593b90f.jpg\" alt=\"Devo\u00e7\u00e3o ao Imaculado Cora\u00e7\u00e3o de Maria | Editora Ave Maria -\" width=\"324\" height=\"243\" \/><\/a><\/span><figcaption class=\"wp-caption-text\"><center><\/center><\/figcaption><\/figure>\n<p><span style=\"color: #000000;\">Ap\u00f3s a revis\u00e3o do Calend\u00e1rio Geral,\u00a0o Papa Paulo VI decidiu mudar as festas do Imaculado Cora\u00e7\u00e3o e de Nossa Senhora Rainha.<\/span><\/p>\n<p><span style=\"color: #000000;\">A festa do\u00a0<span style=\"color: #0000ff;\"><a style=\"color: #0000ff;\" href=\"https:\/\/adf.org.br\/apostolosdefatima\/2\/?origem=28030#Promessa\" target=\"_blank\" rel=\"noopener\">Imaculado Cora\u00e7\u00e3o de Maria<\/a><\/span>\u00a0uniu-se \u00e0 festa do Sagrado Cora\u00e7\u00e3o de Jesus (celebrada no s\u00e1bado seguinte \u00e0 festa do Sagrado Cora\u00e7\u00e3o, tipicamente em junho) e a Nossa Senhora\u00a0<a style=\"color: #000000;\" href=\"https:\/\/adf.org.br\/apostolosdefatima\/2\/?origem=19419\" target=\"_blank\" rel=\"noopener\">Rainha<\/a>\u00a0foi transferida do dia 31 de maio para o dia 22 de agosto.<\/span><\/p>\n<p><span style=\"color: #000000;\">Mesmo ap\u00f3s a mudan\u00e7a das festas, muitos cat\u00f3licos continuaram a celebrar agosto como um m\u00eas dedicado ao\u00a0<strong><span style=\"color: #0000ff;\"><a style=\"color: #0000ff;\" href=\"https:\/\/adf.org.br\/apostolosdefatima\/2\/?origem=28030#Promessa\" target=\"_blank\" rel=\"noopener\">Imaculado Cora\u00e7\u00e3o de Maria<\/a><\/span><\/strong>, pois sentiam que sua mensagem em F\u00e1tima precisava ser ouvida de maneira mais extensa.<\/span><\/p>\n<p><span style=\"color: #000000;\"><strong>Essa designa\u00e7\u00e3o de agosto ainda n\u00e3o foi oficialmente decretada pela hierarquia cat\u00f3lica, mas simplesmente um desenvolvimento hist\u00f3rico da devo\u00e7\u00e3o ao Imaculado Cora\u00e7\u00e3o de Maria e da mensagem de Nossa Senhora de F\u00e1tima.<\/strong><\/span><\/p>\n<h2><span style=\"color: #000000;\">S\u00e3o Jo\u00e3o Eudes, um grande devoto do Imaculado Cora\u00e7\u00e3o de Maria\u00a0<\/span><\/h2>\n<figure class=\"wp-caption alignright\"><span style=\"color: #000000;\"><a href=\"https:\/\/adf.org.br\/apostolosdefatima\/2\/?origem=28030#Promessa\" target=\"_blank\" rel=\"noopener\"><img loading=\"lazy\" class=\"alignright\" src=\"https:\/\/franciscanos.org.br\/vidacrista\/wp-content\/uploads\/2019\/08\/1908-joao-eudes.jpg\" alt=\"S\u00e3o Jo\u00e3o Eudes - Vida Crist\u00e3 - Franciscanos Vida Crist\u00e3 - Prov\u00edncia Franciscana da Imaculada Concei\u00e7\u00e3o do Brasil - OFM\" width=\"336\" height=\"180\" \/><\/a><\/span><figcaption class=\"wp-caption-text\"><center><\/center><\/figcaption><\/figure>\n<p><span style=\"color: #000000;\"><strong>S\u00e3o Jo\u00e3o Eudes<\/strong>\u00a0foi um ap\u00f3stolo\u00a0<em>incans\u00e1vel da devo\u00e7\u00e3o aos Sagrados Cora\u00e7\u00f5es de Jesus e de Maria<\/em>, que viveu na Fran\u00e7a no s\u00e9culo XVII, um s\u00e9culo cuja caracter\u00edstica foi dada aos fen\u00f4menos religiosos contrapostos e tamb\u00e9m por graves problemas pol\u00edticos.<\/span><\/p>\n<p><span style=\"color: #000000;\"><strong>Jo\u00e3o nasceu na Normandia<\/strong>, em 1601, num tempo em que o s\u00e9culo XVII estava sendo marcado pelo jansenismo, quietismo e filosofismo.<\/span><\/p>\n<p><span style=\"color: #000000;\"><strong>Apesar de pertencer a uma fam\u00edlia religiosa, Jo\u00e3o encontrou \u00a0muitas barreiras com o seu pai quando decidiu-se consagrar a Deus e com 24 anos estava sendo ordenado Sacerdote<\/strong>.<\/span><\/p>\n<p><span style=\"color: #000000;\">Ele era um \u201chomem de Deus\u201d, soube colher e promover os frutos do Esp\u00edrito para a \u00e9poca, tanto assim que foi important\u00edssimo para a renova\u00e7\u00e3o e forma\u00e7\u00e3o do clero, evangeliza\u00e7\u00e3o das massas rurais e difus\u00e3o da espiritualidade centrada nos Cora\u00e7\u00f5es de Jesus e de Maria,\u00a0<strong>a qual venceu com o amor afetivo de Deus as friezas e tenta\u00e7\u00f5es da \u00e9poca.<\/strong><\/span><\/p>\n<p id=\"viewer-6sq1v\" class=\"mm8Nw _1j-51 roLFQS _1FoOD _78FBa sk96G9 roLFQS public-DraftStyleDefault-block-depth0 fixed-tab-size public-DraftStyleDefault-text-ltr\"><span class=\"_2PHJq public-DraftStyleDefault-ltr\" style=\"color: #000000;\">Relata S\u00e3o Jo\u00e3o Eudes sobre a perfei\u00e7\u00e3o do Cora\u00e7\u00e3o da Virgem:<\/span><\/p>\n<blockquote>\n<p id=\"viewer-dn72q\" class=\"mm8Nw _1j-51 roLFQS _1FoOD _78FBa sk96G9 roLFQS public-DraftStyleDefault-block-depth0 fixed-tab-size public-DraftStyleDefault-text-ltr\"><span style=\"color: #000000;\"><strong><span class=\"_2PHJq public-DraftStyleDefault-ltr\"><em>\u201cO Cora\u00e7\u00e3o de Jesus e o de Maria n\u00e3o t\u00eam diferen\u00e7as entre si, mas constituem, pela uni\u00e3o existente entre ambos, um s\u00f3 e mesmo Cora\u00e7\u00e3o. Jamais tivemos, no entanto, a inten\u00e7\u00e3o de separar duas coisas que Deus uniu t\u00e3o estreitamente, como s\u00e3o o Cora\u00e7\u00e3o august\u00edssimo do Filho de Deus e o de sua Bem-Aventurada M\u00e3e\u201d.<\/em><\/span><\/strong><\/span><\/p>\n<\/blockquote>\n<p id=\"viewer-1rq81\" class=\"mm8Nw _1j-51 roLFQS _1FoOD _78FBa sk96G9 roLFQS public-DraftStyleDefault-block-depth0 fixed-tab-size public-DraftStyleDefault-text-ltr\"><span class=\"_2PHJq public-DraftStyleDefault-ltr\" style=\"color: #000000;\">Pensar no Imaculado Cora\u00e7\u00e3o da Virgem Sant\u00edssima \u00e9 contemplar a incompreens\u00edvel sabedoria de Deus que, por amor ao Filho, escolhe conter TODO O C\u00c9U no seio de Sua\u00a0<em>humilde escrava,\u00a0<\/em>tamb\u00e9m como consolo de Sua encarna\u00e7\u00e3o.<\/span><\/p>\n<h6 style=\"text-align: right;\"><span style=\"color: #000000;\">Fonte: Aleteia<\/span><\/h6>\n<h1 style=\"text-align: center;\"><strong>***<\/strong><\/h1>\n<p style=\"text-align: center;\"><span style=\"color: #000000;\">Nossa Senhora disse em F\u00e1tima que a paz no mundo viria por meio do<\/span> <span style=\"text-decoration: underline; color: #0000ff;\"><strong><a style=\"color: #0000ff; text-decoration: underline;\" href=\"https:\/\/adf.org.br\/apostolosdefatima\/2\/?origem=28030#Promessa\" target=\"_blank\" rel=\"noopener\">Cora\u00e7\u00e3o Imaculado de Maria.<\/a><\/strong><\/span><\/p>\n<p style=\"text-align: center;\"><span style=\"color: #000000;\">E, aqueles que abra\u00e7arem essa devo\u00e7\u00e3o, Ela prometeu a salva\u00e7\u00e3o.<\/span><\/p>\n<p style=\"text-align: center;\"><span style=\"text-decoration: underline;\"><span style=\"color: #0000ff; text-decoration: underline;\"><strong><a style=\"color: #0000ff; text-decoration: underline;\" href=\"https:\/\/adf.org.br\/apostolosdefatima\/2\/?origem=28030#Promessa\" target=\"_blank\" rel=\"noopener\">Acessando este site<\/a><\/strong><\/span><\/span> <span style=\"color: #000000;\">voc\u00ea descobre um meio de se beneficiar dessa promessa.<\/span><\/p>\n","protected":false},"excerpt":{"rendered":"<p>Na Igreja Cat\u00f3lica, cresceram ao longo do tempo \u201cdevo\u00e7\u00f5es\u201d espec\u00edficas atribu\u00eddas a cada m\u00eas do ano. O m\u00eas de junho foi associado ao\u00a0Sagrado Cora\u00e7\u00e3o de Jesus\u00a0porque a festa do Sagrado Cora\u00e7\u00e3o sempre cai naquele m\u00eas. Agosto tornou-se conhecido como um m\u00eas dedicado ao Imaculado Cora\u00e7\u00e3o de Maria, mas atualmente \u00e9 dif\u00edcil saber o motivo. N\u00e3o [&hellip;]<\/p>\n","protected":false},"author":31,"featured_media":73207,"comment_status":"open","ping_status":"open","sticky":false,"template":"","format":"standard","meta":[],"categories":[1],"tags":[5120,2389,65,38],"yoast_head":"<!-- This site is optimized with the Yoast SEO plugin v17.4 - https:\/\/yoast.com\/wordpress\/plugins\/seo\/ -->\n<title>Porque Agosto \u00e9 dedicado ao Cora\u00e7\u00e3o de Maria? Descubra neste artigo<\/title>\n<meta name=\"description\" content=\"O m\u00eas de agosto \u00e9 dedicado ao Cora\u00e7\u00e3o Imaculado de Nossa Sant\u00edssima M\u00e3e e nessa mat\u00e9ria voc\u00ea descobrir\u00e1 o motivo\" \/>\n<meta name=\"robots\" content=\"index, follow, max-snippet:-1, max-image-preview:large, max-video-preview:-1\" \/>\n<link rel=\"canonical\" href=\"https:\/\/www.adf.org.br\/home\/porque-agosto-e-dedicado-ao-coracao-de-maria-descubra-neste-artigo\/\" \/>\n<meta property=\"og:locale\" content=\"pt_BR\" \/>\n<meta property=\"og:type\" content=\"article\" \/>\n<meta property=\"og:title\" content=\"Porque Agosto \u00e9 dedicado ao Cora\u00e7\u00e3o de Maria? Descubra neste artigo\" \/>\n<meta property=\"og:description\" content=\"O m\u00eas de agosto \u00e9 dedicado ao Cora\u00e7\u00e3o Imaculado de Nossa Sant\u00edssima M\u00e3e e nessa mat\u00e9ria voc\u00ea descobrir\u00e1 o motivo\" \/>\n<meta property=\"og:url\" content=\"https:\/\/www.adf.org.br\/home\/porque-agosto-e-dedicado-ao-coracao-de-maria-descubra-neste-artigo\/\" \/>\n<meta property=\"og:site_name\" content=\"Associa\u00e7\u00e3o Devotos de F\u00e1tima\" \/>\n<meta property=\"article:published_time\" content=\"2023-08-01T11:00:22+00:00\" \/>\n<meta property=\"article:modified_time\" content=\"2023-07-31T19:11:37+00:00\" \/>\n<meta property=\"og:image\" content=\"https:\/\/www.adf.org.br\/home\/wp-content\/uploads\/2023\/08\/Coracao-de-Maria-Agosto.jpg\" \/>\n\t<meta property=\"og:image:width\" content=\"904\" \/>\n\t<meta property=\"og:image:height\" content=\"509\" \/>\n<meta name=\"twitter:card\" content=\"summary_large_image\" \/>\n<meta name=\"twitter:label1\" content=\"Escrito por\" \/>\n\t<meta name=\"twitter:data1\" content=\"Gabriel Barbosa\" \/>\n\t<meta name=\"twitter:label2\" content=\"Est. tempo de leitura\" \/>\n\t<meta name=\"twitter:data2\" content=\"4 minutos\" \/>\n<script type=\"application\/ld+json\" class=\"yoast-schema-graph\">{\"@context\":\"https:\/\/schema.org\",\"@graph\":[{\"@type\":\"WebSite\",\"@id\":\"https:\/\/www.adf.org.br\/home\/#website\",\"url\":\"https:\/\/www.adf.org.br\/home\/\",\"name\":\"Associa\\u00e7\\u00e3o Devotos de F\\u00e1tima\",\"description\":\"Associa\\u00e7\\u00e3o Devotos de F\\u00e1tima\",\"potentialAction\":[{\"@type\":\"SearchAction\",\"target\":{\"@type\":\"EntryPoint\",\"urlTemplate\":\"https:\/\/www.adf.org.br\/home\/?s={search_term_string}\"},\"query-input\":\"required name=search_term_string\"}],\"inLanguage\":\"pt-BR\"},{\"@type\":\"ImageObject\",\"@id\":\"https:\/\/www.adf.org.br\/home\/porque-agosto-e-dedicado-ao-coracao-de-maria-descubra-neste-artigo\/#primaryimage\",\"inLanguage\":\"pt-BR\",\"url\":\"https:\/\/www.adf.org.br\/home\/wp-content\/uploads\/2023\/08\/Coracao-de-Maria-Agosto.jpg\",\"contentUrl\":\"https:\/\/www.adf.org.br\/home\/wp-content\/uploads\/2023\/08\/Coracao-de-Maria-Agosto.jpg\",\"width\":904,\"height\":509,\"caption\":\"Cora\\u00e7\\u00e3o de Maria - Agosto\"},{\"@type\":\"WebPage\",\"@id\":\"https:\/\/www.adf.org.br\/home\/porque-agosto-e-dedicado-ao-coracao-de-maria-descubra-neste-artigo\/#webpage\",\"url\":\"https:\/\/www.adf.org.br\/home\/porque-agosto-e-dedicado-ao-coracao-de-maria-descubra-neste-artigo\/\",\"name\":\"Porque Agosto \\u00e9 dedicado ao Cora\\u00e7\\u00e3o de Maria? Descubra neste artigo\",\"isPartOf\":{\"@id\":\"https:\/\/www.adf.org.br\/home\/#website\"},\"primaryImageOfPage\":{\"@id\":\"https:\/\/www.adf.org.br\/home\/porque-agosto-e-dedicado-ao-coracao-de-maria-descubra-neste-artigo\/#primaryimage\"},\"datePublished\":\"2023-08-01T11:00:22+00:00\",\"dateModified\":\"2023-07-31T19:11:37+00:00\",\"author\":{\"@id\":\"https:\/\/www.adf.org.br\/home\/#\/schema\/person\/f35a5c5aa7728a3dedf4ea9aa1fc2753\"},\"description\":\"O m\\u00eas de agosto \\u00e9 dedicado ao Cora\\u00e7\\u00e3o Imaculado de Nossa Sant\\u00edssima M\\u00e3e e nessa mat\\u00e9ria voc\\u00ea descobrir\\u00e1 o motivo\",\"breadcrumb\":{\"@id\":\"https:\/\/www.adf.org.br\/home\/porque-agosto-e-dedicado-ao-coracao-de-maria-descubra-neste-artigo\/#breadcrumb\"},\"inLanguage\":\"pt-BR\",\"potentialAction\":[{\"@type\":\"ReadAction\",\"target\":[\"https:\/\/www.adf.org.br\/home\/porque-agosto-e-dedicado-ao-coracao-de-maria-descubra-neste-artigo\/\"]}]},{\"@type\":\"BreadcrumbList\",\"@id\":\"https:\/\/www.adf.org.br\/home\/porque-agosto-e-dedicado-ao-coracao-de-maria-descubra-neste-artigo\/#breadcrumb\",\"itemListElement\":[{\"@type\":\"ListItem\",\"position\":1,\"name\":\"Home\",\"item\":\"https:\/\/www.adf.org.br\/home\/\"},{\"@type\":\"ListItem\",\"position\":2,\"name\":\"Por que Agosto \\u00e9 dedicado ao Cora\\u00e7\\u00e3o de Maria? Descubra neste artigo\"}]},{\"@type\":\"Person\",\"@id\":\"https:\/\/www.adf.org.br\/home\/#\/schema\/person\/f35a5c5aa7728a3dedf4ea9aa1fc2753\",\"name\":\"Gabriel Barbosa\",\"image\":{\"@type\":\"ImageObject\",\"@id\":\"https:\/\/www.adf.org.br\/home\/#personlogo\",\"inLanguage\":\"pt-BR\",\"url\":\"https:\/\/secure.gravatar.com\/avatar\/2b2cb2f4637682c5605e8d36818f51ef?s=96&d=mm&r=g\",\"contentUrl\":\"https:\/\/secure.gravatar.com\/avatar\/2b2cb2f4637682c5605e8d36818f51ef?s=96&d=mm&r=g\",\"caption\":\"Gabriel Barbosa\"},\"url\":\"https:\/\/www.adf.org.br\/home\/author\/gabrielpmk-com-br\/\"}]}<\/script>\n<!-- \/ Yoast SEO plugin. -->","yoast_head_json":{"title":"Porque Agosto \u00e9 dedicado ao Cora\u00e7\u00e3o de Maria? Descubra neste artigo","description":"O m\u00eas de agosto \u00e9 dedicado ao Cora\u00e7\u00e3o Imaculado de Nossa Sant\u00edssima M\u00e3e e nessa mat\u00e9ria voc\u00ea descobrir\u00e1 o motivo","robots":{"index":"index","follow":"follow","max-snippet":"max-snippet:-1","max-image-preview":"max-image-preview:large","max-video-preview":"max-video-preview:-1"},"canonical":"https:\/\/www.adf.org.br\/home\/porque-agosto-e-dedicado-ao-coracao-de-maria-descubra-neste-artigo\/","og_locale":"pt_BR","og_type":"article","og_title":"Porque Agosto \u00e9 dedicado ao Cora\u00e7\u00e3o de Maria? Descubra neste artigo","og_description":"O m\u00eas de agosto \u00e9 dedicado ao Cora\u00e7\u00e3o Imaculado de Nossa Sant\u00edssima M\u00e3e e nessa mat\u00e9ria voc\u00ea descobrir\u00e1 o motivo","og_url":"https:\/\/www.adf.org.br\/home\/porque-agosto-e-dedicado-ao-coracao-de-maria-descubra-neste-artigo\/","og_site_name":"Associa\u00e7\u00e3o Devotos de F\u00e1tima","article_published_time":"2023-08-01T11:00:22+00:00","article_modified_time":"2023-07-31T19:11:37+00:00","og_image":[{"width":904,"height":509,"url":"https:\/\/www.adf.org.br\/home\/wp-content\/uploads\/2023\/08\/Coracao-de-Maria-Agosto.jpg","type":"image\/jpeg"}],"twitter_card":"summary_large_image","twitter_misc":{"Escrito por":"Gabriel Barbosa","Est. tempo de leitura":"4 minutos"},"schema":{"@context":"https:\/\/schema.org","@graph":[{"@type":"WebSite","@id":"https:\/\/www.adf.org.br\/home\/#website","url":"https:\/\/www.adf.org.br\/home\/","name":"Associa\u00e7\u00e3o Devotos de F\u00e1tima","description":"Associa\u00e7\u00e3o Devotos de F\u00e1tima","potentialAction":[{"@type":"SearchAction","target":{"@type":"EntryPoint","urlTemplate":"https:\/\/www.adf.org.br\/home\/?s={search_term_string}"},"query-input":"required name=search_term_string"}],"inLanguage":"pt-BR"},{"@type":"ImageObject","@id":"https:\/\/www.adf.org.br\/home\/porque-agosto-e-dedicado-ao-coracao-de-maria-descubra-neste-artigo\/#primaryimage","inLanguage":"pt-BR","url":"https:\/\/www.adf.org.br\/home\/wp-content\/uploads\/2023\/08\/Coracao-de-Maria-Agosto.jpg","contentUrl":"https:\/\/www.adf.org.br\/home\/wp-content\/uploads\/2023\/08\/Coracao-de-Maria-Agosto.jpg","width":904,"height":509,"caption":"Cora\u00e7\u00e3o de Maria - Agosto"},{"@type":"WebPage","@id":"https:\/\/www.adf.org.br\/home\/porque-agosto-e-dedicado-ao-coracao-de-maria-descubra-neste-artigo\/#webpage","url":"https:\/\/www.adf.org.br\/home\/porque-agosto-e-dedicado-ao-coracao-de-maria-descubra-neste-artigo\/","name":"Porque Agosto \u00e9 dedicado ao Cora\u00e7\u00e3o de Maria? Descubra neste artigo","isPartOf":{"@id":"https:\/\/www.adf.org.br\/home\/#website"},"primaryImageOfPage":{"@id":"https:\/\/www.adf.org.br\/home\/porque-agosto-e-dedicado-ao-coracao-de-maria-descubra-neste-artigo\/#primaryimage"},"datePublished":"2023-08-01T11:00:22+00:00","dateModified":"2023-07-31T19:11:37+00:00","author":{"@id":"https:\/\/www.adf.org.br\/home\/#\/schema\/person\/f35a5c5aa7728a3dedf4ea9aa1fc2753"},"description":"O m\u00eas de agosto \u00e9 dedicado ao Cora\u00e7\u00e3o Imaculado de Nossa Sant\u00edssima M\u00e3e e nessa mat\u00e9ria voc\u00ea descobrir\u00e1 o motivo","breadcrumb":{"@id":"https:\/\/www.adf.org.br\/home\/porque-agosto-e-dedicado-ao-coracao-de-maria-descubra-neste-artigo\/#breadcrumb"},"inLanguage":"pt-BR","potentialAction":[{"@type":"ReadAction","target":["https:\/\/www.adf.org.br\/home\/porque-agosto-e-dedicado-ao-coracao-de-maria-descubra-neste-artigo\/"]}]},{"@type":"BreadcrumbList","@id":"https:\/\/www.adf.org.br\/home\/porque-agosto-e-dedicado-ao-coracao-de-maria-descubra-neste-artigo\/#breadcrumb","itemListElement":[{"@type":"ListItem","position":1,"name":"Home","item":"https:\/\/www.adf.org.br\/home\/"},{"@type":"ListItem","position":2,"name":"Por que Agosto \u00e9 dedicado ao Cora\u00e7\u00e3o de Maria? Descubra neste artigo"}]},{"@type":"Person","@id":"https:\/\/www.adf.org.br\/home\/#\/schema\/person\/f35a5c5aa7728a3dedf4ea9aa1fc2753","name":"Gabriel Barbosa","image":{"@type":"ImageObject","@id":"https:\/\/www.adf.org.br\/home\/#personlogo","inLanguage":"pt-BR","url":"https:\/\/secure.gravatar.com\/avatar\/2b2cb2f4637682c5605e8d36818f51ef?s=96&d=mm&r=g","contentUrl":"https:\/\/secure.gravatar.com\/avatar\/2b2cb2f4637682c5605e8d36818f51ef?s=96&d=mm&r=g","caption":"Gabriel Barbosa"},"url":"https:\/\/www.adf.org.br\/home\/author\/gabrielpmk-com-br\/"}]}},"_links":{"self":[{"href":"https:\/\/www.adf.org.br\/home\/wp-json\/wp\/v2\/posts\/73199"}],"collection":[{"href":"https:\/\/www.adf.org.br\/home\/wp-json\/wp\/v2\/posts"}],"about":[{"href":"https:\/\/www.adf.org.br\/home\/wp-json\/wp\/v2\/types\/post"}],"author":[{"embeddable":true,"href":"https:\/\/www.adf.org.br\/home\/wp-json\/wp\/v2\/users\/31"}],"replies":[{"embeddable":true,"href":"https:\/\/www.adf.org.br\/home\/wp-json\/wp\/v2\/comments?post=73199"}],"version-history":[{"count":7,"href":"https:\/\/www.adf.org.br\/home\/wp-json\/wp\/v2\/posts\/73199\/revisions"}],"predecessor-version":[{"id":73206,"href":"https:\/\/www.adf.org.br\/home\/wp-json\/wp\/v2\/posts\/73199\/revisions\/73206"}],"wp:featuredmedia":[{"embeddable":true,"href":"https:\/\/www.adf.org.br\/home\/wp-json\/wp\/v2\/media\/73207"}],"wp:attachment":[{"href":"https:\/\/www.adf.org.br\/home\/wp-json\/wp\/v2\/media?parent=73199"}],"wp:term":[{"taxonomy":"category","embeddable":true,"href":"https:\/\/www.adf.org.br\/home\/wp-json\/wp\/v2\/categories?post=73199"},{"taxonomy":"post_tag","embeddable":true,"href":"https:\/\/www.adf.org.br\/home\/wp-json\/wp\/v2\/tags?post=73199"}],"curies":[{"name":"wp","href":"https:\/\/api.w.org\/{rel}","templated":true}]}}