{"id":73046,"date":"2023-07-12T00:00:56","date_gmt":"2023-07-12T03:00:56","guid":{"rendered":"https:\/\/www.adf.org.br\/home\/?p=73046"},"modified":"2023-07-11T15:42:50","modified_gmt":"2023-07-11T18:42:50","slug":"veja-como-incluir-seu-nome-na-missa-de-nossa-senhora-do-carmo","status":"publish","type":"post","link":"https:\/\/www.adf.org.br\/home\/veja-como-incluir-seu-nome-na-missa-de-nossa-senhora-do-carmo\/","title":{"rendered":"Veja como incluir seu nome na Missa de Nossa Senhora do Carmo"},"content":{"rendered":"<p><span style=\"color: #000000;\"><a style=\"color: #000000;\" href=\"https:\/\/adf.org.br\/velario\/carmo?origem=1885\" target=\"_blank\" rel=\"noopener\"><img loading=\"lazy\" class=\"aligncenter wp-image-68837 size-full\" src=\"https:\/\/www.adf.org.br\/home\/wp-content\/uploads\/2022\/07\/unnamed.jpg\" sizes=\"(max-width: 800px) 100vw, 800px\" srcset=\"https:\/\/www.adf.org.br\/home\/wp-content\/uploads\/2022\/07\/unnamed.jpg 800w, https:\/\/www.adf.org.br\/home\/wp-content\/uploads\/2022\/07\/unnamed-300x120.jpg 300w, https:\/\/www.adf.org.br\/home\/wp-content\/uploads\/2022\/07\/unnamed-768x308.jpg 768w\" alt=\"\" width=\"800\" height=\"321\" \/><\/a><\/span><\/p>\n<p><span style=\"color: #000000;\"><strong>O<\/strong>\u00a0dia\u00a0<span class=\"il\">de<\/span>\u00a0<span style=\"text-decoration: underline;\"><span style=\"color: #0000ff;\"><a style=\"color: #0000ff;\" href=\"https:\/\/adf.org.br\/velario\/carmo?origem=27904\" target=\"_blank\" rel=\"noopener\"><strong>Nossa Senhora do Carmo<\/strong><\/a><\/span><\/span> \u00e9 neste domingo e ser\u00e1 celebrada uma Missa especial.<\/span><\/p>\n<p style=\"padding-left: 40px;\"><span style=\"text-decoration: underline;\"><strong><span style=\"color: #000000; text-decoration: underline;\">Estamos recolhendo as inten\u00e7\u00f5es para levar at\u00e9 o sacerdote celebrar essa Missa\u00a0e faltam as suas.<\/span><\/strong><\/span><\/p>\n<p><span style=\"color: #000000;\">E\u00a0<b>para incluir o seu nome,\u00a0<span class=\"il\">de<\/span>\u00a0seus familiares e suas s\u00faplicas na Missa\u00a0<span class=\"il\">de<\/span>\u00a0Nossa Senhora do Carmo, voc\u00ea s\u00f3 precisa ligar agora no n\u00famero abaixo:<\/b><\/span><\/p>\n<p><span style=\"color: #000000;\"><a style=\"color: #000000;\" href=\"tel:08006082128\" target=\"_blank\" rel=\"noopener\"><img class=\"aligncenter\" src=\"https:\/\/www.adf.org.br\/home\/wp-content\/uploads\/2021\/08\/Bot%C3%A3o-Telefone-ADF.png\" \/><\/a><\/span><br \/>\n<span style=\"color: #000000;\">Essa \u00e9 uma das devo\u00e7\u00f5es mais antigas e amadas da Santa Igreja.<\/span><\/p>\n<p><span style=\"color: #000000;\">Os milagres operados dessa\u00a0<span class=\"il\">devo\u00e7\u00e3o<\/span>\u00a0s\u00e3o incont\u00e1veis.<\/span><\/p>\n<p><span style=\"color: #000000;\">Tenha f\u00e9 e fa\u00e7a seus pedidos. <\/span><span style=\"color: #000000;\"><b>Voc\u00ea pode alcan\u00e7ar alguma gra\u00e7a especial por intercess\u00e3o\u00a0<span class=\"il\">de<\/span>\u00a0<span style=\"text-decoration: underline; color: #0000ff;\"><a style=\"color: #0000ff; text-decoration: underline;\" href=\"https:\/\/adf.org.br\/velario\/carmo?origem=27904\" target=\"_blank\" rel=\"noopener\">Nossa Senhora do Carmo<\/a><\/span><\/b>.<\/span><\/p>\n<p><span style=\"color: #000000;\"><strong>N\u00e3o conseguiu falar conosco pelo telefone?<\/strong>\u00a0Ent\u00e3o,\u00a0<span style=\"text-decoration: underline; color: #0000ff;\"><a style=\"color: #0000ff;\" href=\"https:\/\/adf.org.br\/velario\/carmo?origem=27904\" target=\"_blank\" rel=\"noopener\"><strong>clique aqui<\/strong><\/a><\/span>\u00a0ou acenda a vela abaixo e inclua seus pedidos e s\u00faplicas.<\/span><\/p>\n<p>&nbsp;<\/p>\n","protected":false},"excerpt":{"rendered":"<p>O\u00a0dia\u00a0de\u00a0Nossa Senhora do Carmo \u00e9 neste domingo e ser\u00e1 celebrada uma Missa especial. Estamos recolhendo as inten\u00e7\u00f5es para levar at\u00e9 o sacerdote celebrar essa Missa\u00a0e faltam as suas. E\u00a0para incluir o seu nome,\u00a0de\u00a0seus familiares e suas s\u00faplicas na Missa\u00a0de\u00a0Nossa Senhora do Carmo, voc\u00ea s\u00f3 precisa ligar agora no n\u00famero abaixo: Essa \u00e9 uma das devo\u00e7\u00f5es [&hellip;]<\/p>\n","protected":false},"author":31,"featured_media":73051,"comment_status":"open","ping_status":"open","sticky":false,"template":"","format":"standard","meta":[],"categories":[20,60,2621],"tags":[3073,5103,846,5104,5098,5105],"yoast_head":"<!-- This site is optimized with the Yoast SEO plugin v17.4 - https:\/\/yoast.com\/wordpress\/plugins\/seo\/ -->\n<title>Veja como incluir seu nome na Missa de Nossa Senhora do Carmo<\/title>\n<meta name=\"description\" content=\"A igreja celebra a festa de Nossa Senhora do Carmo no domingo, dia 16. Veja como voc\u00ea pode inscrever seus pedidos de GRA\u00c7A\" \/>\n<meta name=\"robots\" content=\"index, follow, max-snippet:-1, max-image-preview:large, max-video-preview:-1\" \/>\n<link rel=\"canonical\" href=\"https:\/\/www.adf.org.br\/home\/veja-como-incluir-seu-nome-na-missa-de-nossa-senhora-do-carmo\/\" \/>\n<meta property=\"og:locale\" content=\"pt_BR\" \/>\n<meta property=\"og:type\" content=\"article\" \/>\n<meta property=\"og:title\" content=\"Veja como incluir seu nome na Missa de Nossa Senhora do Carmo\" \/>\n<meta property=\"og:description\" content=\"A igreja celebra a festa de Nossa Senhora do Carmo no domingo, dia 16. Veja como voc\u00ea pode inscrever seus pedidos de GRA\u00c7A\" \/>\n<meta property=\"og:url\" content=\"https:\/\/www.adf.org.br\/home\/veja-como-incluir-seu-nome-na-missa-de-nossa-senhora-do-carmo\/\" \/>\n<meta property=\"og:site_name\" content=\"Associa\u00e7\u00e3o Devotos de F\u00e1tima\" \/>\n<meta property=\"article:published_time\" content=\"2023-07-12T03:00:56+00:00\" \/>\n<meta property=\"article:modified_time\" content=\"2023-07-11T18:42:50+00:00\" \/>\n<meta property=\"og:image\" content=\"https:\/\/www.adf.org.br\/home\/wp-content\/uploads\/2023\/07\/Missa-de-Nossa-Senhora-do-Carmo-scaled.jpeg\" \/>\n\t<meta property=\"og:image:width\" content=\"2560\" \/>\n\t<meta property=\"og:image:height\" content=\"1707\" \/>\n<meta name=\"twitter:card\" content=\"summary_large_image\" \/>\n<meta name=\"twitter:label1\" content=\"Escrito por\" \/>\n\t<meta name=\"twitter:data1\" content=\"Gabriel Barbosa\" \/>\n\t<meta name=\"twitter:label2\" content=\"Est. tempo de leitura\" \/>\n\t<meta name=\"twitter:data2\" content=\"1 minuto\" \/>\n<script type=\"application\/ld+json\" class=\"yoast-schema-graph\">{\"@context\":\"https:\/\/schema.org\",\"@graph\":[{\"@type\":\"WebSite\",\"@id\":\"https:\/\/www.adf.org.br\/home\/#website\",\"url\":\"https:\/\/www.adf.org.br\/home\/\",\"name\":\"Associa\\u00e7\\u00e3o Devotos de F\\u00e1tima\",\"description\":\"Associa\\u00e7\\u00e3o Devotos de F\\u00e1tima\",\"potentialAction\":[{\"@type\":\"SearchAction\",\"target\":{\"@type\":\"EntryPoint\",\"urlTemplate\":\"https:\/\/www.adf.org.br\/home\/?s={search_term_string}\"},\"query-input\":\"required name=search_term_string\"}],\"inLanguage\":\"pt-BR\"},{\"@type\":\"ImageObject\",\"@id\":\"https:\/\/www.adf.org.br\/home\/veja-como-incluir-seu-nome-na-missa-de-nossa-senhora-do-carmo\/#primaryimage\",\"inLanguage\":\"pt-BR\",\"url\":\"https:\/\/www.adf.org.br\/home\/wp-content\/uploads\/2023\/07\/Missa-de-Nossa-Senhora-do-Carmo-scaled.jpeg\",\"contentUrl\":\"https:\/\/www.adf.org.br\/home\/wp-content\/uploads\/2023\/07\/Missa-de-Nossa-Senhora-do-Carmo-scaled.jpeg\",\"width\":2560,\"height\":1707,\"caption\":\"Missa Nossa Senhora do Carmo\"},{\"@type\":\"WebPage\",\"@id\":\"https:\/\/www.adf.org.br\/home\/veja-como-incluir-seu-nome-na-missa-de-nossa-senhora-do-carmo\/#webpage\",\"url\":\"https:\/\/www.adf.org.br\/home\/veja-como-incluir-seu-nome-na-missa-de-nossa-senhora-do-carmo\/\",\"name\":\"Veja como incluir seu nome na Missa de Nossa Senhora do Carmo\",\"isPartOf\":{\"@id\":\"https:\/\/www.adf.org.br\/home\/#website\"},\"primaryImageOfPage\":{\"@id\":\"https:\/\/www.adf.org.br\/home\/veja-como-incluir-seu-nome-na-missa-de-nossa-senhora-do-carmo\/#primaryimage\"},\"datePublished\":\"2023-07-12T03:00:56+00:00\",\"dateModified\":\"2023-07-11T18:42:50+00:00\",\"author\":{\"@id\":\"https:\/\/www.adf.org.br\/home\/#\/schema\/person\/f35a5c5aa7728a3dedf4ea9aa1fc2753\"},\"description\":\"A igreja celebra a festa de Nossa Senhora do Carmo no domingo, dia 16. Veja como voc\\u00ea pode inscrever seus pedidos de GRA\\u00c7A\",\"breadcrumb\":{\"@id\":\"https:\/\/www.adf.org.br\/home\/veja-como-incluir-seu-nome-na-missa-de-nossa-senhora-do-carmo\/#breadcrumb\"},\"inLanguage\":\"pt-BR\",\"potentialAction\":[{\"@type\":\"ReadAction\",\"target\":[\"https:\/\/www.adf.org.br\/home\/veja-como-incluir-seu-nome-na-missa-de-nossa-senhora-do-carmo\/\"]}]},{\"@type\":\"BreadcrumbList\",\"@id\":\"https:\/\/www.adf.org.br\/home\/veja-como-incluir-seu-nome-na-missa-de-nossa-senhora-do-carmo\/#breadcrumb\",\"itemListElement\":[{\"@type\":\"ListItem\",\"position\":1,\"name\":\"Home\",\"item\":\"https:\/\/www.adf.org.br\/home\/\"},{\"@type\":\"ListItem\",\"position\":2,\"name\":\"Veja como incluir seu nome na Missa de Nossa Senhora do Carmo\"}]},{\"@type\":\"Person\",\"@id\":\"https:\/\/www.adf.org.br\/home\/#\/schema\/person\/f35a5c5aa7728a3dedf4ea9aa1fc2753\",\"name\":\"Gabriel Barbosa\",\"image\":{\"@type\":\"ImageObject\",\"@id\":\"https:\/\/www.adf.org.br\/home\/#personlogo\",\"inLanguage\":\"pt-BR\",\"url\":\"https:\/\/secure.gravatar.com\/avatar\/2b2cb2f4637682c5605e8d36818f51ef?s=96&d=mm&r=g\",\"contentUrl\":\"https:\/\/secure.gravatar.com\/avatar\/2b2cb2f4637682c5605e8d36818f51ef?s=96&d=mm&r=g\",\"caption\":\"Gabriel Barbosa\"},\"url\":\"https:\/\/www.adf.org.br\/home\/author\/gabrielpmk-com-br\/\"}]}<\/script>\n<!-- \/ Yoast SEO plugin. -->","yoast_head_json":{"title":"Veja como incluir seu nome na Missa de Nossa Senhora do Carmo","description":"A igreja celebra a festa de Nossa Senhora do Carmo no domingo, dia 16. Veja como voc\u00ea pode inscrever seus pedidos de GRA\u00c7A","robots":{"index":"index","follow":"follow","max-snippet":"max-snippet:-1","max-image-preview":"max-image-preview:large","max-video-preview":"max-video-preview:-1"},"canonical":"https:\/\/www.adf.org.br\/home\/veja-como-incluir-seu-nome-na-missa-de-nossa-senhora-do-carmo\/","og_locale":"pt_BR","og_type":"article","og_title":"Veja como incluir seu nome na Missa de Nossa Senhora do Carmo","og_description":"A igreja celebra a festa de Nossa Senhora do Carmo no domingo, dia 16. Veja como voc\u00ea pode inscrever seus pedidos de GRA\u00c7A","og_url":"https:\/\/www.adf.org.br\/home\/veja-como-incluir-seu-nome-na-missa-de-nossa-senhora-do-carmo\/","og_site_name":"Associa\u00e7\u00e3o Devotos de F\u00e1tima","article_published_time":"2023-07-12T03:00:56+00:00","article_modified_time":"2023-07-11T18:42:50+00:00","og_image":[{"width":2560,"height":1707,"url":"https:\/\/www.adf.org.br\/home\/wp-content\/uploads\/2023\/07\/Missa-de-Nossa-Senhora-do-Carmo-scaled.jpeg","type":"image\/jpeg"}],"twitter_card":"summary_large_image","twitter_misc":{"Escrito por":"Gabriel Barbosa","Est. tempo de leitura":"1 minuto"},"schema":{"@context":"https:\/\/schema.org","@graph":[{"@type":"WebSite","@id":"https:\/\/www.adf.org.br\/home\/#website","url":"https:\/\/www.adf.org.br\/home\/","name":"Associa\u00e7\u00e3o Devotos de F\u00e1tima","description":"Associa\u00e7\u00e3o Devotos de F\u00e1tima","potentialAction":[{"@type":"SearchAction","target":{"@type":"EntryPoint","urlTemplate":"https:\/\/www.adf.org.br\/home\/?s={search_term_string}"},"query-input":"required name=search_term_string"}],"inLanguage":"pt-BR"},{"@type":"ImageObject","@id":"https:\/\/www.adf.org.br\/home\/veja-como-incluir-seu-nome-na-missa-de-nossa-senhora-do-carmo\/#primaryimage","inLanguage":"pt-BR","url":"https:\/\/www.adf.org.br\/home\/wp-content\/uploads\/2023\/07\/Missa-de-Nossa-Senhora-do-Carmo-scaled.jpeg","contentUrl":"https:\/\/www.adf.org.br\/home\/wp-content\/uploads\/2023\/07\/Missa-de-Nossa-Senhora-do-Carmo-scaled.jpeg","width":2560,"height":1707,"caption":"Missa Nossa Senhora do Carmo"},{"@type":"WebPage","@id":"https:\/\/www.adf.org.br\/home\/veja-como-incluir-seu-nome-na-missa-de-nossa-senhora-do-carmo\/#webpage","url":"https:\/\/www.adf.org.br\/home\/veja-como-incluir-seu-nome-na-missa-de-nossa-senhora-do-carmo\/","name":"Veja como incluir seu nome na Missa de Nossa Senhora do Carmo","isPartOf":{"@id":"https:\/\/www.adf.org.br\/home\/#website"},"primaryImageOfPage":{"@id":"https:\/\/www.adf.org.br\/home\/veja-como-incluir-seu-nome-na-missa-de-nossa-senhora-do-carmo\/#primaryimage"},"datePublished":"2023-07-12T03:00:56+00:00","dateModified":"2023-07-11T18:42:50+00:00","author":{"@id":"https:\/\/www.adf.org.br\/home\/#\/schema\/person\/f35a5c5aa7728a3dedf4ea9aa1fc2753"},"description":"A igreja celebra a festa de Nossa Senhora do Carmo no domingo, dia 16. Veja como voc\u00ea pode inscrever seus pedidos de GRA\u00c7A","breadcrumb":{"@id":"https:\/\/www.adf.org.br\/home\/veja-como-incluir-seu-nome-na-missa-de-nossa-senhora-do-carmo\/#breadcrumb"},"inLanguage":"pt-BR","potentialAction":[{"@type":"ReadAction","target":["https:\/\/www.adf.org.br\/home\/veja-como-incluir-seu-nome-na-missa-de-nossa-senhora-do-carmo\/"]}]},{"@type":"BreadcrumbList","@id":"https:\/\/www.adf.org.br\/home\/veja-como-incluir-seu-nome-na-missa-de-nossa-senhora-do-carmo\/#breadcrumb","itemListElement":[{"@type":"ListItem","position":1,"name":"Home","item":"https:\/\/www.adf.org.br\/home\/"},{"@type":"ListItem","position":2,"name":"Veja como incluir seu nome na Missa de Nossa Senhora do Carmo"}]},{"@type":"Person","@id":"https:\/\/www.adf.org.br\/home\/#\/schema\/person\/f35a5c5aa7728a3dedf4ea9aa1fc2753","name":"Gabriel Barbosa","image":{"@type":"ImageObject","@id":"https:\/\/www.adf.org.br\/home\/#personlogo","inLanguage":"pt-BR","url":"https:\/\/secure.gravatar.com\/avatar\/2b2cb2f4637682c5605e8d36818f51ef?s=96&d=mm&r=g","contentUrl":"https:\/\/secure.gravatar.com\/avatar\/2b2cb2f4637682c5605e8d36818f51ef?s=96&d=mm&r=g","caption":"Gabriel Barbosa"},"url":"https:\/\/www.adf.org.br\/home\/author\/gabrielpmk-com-br\/"}]}},"_links":{"self":[{"href":"https:\/\/www.adf.org.br\/home\/wp-json\/wp\/v2\/posts\/73046"}],"collection":[{"href":"https:\/\/www.adf.org.br\/home\/wp-json\/wp\/v2\/posts"}],"about":[{"href":"https:\/\/www.adf.org.br\/home\/wp-json\/wp\/v2\/types\/post"}],"author":[{"embeddable":true,"href":"https:\/\/www.adf.org.br\/home\/wp-json\/wp\/v2\/users\/31"}],"replies":[{"embeddable":true,"href":"https:\/\/www.adf.org.br\/home\/wp-json\/wp\/v2\/comments?post=73046"}],"version-history":[{"count":4,"href":"https:\/\/www.adf.org.br\/home\/wp-json\/wp\/v2\/posts\/73046\/revisions"}],"predecessor-version":[{"id":73050,"href":"https:\/\/www.adf.org.br\/home\/wp-json\/wp\/v2\/posts\/73046\/revisions\/73050"}],"wp:featuredmedia":[{"embeddable":true,"href":"https:\/\/www.adf.org.br\/home\/wp-json\/wp\/v2\/media\/73051"}],"wp:attachment":[{"href":"https:\/\/www.adf.org.br\/home\/wp-json\/wp\/v2\/media?parent=73046"}],"wp:term":[{"taxonomy":"category","embeddable":true,"href":"https:\/\/www.adf.org.br\/home\/wp-json\/wp\/v2\/categories?post=73046"},{"taxonomy":"post_tag","embeddable":true,"href":"https:\/\/www.adf.org.br\/home\/wp-json\/wp\/v2\/tags?post=73046"}],"curies":[{"name":"wp","href":"https:\/\/api.w.org\/{rel}","templated":true}]}}