{"id":72756,"date":"2023-05-25T00:00:19","date_gmt":"2023-05-25T03:00:19","guid":{"rendered":"https:\/\/www.adf.org.br\/home\/?p=72756"},"modified":"2023-05-24T12:06:27","modified_gmt":"2023-05-24T15:06:27","slug":"entenda-a-forca-dessa-jaculatoria-doce-coracao-de-maria-sede-a-nossa-salvacao","status":"publish","type":"post","link":"https:\/\/www.adf.org.br\/home\/entenda-a-forca-dessa-jaculatoria-doce-coracao-de-maria-sede-a-nossa-salvacao\/","title":{"rendered":"Entenda a for\u00e7a dessa jaculat\u00f3ria: &#8216;Doce Cora\u00e7\u00e3o de Maria, sede a nossa salva\u00e7\u00e3o&#8217;"},"content":{"rendered":"<figure id=\"attachment_50120\" aria-describedby=\"caption-attachment-50120\" style=\"width: 308px\" class=\"wp-caption aligncenter\"><img loading=\"lazy\" class=\"wp-image-50120\" src=\"https:\/\/www.adf.org.br\/home\/wp-content\/uploads\/2019\/02\/Imaculado-Cora\u00e7ao-de-Maria.jpg\" alt=\"&quot;Doce Cora\u00e7\u00e3o de Maria, sede a nossa salva\u00e7\u00e3o&quot;\" width=\"308\" height=\"388\" \/><figcaption id=\"caption-attachment-50120\" class=\"wp-caption-text\">&#8220;Doce Cora\u00e7\u00e3o de Maria, sede a nossa salva\u00e7\u00e3o&#8221;<\/figcaption><\/figure>\n<p><span style=\"font-size: 12pt; color: #000000; font-family: verdana, geneva, sans-serif;\"><span style=\"font-size: 18pt;\"><em><strong>S<\/strong><\/em><\/span>empre me encheu de suave emo\u00e7\u00e3o e terna piedade esta popular\u00edssima invoca\u00e7\u00e3o, que t\u00e3o repetidamente ouvimos ressoar, tanto nas catedrais, como nas modestas capelinhas das estradas:<br \/>\n<span style=\"color: #ffffff;\">.<\/span><\/span><\/p>\n<p style=\"padding-left: 60px;\"><span style=\"font-size: 12pt; color: #000000; font-family: verdana, geneva, sans-serif;\"><span style=\"color: #800080;\"><em>\u201c<strong>Doce Cora\u00e7\u00e3o de Maria, sede a nossa Salva\u00e7\u00e3o<\/strong>!\u201d<\/em><\/span><br \/>\n<span style=\"color: #ffffff;\">.<\/span><\/span><\/p>\n<p><span style=\"font-size: 12pt; color: #000000; font-family: verdana, geneva, sans-serif;\">Nesta vida t\u00e3o fugaz, t\u00e3o cheia de ilus\u00f5es e desenganos, de amarguras e reveses, de flores de alegrias e venturas que, passando, deixam apenas duros espinhos; nesta vida t\u00e3o triste, no ex\u00edlio deste mundo \u2013 o cora\u00e7\u00e3o de nossa M\u00e3e do C\u00e9u \u00e9, ao mesmo tempo, nosso ref\u00fagio, nossa consola\u00e7\u00e3o e nossa alegria.<span id=\"more-6306\"><\/span><\/span><\/p>\n<p><span style=\"font-size: 12pt; color: #000000; font-family: verdana, geneva, sans-serif;\">Nesta vida t\u00e3o<span class=\"text_exposed_show\">\u00a0triste, no ex\u00edlio deste mundo \u2013 o cora\u00e7\u00e3o de nossa M\u00e3e do C\u00e9u \u00e9, ao mesmo tempo, nosso ref\u00fagio, nossa consola\u00e7\u00e3o e nossa alegria.<\/span><\/span><\/p>\n<p><span style=\"color: #800080;\"><strong><span style=\"font-size: 12pt; font-family: verdana, geneva, sans-serif;\">\u201cDoce Cora\u00e7\u00e3o de Maria, sede a nossa Salva\u00e7\u00e3o!\u201d<\/span><\/strong><\/span><\/p>\n<p><span style=\"font-size: 12pt; color: #000000; font-family: verdana, geneva, sans-serif;\">Maria nos salvar\u00e1.<\/span><\/p>\n<p style=\"padding-left: 60px;\"><span style=\"color: #000000;\"><em><span style=\"font-size: 12pt; font-family: verdana, geneva, sans-serif;\">\u201cO servo de Maria \u2013 disse S\u00e3o Bernardo \u2013 n\u00e3o pode perecer\u201d<\/span><\/em><\/span><\/p>\n<p><span style=\"font-size: 12pt; color: #000000; font-family: verdana, geneva, sans-serif;\">Invoquemos sempre a nossa M\u00e3e do C\u00e9u.<\/span><\/p>\n<p><span style=\"font-size: 12pt; color: #000000; font-family: verdana, geneva, sans-serif;\">N\u00e3o deixemos passar um s\u00f3 dia de nossa vida sem um obs\u00e9quio, uma pr\u00e1tica de piedade, ainda que uma simples \u201cAve-Maria\u201d, em louvor \u00e0 nossa M\u00e3e do C\u00e9u.<\/span><\/p>\n<p><span style=\"font-size: 12pt; color: #000000; font-family: verdana, geneva, sans-serif;\">Tudo ser\u00e1, um dia, recompensado.<\/span><\/p>\n<p><span style=\"color: #000000;\"><strong><span style=\"font-size: 12pt; font-family: verdana, geneva, sans-serif;\">Um piedoso exemplo:<\/span><\/strong><\/span><\/p>\n<p><span style=\"font-size: 12pt; color: #000000; font-family: verdana, geneva, sans-serif;\">Uma tarde, &#8216;<em>Mons. Dupanloup&#8217;<\/em>, o ilustre e santo bispo de Orleans, foi chamado para ministrar os \u00faltimos sacramentos a uma pobre tuberculosa. Ao v\u00ea-la martirizada de dores, num leito de mis\u00e9ria, conrrangeu-se-lhe o cora\u00e7\u00e3o, do qual brotaram estas confortadoras palavras:<\/span><\/p>\n<blockquote><p><span style=\"color: #000000;\"><em><span style=\"font-size: 12pt; font-family: verdana, geneva, sans-serif;\">\u201cTenha coragem, minha filha, coragem e confian\u00e7a em Nossa Senhora! Ela n\u00e3o a abandonar\u00e1!\u2026<\/span><\/em><\/span><\/p>\n<p><span style=\"color: #000000;\"><em><span style=\"font-size: 12pt; font-family: verdana, geneva, sans-serif;\">Em resposta, disse-lhe, sorrindo, a moribunda, com uma express\u00e3o de do\u00e7ura,calma e suave resigna\u00e7\u00e3o:<\/span><\/em><\/span><\/p>\n<p><span style=\"color: #000000;\"><em><span style=\"font-family: verdana, geneva, sans-serif; font-size: 12pt;\">\u2018Ah! Meu prelado, estou conformada. N\u00e3o tenho medo da morte.<\/span><\/em><\/span><\/p>\n<p><span style=\"color: #000000;\"><em><span style=\"font-size: 12pt; font-family: verdana, geneva, sans-serif;\">H\u00e1 vinte e dois anos que recito o meu ter\u00e7o repetindo tantas vezes esta s\u00faplica:<\/span><\/em><\/span><\/p>\n<p><span style=\"color: #000000;\"><em><span style=\"font-size: 12pt; font-family: verdana, geneva, sans-serif;\">Santa Maria, M\u00e3e de Deus, Rogai por n\u00f3s pecadores, agora e na hora de nossa morte!<\/span><\/em><\/span><\/p>\n<p><span style=\"color: #000000;\"><em><span style=\"font-size: 12pt; font-family: verdana, geneva, sans-serif;\"> Como posso, pois, duvidar de que me n\u00e3o ajude agora a Sant\u00edssima Virgem?<\/span><\/em><\/span><\/p>\n<p><span style=\"color: #000000;\"><em><span style=\"font-size: 12pt; font-family: verdana, geneva, sans-serif;\">Hei de morrer com Maria e Ela me h\u00e1 de levar ao C\u00e9u&#8217;\u201d.<\/span><\/em><\/span><\/p><\/blockquote>\n<p><span style=\"font-size: 12pt; color: #000000; font-family: verdana, geneva, sans-serif;\">\u00d3 doce esperan\u00e7a! Seja-nos permitida a felicidade de assim nos acharmos em nossa hora extrema!<\/span><\/p>\n<h5 style=\"text-align: center;\"><span style=\"color: #000000;\"><em><strong><span style=\"font-size: 12pt; font-family: verdana, geneva, sans-serif;\">&#8220;Doce Cora\u00e7\u00e3o de Maria, sede a Nossa Salva\u00e7\u00e3o!&#8221;<\/span><\/strong><\/em><\/span><\/h5>\n<hr \/>\n<p>&nbsp;<\/p>\n<figure id=\"attachment_72763\" aria-describedby=\"caption-attachment-72763\" style=\"width: 800px\" class=\"wp-caption aligncenter\"><img loading=\"lazy\" class=\"size-full wp-image-72763\" src=\"https:\/\/www.adf.org.br\/home\/wp-content\/uploads\/2023\/05\/Missa-a-Nossa-Senhora-pela-Solucao-dos-problemas-dificeis.png\" alt=\"Missa a Nossa Senhora pela Solu\u00e7\u00e3o dos problemas dificeis\" width=\"800\" height=\"350\" srcset=\"https:\/\/www.adf.org.br\/home\/wp-content\/uploads\/2023\/05\/Missa-a-Nossa-Senhora-pela-Solucao-dos-problemas-dificeis.png 800w, https:\/\/www.adf.org.br\/home\/wp-content\/uploads\/2023\/05\/Missa-a-Nossa-Senhora-pela-Solucao-dos-problemas-dificeis-300x131.png 300w, https:\/\/www.adf.org.br\/home\/wp-content\/uploads\/2023\/05\/Missa-a-Nossa-Senhora-pela-Solucao-dos-problemas-dificeis-768x336.png 768w\" sizes=\"(max-width: 800px) 100vw, 800px\" \/><figcaption id=\"caption-attachment-72763\" class=\"wp-caption-text\">Inscreva seus pedidos na Missa de Nossa Senhora de F\u00e1tima. \u00c9 gr\u00e1ti1s<\/figcaption><\/figure>\n","protected":false},"excerpt":{"rendered":"<p>Sempre me encheu de suave emo\u00e7\u00e3o e terna piedade esta popular\u00edssima invoca\u00e7\u00e3o, que t\u00e3o repetidamente ouvimos ressoar, tanto nas catedrais, como nas modestas capelinhas das estradas: . \u201cDoce Cora\u00e7\u00e3o de Maria, sede a nossa Salva\u00e7\u00e3o!\u201d . Nesta vida t\u00e3o fugaz, t\u00e3o cheia de ilus\u00f5es e desenganos, de amarguras e reveses, de flores de alegrias e [&hellip;]<\/p>\n","protected":false},"author":31,"featured_media":72761,"comment_status":"open","ping_status":"open","sticky":false,"template":"","format":"standard","meta":[],"categories":[5048],"tags":[2390,65,5052,5050,5051,5053,5049],"yoast_head":"<!-- This site is optimized with the Yoast SEO plugin v17.4 - https:\/\/yoast.com\/wordpress\/plugins\/seo\/ -->\n<title>Entenda a for\u00e7a dessa jaculat\u00f3ria: Doce Cora\u00e7\u00e3o de Maria, sede a nossa salva\u00e7\u00e3o<\/title>\n<meta name=\"description\" content=\"A jaculat\u00f3ria: &quot;Doce Cora\u00e7\u00e3o de Maria, sede a nossa salva\u00e7\u00e3o&quot; deve estar na ponta da l\u00edngua de todos os cat\u00f3licos. Saiba o motivo\" \/>\n<meta name=\"robots\" content=\"index, follow, max-snippet:-1, max-image-preview:large, max-video-preview:-1\" \/>\n<link rel=\"canonical\" href=\"https:\/\/www.adf.org.br\/home\/entenda-a-forca-dessa-jaculatoria-doce-coracao-de-maria-sede-a-nossa-salvacao\/\" \/>\n<meta property=\"og:locale\" content=\"pt_BR\" \/>\n<meta property=\"og:type\" content=\"article\" \/>\n<meta property=\"og:title\" content=\"Entenda a for\u00e7a dessa jaculat\u00f3ria: Doce Cora\u00e7\u00e3o de Maria, sede a nossa salva\u00e7\u00e3o\" \/>\n<meta property=\"og:description\" content=\"A jaculat\u00f3ria: &quot;Doce Cora\u00e7\u00e3o de Maria, sede a nossa salva\u00e7\u00e3o&quot; deve estar na ponta da l\u00edngua de todos os cat\u00f3licos. Saiba o motivo\" \/>\n<meta property=\"og:url\" content=\"https:\/\/www.adf.org.br\/home\/entenda-a-forca-dessa-jaculatoria-doce-coracao-de-maria-sede-a-nossa-salvacao\/\" \/>\n<meta property=\"og:site_name\" content=\"Associa\u00e7\u00e3o Devotos de F\u00e1tima\" \/>\n<meta property=\"article:published_time\" content=\"2023-05-25T03:00:19+00:00\" \/>\n<meta property=\"article:modified_time\" content=\"2023-05-24T15:06:27+00:00\" \/>\n<meta property=\"og:image\" content=\"https:\/\/www.adf.org.br\/home\/wp-content\/uploads\/2023\/05\/Jaculatoria-Imaculado-Coracao-de-Maria.jpg\" \/>\n\t<meta property=\"og:image:width\" content=\"1200\" \/>\n\t<meta property=\"og:image:height\" content=\"800\" \/>\n<meta name=\"twitter:card\" content=\"summary_large_image\" \/>\n<meta name=\"twitter:label1\" content=\"Escrito por\" \/>\n\t<meta name=\"twitter:data1\" content=\"Gabriel Barbosa\" \/>\n\t<meta name=\"twitter:label2\" content=\"Est. tempo de leitura\" \/>\n\t<meta name=\"twitter:data2\" content=\"2 minutos\" \/>\n<script type=\"application\/ld+json\" class=\"yoast-schema-graph\">{\"@context\":\"https:\/\/schema.org\",\"@graph\":[{\"@type\":\"WebSite\",\"@id\":\"https:\/\/www.adf.org.br\/home\/#website\",\"url\":\"https:\/\/www.adf.org.br\/home\/\",\"name\":\"Associa\\u00e7\\u00e3o Devotos de F\\u00e1tima\",\"description\":\"Associa\\u00e7\\u00e3o Devotos de F\\u00e1tima\",\"potentialAction\":[{\"@type\":\"SearchAction\",\"target\":{\"@type\":\"EntryPoint\",\"urlTemplate\":\"https:\/\/www.adf.org.br\/home\/?s={search_term_string}\"},\"query-input\":\"required name=search_term_string\"}],\"inLanguage\":\"pt-BR\"},{\"@type\":\"ImageObject\",\"@id\":\"https:\/\/www.adf.org.br\/home\/entenda-a-forca-dessa-jaculatoria-doce-coracao-de-maria-sede-a-nossa-salvacao\/#primaryimage\",\"inLanguage\":\"pt-BR\",\"url\":\"https:\/\/www.adf.org.br\/home\/wp-content\/uploads\/2023\/05\/Jaculatoria-Imaculado-Coracao-de-Maria.jpg\",\"contentUrl\":\"https:\/\/www.adf.org.br\/home\/wp-content\/uploads\/2023\/05\/Jaculatoria-Imaculado-Coracao-de-Maria.jpg\",\"width\":1200,\"height\":800,\"caption\":\"Entenda a for\\u00e7a da Jaculat\\u00f3ria ao Imaculado Cora\\u00e7\\u00e3o de Maria\"},{\"@type\":\"WebPage\",\"@id\":\"https:\/\/www.adf.org.br\/home\/entenda-a-forca-dessa-jaculatoria-doce-coracao-de-maria-sede-a-nossa-salvacao\/#webpage\",\"url\":\"https:\/\/www.adf.org.br\/home\/entenda-a-forca-dessa-jaculatoria-doce-coracao-de-maria-sede-a-nossa-salvacao\/\",\"name\":\"Entenda a for\\u00e7a dessa jaculat\\u00f3ria: Doce Cora\\u00e7\\u00e3o de Maria, sede a nossa salva\\u00e7\\u00e3o\",\"isPartOf\":{\"@id\":\"https:\/\/www.adf.org.br\/home\/#website\"},\"primaryImageOfPage\":{\"@id\":\"https:\/\/www.adf.org.br\/home\/entenda-a-forca-dessa-jaculatoria-doce-coracao-de-maria-sede-a-nossa-salvacao\/#primaryimage\"},\"datePublished\":\"2023-05-25T03:00:19+00:00\",\"dateModified\":\"2023-05-24T15:06:27+00:00\",\"author\":{\"@id\":\"https:\/\/www.adf.org.br\/home\/#\/schema\/person\/f35a5c5aa7728a3dedf4ea9aa1fc2753\"},\"description\":\"A jaculat\\u00f3ria: \\\"Doce Cora\\u00e7\\u00e3o de Maria, sede a nossa salva\\u00e7\\u00e3o\\\" deve estar na ponta da l\\u00edngua de todos os cat\\u00f3licos. Saiba o motivo\",\"breadcrumb\":{\"@id\":\"https:\/\/www.adf.org.br\/home\/entenda-a-forca-dessa-jaculatoria-doce-coracao-de-maria-sede-a-nossa-salvacao\/#breadcrumb\"},\"inLanguage\":\"pt-BR\",\"potentialAction\":[{\"@type\":\"ReadAction\",\"target\":[\"https:\/\/www.adf.org.br\/home\/entenda-a-forca-dessa-jaculatoria-doce-coracao-de-maria-sede-a-nossa-salvacao\/\"]}]},{\"@type\":\"BreadcrumbList\",\"@id\":\"https:\/\/www.adf.org.br\/home\/entenda-a-forca-dessa-jaculatoria-doce-coracao-de-maria-sede-a-nossa-salvacao\/#breadcrumb\",\"itemListElement\":[{\"@type\":\"ListItem\",\"position\":1,\"name\":\"Home\",\"item\":\"https:\/\/www.adf.org.br\/home\/\"},{\"@type\":\"ListItem\",\"position\":2,\"name\":\"Entenda a for\\u00e7a dessa jaculat\\u00f3ria: &#8216;Doce Cora\\u00e7\\u00e3o de Maria, sede a nossa salva\\u00e7\\u00e3o&#8217;\"}]},{\"@type\":\"Person\",\"@id\":\"https:\/\/www.adf.org.br\/home\/#\/schema\/person\/f35a5c5aa7728a3dedf4ea9aa1fc2753\",\"name\":\"Gabriel Barbosa\",\"image\":{\"@type\":\"ImageObject\",\"@id\":\"https:\/\/www.adf.org.br\/home\/#personlogo\",\"inLanguage\":\"pt-BR\",\"url\":\"https:\/\/secure.gravatar.com\/avatar\/2b2cb2f4637682c5605e8d36818f51ef?s=96&d=mm&r=g\",\"contentUrl\":\"https:\/\/secure.gravatar.com\/avatar\/2b2cb2f4637682c5605e8d36818f51ef?s=96&d=mm&r=g\",\"caption\":\"Gabriel Barbosa\"},\"url\":\"https:\/\/www.adf.org.br\/home\/author\/gabrielpmk-com-br\/\"}]}<\/script>\n<!-- \/ Yoast SEO plugin. -->","yoast_head_json":{"title":"Entenda a for\u00e7a dessa jaculat\u00f3ria: Doce Cora\u00e7\u00e3o de Maria, sede a nossa salva\u00e7\u00e3o","description":"A jaculat\u00f3ria: \"Doce Cora\u00e7\u00e3o de Maria, sede a nossa salva\u00e7\u00e3o\" deve estar na ponta da l\u00edngua de todos os cat\u00f3licos. Saiba o motivo","robots":{"index":"index","follow":"follow","max-snippet":"max-snippet:-1","max-image-preview":"max-image-preview:large","max-video-preview":"max-video-preview:-1"},"canonical":"https:\/\/www.adf.org.br\/home\/entenda-a-forca-dessa-jaculatoria-doce-coracao-de-maria-sede-a-nossa-salvacao\/","og_locale":"pt_BR","og_type":"article","og_title":"Entenda a for\u00e7a dessa jaculat\u00f3ria: Doce Cora\u00e7\u00e3o de Maria, sede a nossa salva\u00e7\u00e3o","og_description":"A jaculat\u00f3ria: \"Doce Cora\u00e7\u00e3o de Maria, sede a nossa salva\u00e7\u00e3o\" deve estar na ponta da l\u00edngua de todos os cat\u00f3licos. Saiba o motivo","og_url":"https:\/\/www.adf.org.br\/home\/entenda-a-forca-dessa-jaculatoria-doce-coracao-de-maria-sede-a-nossa-salvacao\/","og_site_name":"Associa\u00e7\u00e3o Devotos de F\u00e1tima","article_published_time":"2023-05-25T03:00:19+00:00","article_modified_time":"2023-05-24T15:06:27+00:00","og_image":[{"width":1200,"height":800,"url":"https:\/\/www.adf.org.br\/home\/wp-content\/uploads\/2023\/05\/Jaculatoria-Imaculado-Coracao-de-Maria.jpg","type":"image\/jpeg"}],"twitter_card":"summary_large_image","twitter_misc":{"Escrito por":"Gabriel Barbosa","Est. tempo de leitura":"2 minutos"},"schema":{"@context":"https:\/\/schema.org","@graph":[{"@type":"WebSite","@id":"https:\/\/www.adf.org.br\/home\/#website","url":"https:\/\/www.adf.org.br\/home\/","name":"Associa\u00e7\u00e3o Devotos de F\u00e1tima","description":"Associa\u00e7\u00e3o Devotos de F\u00e1tima","potentialAction":[{"@type":"SearchAction","target":{"@type":"EntryPoint","urlTemplate":"https:\/\/www.adf.org.br\/home\/?s={search_term_string}"},"query-input":"required name=search_term_string"}],"inLanguage":"pt-BR"},{"@type":"ImageObject","@id":"https:\/\/www.adf.org.br\/home\/entenda-a-forca-dessa-jaculatoria-doce-coracao-de-maria-sede-a-nossa-salvacao\/#primaryimage","inLanguage":"pt-BR","url":"https:\/\/www.adf.org.br\/home\/wp-content\/uploads\/2023\/05\/Jaculatoria-Imaculado-Coracao-de-Maria.jpg","contentUrl":"https:\/\/www.adf.org.br\/home\/wp-content\/uploads\/2023\/05\/Jaculatoria-Imaculado-Coracao-de-Maria.jpg","width":1200,"height":800,"caption":"Entenda a for\u00e7a da Jaculat\u00f3ria ao Imaculado Cora\u00e7\u00e3o de Maria"},{"@type":"WebPage","@id":"https:\/\/www.adf.org.br\/home\/entenda-a-forca-dessa-jaculatoria-doce-coracao-de-maria-sede-a-nossa-salvacao\/#webpage","url":"https:\/\/www.adf.org.br\/home\/entenda-a-forca-dessa-jaculatoria-doce-coracao-de-maria-sede-a-nossa-salvacao\/","name":"Entenda a for\u00e7a dessa jaculat\u00f3ria: Doce Cora\u00e7\u00e3o de Maria, sede a nossa salva\u00e7\u00e3o","isPartOf":{"@id":"https:\/\/www.adf.org.br\/home\/#website"},"primaryImageOfPage":{"@id":"https:\/\/www.adf.org.br\/home\/entenda-a-forca-dessa-jaculatoria-doce-coracao-de-maria-sede-a-nossa-salvacao\/#primaryimage"},"datePublished":"2023-05-25T03:00:19+00:00","dateModified":"2023-05-24T15:06:27+00:00","author":{"@id":"https:\/\/www.adf.org.br\/home\/#\/schema\/person\/f35a5c5aa7728a3dedf4ea9aa1fc2753"},"description":"A jaculat\u00f3ria: \"Doce Cora\u00e7\u00e3o de Maria, sede a nossa salva\u00e7\u00e3o\" deve estar na ponta da l\u00edngua de todos os cat\u00f3licos. Saiba o motivo","breadcrumb":{"@id":"https:\/\/www.adf.org.br\/home\/entenda-a-forca-dessa-jaculatoria-doce-coracao-de-maria-sede-a-nossa-salvacao\/#breadcrumb"},"inLanguage":"pt-BR","potentialAction":[{"@type":"ReadAction","target":["https:\/\/www.adf.org.br\/home\/entenda-a-forca-dessa-jaculatoria-doce-coracao-de-maria-sede-a-nossa-salvacao\/"]}]},{"@type":"BreadcrumbList","@id":"https:\/\/www.adf.org.br\/home\/entenda-a-forca-dessa-jaculatoria-doce-coracao-de-maria-sede-a-nossa-salvacao\/#breadcrumb","itemListElement":[{"@type":"ListItem","position":1,"name":"Home","item":"https:\/\/www.adf.org.br\/home\/"},{"@type":"ListItem","position":2,"name":"Entenda a for\u00e7a dessa jaculat\u00f3ria: &#8216;Doce Cora\u00e7\u00e3o de Maria, sede a nossa salva\u00e7\u00e3o&#8217;"}]},{"@type":"Person","@id":"https:\/\/www.adf.org.br\/home\/#\/schema\/person\/f35a5c5aa7728a3dedf4ea9aa1fc2753","name":"Gabriel Barbosa","image":{"@type":"ImageObject","@id":"https:\/\/www.adf.org.br\/home\/#personlogo","inLanguage":"pt-BR","url":"https:\/\/secure.gravatar.com\/avatar\/2b2cb2f4637682c5605e8d36818f51ef?s=96&d=mm&r=g","contentUrl":"https:\/\/secure.gravatar.com\/avatar\/2b2cb2f4637682c5605e8d36818f51ef?s=96&d=mm&r=g","caption":"Gabriel Barbosa"},"url":"https:\/\/www.adf.org.br\/home\/author\/gabrielpmk-com-br\/"}]}},"_links":{"self":[{"href":"https:\/\/www.adf.org.br\/home\/wp-json\/wp\/v2\/posts\/72756"}],"collection":[{"href":"https:\/\/www.adf.org.br\/home\/wp-json\/wp\/v2\/posts"}],"about":[{"href":"https:\/\/www.adf.org.br\/home\/wp-json\/wp\/v2\/types\/post"}],"author":[{"embeddable":true,"href":"https:\/\/www.adf.org.br\/home\/wp-json\/wp\/v2\/users\/31"}],"replies":[{"embeddable":true,"href":"https:\/\/www.adf.org.br\/home\/wp-json\/wp\/v2\/comments?post=72756"}],"version-history":[{"count":4,"href":"https:\/\/www.adf.org.br\/home\/wp-json\/wp\/v2\/posts\/72756\/revisions"}],"predecessor-version":[{"id":72764,"href":"https:\/\/www.adf.org.br\/home\/wp-json\/wp\/v2\/posts\/72756\/revisions\/72764"}],"wp:featuredmedia":[{"embeddable":true,"href":"https:\/\/www.adf.org.br\/home\/wp-json\/wp\/v2\/media\/72761"}],"wp:attachment":[{"href":"https:\/\/www.adf.org.br\/home\/wp-json\/wp\/v2\/media?parent=72756"}],"wp:term":[{"taxonomy":"category","embeddable":true,"href":"https:\/\/www.adf.org.br\/home\/wp-json\/wp\/v2\/categories?post=72756"},{"taxonomy":"post_tag","embeddable":true,"href":"https:\/\/www.adf.org.br\/home\/wp-json\/wp\/v2\/tags?post=72756"}],"curies":[{"name":"wp","href":"https:\/\/api.w.org\/{rel}","templated":true}]}}