{"id":72578,"date":"2025-05-05T00:00:53","date_gmt":"2025-05-05T03:00:53","guid":{"rendered":"https:\/\/www.adf.org.br\/home\/?p=72578"},"modified":"2025-05-05T11:59:35","modified_gmt":"2025-05-05T14:59:35","slug":"8-dicas-para-voce-viver-bem-o-mes-de-maria","status":"publish","type":"post","link":"https:\/\/www.adf.org.br\/home\/8-dicas-para-voce-viver-bem-o-mes-de-maria\/","title":{"rendered":"8 dicas para voc\u00ea viver bem o m\u00eas de Maria. Todas v\u00e3o te surpreender"},"content":{"rendered":"<p style=\"text-align: center;\"><span style=\"color: #000000;\"><strong>&#8220;O que agrada a Nosso Senhor \u00e9 qualquer servi\u00e7o que se fa\u00e7a \u00e0 sua M\u00e3e\u201d<\/strong><br \/>\nSanta Teresa de Jesus.<\/span><\/p>\n<figure id=\"attachment_72581\" aria-describedby=\"caption-attachment-72581\" style=\"width: 1024px\" class=\"wp-caption aligncenter\"><a href=\"https:\/\/adf.org.br\/apostolosdefatima\/2\/?origem=27508#Participar\" target=\"_blank\" rel=\"noopener\"><img loading=\"lazy\" class=\"wp-image-72581 size-large\" src=\"https:\/\/www.adf.org.br\/home\/wp-content\/uploads\/2023\/05\/8-dicas-para-viver-bem-o-mes-de-Marioa-1024x576.jpg\" alt=\"8 dicas para viver bem o m\u00eas de Maria\" width=\"1024\" height=\"576\" srcset=\"https:\/\/www.adf.org.br\/home\/wp-content\/uploads\/2023\/05\/8-dicas-para-viver-bem-o-mes-de-Marioa-1024x576.jpg 1024w, https:\/\/www.adf.org.br\/home\/wp-content\/uploads\/2023\/05\/8-dicas-para-viver-bem-o-mes-de-Marioa-300x169.jpg 300w, https:\/\/www.adf.org.br\/home\/wp-content\/uploads\/2023\/05\/8-dicas-para-viver-bem-o-mes-de-Marioa-768x432.jpg 768w, https:\/\/www.adf.org.br\/home\/wp-content\/uploads\/2023\/05\/8-dicas-para-viver-bem-o-mes-de-Marioa.jpg 1280w\" sizes=\"(max-width: 1024px) 100vw, 1024px\" \/><\/a><figcaption id=\"caption-attachment-72581\" class=\"wp-caption-text\">Maio \u00e9 o m\u00eas de Maria. Saiba como viver bem este m\u00eas para usufruir de gra\u00e7as<\/figcaption><\/figure>\n<p><span style=\"color: #000000;\">Por isso, em maio,\u00a0<strong>m\u00eas de Maria<\/strong>,\u00a0selecionamos\u00a0<strong>algumas dicas<\/strong>\u00a0que poder\u00e3o te ajudar a viver mais intensamente estes dias marianos.<\/span><\/p>\n<h2><span style=\"color: #800080;\"><strong>1. Ambientar um lugar<\/strong><\/span><\/h2>\n<p><span style=\"color: #000000;\">O primeiro \u00e9 ambientar a casa, o escrit\u00f3rio ou o lugar onde esteja.\u00a0<strong>H\u00e1 lares ou locais de trabalho cat\u00f3licos que<\/strong><strong>\u00a0costumam\u00a0<span style=\"text-decoration: underline;\"><span style=\"color: #0000ff; text-decoration: underline;\"><a style=\"color: #0000ff; text-decoration: underline;\" href=\"https:\/\/adf.org.br\/apostolosdefatima\/2\/?origem=27508#Promessa\" target=\"_blank\" rel=\"noopener\">montar um altar<\/a><\/span><\/span>, em um lugar especial, com uma imagem ou quadro da Virgem, adornado de flores e tecidos.<\/strong><\/span><\/p>\n<p><span style=\"color: #000000;\"><strong>No escrit\u00f3rio, \u00e9 poss\u00edvel colocar uma imagem de Nossa Senhora ao lado do teclado ou como fundo de tela do computador e tamb\u00e9m do celular.<\/strong><\/span><\/p>\n<h6><span style=\"text-decoration: underline;\"><span style=\"color: #0000ff; text-decoration: underline;\"><a style=\"color: #0000ff; text-decoration: underline;\" href=\"https:\/\/adf.org.br\/apostolosdefatima\/2\/?origem=27508#Participar\" target=\"_blank\" rel=\"noopener\">(Veja aqui como receber em casa a estampa de F\u00e1tima<\/a><\/span><\/span>)<\/h6>\n<h2><span style=\"color: #800080;\"><strong>2. Leitura sobre a Virgem<\/strong><\/span><\/h2>\n<p><span style=\"color: #000000;\">Para se aprofundar mais nas maravilhas que Deus realizou e segue realizando na Virgem, \u00e9 recomend\u00e1vel\u00a0<strong>ler algumas passagens b\u00edblicas<\/strong>\u00a0como\u00a0<strong>a Anuncia\u00e7\u00e3o<\/strong>,\u00a0<strong>o Nascimento de Jesus<\/strong>,\u00a0<strong>a apresenta\u00e7\u00e3o do menino no templo e Maria aos p\u00e9s da cruz.<\/strong><\/span><\/p>\n<p><span style=\"color: #000000;\">Por outro lado,\u00a0<strong>um fato que tamb\u00e9m cont\u00e9m muitas mensagens para o mundo e vem dos l\u00e1bios da pr\u00f3pria M\u00e3e de Deus <span style=\"text-decoration: underline;\"><span style=\"color: #0000ff;\"><a style=\"color: #0000ff; text-decoration: underline;\" href=\"https:\/\/adf.org.br\/apostolosdefatima\/2\/?origem=27508#Promessa\" target=\"_blank\" rel=\"noopener\">\u00e9 a apari\u00e7\u00e3o da Virgem de F\u00e1tima aos tr\u00eas pastorinhos<\/a><\/span><\/span><\/strong>, cuja festa foi celebrado no pr\u00f3ximo 13 de maio, quando ser\u00e1 comemorado o centen\u00e1rio das apari\u00e7\u00f5es.<\/span><\/p>\n<h2><span style=\"color: #800080;\"><strong>3. Rezar o Ros\u00e1rio<\/strong><\/span><\/h2>\n<p><span style=\"color: #000000;\">Como se sabe,\u00a0<strong>a ora\u00e7\u00e3o do Santo Ros\u00e1rio \u00e9 uma das prediletas da\u00a0Igreja<\/strong>\u00a0<strong>que a pr\u00f3pria Sant\u00edssima Virgem ensinou S\u00e3o Domingos de Gusm\u00e3o a rezar<\/strong>.<\/span><\/p>\n<p><span style=\"color: #000000;\">Assim, dentro das\u00a0<strong>promessas da Rainha do Ros\u00e1rio<\/strong>\u00a0tiradas dos escritos do Beato Alano della Rupe est\u00e3o:\u00a0<strong>prometo minha especial\u00edssima prote\u00e7\u00e3o e grandes benef\u00edcios aos que devotamente rezem meu Ros\u00e1rio; a alma que se encomende a mim pelo Ros\u00e1rio n\u00e3o perecer\u00e1.<\/strong><\/span><\/p>\n<h2><span style=\"color: #800080;\"><strong>4. Participar de prociss\u00f5es<\/strong><\/span><\/h2>\n<p><span style=\"color: #000000;\">Um costume que ainda se vive em alguns povos \u00e9 a ora\u00e7\u00e3o da aurora, na qual um grupo de fi\u00e9is sai em\u00a0<strong>prociss\u00e3o pelas ruas nas primeiras horas\u00a0com uma imagem da Virgem e invocando o aux\u00edlio de Maria com o Ros\u00e1rio, ora\u00e7\u00f5es marianas e cantos.<\/strong><\/span><\/p>\n<h2><span style=\"color: #800080;\"><strong>5. Receber os\u00a0sacramentos<\/strong><\/span><\/h2>\n<p><span style=\"color: #000000;\"><strong>Do mesmo modo, n\u00e3o pode haver verdadeira devo\u00e7\u00e3o \u00e0 Virgem se n\u00e3o\u00a0participar dos sacramentos, especialmente da Reconcilia\u00e7\u00e3o e da\u00a0Eucaristia, onde Jesus espera seus irm\u00e3os com os bra\u00e7os abertos.<\/strong><\/span><\/p>\n<h2><span style=\"color: #800080;\"><strong>6. Realizar obras de Miseric\u00f3rdia<\/strong><\/span><\/h2>\n<p><span style=\"color: #000000;\">Convencidos do\u00a0<strong><span style=\"text-decoration: underline;\"><span style=\"color: #0000ff;\"><a style=\"color: #0000ff; text-decoration: underline;\" href=\"https:\/\/adf.org.br\/apostolosdefatima\/2\/?origem=27508#Promessa\" target=\"_blank\" rel=\"noopener\">amor de Maria<\/a><\/span><\/span> pela humanidade e fortalecidos com as gra\u00e7as sacramentais<\/strong>\u00a0de nosso Senhor Jesus Cristo, \u00e9 tempo de\u00a0<strong>sair em a\u00e7\u00e3o ajudando<\/strong>, por exemplo,\u00a0<strong>alguma m\u00e3e gr\u00e1vida\u00a0em necessidade ou visitando o asilo de idosos, nos quais sempre h\u00e1 alguma mulher mais velha que se sente sozinha e incompreendida<\/strong>.<\/span><\/p>\n<h2><span style=\"color: #800080;\"><strong>7. Realizar apostolado<\/strong><\/span><\/h2>\n<p><span style=\"color: #000000;\">\u00c9 importante <span style=\"text-decoration: underline;\"><span style=\"color: #0000ff;\"><strong><a style=\"color: #0000ff; text-decoration: underline;\" href=\"https:\/\/adf.org.br\/apostolosdefatima\/2\/?origem=27508#Promessa\" target=\"_blank\" rel=\"noopener\">transmitir esta f\u00e9 \u00e0s futuras gera\u00e7\u00f5es<\/a><\/strong><\/span><\/span>.<\/span><\/p>\n<p><span style=\"color: #000000;\"><strong>Portanto, faz muito bem \u00e0s crian\u00e7as, adolescentes e jovens falar com eles sobre como a Virgem os ama muito e ensin\u00e1-los a rezar \u00e0 M\u00e3e de Deus<\/strong>.<\/span><\/p>\n<h2><span style=\"color: #800080;\"><strong>8. Dar de presente objetos aben\u00e7oados<\/strong><\/span><\/h2>\n<p><span style=\"color: #000000;\">Tamb\u00e9m se recomenda\u00a0<span style=\"text-decoration: underline;\"><span style=\"color: #0000ff;\"><strong><a style=\"color: #0000ff; text-decoration: underline;\" href=\"https:\/\/adf.org.br\/apostolosdefatima\/2\/?origem=27508#Promessa\" target=\"_blank\" rel=\"noopener\">dar de presente uma Medalha Milagrosa ou o Escapul\u00e1rio da Virgem do Carmo<\/a><\/strong><\/span><\/span>,\u00a0<strong>aben\u00e7oados por algum sacerdote<\/strong>,\u00a0<strong>para que sempre que virem a imagem, lembrem-se da proximidade da M\u00e3e de Deus e do muito que os estimava quem a deu de presente<\/strong>.<\/span><\/p>\n<h6 style=\"text-align: right;\"><span style=\"color: #000000;\">Fonte: ACI Digital<\/span><\/h6>\n<hr \/>\n<p style=\"text-align: center;\"><span style=\"color: #000000;\">Al\u00e9m disso, <strong>algo que tamb\u00e9m pode lhe ajudar a se aproximar ainda mais de Maria<\/strong> neste m\u00eas \u00e9 inscrever-se no grupo <span style=\"color: #0000ff;\"><strong><a style=\"color: #0000ff;\" href=\"https:\/\/adf.org.br\/apostolosdefatima\/2\/?origem=27508#Participar\" target=\"_blank\" rel=\"noopener\">Ap\u00f3stolos de F\u00e1tima<\/a><\/strong><\/span>.<\/span><\/p>\n<p style=\"text-align: center;\"><span style=\"color: #000000;\"><a href=\"https:\/\/adf.org.br\/apostolosdefatima\/2\/?origem=27508#Participar\" target=\"_blank\" rel=\"noopener\"><img loading=\"lazy\" class=\"alignnone\" src=\"https:\/\/www.adf.org.br\/home\/wp-content\/uploads\/2020\/03\/Ap%C3%B3stolo-de-F%C3%A1tima-Logo-2.png\" alt=\"Ap\u00f3stolos de F\u00e1tima\" width=\"209\" height=\"185\" \/><\/a><\/span><\/p>\n<p style=\"text-align: center;\"><span style=\"text-decoration: underline;\"><span style=\"color: #000000; text-decoration: underline;\"><strong><span style=\"color: #0000ff; text-decoration: underline;\"><a style=\"color: #0000ff; text-decoration: underline;\" href=\"https:\/\/adf.org.br\/apostolosdefatima\/2\/?origem=27508#Participar\">Conhe\u00e7a aqui<\/a><\/span><\/strong>!<\/span><\/span><\/p>\n<p style=\"text-align: center;\"><strong><span style=\"color: #000000;\">Neste aben\u00e7oado grupo de ora\u00e7\u00e3o voc\u00ea poder\u00e1 ambientar seu lar, pois ganhar\u00e1 uma imagem de F\u00e1tima para emoldurar, realiza obras de miseric\u00f3rdia e apostolado. Tudo sem sair de casa.<\/span><\/strong><\/p>\n<p style=\"text-align: center;\"><span style=\"color: #000000;\"><span style=\"text-decoration: underline;\"><span style=\"color: #0000ff; text-decoration: underline;\"><a style=\"color: #0000ff; text-decoration: underline;\" href=\"https:\/\/adf.org.br\/apostolosdefatima\/2\/?origem=27508#Participar\"><span style=\"color: #0000ff;\"><strong>Saiba mais aqui<\/strong><\/span><\/a><\/span><\/span>.<\/span><\/p>\n<p style=\"text-align: center;\"><span style=\"color: #000000;\">E ainda, por participar, <strong>voc\u00ea contar\u00e1 com lindos presentes que lhe ajudar\u00e3o a alcan\u00e7ar muitas gra\u00e7as, como missas semanais, ora\u00e7\u00f5es di\u00e1rias e muito mais<\/strong>.<\/span><\/p>\n<p style=\"text-align: center;\"><span style=\"color: #000000;\"><strong><span style=\"text-decoration: underline;\"><span style=\"color: #0000ff; text-decoration: underline;\"><a style=\"color: #0000ff; text-decoration: underline;\" href=\"https:\/\/adf.org.br\/apostolosdefatima\/2\/?origem=27508#Participar\" target=\"_blank\" rel=\"noopener\">Veja aqui tudo que espera por voc\u00ea no grupo Ap\u00f3stolos de F\u00e1tima<\/a><\/span><\/span><\/strong>!<\/span><\/p>\n","protected":false},"excerpt":{"rendered":"<p>&#8220;O que agrada a Nosso Senhor \u00e9 qualquer servi\u00e7o que se fa\u00e7a \u00e0 sua M\u00e3e\u201d Santa Teresa de Jesus. Por isso, em maio,\u00a0m\u00eas de Maria,\u00a0selecionamos\u00a0algumas dicas\u00a0que poder\u00e3o te ajudar a viver mais intensamente estes dias marianos. 1. Ambientar um lugar O primeiro \u00e9 ambientar a casa, o escrit\u00f3rio ou o lugar onde esteja.\u00a0H\u00e1 lares ou [&hellip;]<\/p>\n","protected":false},"author":31,"featured_media":72581,"comment_status":"open","ping_status":"open","sticky":false,"template":"","format":"standard","meta":[],"categories":[56],"tags":[5009,161,1473,3260,5008,38,470],"yoast_head":"<!-- This site is optimized with the Yoast SEO plugin v17.4 - https:\/\/yoast.com\/wordpress\/plugins\/seo\/ -->\n<title>8 dicas para voc\u00ea viver bem o m\u00eas de Maria. Todas v\u00e3o te surpreender<\/title>\n<meta name=\"description\" content=\"O m\u00eas de Maria \u00e9 um per\u00edodo de muitas gra\u00e7as e de aproximar dEla. Veja o que fazer para viver bem este per\u00edodo\" \/>\n<meta name=\"robots\" content=\"index, follow, max-snippet:-1, max-image-preview:large, max-video-preview:-1\" \/>\n<link rel=\"canonical\" href=\"https:\/\/www.adf.org.br\/home\/8-dicas-para-voce-viver-bem-o-mes-de-maria\/\" \/>\n<meta property=\"og:locale\" content=\"pt_BR\" \/>\n<meta property=\"og:type\" content=\"article\" \/>\n<meta property=\"og:title\" content=\"8 dicas para voc\u00ea viver bem o m\u00eas de Maria. Todas v\u00e3o te surpreender\" \/>\n<meta property=\"og:description\" content=\"O m\u00eas de Maria \u00e9 um per\u00edodo de muitas gra\u00e7as e de aproximar dEla. Veja o que fazer para viver bem este per\u00edodo\" \/>\n<meta property=\"og:url\" content=\"https:\/\/www.adf.org.br\/home\/8-dicas-para-voce-viver-bem-o-mes-de-maria\/\" \/>\n<meta property=\"og:site_name\" content=\"Associa\u00e7\u00e3o Devotos de F\u00e1tima\" \/>\n<meta property=\"article:published_time\" content=\"2025-05-05T03:00:53+00:00\" \/>\n<meta property=\"article:modified_time\" content=\"2025-05-05T14:59:35+00:00\" \/>\n<meta property=\"og:image\" content=\"https:\/\/www.adf.org.br\/home\/wp-content\/uploads\/2023\/05\/8-dicas-para-viver-bem-o-mes-de-Marioa.jpg\" \/>\n\t<meta property=\"og:image:width\" content=\"1280\" \/>\n\t<meta property=\"og:image:height\" content=\"720\" \/>\n<meta name=\"twitter:card\" content=\"summary_large_image\" \/>\n<meta name=\"twitter:label1\" content=\"Escrito por\" \/>\n\t<meta name=\"twitter:data1\" content=\"Gabriel Barbosa\" \/>\n\t<meta name=\"twitter:label2\" content=\"Est. tempo de leitura\" \/>\n\t<meta name=\"twitter:data2\" content=\"3 minutos\" \/>\n<script type=\"application\/ld+json\" class=\"yoast-schema-graph\">{\"@context\":\"https:\/\/schema.org\",\"@graph\":[{\"@type\":\"WebSite\",\"@id\":\"https:\/\/www.adf.org.br\/home\/#website\",\"url\":\"https:\/\/www.adf.org.br\/home\/\",\"name\":\"Associa\\u00e7\\u00e3o Devotos de F\\u00e1tima\",\"description\":\"Associa\\u00e7\\u00e3o Devotos de F\\u00e1tima\",\"potentialAction\":[{\"@type\":\"SearchAction\",\"target\":{\"@type\":\"EntryPoint\",\"urlTemplate\":\"https:\/\/www.adf.org.br\/home\/?s={search_term_string}\"},\"query-input\":\"required name=search_term_string\"}],\"inLanguage\":\"pt-BR\"},{\"@type\":\"ImageObject\",\"@id\":\"https:\/\/www.adf.org.br\/home\/8-dicas-para-voce-viver-bem-o-mes-de-maria\/#primaryimage\",\"inLanguage\":\"pt-BR\",\"url\":\"https:\/\/www.adf.org.br\/home\/wp-content\/uploads\/2023\/05\/8-dicas-para-viver-bem-o-mes-de-Marioa.jpg\",\"contentUrl\":\"https:\/\/www.adf.org.br\/home\/wp-content\/uploads\/2023\/05\/8-dicas-para-viver-bem-o-mes-de-Marioa.jpg\",\"width\":1280,\"height\":720,\"caption\":\"Maio \\u00e9 o m\\u00eas de Maria. Saiba como viver bem este m\\u00eas para usufruir de gra\\u00e7as\"},{\"@type\":\"WebPage\",\"@id\":\"https:\/\/www.adf.org.br\/home\/8-dicas-para-voce-viver-bem-o-mes-de-maria\/#webpage\",\"url\":\"https:\/\/www.adf.org.br\/home\/8-dicas-para-voce-viver-bem-o-mes-de-maria\/\",\"name\":\"8 dicas para voc\\u00ea viver bem o m\\u00eas de Maria. Todas v\\u00e3o te surpreender\",\"isPartOf\":{\"@id\":\"https:\/\/www.adf.org.br\/home\/#website\"},\"primaryImageOfPage\":{\"@id\":\"https:\/\/www.adf.org.br\/home\/8-dicas-para-voce-viver-bem-o-mes-de-maria\/#primaryimage\"},\"datePublished\":\"2025-05-05T03:00:53+00:00\",\"dateModified\":\"2025-05-05T14:59:35+00:00\",\"author\":{\"@id\":\"https:\/\/www.adf.org.br\/home\/#\/schema\/person\/f35a5c5aa7728a3dedf4ea9aa1fc2753\"},\"description\":\"O m\\u00eas de Maria \\u00e9 um per\\u00edodo de muitas gra\\u00e7as e de aproximar dEla. Veja o que fazer para viver bem este per\\u00edodo\",\"breadcrumb\":{\"@id\":\"https:\/\/www.adf.org.br\/home\/8-dicas-para-voce-viver-bem-o-mes-de-maria\/#breadcrumb\"},\"inLanguage\":\"pt-BR\",\"potentialAction\":[{\"@type\":\"ReadAction\",\"target\":[\"https:\/\/www.adf.org.br\/home\/8-dicas-para-voce-viver-bem-o-mes-de-maria\/\"]}]},{\"@type\":\"BreadcrumbList\",\"@id\":\"https:\/\/www.adf.org.br\/home\/8-dicas-para-voce-viver-bem-o-mes-de-maria\/#breadcrumb\",\"itemListElement\":[{\"@type\":\"ListItem\",\"position\":1,\"name\":\"Home\",\"item\":\"https:\/\/www.adf.org.br\/home\/\"},{\"@type\":\"ListItem\",\"position\":2,\"name\":\"8 dicas para voc\\u00ea viver bem o m\\u00eas de Maria. Todas v\\u00e3o te surpreender\"}]},{\"@type\":\"Person\",\"@id\":\"https:\/\/www.adf.org.br\/home\/#\/schema\/person\/f35a5c5aa7728a3dedf4ea9aa1fc2753\",\"name\":\"Gabriel Barbosa\",\"image\":{\"@type\":\"ImageObject\",\"@id\":\"https:\/\/www.adf.org.br\/home\/#personlogo\",\"inLanguage\":\"pt-BR\",\"url\":\"https:\/\/secure.gravatar.com\/avatar\/2b2cb2f4637682c5605e8d36818f51ef?s=96&d=mm&r=g\",\"contentUrl\":\"https:\/\/secure.gravatar.com\/avatar\/2b2cb2f4637682c5605e8d36818f51ef?s=96&d=mm&r=g\",\"caption\":\"Gabriel Barbosa\"},\"url\":\"https:\/\/www.adf.org.br\/home\/author\/gabrielpmk-com-br\/\"}]}<\/script>\n<!-- \/ Yoast SEO plugin. -->","yoast_head_json":{"title":"8 dicas para voc\u00ea viver bem o m\u00eas de Maria. Todas v\u00e3o te surpreender","description":"O m\u00eas de Maria \u00e9 um per\u00edodo de muitas gra\u00e7as e de aproximar dEla. Veja o que fazer para viver bem este per\u00edodo","robots":{"index":"index","follow":"follow","max-snippet":"max-snippet:-1","max-image-preview":"max-image-preview:large","max-video-preview":"max-video-preview:-1"},"canonical":"https:\/\/www.adf.org.br\/home\/8-dicas-para-voce-viver-bem-o-mes-de-maria\/","og_locale":"pt_BR","og_type":"article","og_title":"8 dicas para voc\u00ea viver bem o m\u00eas de Maria. Todas v\u00e3o te surpreender","og_description":"O m\u00eas de Maria \u00e9 um per\u00edodo de muitas gra\u00e7as e de aproximar dEla. Veja o que fazer para viver bem este per\u00edodo","og_url":"https:\/\/www.adf.org.br\/home\/8-dicas-para-voce-viver-bem-o-mes-de-maria\/","og_site_name":"Associa\u00e7\u00e3o Devotos de F\u00e1tima","article_published_time":"2025-05-05T03:00:53+00:00","article_modified_time":"2025-05-05T14:59:35+00:00","og_image":[{"width":1280,"height":720,"url":"https:\/\/www.adf.org.br\/home\/wp-content\/uploads\/2023\/05\/8-dicas-para-viver-bem-o-mes-de-Marioa.jpg","type":"image\/jpeg"}],"twitter_card":"summary_large_image","twitter_misc":{"Escrito por":"Gabriel Barbosa","Est. tempo de leitura":"3 minutos"},"schema":{"@context":"https:\/\/schema.org","@graph":[{"@type":"WebSite","@id":"https:\/\/www.adf.org.br\/home\/#website","url":"https:\/\/www.adf.org.br\/home\/","name":"Associa\u00e7\u00e3o Devotos de F\u00e1tima","description":"Associa\u00e7\u00e3o Devotos de F\u00e1tima","potentialAction":[{"@type":"SearchAction","target":{"@type":"EntryPoint","urlTemplate":"https:\/\/www.adf.org.br\/home\/?s={search_term_string}"},"query-input":"required name=search_term_string"}],"inLanguage":"pt-BR"},{"@type":"ImageObject","@id":"https:\/\/www.adf.org.br\/home\/8-dicas-para-voce-viver-bem-o-mes-de-maria\/#primaryimage","inLanguage":"pt-BR","url":"https:\/\/www.adf.org.br\/home\/wp-content\/uploads\/2023\/05\/8-dicas-para-viver-bem-o-mes-de-Marioa.jpg","contentUrl":"https:\/\/www.adf.org.br\/home\/wp-content\/uploads\/2023\/05\/8-dicas-para-viver-bem-o-mes-de-Marioa.jpg","width":1280,"height":720,"caption":"Maio \u00e9 o m\u00eas de Maria. Saiba como viver bem este m\u00eas para usufruir de gra\u00e7as"},{"@type":"WebPage","@id":"https:\/\/www.adf.org.br\/home\/8-dicas-para-voce-viver-bem-o-mes-de-maria\/#webpage","url":"https:\/\/www.adf.org.br\/home\/8-dicas-para-voce-viver-bem-o-mes-de-maria\/","name":"8 dicas para voc\u00ea viver bem o m\u00eas de Maria. Todas v\u00e3o te surpreender","isPartOf":{"@id":"https:\/\/www.adf.org.br\/home\/#website"},"primaryImageOfPage":{"@id":"https:\/\/www.adf.org.br\/home\/8-dicas-para-voce-viver-bem-o-mes-de-maria\/#primaryimage"},"datePublished":"2025-05-05T03:00:53+00:00","dateModified":"2025-05-05T14:59:35+00:00","author":{"@id":"https:\/\/www.adf.org.br\/home\/#\/schema\/person\/f35a5c5aa7728a3dedf4ea9aa1fc2753"},"description":"O m\u00eas de Maria \u00e9 um per\u00edodo de muitas gra\u00e7as e de aproximar dEla. Veja o que fazer para viver bem este per\u00edodo","breadcrumb":{"@id":"https:\/\/www.adf.org.br\/home\/8-dicas-para-voce-viver-bem-o-mes-de-maria\/#breadcrumb"},"inLanguage":"pt-BR","potentialAction":[{"@type":"ReadAction","target":["https:\/\/www.adf.org.br\/home\/8-dicas-para-voce-viver-bem-o-mes-de-maria\/"]}]},{"@type":"BreadcrumbList","@id":"https:\/\/www.adf.org.br\/home\/8-dicas-para-voce-viver-bem-o-mes-de-maria\/#breadcrumb","itemListElement":[{"@type":"ListItem","position":1,"name":"Home","item":"https:\/\/www.adf.org.br\/home\/"},{"@type":"ListItem","position":2,"name":"8 dicas para voc\u00ea viver bem o m\u00eas de Maria. Todas v\u00e3o te surpreender"}]},{"@type":"Person","@id":"https:\/\/www.adf.org.br\/home\/#\/schema\/person\/f35a5c5aa7728a3dedf4ea9aa1fc2753","name":"Gabriel Barbosa","image":{"@type":"ImageObject","@id":"https:\/\/www.adf.org.br\/home\/#personlogo","inLanguage":"pt-BR","url":"https:\/\/secure.gravatar.com\/avatar\/2b2cb2f4637682c5605e8d36818f51ef?s=96&d=mm&r=g","contentUrl":"https:\/\/secure.gravatar.com\/avatar\/2b2cb2f4637682c5605e8d36818f51ef?s=96&d=mm&r=g","caption":"Gabriel Barbosa"},"url":"https:\/\/www.adf.org.br\/home\/author\/gabrielpmk-com-br\/"}]}},"_links":{"self":[{"href":"https:\/\/www.adf.org.br\/home\/wp-json\/wp\/v2\/posts\/72578"}],"collection":[{"href":"https:\/\/www.adf.org.br\/home\/wp-json\/wp\/v2\/posts"}],"about":[{"href":"https:\/\/www.adf.org.br\/home\/wp-json\/wp\/v2\/types\/post"}],"author":[{"embeddable":true,"href":"https:\/\/www.adf.org.br\/home\/wp-json\/wp\/v2\/users\/31"}],"replies":[{"embeddable":true,"href":"https:\/\/www.adf.org.br\/home\/wp-json\/wp\/v2\/comments?post=72578"}],"version-history":[{"count":7,"href":"https:\/\/www.adf.org.br\/home\/wp-json\/wp\/v2\/posts\/72578\/revisions"}],"predecessor-version":[{"id":72587,"href":"https:\/\/www.adf.org.br\/home\/wp-json\/wp\/v2\/posts\/72578\/revisions\/72587"}],"wp:featuredmedia":[{"embeddable":true,"href":"https:\/\/www.adf.org.br\/home\/wp-json\/wp\/v2\/media\/72581"}],"wp:attachment":[{"href":"https:\/\/www.adf.org.br\/home\/wp-json\/wp\/v2\/media?parent=72578"}],"wp:term":[{"taxonomy":"category","embeddable":true,"href":"https:\/\/www.adf.org.br\/home\/wp-json\/wp\/v2\/categories?post=72578"},{"taxonomy":"post_tag","embeddable":true,"href":"https:\/\/www.adf.org.br\/home\/wp-json\/wp\/v2\/tags?post=72578"}],"curies":[{"name":"wp","href":"https:\/\/api.w.org\/{rel}","templated":true}]}}