{"id":72524,"date":"2023-04-25T00:00:36","date_gmt":"2023-04-25T03:00:36","guid":{"rendered":"https:\/\/www.adf.org.br\/home\/?p=72524"},"modified":"2023-05-02T14:42:18","modified_gmt":"2023-05-02T17:42:18","slug":"oracao-a-nossa-senhora-desatadora-dos-nos","status":"publish","type":"post","link":"https:\/\/www.adf.org.br\/home\/oracao-a-nossa-senhora-desatadora-dos-nos\/","title":{"rendered":"Ora\u00e7\u00e3o a Nossa Senhora Desatadora dos N\u00f3s"},"content":{"rendered":"<figure id=\"attachment_53258\" aria-describedby=\"caption-attachment-53258\" style=\"width: 350px\" class=\"wp-caption aligncenter\"><a href=\"https:\/\/adf.org.br\/velario\/desatadora?origem=27468\" target=\"_blank\" rel=\"noopener noreferrer\"><img loading=\"lazy\" class=\"wp-image-53258 size-full\" src=\"https:\/\/www.adf.org.br\/home\/wp-content\/uploads\/2019\/07\/oracao-a-nossa-senhora-desatadora-dos-nos.jpg\" alt=\"Ora\u00e7\u00e3o a Nossa Senhora Desatadora dos N\u00f3s\" width=\"350\" height=\"414\" \/><\/a><figcaption id=\"caption-attachment-53258\" class=\"wp-caption-text\">Ora\u00e7\u00e3o a Nossa Senhora Desatadora dos N\u00f3s<\/figcaption><\/figure>\n<h1 style=\"text-align: center;\"><span style=\"color: #000000;\"><b>Ora\u00e7\u00e3o a Nossa Senhora Desatadora dos N\u00f3s<\/b><\/span><\/h1>\n<blockquote><p><span style=\"color: #000000;\"><strong><i>Em nome do Pai, do Filho e do Esp\u00edrito Santo<\/i><\/strong>.<\/span><\/p>\n<p><span style=\"color: #000000;\"><i>Santa Maria M\u00e3e de Deus, Virgem cheia de gra\u00e7a, v\u00f3s sois a nossa desatadora dos n\u00f3s.<\/i>.<\/span><\/p>\n<p><span style=\"color: #000000;\"><i>Com as vossas m\u00e3os cheias do amor de Deus, v\u00f3s desatais os obst\u00e1culos de nosso caminho,\u00a0<\/i><i>como n\u00f3s que se desfazem e se tornam uma fita reta do amor do Pai.<\/i>.<\/span><\/p>\n<p><span style=\"color: #000000;\"><i>Desatai, Virgem e M\u00e3e, Santa e admir\u00e1vel, todos os n\u00f3s que criamos por vontade pr\u00f3pria,\u00a0<\/i><i>e todos os n\u00f3s que impedem o nosso caminho.<\/i>.<\/span><\/p>\n<p><span style=\"color: #000000;\"><i>Lan\u00e7ai vossos olhos de luz sobre eles, para que todos os n\u00f3s se desatem e, para que, cheios de gratid\u00e3o, possamos, por vossas m\u00e3os, solucionar aquilo que nos parece imposs\u00edvel.<\/i><\/span><\/p>\n<p><span style=\"color: #000000;\"><strong><em>Am\u00e9m!<\/em><\/strong><\/span><\/p><\/blockquote>\n<hr \/>\n<p>&nbsp;<\/p>\n<h1 style=\"text-align: center;\"><span style=\"color: #800000;\"><b>Missa de Nossa Senhora Desatadora dos N\u00f3s<\/b><\/span><\/h1>\n<p><span style=\"color: #000000;\">Em algum momento isso pode acontecer\u2026 <strong>Os problemas se acumulam tanto que \u00e9 como se um &#8216;N\u00f3&#8217; fosse formado. <\/strong>\u00c9 quase imposs\u00edvel desat\u00e1-lo.<\/span><\/p>\n<p><span style=\"color: #000000;\">Para n\u00f3s pode ser imposs\u00edvel desatar,\u00a0<strong>mas para\u00a0<a style=\"color: #000000;\" href=\"https:\/\/adf.org.br\/velario\/desatadora?origem=15439\" target=\"_blank\" rel=\"noopener noreferrer\" data-saferedirecturl=\"https:\/\/www.google.com\/url?q=http:\/\/e.adf.org.br\/bendar\/?atmca%3D8625682%26atmme%3D22349%26atmte%3D1%26atmso%3Dck%26utm_content%3D256697890%26atmem%3DY2FtaWxhLmFhc2NqQGdtYWlsLmNvbQ%3D%3D%26&amp;source=gmail&amp;ust=1596539506635000&amp;usg=AFQjCNF7vv69c6mY91yv-MdXOntNxmJZKA\">Nossa Senhora Desatadora dos N\u00f3s<\/a>\u00a0n\u00e3o \u00e9<\/strong>.<\/span><\/p>\n<p><span style=\"color: #000000;\">Ent\u00e3o, se voc\u00ea est\u00e1 passando por qualquer dificuldade que lhe deixa com a corda no pesco\u00e7o, pe\u00e7a a ajuda\u00a0<a style=\"color: #000000;\" href=\"https:\/\/adf.org.br\/velario\/desatadora?origem=15439\" target=\"_blank\" rel=\"noopener noreferrer\"><strong>DEla<\/strong><\/a>.<\/span><\/p>\n<p><span style=\"color: #000000;\"><strong>Ligue agora mesmo no n\u00famero:<\/strong><\/span><\/p>\n<h1 style=\"text-align: center;\"><span style=\"text-decoration: underline;\"><span style=\"color: #0000ff;\"><a style=\"color: #0000ff;\" href=\"tel:08006082128\"><strong>0800 608 2128<\/strong><\/a><\/span><\/span><\/h1>\n<h6 style=\"text-align: center;\"><span style=\"color: #000000;\"><b><i>Dica:\u00a0<\/i><\/b><i>Se estiver no celular, somente tecle no n\u00famero para discar automaticamente.<\/i><\/span><\/h6>\n<p><span style=\"color: #000000;\">Entregue para Nossa Senhora todos os obst\u00e1culos que est\u00e3o impossibilitando voc\u00ea de atingir um objetivo ou realizar um sonho.<\/span><\/p>\n<p><span style=\"color: #000000;\"><strong>Sabe aquele problema que lhe persegue h\u00e1 tempos e formou um N\u00f3? Ela pode desat\u00e1-lo.<\/strong><\/span><\/p>\n<p><span style=\"color: #000000;\">Caso voc\u00ea ligue e n\u00e3o consiga falar conosco, <span style=\"text-decoration: underline;\"><span style=\"color: #0000ff;\"><a style=\"color: #0000ff;\" href=\"https:\/\/adf.org.br\/velario\/desatadora?origem=27468\" target=\"_blank\" rel=\"noopener noreferrer\"><b>CLIQUE AQUI<\/b><\/a><\/span><\/span> para <span style=\"color: #0000ff;\"><a style=\"color: #0000ff;\" href=\"https:\/\/adf.org.br\/velario\/desatadora?origem=27468\" target=\"_blank\" rel=\"noopener noreferrer\">acender uma<\/a>\u00a0<a style=\"color: #0000ff;\" href=\"https:\/\/adf.org.br\/velario\/desatadora?origem=15439\" target=\"_blank\" rel=\"noopener noreferrer\">a Nossa Senhora Desatadora dos N\u00f3s!<\/a><\/span><\/span><\/p>\n","protected":false},"excerpt":{"rendered":"<p>Ora\u00e7\u00e3o a Nossa Senhora Desatadora dos N\u00f3s Em nome do Pai, do Filho e do Esp\u00edrito Santo. Santa Maria M\u00e3e de Deus, Virgem cheia de gra\u00e7a, v\u00f3s sois a nossa desatadora dos n\u00f3s.. Com as vossas m\u00e3os cheias do amor de Deus, v\u00f3s desatais os obst\u00e1culos de nosso caminho,\u00a0como n\u00f3s que se desfazem e se [&hellip;]<\/p>\n","protected":false},"author":31,"featured_media":72538,"comment_status":"open","ping_status":"open","sticky":false,"template":"","format":"standard","meta":[],"categories":[14],"tags":[5001,3353,1688,142,5000,5002,4999],"yoast_head":"<!-- This site is optimized with the Yoast SEO plugin v17.4 - https:\/\/yoast.com\/wordpress\/plugins\/seo\/ -->\n<title>Ora\u00e7\u00e3o a Nossa Senhora Desatadora dos N\u00f3s<\/title>\n<meta name=\"description\" content=\"Seus problemas formaram um &#039;n\u00f3&#039;? Reze essa ora\u00e7\u00e3o a Nossa Senhora Desatadora dos N\u00f3s. Ela pode desatar os n\u00f3s mais dif\u00edceis\" \/>\n<meta name=\"robots\" content=\"index, follow, max-snippet:-1, max-image-preview:large, max-video-preview:-1\" \/>\n<link rel=\"canonical\" href=\"https:\/\/www.adf.org.br\/home\/oracao-a-nossa-senhora-desatadora-dos-nos\/\" \/>\n<meta property=\"og:locale\" content=\"pt_BR\" \/>\n<meta property=\"og:type\" content=\"article\" \/>\n<meta property=\"og:title\" content=\"Ora\u00e7\u00e3o a Nossa Senhora Desatadora dos N\u00f3s\" \/>\n<meta property=\"og:description\" content=\"Seus problemas formaram um &#039;n\u00f3&#039;? Reze essa ora\u00e7\u00e3o a Nossa Senhora Desatadora dos N\u00f3s. Ela pode desatar os n\u00f3s mais dif\u00edceis\" \/>\n<meta property=\"og:url\" content=\"https:\/\/www.adf.org.br\/home\/oracao-a-nossa-senhora-desatadora-dos-nos\/\" \/>\n<meta property=\"og:site_name\" content=\"Associa\u00e7\u00e3o Devotos de F\u00e1tima\" \/>\n<meta property=\"article:published_time\" content=\"2023-04-25T03:00:36+00:00\" \/>\n<meta property=\"article:modified_time\" content=\"2023-05-02T17:42:18+00:00\" \/>\n<meta property=\"og:image\" content=\"https:\/\/www.adf.org.br\/home\/wp-content\/uploads\/2023\/04\/oracao-nossa-senhora-desatadora-dos-nos.jpg\" \/>\n\t<meta property=\"og:image:width\" content=\"1600\" \/>\n\t<meta property=\"og:image:height\" content=\"1200\" \/>\n<meta name=\"twitter:card\" content=\"summary_large_image\" \/>\n<meta name=\"twitter:label1\" content=\"Escrito por\" \/>\n\t<meta name=\"twitter:data1\" content=\"Gabriel Barbosa\" \/>\n\t<meta name=\"twitter:label2\" content=\"Est. tempo de leitura\" \/>\n\t<meta name=\"twitter:data2\" content=\"2 minutos\" \/>\n<script type=\"application\/ld+json\" class=\"yoast-schema-graph\">{\"@context\":\"https:\/\/schema.org\",\"@graph\":[{\"@type\":\"WebSite\",\"@id\":\"https:\/\/www.adf.org.br\/home\/#website\",\"url\":\"https:\/\/www.adf.org.br\/home\/\",\"name\":\"Associa\\u00e7\\u00e3o Devotos de F\\u00e1tima\",\"description\":\"Associa\\u00e7\\u00e3o Devotos de F\\u00e1tima\",\"potentialAction\":[{\"@type\":\"SearchAction\",\"target\":{\"@type\":\"EntryPoint\",\"urlTemplate\":\"https:\/\/www.adf.org.br\/home\/?s={search_term_string}\"},\"query-input\":\"required name=search_term_string\"}],\"inLanguage\":\"pt-BR\"},{\"@type\":\"ImageObject\",\"@id\":\"https:\/\/www.adf.org.br\/home\/oracao-a-nossa-senhora-desatadora-dos-nos\/#primaryimage\",\"inLanguage\":\"pt-BR\",\"url\":\"https:\/\/www.adf.org.br\/home\/wp-content\/uploads\/2023\/04\/oracao-nossa-senhora-desatadora-dos-nos.jpg\",\"contentUrl\":\"https:\/\/www.adf.org.br\/home\/wp-content\/uploads\/2023\/04\/oracao-nossa-senhora-desatadora-dos-nos.jpg\",\"width\":1600,\"height\":1200,\"caption\":\"Ora\\u00e7\\u00e3o a Nossa Senhora Desatadora dos N\\u00f3s\"},{\"@type\":\"WebPage\",\"@id\":\"https:\/\/www.adf.org.br\/home\/oracao-a-nossa-senhora-desatadora-dos-nos\/#webpage\",\"url\":\"https:\/\/www.adf.org.br\/home\/oracao-a-nossa-senhora-desatadora-dos-nos\/\",\"name\":\"Ora\\u00e7\\u00e3o a Nossa Senhora Desatadora dos N\\u00f3s\",\"isPartOf\":{\"@id\":\"https:\/\/www.adf.org.br\/home\/#website\"},\"primaryImageOfPage\":{\"@id\":\"https:\/\/www.adf.org.br\/home\/oracao-a-nossa-senhora-desatadora-dos-nos\/#primaryimage\"},\"datePublished\":\"2023-04-25T03:00:36+00:00\",\"dateModified\":\"2023-05-02T17:42:18+00:00\",\"author\":{\"@id\":\"https:\/\/www.adf.org.br\/home\/#\/schema\/person\/f35a5c5aa7728a3dedf4ea9aa1fc2753\"},\"description\":\"Seus problemas formaram um 'n\\u00f3'? Reze essa ora\\u00e7\\u00e3o a Nossa Senhora Desatadora dos N\\u00f3s. Ela pode desatar os n\\u00f3s mais dif\\u00edceis\",\"breadcrumb\":{\"@id\":\"https:\/\/www.adf.org.br\/home\/oracao-a-nossa-senhora-desatadora-dos-nos\/#breadcrumb\"},\"inLanguage\":\"pt-BR\",\"potentialAction\":[{\"@type\":\"ReadAction\",\"target\":[\"https:\/\/www.adf.org.br\/home\/oracao-a-nossa-senhora-desatadora-dos-nos\/\"]}]},{\"@type\":\"BreadcrumbList\",\"@id\":\"https:\/\/www.adf.org.br\/home\/oracao-a-nossa-senhora-desatadora-dos-nos\/#breadcrumb\",\"itemListElement\":[{\"@type\":\"ListItem\",\"position\":1,\"name\":\"Home\",\"item\":\"https:\/\/www.adf.org.br\/home\/\"},{\"@type\":\"ListItem\",\"position\":2,\"name\":\"Ora\\u00e7\\u00e3o a Nossa Senhora Desatadora dos N\\u00f3s\"}]},{\"@type\":\"Person\",\"@id\":\"https:\/\/www.adf.org.br\/home\/#\/schema\/person\/f35a5c5aa7728a3dedf4ea9aa1fc2753\",\"name\":\"Gabriel Barbosa\",\"image\":{\"@type\":\"ImageObject\",\"@id\":\"https:\/\/www.adf.org.br\/home\/#personlogo\",\"inLanguage\":\"pt-BR\",\"url\":\"https:\/\/secure.gravatar.com\/avatar\/2b2cb2f4637682c5605e8d36818f51ef?s=96&d=mm&r=g\",\"contentUrl\":\"https:\/\/secure.gravatar.com\/avatar\/2b2cb2f4637682c5605e8d36818f51ef?s=96&d=mm&r=g\",\"caption\":\"Gabriel Barbosa\"},\"url\":\"https:\/\/www.adf.org.br\/home\/author\/gabrielpmk-com-br\/\"}]}<\/script>\n<!-- \/ Yoast SEO plugin. -->","yoast_head_json":{"title":"Ora\u00e7\u00e3o a Nossa Senhora Desatadora dos N\u00f3s","description":"Seus problemas formaram um 'n\u00f3'? Reze essa ora\u00e7\u00e3o a Nossa Senhora Desatadora dos N\u00f3s. Ela pode desatar os n\u00f3s mais dif\u00edceis","robots":{"index":"index","follow":"follow","max-snippet":"max-snippet:-1","max-image-preview":"max-image-preview:large","max-video-preview":"max-video-preview:-1"},"canonical":"https:\/\/www.adf.org.br\/home\/oracao-a-nossa-senhora-desatadora-dos-nos\/","og_locale":"pt_BR","og_type":"article","og_title":"Ora\u00e7\u00e3o a Nossa Senhora Desatadora dos N\u00f3s","og_description":"Seus problemas formaram um 'n\u00f3'? Reze essa ora\u00e7\u00e3o a Nossa Senhora Desatadora dos N\u00f3s. Ela pode desatar os n\u00f3s mais dif\u00edceis","og_url":"https:\/\/www.adf.org.br\/home\/oracao-a-nossa-senhora-desatadora-dos-nos\/","og_site_name":"Associa\u00e7\u00e3o Devotos de F\u00e1tima","article_published_time":"2023-04-25T03:00:36+00:00","article_modified_time":"2023-05-02T17:42:18+00:00","og_image":[{"width":1600,"height":1200,"url":"https:\/\/www.adf.org.br\/home\/wp-content\/uploads\/2023\/04\/oracao-nossa-senhora-desatadora-dos-nos.jpg","type":"image\/jpeg"}],"twitter_card":"summary_large_image","twitter_misc":{"Escrito por":"Gabriel Barbosa","Est. tempo de leitura":"2 minutos"},"schema":{"@context":"https:\/\/schema.org","@graph":[{"@type":"WebSite","@id":"https:\/\/www.adf.org.br\/home\/#website","url":"https:\/\/www.adf.org.br\/home\/","name":"Associa\u00e7\u00e3o Devotos de F\u00e1tima","description":"Associa\u00e7\u00e3o Devotos de F\u00e1tima","potentialAction":[{"@type":"SearchAction","target":{"@type":"EntryPoint","urlTemplate":"https:\/\/www.adf.org.br\/home\/?s={search_term_string}"},"query-input":"required name=search_term_string"}],"inLanguage":"pt-BR"},{"@type":"ImageObject","@id":"https:\/\/www.adf.org.br\/home\/oracao-a-nossa-senhora-desatadora-dos-nos\/#primaryimage","inLanguage":"pt-BR","url":"https:\/\/www.adf.org.br\/home\/wp-content\/uploads\/2023\/04\/oracao-nossa-senhora-desatadora-dos-nos.jpg","contentUrl":"https:\/\/www.adf.org.br\/home\/wp-content\/uploads\/2023\/04\/oracao-nossa-senhora-desatadora-dos-nos.jpg","width":1600,"height":1200,"caption":"Ora\u00e7\u00e3o a Nossa Senhora Desatadora dos N\u00f3s"},{"@type":"WebPage","@id":"https:\/\/www.adf.org.br\/home\/oracao-a-nossa-senhora-desatadora-dos-nos\/#webpage","url":"https:\/\/www.adf.org.br\/home\/oracao-a-nossa-senhora-desatadora-dos-nos\/","name":"Ora\u00e7\u00e3o a Nossa Senhora Desatadora dos N\u00f3s","isPartOf":{"@id":"https:\/\/www.adf.org.br\/home\/#website"},"primaryImageOfPage":{"@id":"https:\/\/www.adf.org.br\/home\/oracao-a-nossa-senhora-desatadora-dos-nos\/#primaryimage"},"datePublished":"2023-04-25T03:00:36+00:00","dateModified":"2023-05-02T17:42:18+00:00","author":{"@id":"https:\/\/www.adf.org.br\/home\/#\/schema\/person\/f35a5c5aa7728a3dedf4ea9aa1fc2753"},"description":"Seus problemas formaram um 'n\u00f3'? Reze essa ora\u00e7\u00e3o a Nossa Senhora Desatadora dos N\u00f3s. Ela pode desatar os n\u00f3s mais dif\u00edceis","breadcrumb":{"@id":"https:\/\/www.adf.org.br\/home\/oracao-a-nossa-senhora-desatadora-dos-nos\/#breadcrumb"},"inLanguage":"pt-BR","potentialAction":[{"@type":"ReadAction","target":["https:\/\/www.adf.org.br\/home\/oracao-a-nossa-senhora-desatadora-dos-nos\/"]}]},{"@type":"BreadcrumbList","@id":"https:\/\/www.adf.org.br\/home\/oracao-a-nossa-senhora-desatadora-dos-nos\/#breadcrumb","itemListElement":[{"@type":"ListItem","position":1,"name":"Home","item":"https:\/\/www.adf.org.br\/home\/"},{"@type":"ListItem","position":2,"name":"Ora\u00e7\u00e3o a Nossa Senhora Desatadora dos N\u00f3s"}]},{"@type":"Person","@id":"https:\/\/www.adf.org.br\/home\/#\/schema\/person\/f35a5c5aa7728a3dedf4ea9aa1fc2753","name":"Gabriel Barbosa","image":{"@type":"ImageObject","@id":"https:\/\/www.adf.org.br\/home\/#personlogo","inLanguage":"pt-BR","url":"https:\/\/secure.gravatar.com\/avatar\/2b2cb2f4637682c5605e8d36818f51ef?s=96&d=mm&r=g","contentUrl":"https:\/\/secure.gravatar.com\/avatar\/2b2cb2f4637682c5605e8d36818f51ef?s=96&d=mm&r=g","caption":"Gabriel Barbosa"},"url":"https:\/\/www.adf.org.br\/home\/author\/gabrielpmk-com-br\/"}]}},"_links":{"self":[{"href":"https:\/\/www.adf.org.br\/home\/wp-json\/wp\/v2\/posts\/72524"}],"collection":[{"href":"https:\/\/www.adf.org.br\/home\/wp-json\/wp\/v2\/posts"}],"about":[{"href":"https:\/\/www.adf.org.br\/home\/wp-json\/wp\/v2\/types\/post"}],"author":[{"embeddable":true,"href":"https:\/\/www.adf.org.br\/home\/wp-json\/wp\/v2\/users\/31"}],"replies":[{"embeddable":true,"href":"https:\/\/www.adf.org.br\/home\/wp-json\/wp\/v2\/comments?post=72524"}],"version-history":[{"count":13,"href":"https:\/\/www.adf.org.br\/home\/wp-json\/wp\/v2\/posts\/72524\/revisions"}],"predecessor-version":[{"id":72527,"href":"https:\/\/www.adf.org.br\/home\/wp-json\/wp\/v2\/posts\/72524\/revisions\/72527"}],"wp:featuredmedia":[{"embeddable":true,"href":"https:\/\/www.adf.org.br\/home\/wp-json\/wp\/v2\/media\/72538"}],"wp:attachment":[{"href":"https:\/\/www.adf.org.br\/home\/wp-json\/wp\/v2\/media?parent=72524"}],"wp:term":[{"taxonomy":"category","embeddable":true,"href":"https:\/\/www.adf.org.br\/home\/wp-json\/wp\/v2\/categories?post=72524"},{"taxonomy":"post_tag","embeddable":true,"href":"https:\/\/www.adf.org.br\/home\/wp-json\/wp\/v2\/tags?post=72524"}],"curies":[{"name":"wp","href":"https:\/\/api.w.org\/{rel}","templated":true}]}}