{"id":72500,"date":"2023-04-23T00:00:55","date_gmt":"2023-04-23T03:00:55","guid":{"rendered":"https:\/\/www.adf.org.br\/home\/?p=72500"},"modified":"2023-04-20T16:12:04","modified_gmt":"2023-04-20T19:12:04","slug":"7-motivos-para-voce-participar-do-grupo-apostolos-da-cura-de-nossa-senhora-de-lourdes","status":"publish","type":"post","link":"https:\/\/www.adf.org.br\/home\/7-motivos-para-voce-participar-do-grupo-apostolos-da-cura-de-nossa-senhora-de-lourdes\/","title":{"rendered":"7 Motivos para VOC\u00ca participar do grupo &#8216;Ap\u00f3stolos da Cura de Nossa Senhora de Lourdes&#8217;"},"content":{"rendered":"<blockquote>\n<figure id=\"attachment_54950\" aria-describedby=\"caption-attachment-54950\" style=\"width: 332px\" class=\"wp-caption aligncenter\"><a href=\"https:\/\/adf.org.br\/apostolosdacura\/inscrever\/?origem=27437\" target=\"_blank\" rel=\"noopener noreferrer\"><img loading=\"lazy\" class=\"wp-image-54950 size-full\" src=\"https:\/\/www.adf.org.br\/home\/wp-content\/uploads\/2019\/09\/Nossa-Senhora-de-Lourdes-1-1.jpg\" alt=\"7 motivos para ser um Ap\u00f3stolo da Cura de Nossa Senhora de Lourdes\" width=\"332\" height=\"470\" \/><\/a><figcaption id=\"caption-attachment-54950\" class=\"wp-caption-text\">7 Motivos para ser um Ap\u00f3stolo da Cura de Nossa Senhora de Lourdes<\/figcaption><\/figure><\/blockquote>\n<p><span style=\"color: #000000;\"><strong>O Grupo Ap\u00f3stolos da Cura \u00e9 maior dedicado a Padroeira da Cura do Brasil.<\/strong><\/span><\/p>\n<h2><span style=\"text-decoration: underline;\"><span style=\"color: #0000ff; text-decoration: underline;\"><a style=\"color: #0000ff; text-decoration: underline;\" href=\"https:\/\/adf.org.br\/apostolosdacura\/inscrever\/?origem=27437\" target=\"_blank\" rel=\"noopener noreferrer\">Confira a seguir, 7 motivos para ser um Ap\u00f3stolo de Nossa Senhora de Lourdes<\/a>\u00a0<\/span><\/span><\/h2>\n<blockquote><p><span style=\"color: #000000;\"><strong>1.<\/strong>\u00a0Estamos afundando num oceano profundo de epidemias, doen\u00e7as cr\u00f4nicas, viroses e bact\u00e9rias que surgem repentinamente, adoecem e debilitam at\u00e9 os mais saud\u00e1veis.\u00a0<\/span><\/p>\n<p><span style=\"color: #000000;\"><strong>2.<\/strong>\u00a0Quando n\u00e3o s\u00e3o as doen\u00e7as f\u00edsicas somos acometidos pelas enfermidades espirituais que inesperadamente provocam tristeza, des\u00e2nimo, depress\u00e3o, p\u00e2nico, pensamentos ruins e at\u00e9 a vontade de morrer.\u00a0<\/span><\/p>\n<p><span style=\"color: #000000;\"><strong>3.\u00a0<\/strong>Voc\u00ea conhece pessoas que est\u00e3o debilitadas e j\u00e1 tentaram de tudo, mas nada \u00e9 capaz de cur\u00e1-las. Nem os especialistas.\u00a0<\/span><\/p>\n<p><span style=\"color: #000000;\"><strong>4.\u00a0<\/strong>As estat\u00edsticas s\u00e3o alarmantes.<b>\u00a0Quer dois exemplos?\u00a0<\/b>A depress\u00e3o \u00e9 a maior causa de incapacita\u00e7\u00e3o no mundo. Al\u00e9m dela, 300.000 pessoas sofrem infartos todos os anos no Brasil. Uma doen\u00e7a que n\u00e3o costuma dar avisos.\u00a0<\/span><\/p>\n<p><span style=\"color: #000000;\"><strong>5.\u00a0<\/strong>Diversas doen\u00e7as f\u00edsicas podem ser ocasionadas por problemas de ordem espiritual. Quem tem poder para cur\u00e1-las \u00e9 Nossa Senhora de Lourdes, Padroeira da Sa\u00fade.<\/span><\/p>\n<p><span style=\"color: #000000;\"><strong>6.\u00a0<\/strong>Voc\u00ea pode se tornar um Ap\u00f3stolo da Cura de Nossa Senhora de Lourdes,\u00a0<b>sem sair de casa<\/b><\/span>.\u00a0<a href=\"https:\/\/adf.org.br\/apostolosdacura\/inscrever\/?origem=27437\" target=\"_blank\" rel=\"noopener noreferrer\">(<span style=\"text-decoration: underline; color: #0000ff;\">Veja como aqui<\/span>)<\/a><\/p>\n<p><span style=\"color: #000000;\"><strong>7.<\/strong> A sua ajuda contribuir\u00e1 para manter o apostolado que tem como miss\u00e3o levar a f\u00e9 e a devo\u00e7\u00e3o na Sant\u00edssima Virgem de Lourdes para pessoas que necessitam de uma cura, seja f\u00edsica ou espiritual.<\/span><\/p><\/blockquote>\n<p><span style=\"color: #000000;\">Ent\u00e3o\u2026.<\/span><\/p>\n<p><span style=\"color: #000000;\"><b>Qual \u00e9 a sua resposta para Nossa Senhora?<\/b><\/span><\/p>\n<p style=\"text-align: center;\"><span style=\"text-decoration: underline;\"><span style=\"color: #0000ff;\"><a style=\"color: #0000ff;\" href=\"https:\/\/adf.org.br\/apostolosdacura\/inscrever\/?origem=27437\" target=\"_blank\" rel=\"noopener noreferrer\"><b>Sim, eu quero ser um Ap\u00f3stolo da Cura de Nossa Senhora de Lourdes!<\/b><\/a><\/span><\/span><\/p>\n<p><span style=\"color: #000000;\">Al\u00e9m das muitas gra\u00e7as que a Virgem Maria certamente derramar\u00e1 em sua vida, como agradecimento,<strong>\u00a0voc\u00ea poder\u00e1 receber<\/strong>\u2026.<\/span><\/p>\n<figure id=\"attachment_54956\" aria-describedby=\"caption-attachment-54956\" style=\"width: 123px\" class=\"wp-caption alignleft\"><a style=\"color: #000000;\" href=\"https:\/\/adf.org.br\/apostolosdacura\/inscrever\/?origem=27437\" target=\"_blank\" rel=\"noopener noreferrer\"><img loading=\"lazy\" class=\"wp-image-54956 size-full\" src=\"https:\/\/www.adf.org.br\/home\/wp-content\/uploads\/2019\/09\/Medalha-Nossa-Senhora-de-Lourdes-1.png\" alt=\"Medalha Nossa Senhora de Lourdes\" width=\"123\" height=\"181\" \/><\/a><figcaption id=\"caption-attachment-54956\" class=\"wp-caption-text\"><span style=\"color: #000000;\">Medalha de Nossa Senhora de Lourdes<\/span><\/figcaption><\/figure>\n<p><span style=\"color: #000000;\"><b>Medalhas bentas de Nossa Senhora de Lourdes, a Protetora da Sa\u00fade<\/b>. Com essa Medalhinha, a Padroeira da Sa\u00fade estar\u00e1 sempre com voc\u00ea.<\/span><\/p>\n<p><span style=\"color: #000000;\">Al\u00e9m de outros incr\u00edveis presentes espirituais.<\/span><\/p>\n<p><span style=\"color: #0000ff;\"><strong><a style=\"color: #0000ff; text-decoration: underline;\" href=\"https:\/\/adf.org.br\/apostolosdacura\/inscrever\/?origem=27437\" target=\"_blank\" rel=\"noopener noreferrer\">Clique aqui para fazer sua inscri\u00e7\u00e3o.<\/a><\/strong><\/span><\/p>\n<p><span style=\"color: #000000;\">Confie na Sant\u00edssima Virgem e pe\u00e7a para que ela guarde e proteja voc\u00ea contra todos os males que rondam nosso mundo.\u00a0<\/span><\/p>\n<p><span style=\"color: #000000;\"><strong><i>\u201cNossa Senhora de Lourdes, rogai por n\u00f3s.\u201d\u00a0<\/i><\/strong><\/span><\/p>\n","protected":false},"excerpt":{"rendered":"<p>O Grupo Ap\u00f3stolos da Cura \u00e9 maior dedicado a Padroeira da Cura do Brasil. Confira a seguir, 7 motivos para ser um Ap\u00f3stolo de Nossa Senhora de Lourdes\u00a0 1.\u00a0Estamos afundando num oceano profundo de epidemias, doen\u00e7as cr\u00f4nicas, viroses e bact\u00e9rias que surgem repentinamente, adoecem e debilitam at\u00e9 os mais saud\u00e1veis.\u00a0 2.\u00a0Quando n\u00e3o s\u00e3o as doen\u00e7as [&hellip;]<\/p>\n","protected":false},"author":31,"featured_media":72509,"comment_status":"open","ping_status":"open","sticky":false,"template":"","format":"standard","meta":[],"categories":[2387],"tags":[2598,4998,54,2468,4997],"yoast_head":"<!-- This site is optimized with the Yoast SEO plugin v17.4 - https:\/\/yoast.com\/wordpress\/plugins\/seo\/ -->\n<title>7 Motivos para VOC\u00ca participar do grupo &#039;Ap\u00f3stolos da Cura de Nossa Senhora de Lourdes&#039;<\/title>\n<meta name=\"description\" content=\"Por que ser um integrante do grupo Ap\u00f3stolos da Cura de Nossa Senhora de Lourdes? Listamos 7 motivos. Confira!\" \/>\n<meta name=\"robots\" content=\"index, follow, max-snippet:-1, max-image-preview:large, max-video-preview:-1\" \/>\n<link rel=\"canonical\" href=\"https:\/\/www.adf.org.br\/home\/7-motivos-para-voce-participar-do-grupo-apostolos-da-cura-de-nossa-senhora-de-lourdes\/\" \/>\n<meta property=\"og:locale\" content=\"pt_BR\" \/>\n<meta property=\"og:type\" content=\"article\" \/>\n<meta property=\"og:title\" content=\"7 Motivos para VOC\u00ca participar do grupo &#039;Ap\u00f3stolos da Cura de Nossa Senhora de Lourdes&#039;\" \/>\n<meta property=\"og:description\" content=\"Por que ser um integrante do grupo Ap\u00f3stolos da Cura de Nossa Senhora de Lourdes? Listamos 7 motivos. Confira!\" \/>\n<meta property=\"og:url\" content=\"https:\/\/www.adf.org.br\/home\/7-motivos-para-voce-participar-do-grupo-apostolos-da-cura-de-nossa-senhora-de-lourdes\/\" \/>\n<meta property=\"og:site_name\" content=\"Associa\u00e7\u00e3o Devotos de F\u00e1tima\" \/>\n<meta property=\"article:published_time\" content=\"2023-04-23T03:00:55+00:00\" \/>\n<meta property=\"article:modified_time\" content=\"2023-04-20T19:12:04+00:00\" \/>\n<meta property=\"og:image\" content=\"https:\/\/www.adf.org.br\/home\/wp-content\/uploads\/2023\/04\/Nossa_Senhora_de_Lourdes1.jpg\" \/>\n\t<meta property=\"og:image:width\" content=\"1024\" \/>\n\t<meta property=\"og:image:height\" content=\"667\" \/>\n<meta name=\"twitter:card\" content=\"summary_large_image\" \/>\n<meta name=\"twitter:label1\" content=\"Escrito por\" \/>\n\t<meta name=\"twitter:data1\" content=\"Gabriel Barbosa\" \/>\n\t<meta name=\"twitter:label2\" content=\"Est. tempo de leitura\" \/>\n\t<meta name=\"twitter:data2\" content=\"2 minutos\" \/>\n<script type=\"application\/ld+json\" class=\"yoast-schema-graph\">{\"@context\":\"https:\/\/schema.org\",\"@graph\":[{\"@type\":\"WebSite\",\"@id\":\"https:\/\/www.adf.org.br\/home\/#website\",\"url\":\"https:\/\/www.adf.org.br\/home\/\",\"name\":\"Associa\\u00e7\\u00e3o Devotos de F\\u00e1tima\",\"description\":\"Associa\\u00e7\\u00e3o Devotos de F\\u00e1tima\",\"potentialAction\":[{\"@type\":\"SearchAction\",\"target\":{\"@type\":\"EntryPoint\",\"urlTemplate\":\"https:\/\/www.adf.org.br\/home\/?s={search_term_string}\"},\"query-input\":\"required name=search_term_string\"}],\"inLanguage\":\"pt-BR\"},{\"@type\":\"ImageObject\",\"@id\":\"https:\/\/www.adf.org.br\/home\/7-motivos-para-voce-participar-do-grupo-apostolos-da-cura-de-nossa-senhora-de-lourdes\/#primaryimage\",\"inLanguage\":\"pt-BR\",\"url\":\"https:\/\/www.adf.org.br\/home\/wp-content\/uploads\/2023\/04\/Nossa_Senhora_de_Lourdes1.jpg\",\"contentUrl\":\"https:\/\/www.adf.org.br\/home\/wp-content\/uploads\/2023\/04\/Nossa_Senhora_de_Lourdes1.jpg\",\"width\":1024,\"height\":667,\"caption\":\"Ap\\u00f3stolos da Cura de Nossa Senhora de Lourdes\"},{\"@type\":\"WebPage\",\"@id\":\"https:\/\/www.adf.org.br\/home\/7-motivos-para-voce-participar-do-grupo-apostolos-da-cura-de-nossa-senhora-de-lourdes\/#webpage\",\"url\":\"https:\/\/www.adf.org.br\/home\/7-motivos-para-voce-participar-do-grupo-apostolos-da-cura-de-nossa-senhora-de-lourdes\/\",\"name\":\"7 Motivos para VOC\\u00ca participar do grupo 'Ap\\u00f3stolos da Cura de Nossa Senhora de Lourdes'\",\"isPartOf\":{\"@id\":\"https:\/\/www.adf.org.br\/home\/#website\"},\"primaryImageOfPage\":{\"@id\":\"https:\/\/www.adf.org.br\/home\/7-motivos-para-voce-participar-do-grupo-apostolos-da-cura-de-nossa-senhora-de-lourdes\/#primaryimage\"},\"datePublished\":\"2023-04-23T03:00:55+00:00\",\"dateModified\":\"2023-04-20T19:12:04+00:00\",\"author\":{\"@id\":\"https:\/\/www.adf.org.br\/home\/#\/schema\/person\/f35a5c5aa7728a3dedf4ea9aa1fc2753\"},\"description\":\"Por que ser um integrante do grupo Ap\\u00f3stolos da Cura de Nossa Senhora de Lourdes? Listamos 7 motivos. Confira!\",\"breadcrumb\":{\"@id\":\"https:\/\/www.adf.org.br\/home\/7-motivos-para-voce-participar-do-grupo-apostolos-da-cura-de-nossa-senhora-de-lourdes\/#breadcrumb\"},\"inLanguage\":\"pt-BR\",\"potentialAction\":[{\"@type\":\"ReadAction\",\"target\":[\"https:\/\/www.adf.org.br\/home\/7-motivos-para-voce-participar-do-grupo-apostolos-da-cura-de-nossa-senhora-de-lourdes\/\"]}]},{\"@type\":\"BreadcrumbList\",\"@id\":\"https:\/\/www.adf.org.br\/home\/7-motivos-para-voce-participar-do-grupo-apostolos-da-cura-de-nossa-senhora-de-lourdes\/#breadcrumb\",\"itemListElement\":[{\"@type\":\"ListItem\",\"position\":1,\"name\":\"Home\",\"item\":\"https:\/\/www.adf.org.br\/home\/\"},{\"@type\":\"ListItem\",\"position\":2,\"name\":\"7 Motivos para VOC\\u00ca participar do grupo &#8216;Ap\\u00f3stolos da Cura de Nossa Senhora de Lourdes&#8217;\"}]},{\"@type\":\"Person\",\"@id\":\"https:\/\/www.adf.org.br\/home\/#\/schema\/person\/f35a5c5aa7728a3dedf4ea9aa1fc2753\",\"name\":\"Gabriel Barbosa\",\"image\":{\"@type\":\"ImageObject\",\"@id\":\"https:\/\/www.adf.org.br\/home\/#personlogo\",\"inLanguage\":\"pt-BR\",\"url\":\"https:\/\/secure.gravatar.com\/avatar\/2b2cb2f4637682c5605e8d36818f51ef?s=96&d=mm&r=g\",\"contentUrl\":\"https:\/\/secure.gravatar.com\/avatar\/2b2cb2f4637682c5605e8d36818f51ef?s=96&d=mm&r=g\",\"caption\":\"Gabriel Barbosa\"},\"url\":\"https:\/\/www.adf.org.br\/home\/author\/gabrielpmk-com-br\/\"}]}<\/script>\n<!-- \/ Yoast SEO plugin. -->","yoast_head_json":{"title":"7 Motivos para VOC\u00ca participar do grupo 'Ap\u00f3stolos da Cura de Nossa Senhora de Lourdes'","description":"Por que ser um integrante do grupo Ap\u00f3stolos da Cura de Nossa Senhora de Lourdes? Listamos 7 motivos. Confira!","robots":{"index":"index","follow":"follow","max-snippet":"max-snippet:-1","max-image-preview":"max-image-preview:large","max-video-preview":"max-video-preview:-1"},"canonical":"https:\/\/www.adf.org.br\/home\/7-motivos-para-voce-participar-do-grupo-apostolos-da-cura-de-nossa-senhora-de-lourdes\/","og_locale":"pt_BR","og_type":"article","og_title":"7 Motivos para VOC\u00ca participar do grupo 'Ap\u00f3stolos da Cura de Nossa Senhora de Lourdes'","og_description":"Por que ser um integrante do grupo Ap\u00f3stolos da Cura de Nossa Senhora de Lourdes? Listamos 7 motivos. Confira!","og_url":"https:\/\/www.adf.org.br\/home\/7-motivos-para-voce-participar-do-grupo-apostolos-da-cura-de-nossa-senhora-de-lourdes\/","og_site_name":"Associa\u00e7\u00e3o Devotos de F\u00e1tima","article_published_time":"2023-04-23T03:00:55+00:00","article_modified_time":"2023-04-20T19:12:04+00:00","og_image":[{"width":1024,"height":667,"url":"https:\/\/www.adf.org.br\/home\/wp-content\/uploads\/2023\/04\/Nossa_Senhora_de_Lourdes1.jpg","type":"image\/jpeg"}],"twitter_card":"summary_large_image","twitter_misc":{"Escrito por":"Gabriel Barbosa","Est. tempo de leitura":"2 minutos"},"schema":{"@context":"https:\/\/schema.org","@graph":[{"@type":"WebSite","@id":"https:\/\/www.adf.org.br\/home\/#website","url":"https:\/\/www.adf.org.br\/home\/","name":"Associa\u00e7\u00e3o Devotos de F\u00e1tima","description":"Associa\u00e7\u00e3o Devotos de F\u00e1tima","potentialAction":[{"@type":"SearchAction","target":{"@type":"EntryPoint","urlTemplate":"https:\/\/www.adf.org.br\/home\/?s={search_term_string}"},"query-input":"required name=search_term_string"}],"inLanguage":"pt-BR"},{"@type":"ImageObject","@id":"https:\/\/www.adf.org.br\/home\/7-motivos-para-voce-participar-do-grupo-apostolos-da-cura-de-nossa-senhora-de-lourdes\/#primaryimage","inLanguage":"pt-BR","url":"https:\/\/www.adf.org.br\/home\/wp-content\/uploads\/2023\/04\/Nossa_Senhora_de_Lourdes1.jpg","contentUrl":"https:\/\/www.adf.org.br\/home\/wp-content\/uploads\/2023\/04\/Nossa_Senhora_de_Lourdes1.jpg","width":1024,"height":667,"caption":"Ap\u00f3stolos da Cura de Nossa Senhora de Lourdes"},{"@type":"WebPage","@id":"https:\/\/www.adf.org.br\/home\/7-motivos-para-voce-participar-do-grupo-apostolos-da-cura-de-nossa-senhora-de-lourdes\/#webpage","url":"https:\/\/www.adf.org.br\/home\/7-motivos-para-voce-participar-do-grupo-apostolos-da-cura-de-nossa-senhora-de-lourdes\/","name":"7 Motivos para VOC\u00ca participar do grupo 'Ap\u00f3stolos da Cura de Nossa Senhora de Lourdes'","isPartOf":{"@id":"https:\/\/www.adf.org.br\/home\/#website"},"primaryImageOfPage":{"@id":"https:\/\/www.adf.org.br\/home\/7-motivos-para-voce-participar-do-grupo-apostolos-da-cura-de-nossa-senhora-de-lourdes\/#primaryimage"},"datePublished":"2023-04-23T03:00:55+00:00","dateModified":"2023-04-20T19:12:04+00:00","author":{"@id":"https:\/\/www.adf.org.br\/home\/#\/schema\/person\/f35a5c5aa7728a3dedf4ea9aa1fc2753"},"description":"Por que ser um integrante do grupo Ap\u00f3stolos da Cura de Nossa Senhora de Lourdes? Listamos 7 motivos. Confira!","breadcrumb":{"@id":"https:\/\/www.adf.org.br\/home\/7-motivos-para-voce-participar-do-grupo-apostolos-da-cura-de-nossa-senhora-de-lourdes\/#breadcrumb"},"inLanguage":"pt-BR","potentialAction":[{"@type":"ReadAction","target":["https:\/\/www.adf.org.br\/home\/7-motivos-para-voce-participar-do-grupo-apostolos-da-cura-de-nossa-senhora-de-lourdes\/"]}]},{"@type":"BreadcrumbList","@id":"https:\/\/www.adf.org.br\/home\/7-motivos-para-voce-participar-do-grupo-apostolos-da-cura-de-nossa-senhora-de-lourdes\/#breadcrumb","itemListElement":[{"@type":"ListItem","position":1,"name":"Home","item":"https:\/\/www.adf.org.br\/home\/"},{"@type":"ListItem","position":2,"name":"7 Motivos para VOC\u00ca participar do grupo &#8216;Ap\u00f3stolos da Cura de Nossa Senhora de Lourdes&#8217;"}]},{"@type":"Person","@id":"https:\/\/www.adf.org.br\/home\/#\/schema\/person\/f35a5c5aa7728a3dedf4ea9aa1fc2753","name":"Gabriel Barbosa","image":{"@type":"ImageObject","@id":"https:\/\/www.adf.org.br\/home\/#personlogo","inLanguage":"pt-BR","url":"https:\/\/secure.gravatar.com\/avatar\/2b2cb2f4637682c5605e8d36818f51ef?s=96&d=mm&r=g","contentUrl":"https:\/\/secure.gravatar.com\/avatar\/2b2cb2f4637682c5605e8d36818f51ef?s=96&d=mm&r=g","caption":"Gabriel Barbosa"},"url":"https:\/\/www.adf.org.br\/home\/author\/gabrielpmk-com-br\/"}]}},"_links":{"self":[{"href":"https:\/\/www.adf.org.br\/home\/wp-json\/wp\/v2\/posts\/72500"}],"collection":[{"href":"https:\/\/www.adf.org.br\/home\/wp-json\/wp\/v2\/posts"}],"about":[{"href":"https:\/\/www.adf.org.br\/home\/wp-json\/wp\/v2\/types\/post"}],"author":[{"embeddable":true,"href":"https:\/\/www.adf.org.br\/home\/wp-json\/wp\/v2\/users\/31"}],"replies":[{"embeddable":true,"href":"https:\/\/www.adf.org.br\/home\/wp-json\/wp\/v2\/comments?post=72500"}],"version-history":[{"count":9,"href":"https:\/\/www.adf.org.br\/home\/wp-json\/wp\/v2\/posts\/72500\/revisions"}],"predecessor-version":[{"id":72504,"href":"https:\/\/www.adf.org.br\/home\/wp-json\/wp\/v2\/posts\/72500\/revisions\/72504"}],"wp:featuredmedia":[{"embeddable":true,"href":"https:\/\/www.adf.org.br\/home\/wp-json\/wp\/v2\/media\/72509"}],"wp:attachment":[{"href":"https:\/\/www.adf.org.br\/home\/wp-json\/wp\/v2\/media?parent=72500"}],"wp:term":[{"taxonomy":"category","embeddable":true,"href":"https:\/\/www.adf.org.br\/home\/wp-json\/wp\/v2\/categories?post=72500"},{"taxonomy":"post_tag","embeddable":true,"href":"https:\/\/www.adf.org.br\/home\/wp-json\/wp\/v2\/tags?post=72500"}],"curies":[{"name":"wp","href":"https:\/\/api.w.org\/{rel}","templated":true}]}}