{"id":72478,"date":"2023-04-20T00:00:17","date_gmt":"2023-04-20T03:00:17","guid":{"rendered":"https:\/\/www.adf.org.br\/home\/?p=72478"},"modified":"2023-04-18T15:36:21","modified_gmt":"2023-04-18T18:36:21","slug":"5-perguntas-e-respostas-sobre-o-santo-rosario","status":"publish","type":"post","link":"https:\/\/www.adf.org.br\/home\/5-perguntas-e-respostas-sobre-o-santo-rosario\/","title":{"rendered":"5 perguntas e respostas sobre o Santo Ros\u00e1rio"},"content":{"rendered":"<h1><span style=\"color: #000000;\"><b>Santo Ros\u00e1rio: 5 Perguntas e Respostas que podem surpreender voc\u00ea!<\/b><\/span><\/h1>\n<figure id=\"attachment_72483\" aria-describedby=\"caption-attachment-72483\" style=\"width: 1024px\" class=\"wp-caption aligncenter\"><a href=\"https:\/\/adf.org.br\/terco\/?origem=27418\" target=\"_blank\" rel=\"noopener\"><img loading=\"lazy\" class=\"wp-image-72483 size-large\" src=\"https:\/\/www.adf.org.br\/home\/wp-content\/uploads\/2023\/04\/Perguntas-e-respostas-sobre-o-Santo-Rosario-1024x683.jpeg\" alt=\"Perguntas e respostas sobre o Santo Ros\u00e1rio\" width=\"1024\" height=\"683\" srcset=\"https:\/\/www.adf.org.br\/home\/wp-content\/uploads\/2023\/04\/Perguntas-e-respostas-sobre-o-Santo-Rosario-1024x683.jpeg 1024w, https:\/\/www.adf.org.br\/home\/wp-content\/uploads\/2023\/04\/Perguntas-e-respostas-sobre-o-Santo-Rosario-300x200.jpeg 300w, https:\/\/www.adf.org.br\/home\/wp-content\/uploads\/2023\/04\/Perguntas-e-respostas-sobre-o-Santo-Rosario-768x512.jpeg 768w, https:\/\/www.adf.org.br\/home\/wp-content\/uploads\/2023\/04\/Perguntas-e-respostas-sobre-o-Santo-Rosario-1536x1024.jpeg 1536w, https:\/\/www.adf.org.br\/home\/wp-content\/uploads\/2023\/04\/Perguntas-e-respostas-sobre-o-Santo-Rosario-2048x1365.jpeg 2048w\" sizes=\"(max-width: 1024px) 100vw, 1024px\" \/><\/a><figcaption id=\"caption-attachment-72483\" class=\"wp-caption-text\">A pr\u00e1tica do Santo Ros\u00e1rio \u00e9 uma das devo\u00e7\u00f5es que mais agradam a Nossa Senhora e a Deus.<\/figcaption><\/figure>\n<h2><span style=\"color: #800080;\"><b>1. O que \u00e9 o Ros\u00e1rio?<\/b><\/span><\/h2>\n<p><span style=\"color: #000000;\">\u00c9 um conjunto de ora\u00e7\u00f5es acompanhadas da medita\u00e7\u00e3o dos principais mist\u00e9rios da vida de Nosso Senhor e de Nossa Senhora.\u00a0<em>Chama-se Ros\u00e1rio por ser como uma coroa de rosas que se oferece a Maria Sant\u00edssima<\/em>.<\/span><\/p>\n<h2><span style=\"color: #800080;\"><b>2. Quais ora\u00e7\u00f5es s\u00e3o feitas no Santo Ros\u00e1rio?<\/b><\/span><\/h2>\n<p><span style=\"color: #000000;\">As ora\u00e7\u00f5es de que se comp\u00f5e o Ros\u00e1rio s\u00e3o:<i>\u00a0Credo, Pai Nosso, Ave-Maria, Gl\u00f3ria, Lembrai-vos e Salve-Rainha.<\/i><\/span><\/p>\n<p><span style=\"color: #000000;\">Os principais Mist\u00e9rios s\u00e3o:\u00a0<i>Mist\u00e9rios Gozosos, Dolorosos e Gloriosos.<\/i><\/span><\/p>\n<h2><span style=\"color: #800080;\"><b>3. Quem comp\u00f4s o Ros\u00e1rio?<\/b><\/span><\/h2>\n<p><span style=\"color: #000000;\">Na sua forma atual, o ros\u00e1rio foi composto por S\u00e3o Domingos \u2013 \u00a0pois foi a pr\u00f3pria Virgem quem o revelou. S\u00e3o Domingos \u00e9 o fundador da Ordem dos Pregadores (dominicanos).<\/span><\/p>\n<h2><span style=\"color: #800080;\"><b>4. Deve-se rezar sempre o Ros\u00e1rio?<\/b><\/span><\/h2>\n<p><span style=\"color: #000000;\">\u00c9 muito \u00fatil e saud\u00e1vel rezar todos os dias pelo menos o Ter\u00e7o, pois esta \u00e9 a recomenda\u00e7\u00e3o da Igreja e este foi o insistente apelo de Nossa Senhora nas apari\u00e7\u00f5es de Lourdes e de F\u00e1tima:<\/span><\/p>\n<p><span style=\"color: #000000;\"><strong><i>\u201cRezai o ter\u00e7o todos os dias\u201d<\/i><\/strong><\/span><\/p>\n<h2><span style=\"color: #000000;\"><b>5. A Igreja recomenda alguma forma especial de se rezar o Ter\u00e7o?<\/b><\/span><\/h2>\n<p><span style=\"color: #000000;\">Sim, o Ter\u00e7o rezado em fam\u00edlia ou em conjunto com outras pessoas.<\/span><\/p>\n<p><span style=\"color: #000000;\">Para cada dia que o fiel, em fam\u00edlia ou em conjunto com outras pessoas, reza piedosamente o Ter\u00e7o, meditando nos mist\u00e9rios, a Igreja concede uma indulg\u00eancia plen\u00e1ria (perd\u00e3o dos pecados sem precisar cumprir penit\u00eancia), observada \u00e0 outras condi\u00e7\u00f5es gerais.<\/span><\/p>\n<p><span style=\"color: #000000;\"><em>A Igreja exorta tamb\u00e9m os fi\u00e9is a rezarem o Ter\u00e7o no M\u00eas do Ros\u00e1rio (outubro), durante a Santa Missa ou diante do Sant\u00edssimo Sacramento exposto.<\/em><\/span><\/p>\n<h6 style=\"text-align: right;\"><span style=\"color: #000000;\"><b>Fonte:\u00a0<\/b><em>Catecismo de Nossa Senhora \u2013 resumo do livro \u201cMaria ensinada \u00e0 Mocidade \u2013 pequeno Catecismo de Nossa Senhora\u201d<\/em><\/span><\/h6>\n<hr \/>\n<h2 style=\"text-align: center;\"><span style=\"color: #000000;\"><b>Rezaremos um ter\u00e7o por voc\u00ea!<\/b><\/span><\/h2>\n<p style=\"text-align: center;\"><span style=\"color: #000000;\"><span style=\"text-decoration: underline;\"><span style=\"color: #0000ff;\"><a style=\"color: #0000ff;\" href=\"https:\/\/adf.org.br\/terco\/?origem=27418\" target=\"_blank\" rel=\"noopener noreferrer\"><strong>Clique aqui<\/strong><\/a><\/span><\/span>\u00a0ou na\u00a0<strong>imagem abaixo<\/strong> para incluir seu nome nas ora\u00e7\u00f5es do Santo ter\u00e7o de hoje. \u00c9 gr\u00e1tis.<\/span><\/p>\n<figure id=\"attachment_61873\" aria-describedby=\"caption-attachment-61873\" style=\"width: 420px\" class=\"wp-caption aligncenter\"><a style=\"color: #000000;\" href=\"https:\/\/adf.org.br\/terco\/?origem=27418\" target=\"_blank\" rel=\"noopener noreferrer\"><img loading=\"lazy\" class=\"wp-image-61873\" title=\"Um ter\u00e7o ser\u00e1 rezado por voc\u00ea\" src=\"https:\/\/www.adf.org.br\/home\/wp-content\/uploads\/2020\/10\/team-3.jpg\" sizes=\"(max-width: 420px) 100vw, 420px\" srcset=\"https:\/\/www.adf.org.br\/home\/wp-content\/uploads\/2020\/10\/team-3.jpg 650w, https:\/\/www.adf.org.br\/home\/wp-content\/uploads\/2020\/10\/team-3-300x208.jpg 300w\" alt=\"Um ter\u00e7o ser\u00e1 rezado por voc\u00ea\" width=\"420\" height=\"291\" \/><\/a><figcaption id=\"caption-attachment-61873\" class=\"wp-caption-text\">Um ter\u00e7o ser\u00e1 rezado por voc\u00ea<\/figcaption><\/figure>\n<hr \/>\n<p>&nbsp;<\/p>\n<p style=\"text-align: center;\"><span style=\"color: #000000;\"><strong>Voc\u00ea sabia que com uma pequena contribui\u00e7\u00e3o voc\u00ea poder\u00e1 ajudar a levar a devo\u00e7\u00e3o a Nossa Senhora de F\u00e1tima para milhares de pessoas?<\/strong><\/span><\/p>\n<p style=\"text-align: center;\"><span style=\"color: #000000;\"><a style=\"color: #000000;\" href=\"https:\/\/adf.org.br\/apostolosdefatima\/2\/form\/?origem=27370\" target=\"_blank\" rel=\"noopener noreferrer\"><img loading=\"lazy\" class=\"alignnone wp-image-52865 size-thumbnail\" src=\"https:\/\/www.adf.org.br\/home\/wp-content\/uploads\/2019\/06\/Ap%C3%B3stolo-de-F%C3%A1tima-2-150x150.png\" alt=\"Ap\u00f3stolo de F\u00e1tima\" width=\"150\" height=\"150\" \/><\/a><\/span><\/p>\n<p style=\"text-align: center;\"><span style=\"color: #000000;\"><a style=\"color: #000000;\" href=\"https:\/\/adf.org.br\/apostolosdefatima\/2\/?origem=27418#ChanceUnica\" target=\"_blank\" rel=\"noopener noreferrer\"><strong><span style=\"text-decoration: underline;\"><span style=\"color: #0000ff; text-decoration: underline;\">Clique aqui e fa\u00e7a sua inscri\u00e7\u00e3o no grupo Ap\u00f3stolos de F\u00e1tima!<\/span><\/span><\/strong><\/a><\/span><\/p>\n<p style=\"text-align: left;\"><strong><span style=\"color: #000000;\">Como agradecimento voc\u00ea poder\u00e1\u2026<\/span><\/strong><\/p>\n<ul>\n<li><span style=\"color: #000000;\">Ter <a style=\"color: #000000;\" href=\"https:\/\/adf.org.br\/apostolosdefatima\/2\/?origem=27418#ChanceUnica\" target=\"_blank\" rel=\"noopener noreferrer\"><em><span style=\"text-decoration: underline;\"><span style=\"color: #0000ff; text-decoration: underline;\">seu nome inclu\u00eddo em mais de 60 Missas<\/span><\/span><\/em><\/a>\u00a0que ser\u00e3o celebradas ao longo do ano;<\/span><\/li>\n<li><span style=\"color: #000000;\">Receber o\u00a0<span style=\"color: #0000ff;\"><a style=\"color: #0000ff;\" href=\"https:\/\/adf.org.br\/apostolosdefatima\/2\/?origem=27418#ChanceUnica\" target=\"_blank\" rel=\"noopener noreferrer\"><em>acesso privativo da Vela Permanente<\/em><\/a><\/span>\u00a0para voc\u00ea rezar e colocar suas inten\u00e7\u00f5es;<\/span><\/li>\n<li><span style=\"color: #000000;\">Ser\u00a0<em>lembrado\u00a0na\u00a0<span style=\"color: #0000ff;\"><a style=\"color: #0000ff;\" href=\"https:\/\/adf.org.br\/apostolosdefatima\/2\/?origem=27418#ChanceUnica\" target=\"_blank\" rel=\"noopener noreferrer\">Vig\u00edlia de Ora\u00e7\u00f5es<\/a><\/span><\/em>, na qual nossos volunt\u00e1rios rezam aproximadamente at\u00e9 50 ter\u00e7os todos os dias, por todos aqueles que contribuem para o desenvolvimento do apostolado em honra a Maria Sant\u00edssima e muito mais.<\/span><\/li>\n<\/ul>\n<p><strong style=\"color: #000000; text-align: center;\">Nossa Senhora nunca precisou tanto de sua ajuda como agora!<\/strong><\/p>\n<p><span style=\"color: #000000;\">Portanto, seja um<strong>\u00a0<span style=\"text-decoration: underline;\"><span style=\"color: #0000ff;\"><a style=\"color: #0000ff; text-decoration: underline;\" href=\"https:\/\/adf.org.br\/apostolosdefatima\/2\/?origem=27418#ChanceUnica\" target=\"_blank\" rel=\"noopener noreferrer\">Ap\u00f3stolo de Nossa Senhora de F\u00e1tima<\/a><\/span><\/span>.<\/strong><\/span><\/p>\n<p style=\"text-align: center;\"><span style=\"color: #800080;\"><strong><em>\u201c\u00d3 Maria, concebida sem pecado, rogai por n\u00f3s que recorremos a V\u00f3s.\u201d<\/em><\/strong><\/span><\/p>\n","protected":false},"excerpt":{"rendered":"<p>Santo Ros\u00e1rio: 5 Perguntas e Respostas que podem surpreender voc\u00ea! 1. O que \u00e9 o Ros\u00e1rio? \u00c9 um conjunto de ora\u00e7\u00f5es acompanhadas da medita\u00e7\u00e3o dos principais mist\u00e9rios da vida de Nosso Senhor e de Nossa Senhora.\u00a0Chama-se Ros\u00e1rio por ser como uma coroa de rosas que se oferece a Maria Sant\u00edssima. 2. Quais ora\u00e7\u00f5es s\u00e3o feitas [&hellip;]<\/p>\n","protected":false},"author":31,"featured_media":72483,"comment_status":"open","ping_status":"open","sticky":false,"template":"","format":"standard","meta":[],"categories":[20],"tags":[4994,4996,4992,4993,490,4995],"yoast_head":"<!-- This site is optimized with the Yoast SEO plugin v17.4 - https:\/\/yoast.com\/wordpress\/plugins\/seo\/ -->\n<title>5 perguntas e respostas sobre o Santo Ros\u00e1rio<\/title>\n<meta name=\"description\" content=\"Conhe\u00e7a mais da devo\u00e7\u00e3o ao Santo Ros\u00e1rio nessa mat\u00e9ria. As repostas podem surpreender voc\u00ea\" \/>\n<meta name=\"robots\" content=\"index, follow, max-snippet:-1, max-image-preview:large, max-video-preview:-1\" \/>\n<link rel=\"canonical\" href=\"https:\/\/www.adf.org.br\/home\/5-perguntas-e-respostas-sobre-o-santo-rosario\/\" \/>\n<meta property=\"og:locale\" content=\"pt_BR\" \/>\n<meta property=\"og:type\" content=\"article\" \/>\n<meta property=\"og:title\" content=\"5 perguntas e respostas sobre o Santo Ros\u00e1rio\" \/>\n<meta property=\"og:description\" content=\"Conhe\u00e7a mais da devo\u00e7\u00e3o ao Santo Ros\u00e1rio nessa mat\u00e9ria. As repostas podem surpreender voc\u00ea\" \/>\n<meta property=\"og:url\" content=\"https:\/\/www.adf.org.br\/home\/5-perguntas-e-respostas-sobre-o-santo-rosario\/\" \/>\n<meta property=\"og:site_name\" content=\"Associa\u00e7\u00e3o Devotos de F\u00e1tima\" \/>\n<meta property=\"article:published_time\" content=\"2023-04-20T03:00:17+00:00\" \/>\n<meta property=\"article:modified_time\" content=\"2023-04-18T18:36:21+00:00\" \/>\n<meta property=\"og:image\" content=\"https:\/\/www.adf.org.br\/home\/wp-content\/uploads\/2023\/04\/Perguntas-e-respostas-sobre-o-Santo-Rosario-scaled.jpeg\" \/>\n\t<meta property=\"og:image:width\" content=\"2560\" \/>\n\t<meta property=\"og:image:height\" content=\"1707\" \/>\n<meta name=\"twitter:card\" content=\"summary_large_image\" \/>\n<meta name=\"twitter:label1\" content=\"Escrito por\" \/>\n\t<meta name=\"twitter:data1\" content=\"Gabriel Barbosa\" \/>\n\t<meta name=\"twitter:label2\" content=\"Est. tempo de leitura\" \/>\n\t<meta name=\"twitter:data2\" content=\"3 minutos\" \/>\n<script type=\"application\/ld+json\" class=\"yoast-schema-graph\">{\"@context\":\"https:\/\/schema.org\",\"@graph\":[{\"@type\":\"WebSite\",\"@id\":\"https:\/\/www.adf.org.br\/home\/#website\",\"url\":\"https:\/\/www.adf.org.br\/home\/\",\"name\":\"Associa\\u00e7\\u00e3o Devotos de F\\u00e1tima\",\"description\":\"Associa\\u00e7\\u00e3o Devotos de F\\u00e1tima\",\"potentialAction\":[{\"@type\":\"SearchAction\",\"target\":{\"@type\":\"EntryPoint\",\"urlTemplate\":\"https:\/\/www.adf.org.br\/home\/?s={search_term_string}\"},\"query-input\":\"required name=search_term_string\"}],\"inLanguage\":\"pt-BR\"},{\"@type\":\"ImageObject\",\"@id\":\"https:\/\/www.adf.org.br\/home\/5-perguntas-e-respostas-sobre-o-santo-rosario\/#primaryimage\",\"inLanguage\":\"pt-BR\",\"url\":\"https:\/\/www.adf.org.br\/home\/wp-content\/uploads\/2023\/04\/Perguntas-e-respostas-sobre-o-Santo-Rosario-scaled.jpeg\",\"contentUrl\":\"https:\/\/www.adf.org.br\/home\/wp-content\/uploads\/2023\/04\/Perguntas-e-respostas-sobre-o-Santo-Rosario-scaled.jpeg\",\"width\":2560,\"height\":1707,\"caption\":\"A pr\\u00e1tica do Santo Ros\\u00e1rio \\u00e9 uma das devo\\u00e7\\u00f5es que mais agradam a Nossa Senhora e a Deus.\"},{\"@type\":\"WebPage\",\"@id\":\"https:\/\/www.adf.org.br\/home\/5-perguntas-e-respostas-sobre-o-santo-rosario\/#webpage\",\"url\":\"https:\/\/www.adf.org.br\/home\/5-perguntas-e-respostas-sobre-o-santo-rosario\/\",\"name\":\"5 perguntas e respostas sobre o Santo Ros\\u00e1rio\",\"isPartOf\":{\"@id\":\"https:\/\/www.adf.org.br\/home\/#website\"},\"primaryImageOfPage\":{\"@id\":\"https:\/\/www.adf.org.br\/home\/5-perguntas-e-respostas-sobre-o-santo-rosario\/#primaryimage\"},\"datePublished\":\"2023-04-20T03:00:17+00:00\",\"dateModified\":\"2023-04-18T18:36:21+00:00\",\"author\":{\"@id\":\"https:\/\/www.adf.org.br\/home\/#\/schema\/person\/f35a5c5aa7728a3dedf4ea9aa1fc2753\"},\"description\":\"Conhe\\u00e7a mais da devo\\u00e7\\u00e3o ao Santo Ros\\u00e1rio nessa mat\\u00e9ria. As repostas podem surpreender voc\\u00ea\",\"breadcrumb\":{\"@id\":\"https:\/\/www.adf.org.br\/home\/5-perguntas-e-respostas-sobre-o-santo-rosario\/#breadcrumb\"},\"inLanguage\":\"pt-BR\",\"potentialAction\":[{\"@type\":\"ReadAction\",\"target\":[\"https:\/\/www.adf.org.br\/home\/5-perguntas-e-respostas-sobre-o-santo-rosario\/\"]}]},{\"@type\":\"BreadcrumbList\",\"@id\":\"https:\/\/www.adf.org.br\/home\/5-perguntas-e-respostas-sobre-o-santo-rosario\/#breadcrumb\",\"itemListElement\":[{\"@type\":\"ListItem\",\"position\":1,\"name\":\"Home\",\"item\":\"https:\/\/www.adf.org.br\/home\/\"},{\"@type\":\"ListItem\",\"position\":2,\"name\":\"5 perguntas e respostas sobre o Santo Ros\\u00e1rio\"}]},{\"@type\":\"Person\",\"@id\":\"https:\/\/www.adf.org.br\/home\/#\/schema\/person\/f35a5c5aa7728a3dedf4ea9aa1fc2753\",\"name\":\"Gabriel Barbosa\",\"image\":{\"@type\":\"ImageObject\",\"@id\":\"https:\/\/www.adf.org.br\/home\/#personlogo\",\"inLanguage\":\"pt-BR\",\"url\":\"https:\/\/secure.gravatar.com\/avatar\/2b2cb2f4637682c5605e8d36818f51ef?s=96&d=mm&r=g\",\"contentUrl\":\"https:\/\/secure.gravatar.com\/avatar\/2b2cb2f4637682c5605e8d36818f51ef?s=96&d=mm&r=g\",\"caption\":\"Gabriel Barbosa\"},\"url\":\"https:\/\/www.adf.org.br\/home\/author\/gabrielpmk-com-br\/\"}]}<\/script>\n<!-- \/ Yoast SEO plugin. -->","yoast_head_json":{"title":"5 perguntas e respostas sobre o Santo Ros\u00e1rio","description":"Conhe\u00e7a mais da devo\u00e7\u00e3o ao Santo Ros\u00e1rio nessa mat\u00e9ria. As repostas podem surpreender voc\u00ea","robots":{"index":"index","follow":"follow","max-snippet":"max-snippet:-1","max-image-preview":"max-image-preview:large","max-video-preview":"max-video-preview:-1"},"canonical":"https:\/\/www.adf.org.br\/home\/5-perguntas-e-respostas-sobre-o-santo-rosario\/","og_locale":"pt_BR","og_type":"article","og_title":"5 perguntas e respostas sobre o Santo Ros\u00e1rio","og_description":"Conhe\u00e7a mais da devo\u00e7\u00e3o ao Santo Ros\u00e1rio nessa mat\u00e9ria. As repostas podem surpreender voc\u00ea","og_url":"https:\/\/www.adf.org.br\/home\/5-perguntas-e-respostas-sobre-o-santo-rosario\/","og_site_name":"Associa\u00e7\u00e3o Devotos de F\u00e1tima","article_published_time":"2023-04-20T03:00:17+00:00","article_modified_time":"2023-04-18T18:36:21+00:00","og_image":[{"width":2560,"height":1707,"url":"https:\/\/www.adf.org.br\/home\/wp-content\/uploads\/2023\/04\/Perguntas-e-respostas-sobre-o-Santo-Rosario-scaled.jpeg","type":"image\/jpeg"}],"twitter_card":"summary_large_image","twitter_misc":{"Escrito por":"Gabriel Barbosa","Est. tempo de leitura":"3 minutos"},"schema":{"@context":"https:\/\/schema.org","@graph":[{"@type":"WebSite","@id":"https:\/\/www.adf.org.br\/home\/#website","url":"https:\/\/www.adf.org.br\/home\/","name":"Associa\u00e7\u00e3o Devotos de F\u00e1tima","description":"Associa\u00e7\u00e3o Devotos de F\u00e1tima","potentialAction":[{"@type":"SearchAction","target":{"@type":"EntryPoint","urlTemplate":"https:\/\/www.adf.org.br\/home\/?s={search_term_string}"},"query-input":"required name=search_term_string"}],"inLanguage":"pt-BR"},{"@type":"ImageObject","@id":"https:\/\/www.adf.org.br\/home\/5-perguntas-e-respostas-sobre-o-santo-rosario\/#primaryimage","inLanguage":"pt-BR","url":"https:\/\/www.adf.org.br\/home\/wp-content\/uploads\/2023\/04\/Perguntas-e-respostas-sobre-o-Santo-Rosario-scaled.jpeg","contentUrl":"https:\/\/www.adf.org.br\/home\/wp-content\/uploads\/2023\/04\/Perguntas-e-respostas-sobre-o-Santo-Rosario-scaled.jpeg","width":2560,"height":1707,"caption":"A pr\u00e1tica do Santo Ros\u00e1rio \u00e9 uma das devo\u00e7\u00f5es que mais agradam a Nossa Senhora e a Deus."},{"@type":"WebPage","@id":"https:\/\/www.adf.org.br\/home\/5-perguntas-e-respostas-sobre-o-santo-rosario\/#webpage","url":"https:\/\/www.adf.org.br\/home\/5-perguntas-e-respostas-sobre-o-santo-rosario\/","name":"5 perguntas e respostas sobre o Santo Ros\u00e1rio","isPartOf":{"@id":"https:\/\/www.adf.org.br\/home\/#website"},"primaryImageOfPage":{"@id":"https:\/\/www.adf.org.br\/home\/5-perguntas-e-respostas-sobre-o-santo-rosario\/#primaryimage"},"datePublished":"2023-04-20T03:00:17+00:00","dateModified":"2023-04-18T18:36:21+00:00","author":{"@id":"https:\/\/www.adf.org.br\/home\/#\/schema\/person\/f35a5c5aa7728a3dedf4ea9aa1fc2753"},"description":"Conhe\u00e7a mais da devo\u00e7\u00e3o ao Santo Ros\u00e1rio nessa mat\u00e9ria. As repostas podem surpreender voc\u00ea","breadcrumb":{"@id":"https:\/\/www.adf.org.br\/home\/5-perguntas-e-respostas-sobre-o-santo-rosario\/#breadcrumb"},"inLanguage":"pt-BR","potentialAction":[{"@type":"ReadAction","target":["https:\/\/www.adf.org.br\/home\/5-perguntas-e-respostas-sobre-o-santo-rosario\/"]}]},{"@type":"BreadcrumbList","@id":"https:\/\/www.adf.org.br\/home\/5-perguntas-e-respostas-sobre-o-santo-rosario\/#breadcrumb","itemListElement":[{"@type":"ListItem","position":1,"name":"Home","item":"https:\/\/www.adf.org.br\/home\/"},{"@type":"ListItem","position":2,"name":"5 perguntas e respostas sobre o Santo Ros\u00e1rio"}]},{"@type":"Person","@id":"https:\/\/www.adf.org.br\/home\/#\/schema\/person\/f35a5c5aa7728a3dedf4ea9aa1fc2753","name":"Gabriel Barbosa","image":{"@type":"ImageObject","@id":"https:\/\/www.adf.org.br\/home\/#personlogo","inLanguage":"pt-BR","url":"https:\/\/secure.gravatar.com\/avatar\/2b2cb2f4637682c5605e8d36818f51ef?s=96&d=mm&r=g","contentUrl":"https:\/\/secure.gravatar.com\/avatar\/2b2cb2f4637682c5605e8d36818f51ef?s=96&d=mm&r=g","caption":"Gabriel Barbosa"},"url":"https:\/\/www.adf.org.br\/home\/author\/gabrielpmk-com-br\/"}]}},"_links":{"self":[{"href":"https:\/\/www.adf.org.br\/home\/wp-json\/wp\/v2\/posts\/72478"}],"collection":[{"href":"https:\/\/www.adf.org.br\/home\/wp-json\/wp\/v2\/posts"}],"about":[{"href":"https:\/\/www.adf.org.br\/home\/wp-json\/wp\/v2\/types\/post"}],"author":[{"embeddable":true,"href":"https:\/\/www.adf.org.br\/home\/wp-json\/wp\/v2\/users\/31"}],"replies":[{"embeddable":true,"href":"https:\/\/www.adf.org.br\/home\/wp-json\/wp\/v2\/comments?post=72478"}],"version-history":[{"count":9,"href":"https:\/\/www.adf.org.br\/home\/wp-json\/wp\/v2\/posts\/72478\/revisions"}],"predecessor-version":[{"id":72480,"href":"https:\/\/www.adf.org.br\/home\/wp-json\/wp\/v2\/posts\/72478\/revisions\/72480"}],"wp:featuredmedia":[{"embeddable":true,"href":"https:\/\/www.adf.org.br\/home\/wp-json\/wp\/v2\/media\/72483"}],"wp:attachment":[{"href":"https:\/\/www.adf.org.br\/home\/wp-json\/wp\/v2\/media?parent=72478"}],"wp:term":[{"taxonomy":"category","embeddable":true,"href":"https:\/\/www.adf.org.br\/home\/wp-json\/wp\/v2\/categories?post=72478"},{"taxonomy":"post_tag","embeddable":true,"href":"https:\/\/www.adf.org.br\/home\/wp-json\/wp\/v2\/tags?post=72478"}],"curies":[{"name":"wp","href":"https:\/\/api.w.org\/{rel}","templated":true}]}}