{"id":72463,"date":"2026-04-19T00:00:38","date_gmt":"2026-04-19T03:00:38","guid":{"rendered":"https:\/\/www.adf.org.br\/home\/?p=72463"},"modified":"2026-03-30T12:43:26","modified_gmt":"2026-03-30T15:43:26","slug":"dia-de-santo-expedito-por-que-ele-e-padroeiro-das-causas-urgentes-descubra","status":"publish","type":"post","link":"https:\/\/www.adf.org.br\/home\/dia-de-santo-expedito-por-que-ele-e-padroeiro-das-causas-urgentes-descubra\/","title":{"rendered":"Dia de Santo Expedito: Por que ele \u00e9 padroeiro das Causas Urgentes? Descubra"},"content":{"rendered":"<h2 style=\"text-align: center;\"><span style=\"color: #000000;\">Dia de Santo Expedito: Por que ele \u00e9 padroeiro das Causas Urgentes? Descubra<\/span><\/h2>\n<p>&nbsp;<\/p>\n<figure id=\"attachment_67880\" class=\"wp-caption aligncenter\" aria-describedby=\"caption-attachment-67880\">\n<p><figure id=\"attachment_67880\" aria-describedby=\"caption-attachment-67880\" style=\"width: 640px\" class=\"wp-caption aligncenter\"><a style=\"color: #000000;\" href=\"https:\/\/adf.org.br\/velario\/expedito?origem=27417\" target=\"_blank\" rel=\"noopener\"><img loading=\"lazy\" class=\"wp-image-67880 size-full\" title=\"Dia de Santo Expedito, Padroeiro das Causas Urgentes\" src=\"https:\/\/www.adf.org.br\/home\/wp-content\/uploads\/2022\/04\/santo-expedito-1.webp\" sizes=\"(max-width: 640px) 100vw, 640px\" srcset=\"https:\/\/www.adf.org.br\/home\/wp-content\/uploads\/2022\/04\/santo-expedito-1.webp 640w, https:\/\/www.adf.org.br\/home\/wp-content\/uploads\/2022\/04\/santo-expedito-1-300x188.webp 300w\" alt=\"Santo Expedito, rogai por n\u00f3s!\" width=\"640\" height=\"400\" \/><\/a><figcaption id=\"caption-attachment-67880\" class=\"wp-caption-text\"><span style=\"color: #000000;\">Dia de Santo Expedito, Padroeiro das Causas Urgentes<\/span><\/figcaption><\/figure><figcaption id=\"caption-attachment-67880\" class=\"wp-caption-text\"><center><br \/>\n<center><\/center><\/center><\/figcaption><\/figure>\n<p><span style=\"color: #000000;\"><strong>C<\/strong>omandante da legi\u00e3o romana e m\u00e1rtir da\u00a0Igreja\u00a0do s\u00e9culo IV,\u00a0Santo Expedito,\u00a0<strong><span style=\"color: #000000;\">cuja<\/span> festa \u00e9 celebrada neste dia 19 de abril<\/strong>,\u00a0<strong>\u00e9 tradicionalmente invocado diante de problemas urgentes. \u00c9 venerado, por exemplo, como protetor de problemas no trabalho, fam\u00edlia e em casos de ju\u00edzo<\/strong>.<\/span><\/p>\n<p><span style=\"color: #000000;\"><strong>Este t\u00edtulo se deve a uma r\u00e1pida a\u00e7\u00e3o que realizou contra o dem\u00f4nio<\/strong>.<\/span><\/p>\n<p><span style=\"color: #000000;\">Segundo a tradi\u00e7\u00e3o,\u00a0quando Santo Expedito ia se converter, o maligno se aproximou dele como um corvo e come\u00e7ou a gritar:<strong>\u00a0<em>\u201ccras, cras, cras\u201d<\/em>, que em latim significa \u201camanh\u00e3, amanh\u00e3, amanh\u00e3\u201d<\/strong>.\u00a0<strong>Tudo para fazer com que deixasse a sua decis\u00e3o para depois e sua f\u00e9 se esfriaria.<\/strong><\/span><\/p>\n<p><span style=\"color: #000000;\">O santo imediatamente\u00a0esmagou o corvo tentador, dizendo:\u00a0\u201cHodie, hodie, hodie!\u201d, que significa \u201choje, hoje, hoje\u201d, por isso que ele \u00e9 padroeiro das Causas Urgentes.<\/span><\/p>\n<p><span style=\"color: #000000;\"><strong>\u201cN\u00f3s n\u00e3o vamos deixar nada para amanh\u00e3, a partir de hoje serei crist\u00e3o\u201d, acrescentou. No final, morreu como um m\u00e1rtir valente.<\/strong><\/span><\/p>\n<p><span style=\"color: #000000;\">Santo Expedito tamb\u00e9m \u00e9 protetor dos jovens, estudantes e enfermos. Ele \u00e9 retratado como um soldado com uma cruz na qual est\u00e1 escrito \u201chodie\u201d (hoje) e a folha de palmeira, simbolizando o mart\u00edrio. Em seus p\u00e9s, aparece um corvo com a palavra \u201ccras\u201d (manh\u00e3).<\/span><\/p>\n<h6 style=\"text-align: right;\"><span style=\"color: #000000;\">Fonte: Aleteia<\/span><\/h6>\n<p style=\"text-align: center;\">\n","protected":false},"excerpt":{"rendered":"<p>Dia de Santo Expedito: Por que ele \u00e9 padroeiro das Causas Urgentes? Descubra &nbsp; Comandante da legi\u00e3o romana e m\u00e1rtir da\u00a0Igreja\u00a0do s\u00e9culo IV,\u00a0Santo Expedito,\u00a0cuja festa \u00e9 celebrada neste dia 19 de abril,\u00a0\u00e9 tradicionalmente invocado diante de problemas urgentes. \u00c9 venerado, por exemplo, como protetor de problemas no trabalho, fam\u00edlia e em casos de ju\u00edzo. Este [&hellip;]<\/p>\n","protected":false},"author":31,"featured_media":67880,"comment_status":"open","ping_status":"open","sticky":false,"template":"","format":"standard","meta":[],"categories":[20,2547],"tags":[4989,2319,4991,2297,4990],"yoast_head":"<!-- This site is optimized with the Yoast SEO plugin v17.4 - https:\/\/yoast.com\/wordpress\/plugins\/seo\/ -->\n<title>Dia de Santo Expedito: Por que ele \u00e9 padroeiro das Causas Urgentes? Descubra<\/title>\n<meta name=\"robots\" content=\"index, follow, max-snippet:-1, max-image-preview:large, max-video-preview:-1\" \/>\n<link rel=\"canonical\" href=\"https:\/\/www.adf.org.br\/home\/dia-de-santo-expedito-por-que-ele-e-padroeiro-das-causas-urgentes-descubra\/\" \/>\n<meta property=\"og:locale\" content=\"pt_BR\" \/>\n<meta property=\"og:type\" content=\"article\" \/>\n<meta property=\"og:title\" content=\"Dia de Santo Expedito: Por que ele \u00e9 padroeiro das Causas Urgentes? Descubra\" \/>\n<meta property=\"og:description\" content=\"Dia de Santo Expedito: Por que ele \u00e9 padroeiro das Causas Urgentes? Descubra &nbsp; Comandante da legi\u00e3o romana e m\u00e1rtir da\u00a0Igreja\u00a0do s\u00e9culo IV,\u00a0Santo Expedito,\u00a0cuja festa \u00e9 celebrada neste dia 19 de abril,\u00a0\u00e9 tradicionalmente invocado diante de problemas urgentes. \u00c9 venerado, por exemplo, como protetor de problemas no trabalho, fam\u00edlia e em casos de ju\u00edzo. Este [&hellip;]\" \/>\n<meta property=\"og:url\" content=\"https:\/\/www.adf.org.br\/home\/dia-de-santo-expedito-por-que-ele-e-padroeiro-das-causas-urgentes-descubra\/\" \/>\n<meta property=\"og:site_name\" content=\"Associa\u00e7\u00e3o Devotos de F\u00e1tima\" \/>\n<meta property=\"article:published_time\" content=\"2026-04-19T03:00:38+00:00\" \/>\n<meta property=\"article:modified_time\" content=\"2026-03-30T15:43:26+00:00\" \/>\n<meta name=\"twitter:card\" content=\"summary_large_image\" \/>\n<meta name=\"twitter:image\" content=\"https:\/\/www.adf.org.br\/home\/wp-content\/uploads\/2022\/04\/santo-expedito-1.webp\" \/>\n<meta name=\"twitter:label1\" content=\"Escrito por\" \/>\n\t<meta name=\"twitter:data1\" content=\"Gabriel Barbosa\" \/>\n\t<meta name=\"twitter:label2\" content=\"Est. tempo de leitura\" \/>\n\t<meta name=\"twitter:data2\" content=\"2 minutos\" \/>\n<script type=\"application\/ld+json\" class=\"yoast-schema-graph\">{\"@context\":\"https:\/\/schema.org\",\"@graph\":[{\"@type\":\"WebSite\",\"@id\":\"https:\/\/www.adf.org.br\/home\/#website\",\"url\":\"https:\/\/www.adf.org.br\/home\/\",\"name\":\"Associa\\u00e7\\u00e3o Devotos de F\\u00e1tima\",\"description\":\"Associa\\u00e7\\u00e3o Devotos de F\\u00e1tima\",\"potentialAction\":[{\"@type\":\"SearchAction\",\"target\":{\"@type\":\"EntryPoint\",\"urlTemplate\":\"https:\/\/www.adf.org.br\/home\/?s={search_term_string}\"},\"query-input\":\"required name=search_term_string\"}],\"inLanguage\":\"pt-BR\"},{\"@type\":\"ImageObject\",\"@id\":\"https:\/\/www.adf.org.br\/home\/dia-de-santo-expedito-por-que-ele-e-padroeiro-das-causas-urgentes-descubra\/#primaryimage\",\"inLanguage\":\"pt-BR\",\"url\":\"https:\/\/www.adf.org.br\/home\/wp-content\/uploads\/2022\/04\/santo-expedito-1.webp\",\"contentUrl\":\"https:\/\/www.adf.org.br\/home\/wp-content\/uploads\/2022\/04\/santo-expedito-1.webp\",\"width\":640,\"height\":400,\"caption\":\"Dia de Santo Expedito\"},{\"@type\":\"WebPage\",\"@id\":\"https:\/\/www.adf.org.br\/home\/dia-de-santo-expedito-por-que-ele-e-padroeiro-das-causas-urgentes-descubra\/#webpage\",\"url\":\"https:\/\/www.adf.org.br\/home\/dia-de-santo-expedito-por-que-ele-e-padroeiro-das-causas-urgentes-descubra\/\",\"name\":\"Dia de Santo Expedito: Por que ele \\u00e9 padroeiro das Causas Urgentes? Descubra\",\"isPartOf\":{\"@id\":\"https:\/\/www.adf.org.br\/home\/#website\"},\"primaryImageOfPage\":{\"@id\":\"https:\/\/www.adf.org.br\/home\/dia-de-santo-expedito-por-que-ele-e-padroeiro-das-causas-urgentes-descubra\/#primaryimage\"},\"datePublished\":\"2026-04-19T03:00:38+00:00\",\"dateModified\":\"2026-03-30T15:43:26+00:00\",\"author\":{\"@id\":\"https:\/\/www.adf.org.br\/home\/#\/schema\/person\/f35a5c5aa7728a3dedf4ea9aa1fc2753\"},\"breadcrumb\":{\"@id\":\"https:\/\/www.adf.org.br\/home\/dia-de-santo-expedito-por-que-ele-e-padroeiro-das-causas-urgentes-descubra\/#breadcrumb\"},\"inLanguage\":\"pt-BR\",\"potentialAction\":[{\"@type\":\"ReadAction\",\"target\":[\"https:\/\/www.adf.org.br\/home\/dia-de-santo-expedito-por-que-ele-e-padroeiro-das-causas-urgentes-descubra\/\"]}]},{\"@type\":\"BreadcrumbList\",\"@id\":\"https:\/\/www.adf.org.br\/home\/dia-de-santo-expedito-por-que-ele-e-padroeiro-das-causas-urgentes-descubra\/#breadcrumb\",\"itemListElement\":[{\"@type\":\"ListItem\",\"position\":1,\"name\":\"Home\",\"item\":\"https:\/\/www.adf.org.br\/home\/\"},{\"@type\":\"ListItem\",\"position\":2,\"name\":\"Dia de Santo Expedito: Por que ele \\u00e9 padroeiro das Causas Urgentes? Descubra\"}]},{\"@type\":\"Person\",\"@id\":\"https:\/\/www.adf.org.br\/home\/#\/schema\/person\/f35a5c5aa7728a3dedf4ea9aa1fc2753\",\"name\":\"Gabriel Barbosa\",\"image\":{\"@type\":\"ImageObject\",\"@id\":\"https:\/\/www.adf.org.br\/home\/#personlogo\",\"inLanguage\":\"pt-BR\",\"url\":\"https:\/\/secure.gravatar.com\/avatar\/2b2cb2f4637682c5605e8d36818f51ef?s=96&d=mm&r=g\",\"contentUrl\":\"https:\/\/secure.gravatar.com\/avatar\/2b2cb2f4637682c5605e8d36818f51ef?s=96&d=mm&r=g\",\"caption\":\"Gabriel Barbosa\"},\"url\":\"https:\/\/www.adf.org.br\/home\/author\/gabrielpmk-com-br\/\"}]}<\/script>\n<!-- \/ Yoast SEO plugin. -->","yoast_head_json":{"title":"Dia de Santo Expedito: Por que ele \u00e9 padroeiro das Causas Urgentes? Descubra","robots":{"index":"index","follow":"follow","max-snippet":"max-snippet:-1","max-image-preview":"max-image-preview:large","max-video-preview":"max-video-preview:-1"},"canonical":"https:\/\/www.adf.org.br\/home\/dia-de-santo-expedito-por-que-ele-e-padroeiro-das-causas-urgentes-descubra\/","og_locale":"pt_BR","og_type":"article","og_title":"Dia de Santo Expedito: Por que ele \u00e9 padroeiro das Causas Urgentes? Descubra","og_description":"Dia de Santo Expedito: Por que ele \u00e9 padroeiro das Causas Urgentes? Descubra &nbsp; Comandante da legi\u00e3o romana e m\u00e1rtir da\u00a0Igreja\u00a0do s\u00e9culo IV,\u00a0Santo Expedito,\u00a0cuja festa \u00e9 celebrada neste dia 19 de abril,\u00a0\u00e9 tradicionalmente invocado diante de problemas urgentes. \u00c9 venerado, por exemplo, como protetor de problemas no trabalho, fam\u00edlia e em casos de ju\u00edzo. Este [&hellip;]","og_url":"https:\/\/www.adf.org.br\/home\/dia-de-santo-expedito-por-que-ele-e-padroeiro-das-causas-urgentes-descubra\/","og_site_name":"Associa\u00e7\u00e3o Devotos de F\u00e1tima","article_published_time":"2026-04-19T03:00:38+00:00","article_modified_time":"2026-03-30T15:43:26+00:00","twitter_card":"summary_large_image","twitter_image":"https:\/\/www.adf.org.br\/home\/wp-content\/uploads\/2022\/04\/santo-expedito-1.webp","twitter_misc":{"Escrito por":"Gabriel Barbosa","Est. tempo de leitura":"2 minutos"},"schema":{"@context":"https:\/\/schema.org","@graph":[{"@type":"WebSite","@id":"https:\/\/www.adf.org.br\/home\/#website","url":"https:\/\/www.adf.org.br\/home\/","name":"Associa\u00e7\u00e3o Devotos de F\u00e1tima","description":"Associa\u00e7\u00e3o Devotos de F\u00e1tima","potentialAction":[{"@type":"SearchAction","target":{"@type":"EntryPoint","urlTemplate":"https:\/\/www.adf.org.br\/home\/?s={search_term_string}"},"query-input":"required name=search_term_string"}],"inLanguage":"pt-BR"},{"@type":"ImageObject","@id":"https:\/\/www.adf.org.br\/home\/dia-de-santo-expedito-por-que-ele-e-padroeiro-das-causas-urgentes-descubra\/#primaryimage","inLanguage":"pt-BR","url":"https:\/\/www.adf.org.br\/home\/wp-content\/uploads\/2022\/04\/santo-expedito-1.webp","contentUrl":"https:\/\/www.adf.org.br\/home\/wp-content\/uploads\/2022\/04\/santo-expedito-1.webp","width":640,"height":400,"caption":"Dia de Santo Expedito"},{"@type":"WebPage","@id":"https:\/\/www.adf.org.br\/home\/dia-de-santo-expedito-por-que-ele-e-padroeiro-das-causas-urgentes-descubra\/#webpage","url":"https:\/\/www.adf.org.br\/home\/dia-de-santo-expedito-por-que-ele-e-padroeiro-das-causas-urgentes-descubra\/","name":"Dia de Santo Expedito: Por que ele \u00e9 padroeiro das Causas Urgentes? Descubra","isPartOf":{"@id":"https:\/\/www.adf.org.br\/home\/#website"},"primaryImageOfPage":{"@id":"https:\/\/www.adf.org.br\/home\/dia-de-santo-expedito-por-que-ele-e-padroeiro-das-causas-urgentes-descubra\/#primaryimage"},"datePublished":"2026-04-19T03:00:38+00:00","dateModified":"2026-03-30T15:43:26+00:00","author":{"@id":"https:\/\/www.adf.org.br\/home\/#\/schema\/person\/f35a5c5aa7728a3dedf4ea9aa1fc2753"},"breadcrumb":{"@id":"https:\/\/www.adf.org.br\/home\/dia-de-santo-expedito-por-que-ele-e-padroeiro-das-causas-urgentes-descubra\/#breadcrumb"},"inLanguage":"pt-BR","potentialAction":[{"@type":"ReadAction","target":["https:\/\/www.adf.org.br\/home\/dia-de-santo-expedito-por-que-ele-e-padroeiro-das-causas-urgentes-descubra\/"]}]},{"@type":"BreadcrumbList","@id":"https:\/\/www.adf.org.br\/home\/dia-de-santo-expedito-por-que-ele-e-padroeiro-das-causas-urgentes-descubra\/#breadcrumb","itemListElement":[{"@type":"ListItem","position":1,"name":"Home","item":"https:\/\/www.adf.org.br\/home\/"},{"@type":"ListItem","position":2,"name":"Dia de Santo Expedito: Por que ele \u00e9 padroeiro das Causas Urgentes? Descubra"}]},{"@type":"Person","@id":"https:\/\/www.adf.org.br\/home\/#\/schema\/person\/f35a5c5aa7728a3dedf4ea9aa1fc2753","name":"Gabriel Barbosa","image":{"@type":"ImageObject","@id":"https:\/\/www.adf.org.br\/home\/#personlogo","inLanguage":"pt-BR","url":"https:\/\/secure.gravatar.com\/avatar\/2b2cb2f4637682c5605e8d36818f51ef?s=96&d=mm&r=g","contentUrl":"https:\/\/secure.gravatar.com\/avatar\/2b2cb2f4637682c5605e8d36818f51ef?s=96&d=mm&r=g","caption":"Gabriel Barbosa"},"url":"https:\/\/www.adf.org.br\/home\/author\/gabrielpmk-com-br\/"}]}},"_links":{"self":[{"href":"https:\/\/www.adf.org.br\/home\/wp-json\/wp\/v2\/posts\/72463"}],"collection":[{"href":"https:\/\/www.adf.org.br\/home\/wp-json\/wp\/v2\/posts"}],"about":[{"href":"https:\/\/www.adf.org.br\/home\/wp-json\/wp\/v2\/types\/post"}],"author":[{"embeddable":true,"href":"https:\/\/www.adf.org.br\/home\/wp-json\/wp\/v2\/users\/31"}],"replies":[{"embeddable":true,"href":"https:\/\/www.adf.org.br\/home\/wp-json\/wp\/v2\/comments?post=72463"}],"version-history":[{"count":14,"href":"https:\/\/www.adf.org.br\/home\/wp-json\/wp\/v2\/posts\/72463\/revisions"}],"predecessor-version":[{"id":79995,"href":"https:\/\/www.adf.org.br\/home\/wp-json\/wp\/v2\/posts\/72463\/revisions\/79995"}],"wp:featuredmedia":[{"embeddable":true,"href":"https:\/\/www.adf.org.br\/home\/wp-json\/wp\/v2\/media\/67880"}],"wp:attachment":[{"href":"https:\/\/www.adf.org.br\/home\/wp-json\/wp\/v2\/media?parent=72463"}],"wp:term":[{"taxonomy":"category","embeddable":true,"href":"https:\/\/www.adf.org.br\/home\/wp-json\/wp\/v2\/categories?post=72463"},{"taxonomy":"post_tag","embeddable":true,"href":"https:\/\/www.adf.org.br\/home\/wp-json\/wp\/v2\/tags?post=72463"}],"curies":[{"name":"wp","href":"https:\/\/api.w.org\/{rel}","templated":true}]}}