{"id":72371,"date":"2026-04-03T00:30:01","date_gmt":"2026-04-03T03:30:01","guid":{"rendered":"https:\/\/www.adf.org.br\/home\/?p=72371"},"modified":"2026-03-30T11:39:29","modified_gmt":"2026-03-30T14:39:29","slug":"morte-de-nosso-senhor-meditacao-para-a-sexta-feira-santa","status":"publish","type":"post","link":"https:\/\/www.adf.org.br\/home\/morte-de-nosso-senhor-meditacao-para-a-sexta-feira-santa\/","title":{"rendered":"Morte de Nosso Senhor: Medita\u00e7\u00e3o para a Sexta-feira Santa"},"content":{"rendered":"<h2 style=\"text-align: center;\"><span style=\"color: #000000;\">Morte de Nosso Senhor: Medita\u00e7\u00e3o para a Sexta-feira Santa<\/span><\/h2>\n<figure id=\"attachment_38408\" aria-describedby=\"caption-attachment-38408\" style=\"width: 431px\" class=\"wp-caption aligncenter\"><a href=\"https:\/\/adf.org.br\/velario\/pascoa?origem=27353\" target=\"_blank\" rel=\"noopener\"><img loading=\"lazy\" class=\"wp-image-38408\" title=\"Multidao em volta de Jesus crucificado na cruz\" src=\"http:\/\/www.adf.org.br\/home\/wp-content\/uploads\/2016\/03\/Cristo-Crucificado.jpg\" alt=\"Sexta-Feira Santa! O dia da Morte de Cristo.\" width=\"431\" height=\"560\" \/><\/a><figcaption id=\"caption-attachment-38408\" class=\"wp-caption-text\">Sexta-Feira Santa! O dia da Morte de Cristo.<\/figcaption><\/figure>\n<p style=\"padding-left: 90px;\"><strong><span style=\"color: #800080; font-size: medium; font-family: verdana, geneva;\"><br \/>\n<span style=\"color: #ffffff;\">.<\/span><br \/>\n\u201cO povo judaico gemia porque o Messias n\u00e3o vinha. Mas quando veio, se p\u00f4s a persegui-Lo. Ele praticou milagres, entusiasmou o povo.<\/span><\/strong><\/p>\n<p><span style=\"color: #000000; font-size: medium; font-family: verdana, geneva;\"><span style=\"font-size: large;\"><strong><span style=\"color: #ffffff;\">.<\/span><br \/>\nA<\/strong><\/span> classe sacerdotal, a classe alta pol\u00edtica, teve medo:\u00a0<em>\u2018Quem \u00e9 este homem que leva atr\u00e1s de Si as multid\u00f5es? O que restar\u00e1 do nosso poder? Ele \u00e9 perigoso para n\u00f3s!\u2019.<\/em><\/span><\/p>\n<p><span style=\"color: #000000; font-size: medium; font-family: verdana, geneva;\">A persegui\u00e7\u00e3o come\u00e7ou \u00e0 maneira muito moderna: por uma guerra de cal\u00fanias e perguntas retorcidas, cheias de ciladas, montadas nos laborat\u00f3rios da insinceridade.<\/span><\/p>\n<p><strong><span style=\"color: #000000; font-size: medium; font-family: verdana, geneva;\">A resposta divina era simples, direta, luminosa e pulverizadora!<\/span><\/strong><\/p>\n<p><span style=\"color: #000000; font-size: medium; font-family: verdana, geneva;\">P\u00f4ncio Pilatos s\u00f3 O condenou devido a uma jogada pol\u00edtica dos sacerdotes. Disseram eles:<em>\u2018Se tu n\u00e3o condenares Cristo \u00e0 morte, tu n\u00e3o \u00e9s amigo de C\u00e9sar!\u2019<\/em>\u00a0(Jo 19,12).<\/span><\/p>\n<p style=\"padding-left: 90px;\"><span style=\"color: #800080;\"><strong><span style=\"font-size: medium; font-family: verdana, geneva;\"><span style=\"color: #ffffff;\">.<\/span><br \/>\nE Pilatos, mole e de maneira vil, diante da id\u00e9ia de perder o cargo de governador da Jud\u00e9ia, mandou mat\u00e1-Lo.<\/span><\/strong><\/span><\/p>\n<p><span style=\"color: #000000; font-size: medium; font-family: verdana, geneva;\"><span style=\"color: #ffffff;\">.<\/span><br \/>\nPilatos come\u00e7ou parlamentando com a popula\u00e7a, e prop\u00f4s:\u00a0<em>\u2018Quem desejais que seja solto: Jesus ou Barrab\u00e1s?\u2019<\/em>\u00a0(Mt 27,17). Barrab\u00e1s era o chefe de um bando sedicioso.<\/span><\/p>\n<p><span style=\"color: #000000; font-size: medium; font-family: verdana, geneva;\">Era o pin\u00e1culo da inf\u00e2mia e do malfazejo. Jesus era s\u00edmbolo da dignidade do povo judeu. Ele era o descendente de David, a figura mais eminente do Antigo Testamento.<\/span><\/p>\n<p>&nbsp;<\/p>\n<figure id=\"attachment_38414\" aria-describedby=\"caption-attachment-38414\" style=\"width: 186px\" class=\"wp-caption alignleft\"><a href=\"https:\/\/adf.org.br\/velario\/pascoa?origem=27353\" target=\"_blank\" rel=\"noopener\"><img loading=\"lazy\" class=\"wp-image-38414 size-medium\" title=\"Nosso-Senhor-Flagelado\" src=\"http:\/\/www.adf.org.br\/home\/wp-content\/uploads\/2016\/03\/Nosso-Senhor-Flagelado-186x300.jpg\" alt=\"\" width=\"186\" height=\"300\" \/><\/a><figcaption id=\"caption-attachment-38414\" class=\"wp-caption-text\">Nosso Senhor ap\u00f3s sua flagela\u00e7\u00e3o ficou com o corpo todo dilacerado.<\/figcaption><\/figure>\n<p><span style=\"color: #000000; font-size: medium; font-family: verdana, geneva;\">S\u00f3 tinha passado pela Terra fazendo o bem.<\/span><\/p>\n<p><span style=\"color: #000000; font-size: medium; font-family: verdana, geneva;\">Pilatos, sempre centrista, achou que os judeus n\u00e3o seriam t\u00e3o maus que chegassem a preferir Barrab\u00e1s a Jesus.<\/span><\/p>\n<p><span style=\"color: #000000; font-size: medium; font-family: verdana, geneva;\">Ele n\u00e3o compreendia que, quando os homens n\u00e3o seguem a Jesus, escolhem quase necessariamente Barrab\u00e1s.<\/span><\/p>\n<p><strong><span style=\"color: #000000; font-size: medium; font-family: verdana, geneva;\">A primeira e a maior revolu\u00e7\u00e3o de todos os tempos explodiu na Semana Santa.<\/span><\/strong><\/p>\n<p><span style=\"color: #000000; font-size: medium; font-family: verdana, geneva;\">A revolu\u00e7\u00e3o \u00e9, por defini\u00e7\u00e3o, uma revolta dos que devem estar em baixo, e devem amar e obedecer aqueles que est\u00e3o acima.<\/span><\/p>\n<p><span style=\"color: #000000; font-size: medium; font-family: verdana, geneva;\">Nosso Senhor possu\u00eda todos os graus poss\u00edveis de superioridade sobre todo o g\u00eanero humano.<\/span><\/p>\n<p><span style=\"color: #000000; font-size: medium; font-family: verdana, geneva;\">A miss\u00e3o dos judeus era reconhec\u00ea-Lo como Homem-Deus e submeter-se a seu doce imp\u00e9rio.<\/span><\/p>\n<p style=\"padding-left: 90px;\"><span style=\"color: #000000; font-size: medium; font-family: verdana, geneva;\"><span style=\"color: #ffffff;\">.<\/span><br \/>\n<strong><span style=\"color: #800080;\"><span style=\"color: #ffffff;\">.<\/span><br \/>\nFizeram o contr\u00e1rio. N\u00e3o O reconheceram e n\u00e3o Lhe tributaram nem admira\u00e7\u00e3o nem obedi\u00eancia, por maldade, por inveja.<\/span><\/strong><\/span><\/p>\n<p><span style=\"color: #000000; font-size: medium; font-family: verdana, geneva;\"><span style=\"color: #ffffff;\">.<\/span><br \/>\nN\u00e3o quiseram a sua Lei, porque eram corrompidos e Nosso Senhor ensinava a austeridade. Revoltaram-se e mataram-No.<\/span><\/p>\n<p><strong><span style=\"color: #000000; font-size: medium; font-family: verdana, geneva;\">Foi a maior das revolu\u00e7\u00f5es, porque nunca se praticar\u00e1 tanta inf\u00e2mia contra uma t\u00e3o alta autoridade.<\/span><\/strong><\/p>\n<p style=\"padding-left: 90px;\"><span style=\"color: #800080;\"><strong><span style=\"font-size: medium; font-family: verdana, geneva;\"><span style=\"color: #ffffff;\">.<\/span><br \/>\nA revolu\u00e7\u00e3o protestante, a Revolu\u00e7\u00e3o Francesa, a revolu\u00e7\u00e3o comunista t\u00eam seu padr\u00e3o arquet\u00edpico na revolta contra Nosso Senhor, o Rei dos reis.<\/span><\/strong><\/span><\/p>\n<p><span style=\"color: #000000; font-size: medium; font-family: verdana, geneva;\"><span style=\"color: #ffffff;\">.<\/span><br \/>\nQue a considera\u00e7\u00e3o de nosso Rei enxovalhado encha-nos de adora\u00e7\u00e3o e compaix\u00e3o para com Ele e de indigna\u00e7\u00e3o para com a revolu\u00e7\u00e3o que O crucificou\u201d.<\/span><\/p>\n<p><span style=\"color: #000000; font-size: medium; font-family: verdana, geneva;\">\u201cNossa Senho\u00adra das Dores tem uma chaga no cora\u00e7\u00e3o. Nunca a alma de uma m\u00e3e carregou ferida igual. Ela \u00e9 feita de todas as chagas de Nosso Senhor Jesus Cristo.<\/span><\/p>\n<p style=\"padding-left: 90px;\"><span style=\"color: #800080;\"><strong><span style=\"font-size: medium; font-family: verdana, geneva;\"><span style=\"color: #ffffff;\">.<\/span><br \/>\nO Cora\u00e7\u00e3o Imaculado de Maria, traspassado pela espada, \u00e9 a porta por onde n\u00f3s chegamos \u00e0s chagas de Nosso Senhor Jesus Cristo.<\/span><\/strong><\/span><\/p>\n<p><span style=\"color: #000000; font-size: medium; font-family: verdana, geneva;\"><span style=\"color: #ffffff;\">.<\/span><br \/>\n<strong>Nossa Senhora das Dores apela aos transeuntes de todos os s\u00e9culos e pa\u00edses:\u00a0<em>\u2018\u00d3 v\u00f3s todos, que passais pelo caminho, parai e vede se h\u00e1 dor igual \u00e0 minha\u2019.<\/em><\/strong><\/span><\/p>\n<p><span style=\"color: #000000; font-size: medium; font-family: verdana, geneva;\">Hoje \u00e9 a Igreja que nos diz:\u00a0<em>\u2018\u00d3 v\u00f3s todos que passais pelo caminho, parai e vede se h\u00e1 uma dor igual \u00e0 minha dor\u2019.<\/em><\/span><\/p>\n<p style=\"padding-left: 90px;\"><span style=\"color: #000000; font-size: medium; font-family: verdana, geneva;\"><span style=\"color: #800080;\"><strong><span style=\"color: #ffffff;\">.<\/span><br \/>\nA Semana Santa \u00e9 o momento de parar, de suspender a\u00a0 absorvente preocupa\u00e7\u00e3o conosco, com nossa vidinha, e ver se h\u00e1 uma dor igual \u00e0 dor da Igreja Cat\u00f3lica\u201d.<\/strong><\/span><\/span><\/p>\n<p><span style=\"color: #000000; font-size: medium; font-family: verdana, geneva;\"><span style=\"color: #ffffff;\">.<\/span><br \/>\n\u201cNosso Senhor ex\u00e2nime est\u00e1 no colo de sua M\u00e3e virginal. Nossa Senhora \u00e9 a \u2018dona\u2019 daquele cad\u00e1ver e de todos os m\u00e9ritos infinitos d\u2019Ele.<\/span><\/p>\n<p><span style=\"color: #000000; font-size: medium; font-family: verdana, geneva;\">Ela \u00e9 a dispensadora de todas as gra\u00e7as da Reden\u00e7\u00e3o. Tudo passa por meio d\u2019Ela, e por mais extraordin\u00e1rio que seja o valor das divinas chagas, se n\u00e3o for por meio d\u2019Ela, n\u00e3o obtemos nada.<\/span><\/p>\n<p>&nbsp;<\/p>\n<figure id=\"attachment_38416\" aria-describedby=\"caption-attachment-38416\" style=\"width: 300px\" class=\"wp-caption alignleft\"><img loading=\"lazy\" class=\"size-medium wp-image-38416\" title=\"Nossa Senhora das Dores com Cristo morto\" src=\"http:\/\/www.adf.org.br\/home\/wp-content\/uploads\/2016\/03\/Nossa-Senhora-das-Dores-com-Cristo-morto-300x199.jpg\" alt=\"\" width=\"300\" height=\"199\" \/><figcaption id=\"caption-attachment-38416\" class=\"wp-caption-text\">Nossa Senhora chorando com Seu filho Jesus Cristo nos bra\u00e7os.<\/figcaption><\/figure>\n<p><span style=\"color: #000000; font-size: medium; font-family: verdana, geneva;\">A pungente cena fala-nos da grande pena que Ela teve de seu Divino Filho.<\/span><\/p>\n<p><span style=\"color: #000000; font-size: medium; font-family: verdana, geneva;\">Considerando a insond\u00e1vel tristeza de Nossa Senhora segurando o Corpo sem vida de Nosso Senhor, pe\u00e7amos a gra\u00e7a do senso da Paix\u00e3o de Jesus Cristo.<\/span><\/p>\n<p><strong><span style=\"color: #000000; font-size: medium; font-family: verdana, geneva;\">Muitos meditam sobre a Paix\u00e3o com indiferen\u00e7a:\u00a0<em>\u2018O que eu tenho a ver com isso?\u2019.<\/em>\u00a0<\/span><\/strong><\/p>\n<p><span style=\"color: #000000; font-size: medium; font-family: verdana, geneva;\"><span style=\"color: #ffffff;\">.<\/span><br \/>\nMinha M\u00e3e, fazei que as dores de Cristo sejam as minhas, e dai-me a gra\u00e7a de ter constantemente diante de meus olhos a paix\u00e3o tremenda que atravessa hoje a Santa Igreja Cat\u00f3lica\u201d.<\/span><\/p>\n<p><span style=\"color: #000000; font-size: medium; font-family: verdana, geneva;\">O Corpo de Nosso Senhor est\u00e1 l\u00edvido no sepulcro, completamente isolado. Fato tremendo e admir\u00e1vel \u00e9 a solid\u00e3o de Nossa Senhora. Quase sem amigos, Ela est\u00e1 sozinha e na ang\u00fastia.<\/span><\/p>\n<p style=\"padding-left: 90px;\"><strong><span style=\"color: #800080; font-size: medium; font-family: verdana, geneva;\"><span style=\"color: #ffffff;\">.<\/span><br \/>\nH\u00e1 ocasi\u00f5es tamb\u00e9m em que a Santa Igreja pode parecer morta. Mas Ela n\u00e3o morre nunca, e ressurge de todas as suas derrotas e humilha\u00e7\u00f5es.<\/span><\/strong><\/p>\n<p><strong><span style=\"color: #000000; font-size: medium; font-family: verdana, geneva;\"><span style=\"color: #ffffff;\">.<\/span><br \/>\nPor mais conspurcada que pare\u00e7a estar hoje, Ela ressurgir\u00e1, e depois do reinado da Revolu\u00e7\u00e3o vir\u00e1 o Reino de Maria.<\/span><\/strong><\/p>\n<p><span style=\"color: #000000; font-size: medium; font-family: verdana, geneva;\">Presenciando as altera\u00e7\u00f5es, as falsifica\u00e7\u00f5es e as imposturas que desfiguram a Santa Igreja aos olhos dos homens, compreendemos que Ela segue as pegadas de Jesus Cristo.<\/span><\/p>\n<p><span style=\"color: #000000; font-size: medium; font-family: verdana, geneva;\">Quem entra em certas igrejas e v\u00ea, por exemplo, um pastor protestante oficiando junto com um padre cat\u00f3lico, a imoralidade dos trajes, a impureza da doutrina, a extravag\u00e2ncia das inova\u00e7\u00f5es arbitr\u00e1rias, pode dizer:\u00a0<em>\u2018Nossa Igreja est\u00e1 irreconhec\u00edvel\u2019<\/em>.<\/span><\/p>\n<p><span style=\"color: #000000; font-size: medium; font-family: verdana, geneva;\">Na hora em que a causa cat\u00f3lica encontra-se como que em estado cadav\u00e9rico no sepulcro, pe\u00e7amos que Nossa Senhora nos infunda uma confian\u00e7a inabal\u00e1vel de que veremos o triunfo do Reino d\u2019Ela\u201d.<\/span><\/p>\n<p style=\"padding-left: 90px;\"><span style=\"color: #800080;\"><strong><span style=\"font-size: medium; font-family: verdana, geneva;\"><span style=\"color: #ffffff;\">.<\/span><br \/>\nNo fim da Sexta-feira Santa, tem lugar a Prociss\u00e3o Geral da Semana Santa.<\/span><\/strong><\/span><\/p>\n<p><span style=\"color: #000000; font-size: medium; font-family: verdana, geneva;\"><span style=\"color: #ffffff;\">.<\/span><br \/>\nTodas as confrarias, com seus andores, estandartes, cortejos, trombetas e tambores, saem desde a igreja de\u00a0<em>Santa Maria de los Reales Alc\u00e1zares<\/em>.<\/span><\/p>\n<p style=\"padding-left: 90px;\"><span style=\"color: #800080;\"><strong><span style=\"font-size: medium; font-family: verdana, geneva;\"><span style=\"color: #ffffff;\">.<\/span><br \/>\nA pompa e o esplendor \u2014 tr\u00e1gico e grandioso, sublime e cheio de F\u00e9 \u2014 dominam as ruas da cidade, num clima de compun\u00e7\u00e3o e piedade.<\/span><\/strong><\/span><\/p>\n<p><strong><span style=\"color: #000000; font-size: medium; font-family: verdana, geneva;\"><span style=\"color: #ffffff;\">.<\/span><br \/>\nNosso Senhor subia, seguindo sua Via Sacra, quando encontrou Nossa Senhora. Ele foi o mais amoroso dos filhos e Ela foi a mais perfeita das m\u00e3es.<\/span><\/strong><\/p>\n<p><span style=\"color: #000000; font-size: medium; font-family: verdana, geneva;\">Como Ela h\u00e1 de ter chorado, vendo-O nessa deplor\u00e1vel situa\u00e7\u00e3o! Como Ele h\u00e1 de ter chorado, vendo-A presenciar o seu infort\u00fanio tremendo!<\/span><\/p>\n<p>&nbsp;<\/p>\n<figure id=\"attachment_38418\" aria-describedby=\"caption-attachment-38418\" style=\"width: 300px\" class=\"wp-caption alignleft\"><img loading=\"lazy\" class=\"size-medium wp-image-38418\" title=\"Nosso Senhor carregando a Cruz.\" src=\"http:\/\/www.adf.org.br\/home\/wp-content\/uploads\/2016\/03\/Titian_-_Christ_Carrying_the_Cross_-_WGA22830-300x248.jpg\" alt=\"\" width=\"300\" height=\"248\" \/><figcaption id=\"caption-attachment-38418\" class=\"wp-caption-text\">Nosso Senhor \u00e9 ajudado por Sim\u00e3o o Cirineu a carregar sua Cruz!<\/figcaption><\/figure>\n<p><strong><span style=\"color: #000000; font-size: medium; font-family: verdana, geneva;\">Cada um de n\u00f3s tem uma cruz a carregar.<\/span><\/strong><\/p>\n<p><span style=\"color: #000000; font-size: medium; font-family: verdana, geneva;\">Cada um desejaria ser algo que n\u00e3o \u00e9, ter algo que n\u00e3o tem, poder algo que n\u00e3o pode, fazer algo que n\u00e3o faz.<\/span><\/p>\n<p><span style=\"color: #000000; font-size: medium; font-family: verdana, geneva;\">\u00c9 preciso nossa ren\u00fancia, para sermos e fazermos o que n\u00e3o queremos, mas que est\u00e1 no sentido da nossa voca\u00e7\u00e3o.<\/span><\/p>\n<p><span style=\"color: #000000; font-size: medium; font-family: verdana, geneva;\">Que Nosso Senhor nos d\u00ea o amor \u00e0 nossa cruz, como o que Ele teve \u00e0 sua Cruz.<\/span><\/p>\n<p><span style=\"color: #000000; font-size: medium; font-family: verdana, geneva;\"><span style=\"color: #ffffff;\">.<\/span><br \/>\n<span style=\"color: #ffffff;\">.<\/span><br \/>\nEm vez de tomar o Santo Lenho com horror, o Redentor abra\u00e7ou-o e beijou-o, porque com ele cumpriria a sua miss\u00e3o na Terra.<\/span><\/p>\n<p><span style=\"color: #000000; font-size: medium; font-family: verdana, geneva;\">Nossa cruz consiste em cumprirmos nossa miss\u00e3o. Abracemo-la com muitas l\u00e1grimas e carinho, dizendo:\u00a0<em>\u2018\u00c0 for\u00e7a de rezar e de pedir, eu levarei esta minha cruz at\u00e9 o alto de meu calv\u00e1rio!\u2019.<\/em><\/span><\/p>\n<p><span style=\"color: #000000; font-size: medium; font-family: verdana, geneva;\">Nossa Senhora acompanhar-me-\u00e1, como acompanhou Nosso Senhor, aben\u00e7oando o meu mart\u00edrio interior, porque Ela deseja que todos os seus filhos passem por onde passou o seu Filho ador\u00e1vel\u201d.<\/span><\/p>\n<p style=\"padding-left: 90px;\"><span style=\"color: #800080;\"><strong><span style=\"font-size: medium; font-family: verdana, geneva;\"><span style=\"color: #ffffff;\">.<\/span><br \/>\n\u201cNosso Senhor assumiu todas as formas e graus de dor como um rei que vai para a coroa\u00e7\u00e3o. Com passo digno, sereno, firme, sem hesita\u00e7\u00e3o!<\/span><\/strong><\/span><\/p>\n<p><span style=\"color: #000000; font-size: medium; font-family: verdana, geneva;\"><span style=\"color: #ffffff;\">.<\/span><br \/>\nCom uma probidade e uma integridade que lembram o\u00a0<em>\u2018Ecce Ancilla Domini, fiat mihi secundum verbum tuum\u2019<\/em>\u00a0[Eis aqui a escrava do Senhor, fa\u00e7a-se em mim segundo a vossa palavra], a frase pronunciada por Nossa Senhora.<\/span><\/p>\n<p><strong><span style=\"color: #000000; font-size: medium; font-family: verdana, geneva;\">Nada Lhe foi poupado, quer f\u00edsica, quer espiritualmente.<\/span><\/strong><\/p>\n<p><span style=\"color: #000000; font-size: medium; font-family: verdana, geneva;\">Ele ingressou no abismo mais profundo do sofrimento com passo de her\u00f3i, e apresentou-Se resplandecente de dor ante a justi\u00e7a do Padre Eterno. Assim salvou o g\u00eanero humano.<\/span><\/p>\n<p><span style=\"color: #000000; font-size: medium; font-family: verdana, geneva;\">Como isto \u00e9 \u00fatil para vencer a minha moleza! No caminho oposto \u00e0quilo para o que eu tendo, encontra-se toda a sublimidade, beleza e santidade de Nosso Senhor Jesus Cristo!<\/span><\/p>\n<h5 style=\"padding-left: 90px;\"><span style=\"color: #800080;\"><strong><span style=\"font-size: medium; font-family: verdana, geneva;\"><span style=\"color: #ffffff;\">.<\/span><br \/>\nEm cada passo, aconteceu-Lhe o pior poss\u00edvel. Ele aceitou isso por inteiro, sem um minuto de adiamento.<\/span><\/strong><\/span><\/h5>\n<p><span style=\"color: #000000; font-size: medium; font-family: verdana, geneva;\"><span style=\"color: #ffffff;\">.<\/span><br \/>\nJamais pediu que tivessem pena d\u2019Ele, ou que adiassem algo. Caiu debaixo da Cruz, porque suas for\u00e7as n\u00e3o suportaram o sofrimento. Mas, logo que p\u00f4de, levantou-Se e continuou\u201d.<\/span><\/p>\n<p style=\"text-align: right;\"><span style=\"font-size: 10pt;\"><em><span style=\"color: #000000; font-family: verdana, geneva;\"><strong>Fonte<\/strong>: Revista Catolicismo.\u00a0<\/span><\/em><\/span><\/p>\n<p><span style=\"font-size: medium; color: #ffffff; font-family: verdana, geneva;\">.<\/span><\/p>\n<hr \/>\n<p><a href=\"https:\/\/adf.org.br\/velario\/pascoa?origem=27353\" target=\"_blank\" rel=\"noopener\">\u00a0<\/a><\/p>\n","protected":false},"excerpt":{"rendered":"<p>Morte de Nosso Senhor: Medita\u00e7\u00e3o para a Sexta-feira Santa . \u201cO povo judaico gemia porque o Messias n\u00e3o vinha. Mas quando veio, se p\u00f4s a persegui-Lo. Ele praticou milagres, entusiasmou o povo. . A classe sacerdotal, a classe alta pol\u00edtica, teve medo:\u00a0\u2018Quem \u00e9 este homem que leva atr\u00e1s de Si as multid\u00f5es? O que restar\u00e1 [&hellip;]<\/p>\n","protected":false},"author":31,"featured_media":72401,"comment_status":"open","ping_status":"open","sticky":false,"template":"","format":"standard","meta":[],"categories":[20],"tags":[4978,1307,107,4972,4977,2846],"yoast_head":"<!-- This site is optimized with the Yoast SEO plugin v17.4 - https:\/\/yoast.com\/wordpress\/plugins\/seo\/ -->\n<title>Morte de Nosso Senhor: Medita\u00e7\u00e3o para a Sexta-feira Santa<\/title>\n<meta name=\"description\" content=\"Medita\u00e7\u00e3o que todo cat\u00f3lico deve fazer no dia de hoje, Sexta-feira Santa, morte de Nosso Senhor Jesus Cristo.\" \/>\n<meta name=\"robots\" content=\"index, follow, max-snippet:-1, max-image-preview:large, max-video-preview:-1\" \/>\n<link rel=\"canonical\" href=\"https:\/\/www.adf.org.br\/home\/morte-de-nosso-senhor-meditacao-para-a-sexta-feira-santa\/\" \/>\n<meta property=\"og:locale\" content=\"pt_BR\" \/>\n<meta property=\"og:type\" content=\"article\" \/>\n<meta property=\"og:title\" content=\"Morte de Nosso Senhor: Medita\u00e7\u00e3o para a Sexta-feira Santa\" \/>\n<meta property=\"og:description\" content=\"Medita\u00e7\u00e3o que todo cat\u00f3lico deve fazer no dia de hoje, Sexta-feira Santa, morte de Nosso Senhor Jesus Cristo.\" \/>\n<meta property=\"og:url\" content=\"https:\/\/www.adf.org.br\/home\/morte-de-nosso-senhor-meditacao-para-a-sexta-feira-santa\/\" \/>\n<meta property=\"og:site_name\" content=\"Associa\u00e7\u00e3o Devotos de F\u00e1tima\" \/>\n<meta property=\"article:published_time\" content=\"2026-04-03T03:30:01+00:00\" \/>\n<meta property=\"article:modified_time\" content=\"2026-03-30T14:39:29+00:00\" \/>\n<meta property=\"og:image\" content=\"https:\/\/www.adf.org.br\/home\/wp-content\/uploads\/2023\/04\/cq5dam.thumbnail.cropped.750.422-3.jpeg\" \/>\n\t<meta property=\"og:image:width\" content=\"634\" \/>\n\t<meta property=\"og:image:height\" content=\"357\" \/>\n<meta name=\"twitter:card\" content=\"summary_large_image\" \/>\n<meta name=\"twitter:label1\" content=\"Escrito por\" \/>\n\t<meta name=\"twitter:data1\" content=\"Gabriel Barbosa\" \/>\n\t<meta name=\"twitter:label2\" content=\"Est. tempo de leitura\" \/>\n\t<meta name=\"twitter:data2\" content=\"7 minutos\" \/>\n<script type=\"application\/ld+json\" class=\"yoast-schema-graph\">{\"@context\":\"https:\/\/schema.org\",\"@graph\":[{\"@type\":\"WebSite\",\"@id\":\"https:\/\/www.adf.org.br\/home\/#website\",\"url\":\"https:\/\/www.adf.org.br\/home\/\",\"name\":\"Associa\\u00e7\\u00e3o Devotos de F\\u00e1tima\",\"description\":\"Associa\\u00e7\\u00e3o Devotos de F\\u00e1tima\",\"potentialAction\":[{\"@type\":\"SearchAction\",\"target\":{\"@type\":\"EntryPoint\",\"urlTemplate\":\"https:\/\/www.adf.org.br\/home\/?s={search_term_string}\"},\"query-input\":\"required name=search_term_string\"}],\"inLanguage\":\"pt-BR\"},{\"@type\":\"ImageObject\",\"@id\":\"https:\/\/www.adf.org.br\/home\/morte-de-nosso-senhor-meditacao-para-a-sexta-feira-santa\/#primaryimage\",\"inLanguage\":\"pt-BR\",\"url\":\"https:\/\/www.adf.org.br\/home\/wp-content\/uploads\/2023\/04\/cq5dam.thumbnail.cropped.750.422-3.jpeg\",\"contentUrl\":\"https:\/\/www.adf.org.br\/home\/wp-content\/uploads\/2023\/04\/cq5dam.thumbnail.cropped.750.422-3.jpeg\",\"width\":634,\"height\":357},{\"@type\":\"WebPage\",\"@id\":\"https:\/\/www.adf.org.br\/home\/morte-de-nosso-senhor-meditacao-para-a-sexta-feira-santa\/#webpage\",\"url\":\"https:\/\/www.adf.org.br\/home\/morte-de-nosso-senhor-meditacao-para-a-sexta-feira-santa\/\",\"name\":\"Morte de Nosso Senhor: Medita\\u00e7\\u00e3o para a Sexta-feira Santa\",\"isPartOf\":{\"@id\":\"https:\/\/www.adf.org.br\/home\/#website\"},\"primaryImageOfPage\":{\"@id\":\"https:\/\/www.adf.org.br\/home\/morte-de-nosso-senhor-meditacao-para-a-sexta-feira-santa\/#primaryimage\"},\"datePublished\":\"2026-04-03T03:30:01+00:00\",\"dateModified\":\"2026-03-30T14:39:29+00:00\",\"author\":{\"@id\":\"https:\/\/www.adf.org.br\/home\/#\/schema\/person\/f35a5c5aa7728a3dedf4ea9aa1fc2753\"},\"description\":\"Medita\\u00e7\\u00e3o que todo cat\\u00f3lico deve fazer no dia de hoje, Sexta-feira Santa, morte de Nosso Senhor Jesus Cristo.\",\"breadcrumb\":{\"@id\":\"https:\/\/www.adf.org.br\/home\/morte-de-nosso-senhor-meditacao-para-a-sexta-feira-santa\/#breadcrumb\"},\"inLanguage\":\"pt-BR\",\"potentialAction\":[{\"@type\":\"ReadAction\",\"target\":[\"https:\/\/www.adf.org.br\/home\/morte-de-nosso-senhor-meditacao-para-a-sexta-feira-santa\/\"]}]},{\"@type\":\"BreadcrumbList\",\"@id\":\"https:\/\/www.adf.org.br\/home\/morte-de-nosso-senhor-meditacao-para-a-sexta-feira-santa\/#breadcrumb\",\"itemListElement\":[{\"@type\":\"ListItem\",\"position\":1,\"name\":\"Home\",\"item\":\"https:\/\/www.adf.org.br\/home\/\"},{\"@type\":\"ListItem\",\"position\":2,\"name\":\"Morte de Nosso Senhor: Medita\\u00e7\\u00e3o para a Sexta-feira Santa\"}]},{\"@type\":\"Person\",\"@id\":\"https:\/\/www.adf.org.br\/home\/#\/schema\/person\/f35a5c5aa7728a3dedf4ea9aa1fc2753\",\"name\":\"Gabriel Barbosa\",\"image\":{\"@type\":\"ImageObject\",\"@id\":\"https:\/\/www.adf.org.br\/home\/#personlogo\",\"inLanguage\":\"pt-BR\",\"url\":\"https:\/\/secure.gravatar.com\/avatar\/2b2cb2f4637682c5605e8d36818f51ef?s=96&d=mm&r=g\",\"contentUrl\":\"https:\/\/secure.gravatar.com\/avatar\/2b2cb2f4637682c5605e8d36818f51ef?s=96&d=mm&r=g\",\"caption\":\"Gabriel Barbosa\"},\"url\":\"https:\/\/www.adf.org.br\/home\/author\/gabrielpmk-com-br\/\"}]}<\/script>\n<!-- \/ Yoast SEO plugin. -->","yoast_head_json":{"title":"Morte de Nosso Senhor: Medita\u00e7\u00e3o para a Sexta-feira Santa","description":"Medita\u00e7\u00e3o que todo cat\u00f3lico deve fazer no dia de hoje, Sexta-feira Santa, morte de Nosso Senhor Jesus Cristo.","robots":{"index":"index","follow":"follow","max-snippet":"max-snippet:-1","max-image-preview":"max-image-preview:large","max-video-preview":"max-video-preview:-1"},"canonical":"https:\/\/www.adf.org.br\/home\/morte-de-nosso-senhor-meditacao-para-a-sexta-feira-santa\/","og_locale":"pt_BR","og_type":"article","og_title":"Morte de Nosso Senhor: Medita\u00e7\u00e3o para a Sexta-feira Santa","og_description":"Medita\u00e7\u00e3o que todo cat\u00f3lico deve fazer no dia de hoje, Sexta-feira Santa, morte de Nosso Senhor Jesus Cristo.","og_url":"https:\/\/www.adf.org.br\/home\/morte-de-nosso-senhor-meditacao-para-a-sexta-feira-santa\/","og_site_name":"Associa\u00e7\u00e3o Devotos de F\u00e1tima","article_published_time":"2026-04-03T03:30:01+00:00","article_modified_time":"2026-03-30T14:39:29+00:00","og_image":[{"width":634,"height":357,"url":"https:\/\/www.adf.org.br\/home\/wp-content\/uploads\/2023\/04\/cq5dam.thumbnail.cropped.750.422-3.jpeg","type":"image\/jpeg"}],"twitter_card":"summary_large_image","twitter_misc":{"Escrito por":"Gabriel Barbosa","Est. tempo de leitura":"7 minutos"},"schema":{"@context":"https:\/\/schema.org","@graph":[{"@type":"WebSite","@id":"https:\/\/www.adf.org.br\/home\/#website","url":"https:\/\/www.adf.org.br\/home\/","name":"Associa\u00e7\u00e3o Devotos de F\u00e1tima","description":"Associa\u00e7\u00e3o Devotos de F\u00e1tima","potentialAction":[{"@type":"SearchAction","target":{"@type":"EntryPoint","urlTemplate":"https:\/\/www.adf.org.br\/home\/?s={search_term_string}"},"query-input":"required name=search_term_string"}],"inLanguage":"pt-BR"},{"@type":"ImageObject","@id":"https:\/\/www.adf.org.br\/home\/morte-de-nosso-senhor-meditacao-para-a-sexta-feira-santa\/#primaryimage","inLanguage":"pt-BR","url":"https:\/\/www.adf.org.br\/home\/wp-content\/uploads\/2023\/04\/cq5dam.thumbnail.cropped.750.422-3.jpeg","contentUrl":"https:\/\/www.adf.org.br\/home\/wp-content\/uploads\/2023\/04\/cq5dam.thumbnail.cropped.750.422-3.jpeg","width":634,"height":357},{"@type":"WebPage","@id":"https:\/\/www.adf.org.br\/home\/morte-de-nosso-senhor-meditacao-para-a-sexta-feira-santa\/#webpage","url":"https:\/\/www.adf.org.br\/home\/morte-de-nosso-senhor-meditacao-para-a-sexta-feira-santa\/","name":"Morte de Nosso Senhor: Medita\u00e7\u00e3o para a Sexta-feira Santa","isPartOf":{"@id":"https:\/\/www.adf.org.br\/home\/#website"},"primaryImageOfPage":{"@id":"https:\/\/www.adf.org.br\/home\/morte-de-nosso-senhor-meditacao-para-a-sexta-feira-santa\/#primaryimage"},"datePublished":"2026-04-03T03:30:01+00:00","dateModified":"2026-03-30T14:39:29+00:00","author":{"@id":"https:\/\/www.adf.org.br\/home\/#\/schema\/person\/f35a5c5aa7728a3dedf4ea9aa1fc2753"},"description":"Medita\u00e7\u00e3o que todo cat\u00f3lico deve fazer no dia de hoje, Sexta-feira Santa, morte de Nosso Senhor Jesus Cristo.","breadcrumb":{"@id":"https:\/\/www.adf.org.br\/home\/morte-de-nosso-senhor-meditacao-para-a-sexta-feira-santa\/#breadcrumb"},"inLanguage":"pt-BR","potentialAction":[{"@type":"ReadAction","target":["https:\/\/www.adf.org.br\/home\/morte-de-nosso-senhor-meditacao-para-a-sexta-feira-santa\/"]}]},{"@type":"BreadcrumbList","@id":"https:\/\/www.adf.org.br\/home\/morte-de-nosso-senhor-meditacao-para-a-sexta-feira-santa\/#breadcrumb","itemListElement":[{"@type":"ListItem","position":1,"name":"Home","item":"https:\/\/www.adf.org.br\/home\/"},{"@type":"ListItem","position":2,"name":"Morte de Nosso Senhor: Medita\u00e7\u00e3o para a Sexta-feira Santa"}]},{"@type":"Person","@id":"https:\/\/www.adf.org.br\/home\/#\/schema\/person\/f35a5c5aa7728a3dedf4ea9aa1fc2753","name":"Gabriel Barbosa","image":{"@type":"ImageObject","@id":"https:\/\/www.adf.org.br\/home\/#personlogo","inLanguage":"pt-BR","url":"https:\/\/secure.gravatar.com\/avatar\/2b2cb2f4637682c5605e8d36818f51ef?s=96&d=mm&r=g","contentUrl":"https:\/\/secure.gravatar.com\/avatar\/2b2cb2f4637682c5605e8d36818f51ef?s=96&d=mm&r=g","caption":"Gabriel Barbosa"},"url":"https:\/\/www.adf.org.br\/home\/author\/gabrielpmk-com-br\/"}]}},"_links":{"self":[{"href":"https:\/\/www.adf.org.br\/home\/wp-json\/wp\/v2\/posts\/72371"}],"collection":[{"href":"https:\/\/www.adf.org.br\/home\/wp-json\/wp\/v2\/posts"}],"about":[{"href":"https:\/\/www.adf.org.br\/home\/wp-json\/wp\/v2\/types\/post"}],"author":[{"embeddable":true,"href":"https:\/\/www.adf.org.br\/home\/wp-json\/wp\/v2\/users\/31"}],"replies":[{"embeddable":true,"href":"https:\/\/www.adf.org.br\/home\/wp-json\/wp\/v2\/comments?post=72371"}],"version-history":[{"count":12,"href":"https:\/\/www.adf.org.br\/home\/wp-json\/wp\/v2\/posts\/72371\/revisions"}],"predecessor-version":[{"id":79988,"href":"https:\/\/www.adf.org.br\/home\/wp-json\/wp\/v2\/posts\/72371\/revisions\/79988"}],"wp:featuredmedia":[{"embeddable":true,"href":"https:\/\/www.adf.org.br\/home\/wp-json\/wp\/v2\/media\/72401"}],"wp:attachment":[{"href":"https:\/\/www.adf.org.br\/home\/wp-json\/wp\/v2\/media?parent=72371"}],"wp:term":[{"taxonomy":"category","embeddable":true,"href":"https:\/\/www.adf.org.br\/home\/wp-json\/wp\/v2\/categories?post=72371"},{"taxonomy":"post_tag","embeddable":true,"href":"https:\/\/www.adf.org.br\/home\/wp-json\/wp\/v2\/tags?post=72371"}],"curies":[{"name":"wp","href":"https:\/\/api.w.org\/{rel}","templated":true}]}}