{"id":72353,"date":"2023-04-06T05:30:21","date_gmt":"2023-04-06T08:30:21","guid":{"rendered":"https:\/\/www.adf.org.br\/home\/?p=72353"},"modified":"2023-04-06T10:42:56","modified_gmt":"2023-04-06T13:42:56","slug":"fatima-nos-ensina-viver-bem-o-triduo-pascal","status":"publish","type":"post","link":"https:\/\/www.adf.org.br\/home\/fatima-nos-ensina-viver-bem-o-triduo-pascal\/","title":{"rendered":"F\u00e1tima nos ensina viver bem o Tr\u00edduo Pascal"},"content":{"rendered":"<figure id=\"attachment_72362\" aria-describedby=\"caption-attachment-72362\" style=\"width: 600px\" class=\"wp-caption aligncenter\"><img loading=\"lazy\" class=\"wp-image-72362\" src=\"https:\/\/www.adf.org.br\/home\/wp-content\/uploads\/2023\/04\/Design-sem-nome-1-1024x555.png\" alt=\"Tr\u00edduo Pascal e Nossa Senhora de F\u00e1tima\" width=\"600\" height=\"325\" srcset=\"https:\/\/www.adf.org.br\/home\/wp-content\/uploads\/2023\/04\/Design-sem-nome-1-1024x555.png 1024w, https:\/\/www.adf.org.br\/home\/wp-content\/uploads\/2023\/04\/Design-sem-nome-1-300x163.png 300w, https:\/\/www.adf.org.br\/home\/wp-content\/uploads\/2023\/04\/Design-sem-nome-1-768x416.png 768w, https:\/\/www.adf.org.br\/home\/wp-content\/uploads\/2023\/04\/Design-sem-nome-1.png 1200w\" sizes=\"(max-width: 600px) 100vw, 600px\" \/><figcaption id=\"caption-attachment-72362\" class=\"wp-caption-text\">Tr\u00edduo Pascal e Nossa Senhora de F\u00e1tima<\/figcaption><\/figure>\n<p><span style=\"color: #000000;\"><strong>N<\/strong>ossa Senhora em F\u00e1tima sempre exigiu aos tr\u00eas pastorinhos \u00e0s pr\u00e1ticas da Ora\u00e7\u00e3o e da Penit\u00eancia, para que os pecadores fossem ent\u00e3o convertidos e o Cora\u00e7\u00e3o de Jesus n\u00e3o sofresse mais.<\/span><\/p>\n<p><span style=\"color: #000000;\">Neste per\u00edodo do Tr\u00edduo Pascal, que segundo a pr\u00e1tica Cat\u00f3lica \u00e9 o tempo de meditar sobre a Paix\u00e3o e a Ressurrei\u00e7\u00e3o do Filho de Maria.<\/span><br \/>\n<span style=\"color: #ffffff;\">.<\/span><\/p>\n<blockquote><p><span style=\"color: #000000;\"><em>\u201cCristo redimiu ao g\u00eanero humano e deu perfeita gl\u00f3ria a Deus principalmente atrav\u00e9s de seu mist\u00e9rio pascal: morrendo destruiu a morte e ressuscitando restaurou a vida.<br \/>\n<\/em><em>O tr\u00edduo pascal da paix\u00e3o e ressurrei\u00e7\u00e3o de Cristo \u00e9, portanto, a culmina\u00e7\u00e3o de todo o ano lit\u00fargico\u201d<\/em><\/span><\/p><\/blockquote>\n<p><span style=\"color: #ffffff;\">.<\/span><br \/>\n<span style=\"color: #000000;\"><strong>S<\/strong>anto Agostinho, em uma de suas cartas, refere-se ao tr\u00edduo Pascal\u00a0como\u00a0<em>\u201cos tr\u00eas sacrat\u00edssimos dias da crucifica\u00e7\u00e3o, sepultura e ressurrei\u00e7\u00e3o de Cristo\u201d.<\/em><\/span><\/p>\n<p><span style=\"color: #000000;\">O mist\u00e9rio Pascal tem algo importante para nos ensinar:<strong> A dor n\u00e3o \u00e9 seguida somente pela satisfa\u00e7\u00e3o, pois Jesus continha isso dentro de Si e expressou da maneiras diferentes.<\/strong><\/span><\/p>\n<p><span style=\"color: #000000;\">Um m\u00eas e 5 dias ap\u00f3s a data da P\u00e1scoa, Nossa Senhora aparece em F\u00e1tima.<\/span><\/p>\n<p><span style=\"color: #000000;\">No entanto, gra\u00e7as \u00e0s suas vis\u00f5es aos videntes, os tr\u00eas pastorinhos mostraram o que realmente se deve ser feito para viver com Jesus neste tempo e que com Maria \u00e9 poss\u00edvel.<\/span><\/p>\n<h2><span style=\"color: #000000;\"><strong>Os Videntes de F\u00e1tima conquistaram o c\u00e9u!<\/strong><\/span><\/h2>\n<p><span style=\"color: #000000;\">Durante todo o relato nas mem\u00f3rias de L\u00facia, ap\u00f3s a Apari\u00e7\u00e3o de Nossa Senhora, \u00e9 como se eles estivessem vivendo o per\u00edodo carism\u00e1tico e o Tr\u00edduo Pascal:<\/span><br \/>\n<span style=\"color: #ffffff;\">.<\/span><\/p>\n<ul>\n<li><span style=\"color: #000000;\"><span style=\"color: #000000;\"><span style=\"color: #000000;\"><span style=\"color: #000000;\">Os tr\u00eas ofereciam Sacrif\u00edcios diariamente para Nosso Senhor; em 13 de Agosto de 1917 amarram uma corda na cintura, de uma maneira que os machucassem. Francisco e Jacinta n\u00e3o desamarraram, mesmo antes de falecer.<\/span><\/span><\/span><\/span><\/li>\n<li><span style=\"color: #000000;\"><span style=\"color: #000000;\"><span style=\"color: #000000;\">A pedido de Nossa Senhora, rezavam diversas vezes o Santo Ros\u00e1rio no decorrer do dia. Principalmente Francisco, ao qual a Virgem disse que \u201cter\u00e1 de rezar para ir ao C\u00e9u.<\/span><\/span><\/span><\/li>\n<li><span style=\"color: #000000;\">E meditar sobre o Sofrimento de Jesus, Sua ida at\u00e9 o Calv\u00e1rio. Francisco Marto padeceu sobre as dores de Nosso Senhor. Sentiu o mesmo que Cristo. Sempre dizendo:<\/span><\/li>\n<\/ul>\n<p style=\"padding-left: 80px;\"><span style=\"color: #000000;\"><em>\u201cSofro para consolar Nosso Senhor\u201d;<br \/>\n\u201cN\u00e3o v\u00ea o quanto Nossa Senhora estava triste pelo sofrimento de Jesus\u201d;<br \/>\n\u201cAh, se eu pudesse confort\u00e1-lo\u201d;<\/em><\/span><\/p>\n<p><span style=\"color: #000000;\">Viver a Paix\u00e3o \u00e9 algo praticado na Sexta-feira Santa, e Francisco Marto viveu todo esse per\u00edodo at\u00e9 o dia de sua morte.<\/span><\/p>\n<p><span style=\"color: #000000;\">A<\/span><span style=\"color: #000000;\">p\u00f3s a \u00faltima Apari\u00e7\u00e3o de Nossa Senhora, Francisco e Jacinta passaram a n\u00e3o comer e beber, para oferecer a sede e a fome como sacrif\u00edcio a Jesus, a pr\u00e1tica do Jejum.<\/span><\/p>\n<p><span style=\"color: #000000;\">Que por meio dela colhemos frutos para a virtude, definida pelo Catecismo da Igreja.<\/span><\/p>\n<p><span style=\"color: #000000;\">Santo Tom\u00e1s de Aquino diz que o<em> \u201cjejum foi estabelecido pela Igreja para reprimir as concupisc\u00eancias da carne, cujo objeto s\u00e3o os prazeres sens\u00edveis da mesa e das rela\u00e7\u00f5es sexuais\u201d<\/em>.<\/span><\/p>\n<h2><span style=\"color: #000000;\"><strong>Durante a P\u00e1scoa\u00a0a penit\u00eancia \u00e9 o melhor a oferecer.\u00a0<\/strong><\/span><\/h2>\n<p><span style=\"color: #000000;\">O abrir m\u00e3o da carne, durante a sexta-feira santa, aumenta a nossa devo\u00e7\u00e3o.\u00a0<\/span><\/p>\n<p><span style=\"color: #000000;\">\u00c9 uma maneira da recordarmos o Amor de Cristo, que morre na cruz por n\u00f3s.<\/span><\/p>\n<p><span style=\"color: #000000;\">Eliminar a carne neste tempo, colabora com o desenvolver espiritual, abrindo m\u00e3o do f\u00edsico. J\u00e1 que ela lembra a carne humana como geradora do mal, do pecado.<\/span><\/p>\n<p><span style=\"color: #000000;\">E no 4\u00ba mandamento de Igreja diz que\u00a0<strong><em>\u201cjejuar e abster-se de carne, quando manda a Santa M\u00e3e Igreja\u201d.<\/em><\/strong><\/span><\/p>\n<p><span style=\"color: #000000;\">Francisco e Jacinta viveram at\u00e9 o fim da vida os fundamentos Pascal. Abriram m\u00e3o de pr\u00f3pria vida e no final, estavam prontos para Ressuscitar em Cristo; Ir aos C\u00e9us.<\/span><\/p>\n<p><span style=\"color: #000000;\">Nossa Senhora concedeu conhecimento e discernimento para que tr\u00eas crian\u00e7as vivessem, fora do per\u00edodo, uma das maiores Comemora\u00e7\u00f5es da Igreja. Assim, conquistaram a vida Eterna.\u00a0<\/span><\/p>\n<p style=\"padding-left: 40px; text-align: right;\"><span style=\"color: #000000;\"><em><strong>Fontes:<\/strong>\u00a0 Santo Tom\u00e1s de Aquino, Suma Teol\u00f3gica | Jacinta de F\u00e1tima, Sofrer para salvar os pecadores, Benoit\u00a0 Bemelmans |\u00a0Mem\u00f3rias da Irm\u00e3 L\u00facia I, 1981 |\u00a0Catecismo da Igreja Cat\u00f3lica, 2005 | F\u00e1tima, Aurora do Terceiro Mil\u00eanio.<\/em><\/span><\/p>\n<hr \/>\n<h1 style=\"text-align: center;\">SANTA MISSA DE P\u00c1SCOA<\/h1>\n<p><span style=\"color: #000000;\">Acenda uma Vela Virtual para incluir os seus pedidos e inten\u00e7\u00f5es nessa celebra\u00e7\u00e3o.<\/span><\/p>\n<p><span style=\"color: #000000;\">Basta<span style=\"text-decoration: underline; color: #0000ff;\"> clicar aqui<\/span>. \u00c9 gr\u00e1tis.<\/span><\/p>\n<p><span style=\"color: #000000;\">Essa \u00e9 a Missa mais importante do ano, ent\u00e3o n\u00e3o perca.<\/span><\/p>\n","protected":false},"excerpt":{"rendered":"<p>Nossa Senhora em F\u00e1tima sempre exigiu aos tr\u00eas pastorinhos \u00e0s pr\u00e1ticas da Ora\u00e7\u00e3o e da Penit\u00eancia, para que os pecadores fossem ent\u00e3o convertidos e o Cora\u00e7\u00e3o de Jesus n\u00e3o sofresse mais. Neste per\u00edodo do Tr\u00edduo Pascal, que segundo a pr\u00e1tica Cat\u00f3lica \u00e9 o tempo de meditar sobre a Paix\u00e3o e a Ressurrei\u00e7\u00e3o do Filho de [&hellip;]<\/p>\n","protected":false},"author":31,"featured_media":72362,"comment_status":"open","ping_status":"open","sticky":false,"template":"","format":"standard","meta":[],"categories":[9],"tags":[4975,57,4974,2846,4976],"yoast_head":"<!-- This site is optimized with the Yoast SEO plugin v17.4 - https:\/\/yoast.com\/wordpress\/plugins\/seo\/ -->\n<title>F\u00e1tima nos ensina viver bem o Tr\u00edduo Pascal<\/title>\n<meta name=\"description\" content=\"As apari\u00e7\u00f5es de F\u00e1tima nos ensinam a viver bem o Tr\u00edduo Pascal. Leia o artigo completo\" \/>\n<meta name=\"robots\" content=\"index, follow, max-snippet:-1, max-image-preview:large, max-video-preview:-1\" \/>\n<link rel=\"canonical\" href=\"https:\/\/www.adf.org.br\/home\/fatima-nos-ensina-viver-bem-o-triduo-pascal\/\" \/>\n<meta property=\"og:locale\" content=\"pt_BR\" \/>\n<meta property=\"og:type\" content=\"article\" \/>\n<meta property=\"og:title\" content=\"F\u00e1tima nos ensina viver bem o Tr\u00edduo Pascal\" \/>\n<meta property=\"og:description\" content=\"As apari\u00e7\u00f5es de F\u00e1tima nos ensinam a viver bem o Tr\u00edduo Pascal. Leia o artigo completo\" \/>\n<meta property=\"og:url\" content=\"https:\/\/www.adf.org.br\/home\/fatima-nos-ensina-viver-bem-o-triduo-pascal\/\" \/>\n<meta property=\"og:site_name\" content=\"Associa\u00e7\u00e3o Devotos de F\u00e1tima\" \/>\n<meta property=\"article:published_time\" content=\"2023-04-06T08:30:21+00:00\" \/>\n<meta property=\"article:modified_time\" content=\"2023-04-06T13:42:56+00:00\" \/>\n<meta property=\"og:image\" content=\"https:\/\/www.adf.org.br\/home\/wp-content\/uploads\/2023\/04\/Design-sem-nome-1.png\" \/>\n\t<meta property=\"og:image:width\" content=\"1200\" \/>\n\t<meta property=\"og:image:height\" content=\"650\" \/>\n<meta name=\"twitter:card\" content=\"summary_large_image\" \/>\n<meta name=\"twitter:label1\" content=\"Escrito por\" \/>\n\t<meta name=\"twitter:data1\" content=\"Gabriel Barbosa\" \/>\n\t<meta name=\"twitter:label2\" content=\"Est. tempo de leitura\" \/>\n\t<meta name=\"twitter:data2\" content=\"4 minutos\" \/>\n<script type=\"application\/ld+json\" class=\"yoast-schema-graph\">{\"@context\":\"https:\/\/schema.org\",\"@graph\":[{\"@type\":\"WebSite\",\"@id\":\"https:\/\/www.adf.org.br\/home\/#website\",\"url\":\"https:\/\/www.adf.org.br\/home\/\",\"name\":\"Associa\\u00e7\\u00e3o Devotos de F\\u00e1tima\",\"description\":\"Associa\\u00e7\\u00e3o Devotos de F\\u00e1tima\",\"potentialAction\":[{\"@type\":\"SearchAction\",\"target\":{\"@type\":\"EntryPoint\",\"urlTemplate\":\"https:\/\/www.adf.org.br\/home\/?s={search_term_string}\"},\"query-input\":\"required name=search_term_string\"}],\"inLanguage\":\"pt-BR\"},{\"@type\":\"ImageObject\",\"@id\":\"https:\/\/www.adf.org.br\/home\/fatima-nos-ensina-viver-bem-o-triduo-pascal\/#primaryimage\",\"inLanguage\":\"pt-BR\",\"url\":\"https:\/\/www.adf.org.br\/home\/wp-content\/uploads\/2023\/04\/Design-sem-nome-1.png\",\"contentUrl\":\"https:\/\/www.adf.org.br\/home\/wp-content\/uploads\/2023\/04\/Design-sem-nome-1.png\",\"width\":1200,\"height\":650,\"caption\":\"Tr\\u00edduo Pascal e Nossa Senhora de F\\u00e1tima\"},{\"@type\":\"WebPage\",\"@id\":\"https:\/\/www.adf.org.br\/home\/fatima-nos-ensina-viver-bem-o-triduo-pascal\/#webpage\",\"url\":\"https:\/\/www.adf.org.br\/home\/fatima-nos-ensina-viver-bem-o-triduo-pascal\/\",\"name\":\"F\\u00e1tima nos ensina viver bem o Tr\\u00edduo Pascal\",\"isPartOf\":{\"@id\":\"https:\/\/www.adf.org.br\/home\/#website\"},\"primaryImageOfPage\":{\"@id\":\"https:\/\/www.adf.org.br\/home\/fatima-nos-ensina-viver-bem-o-triduo-pascal\/#primaryimage\"},\"datePublished\":\"2023-04-06T08:30:21+00:00\",\"dateModified\":\"2023-04-06T13:42:56+00:00\",\"author\":{\"@id\":\"https:\/\/www.adf.org.br\/home\/#\/schema\/person\/f35a5c5aa7728a3dedf4ea9aa1fc2753\"},\"description\":\"As apari\\u00e7\\u00f5es de F\\u00e1tima nos ensinam a viver bem o Tr\\u00edduo Pascal. Leia o artigo completo\",\"breadcrumb\":{\"@id\":\"https:\/\/www.adf.org.br\/home\/fatima-nos-ensina-viver-bem-o-triduo-pascal\/#breadcrumb\"},\"inLanguage\":\"pt-BR\",\"potentialAction\":[{\"@type\":\"ReadAction\",\"target\":[\"https:\/\/www.adf.org.br\/home\/fatima-nos-ensina-viver-bem-o-triduo-pascal\/\"]}]},{\"@type\":\"BreadcrumbList\",\"@id\":\"https:\/\/www.adf.org.br\/home\/fatima-nos-ensina-viver-bem-o-triduo-pascal\/#breadcrumb\",\"itemListElement\":[{\"@type\":\"ListItem\",\"position\":1,\"name\":\"Home\",\"item\":\"https:\/\/www.adf.org.br\/home\/\"},{\"@type\":\"ListItem\",\"position\":2,\"name\":\"F\\u00e1tima nos ensina viver bem o Tr\\u00edduo Pascal\"}]},{\"@type\":\"Person\",\"@id\":\"https:\/\/www.adf.org.br\/home\/#\/schema\/person\/f35a5c5aa7728a3dedf4ea9aa1fc2753\",\"name\":\"Gabriel Barbosa\",\"image\":{\"@type\":\"ImageObject\",\"@id\":\"https:\/\/www.adf.org.br\/home\/#personlogo\",\"inLanguage\":\"pt-BR\",\"url\":\"https:\/\/secure.gravatar.com\/avatar\/2b2cb2f4637682c5605e8d36818f51ef?s=96&d=mm&r=g\",\"contentUrl\":\"https:\/\/secure.gravatar.com\/avatar\/2b2cb2f4637682c5605e8d36818f51ef?s=96&d=mm&r=g\",\"caption\":\"Gabriel Barbosa\"},\"url\":\"https:\/\/www.adf.org.br\/home\/author\/gabrielpmk-com-br\/\"}]}<\/script>\n<!-- \/ Yoast SEO plugin. -->","yoast_head_json":{"title":"F\u00e1tima nos ensina viver bem o Tr\u00edduo Pascal","description":"As apari\u00e7\u00f5es de F\u00e1tima nos ensinam a viver bem o Tr\u00edduo Pascal. Leia o artigo completo","robots":{"index":"index","follow":"follow","max-snippet":"max-snippet:-1","max-image-preview":"max-image-preview:large","max-video-preview":"max-video-preview:-1"},"canonical":"https:\/\/www.adf.org.br\/home\/fatima-nos-ensina-viver-bem-o-triduo-pascal\/","og_locale":"pt_BR","og_type":"article","og_title":"F\u00e1tima nos ensina viver bem o Tr\u00edduo Pascal","og_description":"As apari\u00e7\u00f5es de F\u00e1tima nos ensinam a viver bem o Tr\u00edduo Pascal. Leia o artigo completo","og_url":"https:\/\/www.adf.org.br\/home\/fatima-nos-ensina-viver-bem-o-triduo-pascal\/","og_site_name":"Associa\u00e7\u00e3o Devotos de F\u00e1tima","article_published_time":"2023-04-06T08:30:21+00:00","article_modified_time":"2023-04-06T13:42:56+00:00","og_image":[{"width":1200,"height":650,"url":"https:\/\/www.adf.org.br\/home\/wp-content\/uploads\/2023\/04\/Design-sem-nome-1.png","type":"image\/png"}],"twitter_card":"summary_large_image","twitter_misc":{"Escrito por":"Gabriel Barbosa","Est. tempo de leitura":"4 minutos"},"schema":{"@context":"https:\/\/schema.org","@graph":[{"@type":"WebSite","@id":"https:\/\/www.adf.org.br\/home\/#website","url":"https:\/\/www.adf.org.br\/home\/","name":"Associa\u00e7\u00e3o Devotos de F\u00e1tima","description":"Associa\u00e7\u00e3o Devotos de F\u00e1tima","potentialAction":[{"@type":"SearchAction","target":{"@type":"EntryPoint","urlTemplate":"https:\/\/www.adf.org.br\/home\/?s={search_term_string}"},"query-input":"required name=search_term_string"}],"inLanguage":"pt-BR"},{"@type":"ImageObject","@id":"https:\/\/www.adf.org.br\/home\/fatima-nos-ensina-viver-bem-o-triduo-pascal\/#primaryimage","inLanguage":"pt-BR","url":"https:\/\/www.adf.org.br\/home\/wp-content\/uploads\/2023\/04\/Design-sem-nome-1.png","contentUrl":"https:\/\/www.adf.org.br\/home\/wp-content\/uploads\/2023\/04\/Design-sem-nome-1.png","width":1200,"height":650,"caption":"Tr\u00edduo Pascal e Nossa Senhora de F\u00e1tima"},{"@type":"WebPage","@id":"https:\/\/www.adf.org.br\/home\/fatima-nos-ensina-viver-bem-o-triduo-pascal\/#webpage","url":"https:\/\/www.adf.org.br\/home\/fatima-nos-ensina-viver-bem-o-triduo-pascal\/","name":"F\u00e1tima nos ensina viver bem o Tr\u00edduo Pascal","isPartOf":{"@id":"https:\/\/www.adf.org.br\/home\/#website"},"primaryImageOfPage":{"@id":"https:\/\/www.adf.org.br\/home\/fatima-nos-ensina-viver-bem-o-triduo-pascal\/#primaryimage"},"datePublished":"2023-04-06T08:30:21+00:00","dateModified":"2023-04-06T13:42:56+00:00","author":{"@id":"https:\/\/www.adf.org.br\/home\/#\/schema\/person\/f35a5c5aa7728a3dedf4ea9aa1fc2753"},"description":"As apari\u00e7\u00f5es de F\u00e1tima nos ensinam a viver bem o Tr\u00edduo Pascal. Leia o artigo completo","breadcrumb":{"@id":"https:\/\/www.adf.org.br\/home\/fatima-nos-ensina-viver-bem-o-triduo-pascal\/#breadcrumb"},"inLanguage":"pt-BR","potentialAction":[{"@type":"ReadAction","target":["https:\/\/www.adf.org.br\/home\/fatima-nos-ensina-viver-bem-o-triduo-pascal\/"]}]},{"@type":"BreadcrumbList","@id":"https:\/\/www.adf.org.br\/home\/fatima-nos-ensina-viver-bem-o-triduo-pascal\/#breadcrumb","itemListElement":[{"@type":"ListItem","position":1,"name":"Home","item":"https:\/\/www.adf.org.br\/home\/"},{"@type":"ListItem","position":2,"name":"F\u00e1tima nos ensina viver bem o Tr\u00edduo Pascal"}]},{"@type":"Person","@id":"https:\/\/www.adf.org.br\/home\/#\/schema\/person\/f35a5c5aa7728a3dedf4ea9aa1fc2753","name":"Gabriel Barbosa","image":{"@type":"ImageObject","@id":"https:\/\/www.adf.org.br\/home\/#personlogo","inLanguage":"pt-BR","url":"https:\/\/secure.gravatar.com\/avatar\/2b2cb2f4637682c5605e8d36818f51ef?s=96&d=mm&r=g","contentUrl":"https:\/\/secure.gravatar.com\/avatar\/2b2cb2f4637682c5605e8d36818f51ef?s=96&d=mm&r=g","caption":"Gabriel Barbosa"},"url":"https:\/\/www.adf.org.br\/home\/author\/gabrielpmk-com-br\/"}]}},"_links":{"self":[{"href":"https:\/\/www.adf.org.br\/home\/wp-json\/wp\/v2\/posts\/72353"}],"collection":[{"href":"https:\/\/www.adf.org.br\/home\/wp-json\/wp\/v2\/posts"}],"about":[{"href":"https:\/\/www.adf.org.br\/home\/wp-json\/wp\/v2\/types\/post"}],"author":[{"embeddable":true,"href":"https:\/\/www.adf.org.br\/home\/wp-json\/wp\/v2\/users\/31"}],"replies":[{"embeddable":true,"href":"https:\/\/www.adf.org.br\/home\/wp-json\/wp\/v2\/comments?post=72353"}],"version-history":[{"count":12,"href":"https:\/\/www.adf.org.br\/home\/wp-json\/wp\/v2\/posts\/72353\/revisions"}],"predecessor-version":[{"id":72369,"href":"https:\/\/www.adf.org.br\/home\/wp-json\/wp\/v2\/posts\/72353\/revisions\/72369"}],"wp:featuredmedia":[{"embeddable":true,"href":"https:\/\/www.adf.org.br\/home\/wp-json\/wp\/v2\/media\/72362"}],"wp:attachment":[{"href":"https:\/\/www.adf.org.br\/home\/wp-json\/wp\/v2\/media?parent=72353"}],"wp:term":[{"taxonomy":"category","embeddable":true,"href":"https:\/\/www.adf.org.br\/home\/wp-json\/wp\/v2\/categories?post=72353"},{"taxonomy":"post_tag","embeddable":true,"href":"https:\/\/www.adf.org.br\/home\/wp-json\/wp\/v2\/tags?post=72353"}],"curies":[{"name":"wp","href":"https:\/\/api.w.org\/{rel}","templated":true}]}}