{"id":72335,"date":"2023-04-05T07:45:29","date_gmt":"2023-04-05T10:45:29","guid":{"rendered":"https:\/\/www.adf.org.br\/home\/?p=72335"},"modified":"2023-04-05T13:40:48","modified_gmt":"2023-04-05T16:40:48","slug":"seu-nome-e-intencoes-na-santa-missa-de-pascoa","status":"publish","type":"post","link":"https:\/\/www.adf.org.br\/home\/seu-nome-e-intencoes-na-santa-missa-de-pascoa\/","title":{"rendered":"Seu nome e Inten\u00e7\u00f5es na Missa de P\u00e1scoa"},"content":{"rendered":"<figure id=\"attachment_72338\" aria-describedby=\"caption-attachment-72338\" style=\"width: 1024px\" class=\"wp-caption aligncenter\"><a href=\"tel:08006082128\" target=\"_blank\" rel=\"noopener\"><img loading=\"lazy\" class=\"wp-image-72338 size-large\" src=\"https:\/\/www.adf.org.br\/home\/wp-content\/uploads\/2023\/04\/Missa-de-Pascoa-ADF-Inside-the-post-1024x555.png\" alt=\"Inclua seu nome na Missa de Pascoa\" width=\"1024\" height=\"555\" srcset=\"https:\/\/www.adf.org.br\/home\/wp-content\/uploads\/2023\/04\/Missa-de-Pascoa-ADF-Inside-the-post-1024x555.png 1024w, https:\/\/www.adf.org.br\/home\/wp-content\/uploads\/2023\/04\/Missa-de-Pascoa-ADF-Inside-the-post-300x163.png 300w, https:\/\/www.adf.org.br\/home\/wp-content\/uploads\/2023\/04\/Missa-de-Pascoa-ADF-Inside-the-post-768x416.png 768w, https:\/\/www.adf.org.br\/home\/wp-content\/uploads\/2023\/04\/Missa-de-Pascoa-ADF-Inside-the-post.png 1200w\" sizes=\"(max-width: 1024px) 100vw, 1024px\" \/><\/a><figcaption id=\"caption-attachment-72338\" class=\"wp-caption-text\">Inclua seu nome na Missa de P\u00e1scoa que a Associa\u00e7\u00e3o Devotos de F\u00e1tima far\u00e1 celebrar<\/figcaption><\/figure>\n<p><span style=\"color: #000000;\">A P\u00e1scoa se aproxima e com ela, a comemora\u00e7\u00e3o da ressurrei\u00e7\u00e3o de Nosso Senhor Jesus Cristo, que morreu na cruz para nos limpar de todo o pecado.<\/span><\/p>\n<p><span style=\"color: #000000;\">Est\u00e1 escrito nas Sagradas Escrituras:<\/span><\/p>\n<blockquote>\n<p style=\"text-align: left;\"><em style=\"color: #000000;\">\u201cPortanto, agora nenhuma condena\u00e7\u00e3o h\u00e1 para os que est\u00e3o em Cristo Jesus, que n\u00e3o andam segundo a carne, mas segundo o Esp\u00edrito\u201d. (Romanos 8.1)<\/em><\/p>\n<\/blockquote>\n<p><span style=\"color: #000000;\">Que maravilha sabermos que fomos lavados e remidos pelo Sangue do Cordeiro Imaculado, Jesus Cristo Nosso Senhor e Salvador.<\/span><\/p>\n<p><span style=\"color: #000000;\">Agora reflita:<\/span><\/p>\n<p><strong><span style=\"color: #000000;\">Como voc\u00ea agradece por pre\u00e7o t\u00e3o alto pago por Jesus na cruz do Calv\u00e1rio para que pud\u00e9ssemos ter vida em abund\u00e2ncia?<\/span><\/strong><\/p>\n<p><span style=\"color: #000000;\">Para celebrar t\u00e3o grandiosa d\u00e1diva, este Apostolado ir\u00e1 celebrar neste domingo, dia 09\/04, a Santa Missa Especial de P\u00e1scoa.<\/span><\/p>\n<p><strong><span style=\"color: #000000;\">Inclua seu nome e pedidos nessa celebra\u00e7\u00e3o como um gesto de agradecimento a Nosso Senhor. Basta ligar agora no:<\/span><\/strong><\/p>\n<p style=\"text-align: center;\"><span style=\"text-decoration: underline;\"><span style=\"color: #0000ff;\"><a style=\"font-size: 30px; color: #0000ff; text-decoration: underline;\" href=\"tel:08006082128\">0800 608 2128<\/a><\/span><\/span><br \/>\n<span style=\"color: #000000;\"><a style=\"font-size: 12px; text-align: center; color: #000000;\">Est\u00e1 lendo do celular? Toque ou pressione o n\u00famero para ligar <\/a><a style=\"text-align: center; color: #000000;\"><span style=\"font-size: 12px;\">automaticamente. A\u00a0liga\u00e7\u00e3o \u00e9 gr\u00e1tis!<\/span><\/a><\/span><\/p>\n<p style=\"text-align: left;\"><span style=\"color: #000000;\">Tenha certeza que Cristo estender\u00e1 sua m\u00e3o poderosa para te aben\u00e7oar e Nossa Senhora te cobrir\u00e1 com o Vosso Manto Divino.<\/span><\/p>\n<p><span style=\"color: #000000;\">Fa\u00e7a parte desta missa, agrade\u00e7a e celebre o grandioso amor de Cristo por n\u00f3s.<\/span><\/p>\n<p><span style=\"color: #000000;\">Ligue agora mesmo para <span style=\"text-decoration: underline; color: #0000ff;\"><a style=\"color: #0000ff; text-decoration: underline;\" href=\"tel:08006082128\">0800 608 2128<\/a><\/span>.<\/span><\/p>\n<p><span style=\"color: #000000;\">Fa\u00e7a parte desta missa, agrade\u00e7a e celebre o grandioso amor de Cristo por n\u00f3s.<\/span><\/p>\n<p><span style=\"color: #000000;\">Que Deus aben\u00e7oe voc\u00ea e sua fam\u00edlia.<\/span><\/p>\n","protected":false},"excerpt":{"rendered":"<p>A P\u00e1scoa se aproxima e com ela, a comemora\u00e7\u00e3o da ressurrei\u00e7\u00e3o de Nosso Senhor Jesus Cristo, que morreu na cruz para nos limpar de todo o pecado. Est\u00e1 escrito nas Sagradas Escrituras: \u201cPortanto, agora nenhuma condena\u00e7\u00e3o h\u00e1 para os que est\u00e3o em Cristo Jesus, que n\u00e3o andam segundo a carne, mas segundo o Esp\u00edrito\u201d. (Romanos [&hellip;]<\/p>\n","protected":false},"author":31,"featured_media":72337,"comment_status":"open","ping_status":"open","sticky":false,"template":"","format":"standard","meta":[],"categories":[2621],"tags":[4973,4971,433,107,4972],"yoast_head":"<!-- This site is optimized with the Yoast SEO plugin v17.4 - https:\/\/yoast.com\/wordpress\/plugins\/seo\/ -->\n<title>Seu nome e Inten\u00e7\u00f5es na Missa de P\u00e1scoa<\/title>\n<meta name=\"description\" content=\"Veja como inscrever o seu nome e suas inten\u00e7\u00f5es na Santa Missa de P\u00e1scoa que faremos celebrar no dia 09\/04. \u00c9 gr\u00e1tis\" \/>\n<meta name=\"robots\" content=\"index, follow, max-snippet:-1, max-image-preview:large, max-video-preview:-1\" \/>\n<link rel=\"canonical\" href=\"https:\/\/www.adf.org.br\/home\/seu-nome-e-intencoes-na-santa-missa-de-pascoa\/\" \/>\n<meta property=\"og:locale\" content=\"pt_BR\" \/>\n<meta property=\"og:type\" content=\"article\" \/>\n<meta property=\"og:title\" content=\"Seu nome e Inten\u00e7\u00f5es na Missa de P\u00e1scoa\" \/>\n<meta property=\"og:description\" content=\"Veja como inscrever o seu nome e suas inten\u00e7\u00f5es na Santa Missa de P\u00e1scoa que faremos celebrar no dia 09\/04. \u00c9 gr\u00e1tis\" \/>\n<meta property=\"og:url\" content=\"https:\/\/www.adf.org.br\/home\/seu-nome-e-intencoes-na-santa-missa-de-pascoa\/\" \/>\n<meta property=\"og:site_name\" content=\"Associa\u00e7\u00e3o Devotos de F\u00e1tima\" \/>\n<meta property=\"article:published_time\" content=\"2023-04-05T10:45:29+00:00\" \/>\n<meta property=\"article:modified_time\" content=\"2023-04-05T16:40:48+00:00\" \/>\n<meta property=\"og:image\" content=\"https:\/\/www.adf.org.br\/home\/wp-content\/uploads\/2023\/04\/Missa-de-Pascoa-ADF-Dest.-Image.png\" \/>\n\t<meta property=\"og:image:width\" content=\"1200\" \/>\n\t<meta property=\"og:image:height\" content=\"650\" \/>\n<meta name=\"twitter:card\" content=\"summary_large_image\" \/>\n<meta name=\"twitter:label1\" content=\"Escrito por\" \/>\n\t<meta name=\"twitter:data1\" content=\"Gabriel Barbosa\" \/>\n\t<meta name=\"twitter:label2\" content=\"Est. tempo de leitura\" \/>\n\t<meta name=\"twitter:data2\" content=\"2 minutos\" \/>\n<script type=\"application\/ld+json\" class=\"yoast-schema-graph\">{\"@context\":\"https:\/\/schema.org\",\"@graph\":[{\"@type\":\"WebSite\",\"@id\":\"https:\/\/www.adf.org.br\/home\/#website\",\"url\":\"https:\/\/www.adf.org.br\/home\/\",\"name\":\"Associa\\u00e7\\u00e3o Devotos de F\\u00e1tima\",\"description\":\"Associa\\u00e7\\u00e3o Devotos de F\\u00e1tima\",\"potentialAction\":[{\"@type\":\"SearchAction\",\"target\":{\"@type\":\"EntryPoint\",\"urlTemplate\":\"https:\/\/www.adf.org.br\/home\/?s={search_term_string}\"},\"query-input\":\"required name=search_term_string\"}],\"inLanguage\":\"pt-BR\"},{\"@type\":\"ImageObject\",\"@id\":\"https:\/\/www.adf.org.br\/home\/seu-nome-e-intencoes-na-santa-missa-de-pascoa\/#primaryimage\",\"inLanguage\":\"pt-BR\",\"url\":\"https:\/\/www.adf.org.br\/home\/wp-content\/uploads\/2023\/04\/Missa-de-Pascoa-ADF-Dest.-Image.png\",\"contentUrl\":\"https:\/\/www.adf.org.br\/home\/wp-content\/uploads\/2023\/04\/Missa-de-Pascoa-ADF-Dest.-Image.png\",\"width\":1200,\"height\":650,\"caption\":\"Inclua o seu nome e seus pedidos na Santa Missa de P\\u00e1scoa\"},{\"@type\":\"WebPage\",\"@id\":\"https:\/\/www.adf.org.br\/home\/seu-nome-e-intencoes-na-santa-missa-de-pascoa\/#webpage\",\"url\":\"https:\/\/www.adf.org.br\/home\/seu-nome-e-intencoes-na-santa-missa-de-pascoa\/\",\"name\":\"Seu nome e Inten\\u00e7\\u00f5es na Missa de P\\u00e1scoa\",\"isPartOf\":{\"@id\":\"https:\/\/www.adf.org.br\/home\/#website\"},\"primaryImageOfPage\":{\"@id\":\"https:\/\/www.adf.org.br\/home\/seu-nome-e-intencoes-na-santa-missa-de-pascoa\/#primaryimage\"},\"datePublished\":\"2023-04-05T10:45:29+00:00\",\"dateModified\":\"2023-04-05T16:40:48+00:00\",\"author\":{\"@id\":\"https:\/\/www.adf.org.br\/home\/#\/schema\/person\/f35a5c5aa7728a3dedf4ea9aa1fc2753\"},\"description\":\"Veja como inscrever o seu nome e suas inten\\u00e7\\u00f5es na Santa Missa de P\\u00e1scoa que faremos celebrar no dia 09\/04. \\u00c9 gr\\u00e1tis\",\"breadcrumb\":{\"@id\":\"https:\/\/www.adf.org.br\/home\/seu-nome-e-intencoes-na-santa-missa-de-pascoa\/#breadcrumb\"},\"inLanguage\":\"pt-BR\",\"potentialAction\":[{\"@type\":\"ReadAction\",\"target\":[\"https:\/\/www.adf.org.br\/home\/seu-nome-e-intencoes-na-santa-missa-de-pascoa\/\"]}]},{\"@type\":\"BreadcrumbList\",\"@id\":\"https:\/\/www.adf.org.br\/home\/seu-nome-e-intencoes-na-santa-missa-de-pascoa\/#breadcrumb\",\"itemListElement\":[{\"@type\":\"ListItem\",\"position\":1,\"name\":\"Home\",\"item\":\"https:\/\/www.adf.org.br\/home\/\"},{\"@type\":\"ListItem\",\"position\":2,\"name\":\"Seu nome e Inten\\u00e7\\u00f5es na Missa de P\\u00e1scoa\"}]},{\"@type\":\"Person\",\"@id\":\"https:\/\/www.adf.org.br\/home\/#\/schema\/person\/f35a5c5aa7728a3dedf4ea9aa1fc2753\",\"name\":\"Gabriel Barbosa\",\"image\":{\"@type\":\"ImageObject\",\"@id\":\"https:\/\/www.adf.org.br\/home\/#personlogo\",\"inLanguage\":\"pt-BR\",\"url\":\"https:\/\/secure.gravatar.com\/avatar\/2b2cb2f4637682c5605e8d36818f51ef?s=96&d=mm&r=g\",\"contentUrl\":\"https:\/\/secure.gravatar.com\/avatar\/2b2cb2f4637682c5605e8d36818f51ef?s=96&d=mm&r=g\",\"caption\":\"Gabriel Barbosa\"},\"url\":\"https:\/\/www.adf.org.br\/home\/author\/gabrielpmk-com-br\/\"}]}<\/script>\n<!-- \/ Yoast SEO plugin. -->","yoast_head_json":{"title":"Seu nome e Inten\u00e7\u00f5es na Missa de P\u00e1scoa","description":"Veja como inscrever o seu nome e suas inten\u00e7\u00f5es na Santa Missa de P\u00e1scoa que faremos celebrar no dia 09\/04. \u00c9 gr\u00e1tis","robots":{"index":"index","follow":"follow","max-snippet":"max-snippet:-1","max-image-preview":"max-image-preview:large","max-video-preview":"max-video-preview:-1"},"canonical":"https:\/\/www.adf.org.br\/home\/seu-nome-e-intencoes-na-santa-missa-de-pascoa\/","og_locale":"pt_BR","og_type":"article","og_title":"Seu nome e Inten\u00e7\u00f5es na Missa de P\u00e1scoa","og_description":"Veja como inscrever o seu nome e suas inten\u00e7\u00f5es na Santa Missa de P\u00e1scoa que faremos celebrar no dia 09\/04. \u00c9 gr\u00e1tis","og_url":"https:\/\/www.adf.org.br\/home\/seu-nome-e-intencoes-na-santa-missa-de-pascoa\/","og_site_name":"Associa\u00e7\u00e3o Devotos de F\u00e1tima","article_published_time":"2023-04-05T10:45:29+00:00","article_modified_time":"2023-04-05T16:40:48+00:00","og_image":[{"width":1200,"height":650,"url":"https:\/\/www.adf.org.br\/home\/wp-content\/uploads\/2023\/04\/Missa-de-Pascoa-ADF-Dest.-Image.png","type":"image\/png"}],"twitter_card":"summary_large_image","twitter_misc":{"Escrito por":"Gabriel Barbosa","Est. tempo de leitura":"2 minutos"},"schema":{"@context":"https:\/\/schema.org","@graph":[{"@type":"WebSite","@id":"https:\/\/www.adf.org.br\/home\/#website","url":"https:\/\/www.adf.org.br\/home\/","name":"Associa\u00e7\u00e3o Devotos de F\u00e1tima","description":"Associa\u00e7\u00e3o Devotos de F\u00e1tima","potentialAction":[{"@type":"SearchAction","target":{"@type":"EntryPoint","urlTemplate":"https:\/\/www.adf.org.br\/home\/?s={search_term_string}"},"query-input":"required name=search_term_string"}],"inLanguage":"pt-BR"},{"@type":"ImageObject","@id":"https:\/\/www.adf.org.br\/home\/seu-nome-e-intencoes-na-santa-missa-de-pascoa\/#primaryimage","inLanguage":"pt-BR","url":"https:\/\/www.adf.org.br\/home\/wp-content\/uploads\/2023\/04\/Missa-de-Pascoa-ADF-Dest.-Image.png","contentUrl":"https:\/\/www.adf.org.br\/home\/wp-content\/uploads\/2023\/04\/Missa-de-Pascoa-ADF-Dest.-Image.png","width":1200,"height":650,"caption":"Inclua o seu nome e seus pedidos na Santa Missa de P\u00e1scoa"},{"@type":"WebPage","@id":"https:\/\/www.adf.org.br\/home\/seu-nome-e-intencoes-na-santa-missa-de-pascoa\/#webpage","url":"https:\/\/www.adf.org.br\/home\/seu-nome-e-intencoes-na-santa-missa-de-pascoa\/","name":"Seu nome e Inten\u00e7\u00f5es na Missa de P\u00e1scoa","isPartOf":{"@id":"https:\/\/www.adf.org.br\/home\/#website"},"primaryImageOfPage":{"@id":"https:\/\/www.adf.org.br\/home\/seu-nome-e-intencoes-na-santa-missa-de-pascoa\/#primaryimage"},"datePublished":"2023-04-05T10:45:29+00:00","dateModified":"2023-04-05T16:40:48+00:00","author":{"@id":"https:\/\/www.adf.org.br\/home\/#\/schema\/person\/f35a5c5aa7728a3dedf4ea9aa1fc2753"},"description":"Veja como inscrever o seu nome e suas inten\u00e7\u00f5es na Santa Missa de P\u00e1scoa que faremos celebrar no dia 09\/04. \u00c9 gr\u00e1tis","breadcrumb":{"@id":"https:\/\/www.adf.org.br\/home\/seu-nome-e-intencoes-na-santa-missa-de-pascoa\/#breadcrumb"},"inLanguage":"pt-BR","potentialAction":[{"@type":"ReadAction","target":["https:\/\/www.adf.org.br\/home\/seu-nome-e-intencoes-na-santa-missa-de-pascoa\/"]}]},{"@type":"BreadcrumbList","@id":"https:\/\/www.adf.org.br\/home\/seu-nome-e-intencoes-na-santa-missa-de-pascoa\/#breadcrumb","itemListElement":[{"@type":"ListItem","position":1,"name":"Home","item":"https:\/\/www.adf.org.br\/home\/"},{"@type":"ListItem","position":2,"name":"Seu nome e Inten\u00e7\u00f5es na Missa de P\u00e1scoa"}]},{"@type":"Person","@id":"https:\/\/www.adf.org.br\/home\/#\/schema\/person\/f35a5c5aa7728a3dedf4ea9aa1fc2753","name":"Gabriel Barbosa","image":{"@type":"ImageObject","@id":"https:\/\/www.adf.org.br\/home\/#personlogo","inLanguage":"pt-BR","url":"https:\/\/secure.gravatar.com\/avatar\/2b2cb2f4637682c5605e8d36818f51ef?s=96&d=mm&r=g","contentUrl":"https:\/\/secure.gravatar.com\/avatar\/2b2cb2f4637682c5605e8d36818f51ef?s=96&d=mm&r=g","caption":"Gabriel Barbosa"},"url":"https:\/\/www.adf.org.br\/home\/author\/gabrielpmk-com-br\/"}]}},"_links":{"self":[{"href":"https:\/\/www.adf.org.br\/home\/wp-json\/wp\/v2\/posts\/72335"}],"collection":[{"href":"https:\/\/www.adf.org.br\/home\/wp-json\/wp\/v2\/posts"}],"about":[{"href":"https:\/\/www.adf.org.br\/home\/wp-json\/wp\/v2\/types\/post"}],"author":[{"embeddable":true,"href":"https:\/\/www.adf.org.br\/home\/wp-json\/wp\/v2\/users\/31"}],"replies":[{"embeddable":true,"href":"https:\/\/www.adf.org.br\/home\/wp-json\/wp\/v2\/comments?post=72335"}],"version-history":[{"count":5,"href":"https:\/\/www.adf.org.br\/home\/wp-json\/wp\/v2\/posts\/72335\/revisions"}],"predecessor-version":[{"id":72341,"href":"https:\/\/www.adf.org.br\/home\/wp-json\/wp\/v2\/posts\/72335\/revisions\/72341"}],"wp:featuredmedia":[{"embeddable":true,"href":"https:\/\/www.adf.org.br\/home\/wp-json\/wp\/v2\/media\/72337"}],"wp:attachment":[{"href":"https:\/\/www.adf.org.br\/home\/wp-json\/wp\/v2\/media?parent=72335"}],"wp:term":[{"taxonomy":"category","embeddable":true,"href":"https:\/\/www.adf.org.br\/home\/wp-json\/wp\/v2\/categories?post=72335"},{"taxonomy":"post_tag","embeddable":true,"href":"https:\/\/www.adf.org.br\/home\/wp-json\/wp\/v2\/tags?post=72335"}],"curies":[{"name":"wp","href":"https:\/\/api.w.org\/{rel}","templated":true}]}}