{"id":72193,"date":"2023-03-27T07:30:40","date_gmt":"2023-03-27T10:30:40","guid":{"rendered":"https:\/\/www.adf.org.br\/home\/?p=72193"},"modified":"2023-03-21T11:51:08","modified_gmt":"2023-03-21T14:51:08","slug":"se-proteja-e-alcance-gracas-em-sua-vida","status":"publish","type":"post","link":"https:\/\/www.adf.org.br\/home\/se-proteja-e-alcance-gracas-em-sua-vida\/","title":{"rendered":"Se Proteja e Alcance Gra\u00e7as em sua vida!"},"content":{"rendered":"<p><a href=\"tel:08006082128\" target=\"_blank\" rel=\"noopener\"><img loading=\"lazy\" class=\"wp-image-72194 aligncenter\" src=\"https:\/\/www.adf.org.br\/home\/wp-content\/uploads\/2023\/03\/unnamed-5.jpg\" alt=\"\" width=\"695\" height=\"304\" \/><\/a><\/p>\n<p><span style=\"color: #000000;\"><strong><span style=\"color: #800080; font-size: 32px;\">O<\/span><\/strong>s Cora\u00e7\u00f5es de Jesus e Maria s\u00e3o nosso maior ref\u00fagio quando precisamos de gra\u00e7as!<\/span><\/p>\n<p><span style=\"color: #000000;\">Al\u00e9m disso,\u00a0<b>os dois juntos s\u00e3o uma fortaleza que nos privam das garras do mal.<\/b><\/span><\/p>\n<p><span style=\"color: #000000;\">Afinal,\u00a0<strong>Maria est\u00e1 \u00e0 frente do Ex\u00e9rcito de Deus no combate \u00e0s for\u00e7as do mal<\/strong>. O pr\u00f3prio diabo j\u00e1 disse tem\u00ea-la.<\/span><\/p>\n<p><span style=\"color: #000000;\">E o Cora\u00e7\u00e3o de Jesus tamb\u00e9m afugenta o dem\u00f4nio e suas influ\u00eancias de nossas vidas, pois \u00e9 um s\u00edmbolo que expressa o Amor de Deus por n\u00f3s!<\/span><\/p>\n<p><span style=\"color: #000000;\">Imagine o que usar essa Medalha pode significar na sua vida&#8230;<\/span><\/p>\n<p><span style=\"color: #000000;\">Atrav\u00e9s dela, voc\u00ea se colocar\u00e1 sob os cuidados dos Cora\u00e7\u00f5es de Jesus e Maria. Eles lhe proteger\u00e3o e aben\u00e7oar\u00e3o.<\/span><\/p>\n<p><span style=\"color: #000000;\"><strong>Voc\u00ea ganhar\u00e1 a Medalha j\u00e1 benta dos Cora\u00e7\u00f5es de Jesus e Maria se ligar aqui na associa\u00e7\u00e3o de GRA\u00c7A<\/strong>:<\/span><\/p>\n<p><a href=\"tel:08006082128\" target=\"_blank\" rel=\"noopener\"><img loading=\"lazy\" class=\"wp-image-65375 size-full aligncenter\" src=\"https:\/\/www.adf.org.br\/home\/wp-content\/uploads\/2021\/08\/Bot%C3%A3o-Telefone-ADF.png\" sizes=\"(max-width: 482px) 100vw, 482px\" srcset=\"https:\/\/www.adf.org.br\/home\/wp-content\/uploads\/2021\/08\/Bot\u00e3o-Telefone-ADF.png 482w, https:\/\/www.adf.org.br\/home\/wp-content\/uploads\/2021\/08\/Bot\u00e3o-Telefone-ADF-300x70.png 300w\" alt=\"\" width=\"482\" height=\"113\" \/><\/a><\/p>\n<p><span style=\"color: #000000;\"><b>Esta Medalha vai lhe proteger em todos os lugares que voc\u00ea for, pois os Cora\u00e7\u00f5es de Jesus e Maria nunca nos abandonam!<\/b><\/span><\/p>\n<p><span style=\"color: #000000;\">Sem falar ainda nas gra\u00e7as que voc\u00ea poder\u00e1 alcan\u00e7ar.<\/span><\/p>\n<p><span style=\"color: #000000;\">Ent\u00e3o, n\u00e3o deixe de ligar aqui na associa\u00e7\u00e3o pelo<\/span>\u00a0<span style=\"color: #0000ff;\"><a style=\"color: #0000ff;\" href=\"tel:08006082128\" target=\"_blank\" rel=\"noopener\"><b>0800 608 2128<\/b><\/a><\/span>\u00a0<span style=\"color: #000000;\">para ganhar a Medalha dos Cora\u00e7\u00f5es de Jesus e Maria.<\/span><\/p>\n<p><span style=\"color: #000000;\">Vou aguardar a sua liga\u00e7\u00e3o.<\/span><\/p>\n<p><span style=\"color: #000000;\">Em Jesus e Maria,<\/span><\/p>\n<p><span style=\"color: #000000;\"><strong><i>Carlos Lanna<\/i><\/strong><\/span><br \/>\n<span style=\"color: #000000;\">Coordenador<\/span><br \/>\n<span style=\"color: #000000;\">Associa\u00e7\u00e3o Devotos de F\u00e1tima<\/span><\/p>\n","protected":false},"excerpt":{"rendered":"<p>Os Cora\u00e7\u00f5es de Jesus e Maria s\u00e3o nosso maior ref\u00fagio quando precisamos de gra\u00e7as! Al\u00e9m disso,\u00a0os dois juntos s\u00e3o uma fortaleza que nos privam das garras do mal. Afinal,\u00a0Maria est\u00e1 \u00e0 frente do Ex\u00e9rcito de Deus no combate \u00e0s for\u00e7as do mal. O pr\u00f3prio diabo j\u00e1 disse tem\u00ea-la. E o Cora\u00e7\u00e3o de Jesus tamb\u00e9m afugenta [&hellip;]<\/p>\n","protected":false},"author":31,"featured_media":72194,"comment_status":"open","ping_status":"open","sticky":false,"template":"","format":"standard","meta":[],"categories":[20,2473],"tags":[558,390],"yoast_head":"<!-- This site is optimized with the Yoast SEO plugin v17.4 - https:\/\/yoast.com\/wordpress\/plugins\/seo\/ -->\n<title>Se Proteja e Alcance Gra\u00e7as em sua vida! - Associa\u00e7\u00e3o Devotos de F\u00e1tima<\/title>\n<meta name=\"description\" content=\"Tenha essa poderosa prote\u00e7\u00e3o e receba muitas gra\u00e7as em sua vida. Clique aqui e saiba como voc\u00ea pode fazer isso.\" \/>\n<meta name=\"robots\" content=\"index, follow, max-snippet:-1, max-image-preview:large, max-video-preview:-1\" \/>\n<link rel=\"canonical\" href=\"https:\/\/www.adf.org.br\/home\/se-proteja-e-alcance-gracas-em-sua-vida\/\" \/>\n<meta property=\"og:locale\" content=\"pt_BR\" \/>\n<meta property=\"og:type\" content=\"article\" \/>\n<meta property=\"og:title\" content=\"Se Proteja e Alcance Gra\u00e7as em sua vida! - Associa\u00e7\u00e3o Devotos de F\u00e1tima\" \/>\n<meta property=\"og:description\" content=\"Tenha essa poderosa prote\u00e7\u00e3o e receba muitas gra\u00e7as em sua vida. Clique aqui e saiba como voc\u00ea pode fazer isso.\" \/>\n<meta property=\"og:url\" content=\"https:\/\/www.adf.org.br\/home\/se-proteja-e-alcance-gracas-em-sua-vida\/\" \/>\n<meta property=\"og:site_name\" content=\"Associa\u00e7\u00e3o Devotos de F\u00e1tima\" \/>\n<meta property=\"article:published_time\" content=\"2023-03-27T10:30:40+00:00\" \/>\n<meta property=\"article:modified_time\" content=\"2023-03-21T14:51:08+00:00\" \/>\n<meta property=\"og:image\" content=\"https:\/\/www.adf.org.br\/home\/wp-content\/uploads\/2023\/03\/unnamed-5-e1679335627684.jpg\" \/>\n\t<meta property=\"og:image:width\" content=\"300\" \/>\n\t<meta property=\"og:image:height\" content=\"131\" \/>\n<meta name=\"twitter:card\" content=\"summary_large_image\" \/>\n<meta name=\"twitter:label1\" content=\"Escrito por\" \/>\n\t<meta name=\"twitter:data1\" content=\"Gabriel Barbosa\" \/>\n\t<meta name=\"twitter:label2\" content=\"Est. tempo de leitura\" \/>\n\t<meta name=\"twitter:data2\" content=\"1 minuto\" \/>\n<script type=\"application\/ld+json\" class=\"yoast-schema-graph\">{\"@context\":\"https:\/\/schema.org\",\"@graph\":[{\"@type\":\"WebSite\",\"@id\":\"https:\/\/www.adf.org.br\/home\/#website\",\"url\":\"https:\/\/www.adf.org.br\/home\/\",\"name\":\"Associa\\u00e7\\u00e3o Devotos de F\\u00e1tima\",\"description\":\"Associa\\u00e7\\u00e3o Devotos de F\\u00e1tima\",\"potentialAction\":[{\"@type\":\"SearchAction\",\"target\":{\"@type\":\"EntryPoint\",\"urlTemplate\":\"https:\/\/www.adf.org.br\/home\/?s={search_term_string}\"},\"query-input\":\"required name=search_term_string\"}],\"inLanguage\":\"pt-BR\"},{\"@type\":\"ImageObject\",\"@id\":\"https:\/\/www.adf.org.br\/home\/se-proteja-e-alcance-gracas-em-sua-vida\/#primaryimage\",\"inLanguage\":\"pt-BR\",\"url\":\"https:\/\/www.adf.org.br\/home\/wp-content\/uploads\/2023\/03\/unnamed-5-e1679335627684.jpg\",\"contentUrl\":\"https:\/\/www.adf.org.br\/home\/wp-content\/uploads\/2023\/03\/unnamed-5-e1679335627684.jpg\",\"width\":300,\"height\":131},{\"@type\":\"WebPage\",\"@id\":\"https:\/\/www.adf.org.br\/home\/se-proteja-e-alcance-gracas-em-sua-vida\/#webpage\",\"url\":\"https:\/\/www.adf.org.br\/home\/se-proteja-e-alcance-gracas-em-sua-vida\/\",\"name\":\"Se Proteja e Alcance Gra\\u00e7as em sua vida! - Associa\\u00e7\\u00e3o Devotos de F\\u00e1tima\",\"isPartOf\":{\"@id\":\"https:\/\/www.adf.org.br\/home\/#website\"},\"primaryImageOfPage\":{\"@id\":\"https:\/\/www.adf.org.br\/home\/se-proteja-e-alcance-gracas-em-sua-vida\/#primaryimage\"},\"datePublished\":\"2023-03-27T10:30:40+00:00\",\"dateModified\":\"2023-03-21T14:51:08+00:00\",\"author\":{\"@id\":\"https:\/\/www.adf.org.br\/home\/#\/schema\/person\/f35a5c5aa7728a3dedf4ea9aa1fc2753\"},\"description\":\"Tenha essa poderosa prote\\u00e7\\u00e3o e receba muitas gra\\u00e7as em sua vida. Clique aqui e saiba como voc\\u00ea pode fazer isso.\",\"breadcrumb\":{\"@id\":\"https:\/\/www.adf.org.br\/home\/se-proteja-e-alcance-gracas-em-sua-vida\/#breadcrumb\"},\"inLanguage\":\"pt-BR\",\"potentialAction\":[{\"@type\":\"ReadAction\",\"target\":[\"https:\/\/www.adf.org.br\/home\/se-proteja-e-alcance-gracas-em-sua-vida\/\"]}]},{\"@type\":\"BreadcrumbList\",\"@id\":\"https:\/\/www.adf.org.br\/home\/se-proteja-e-alcance-gracas-em-sua-vida\/#breadcrumb\",\"itemListElement\":[{\"@type\":\"ListItem\",\"position\":1,\"name\":\"Home\",\"item\":\"https:\/\/www.adf.org.br\/home\/\"},{\"@type\":\"ListItem\",\"position\":2,\"name\":\"Se Proteja e Alcance Gra\\u00e7as em sua vida!\"}]},{\"@type\":\"Person\",\"@id\":\"https:\/\/www.adf.org.br\/home\/#\/schema\/person\/f35a5c5aa7728a3dedf4ea9aa1fc2753\",\"name\":\"Gabriel Barbosa\",\"image\":{\"@type\":\"ImageObject\",\"@id\":\"https:\/\/www.adf.org.br\/home\/#personlogo\",\"inLanguage\":\"pt-BR\",\"url\":\"https:\/\/secure.gravatar.com\/avatar\/2b2cb2f4637682c5605e8d36818f51ef?s=96&d=mm&r=g\",\"contentUrl\":\"https:\/\/secure.gravatar.com\/avatar\/2b2cb2f4637682c5605e8d36818f51ef?s=96&d=mm&r=g\",\"caption\":\"Gabriel Barbosa\"},\"url\":\"https:\/\/www.adf.org.br\/home\/author\/gabrielpmk-com-br\/\"}]}<\/script>\n<!-- \/ Yoast SEO plugin. -->","yoast_head_json":{"title":"Se Proteja e Alcance Gra\u00e7as em sua vida! - Associa\u00e7\u00e3o Devotos de F\u00e1tima","description":"Tenha essa poderosa prote\u00e7\u00e3o e receba muitas gra\u00e7as em sua vida. Clique aqui e saiba como voc\u00ea pode fazer isso.","robots":{"index":"index","follow":"follow","max-snippet":"max-snippet:-1","max-image-preview":"max-image-preview:large","max-video-preview":"max-video-preview:-1"},"canonical":"https:\/\/www.adf.org.br\/home\/se-proteja-e-alcance-gracas-em-sua-vida\/","og_locale":"pt_BR","og_type":"article","og_title":"Se Proteja e Alcance Gra\u00e7as em sua vida! - Associa\u00e7\u00e3o Devotos de F\u00e1tima","og_description":"Tenha essa poderosa prote\u00e7\u00e3o e receba muitas gra\u00e7as em sua vida. Clique aqui e saiba como voc\u00ea pode fazer isso.","og_url":"https:\/\/www.adf.org.br\/home\/se-proteja-e-alcance-gracas-em-sua-vida\/","og_site_name":"Associa\u00e7\u00e3o Devotos de F\u00e1tima","article_published_time":"2023-03-27T10:30:40+00:00","article_modified_time":"2023-03-21T14:51:08+00:00","og_image":[{"width":300,"height":131,"url":"https:\/\/www.adf.org.br\/home\/wp-content\/uploads\/2023\/03\/unnamed-5-e1679335627684.jpg","type":"image\/jpeg"}],"twitter_card":"summary_large_image","twitter_misc":{"Escrito por":"Gabriel Barbosa","Est. tempo de leitura":"1 minuto"},"schema":{"@context":"https:\/\/schema.org","@graph":[{"@type":"WebSite","@id":"https:\/\/www.adf.org.br\/home\/#website","url":"https:\/\/www.adf.org.br\/home\/","name":"Associa\u00e7\u00e3o Devotos de F\u00e1tima","description":"Associa\u00e7\u00e3o Devotos de F\u00e1tima","potentialAction":[{"@type":"SearchAction","target":{"@type":"EntryPoint","urlTemplate":"https:\/\/www.adf.org.br\/home\/?s={search_term_string}"},"query-input":"required name=search_term_string"}],"inLanguage":"pt-BR"},{"@type":"ImageObject","@id":"https:\/\/www.adf.org.br\/home\/se-proteja-e-alcance-gracas-em-sua-vida\/#primaryimage","inLanguage":"pt-BR","url":"https:\/\/www.adf.org.br\/home\/wp-content\/uploads\/2023\/03\/unnamed-5-e1679335627684.jpg","contentUrl":"https:\/\/www.adf.org.br\/home\/wp-content\/uploads\/2023\/03\/unnamed-5-e1679335627684.jpg","width":300,"height":131},{"@type":"WebPage","@id":"https:\/\/www.adf.org.br\/home\/se-proteja-e-alcance-gracas-em-sua-vida\/#webpage","url":"https:\/\/www.adf.org.br\/home\/se-proteja-e-alcance-gracas-em-sua-vida\/","name":"Se Proteja e Alcance Gra\u00e7as em sua vida! - Associa\u00e7\u00e3o Devotos de F\u00e1tima","isPartOf":{"@id":"https:\/\/www.adf.org.br\/home\/#website"},"primaryImageOfPage":{"@id":"https:\/\/www.adf.org.br\/home\/se-proteja-e-alcance-gracas-em-sua-vida\/#primaryimage"},"datePublished":"2023-03-27T10:30:40+00:00","dateModified":"2023-03-21T14:51:08+00:00","author":{"@id":"https:\/\/www.adf.org.br\/home\/#\/schema\/person\/f35a5c5aa7728a3dedf4ea9aa1fc2753"},"description":"Tenha essa poderosa prote\u00e7\u00e3o e receba muitas gra\u00e7as em sua vida. Clique aqui e saiba como voc\u00ea pode fazer isso.","breadcrumb":{"@id":"https:\/\/www.adf.org.br\/home\/se-proteja-e-alcance-gracas-em-sua-vida\/#breadcrumb"},"inLanguage":"pt-BR","potentialAction":[{"@type":"ReadAction","target":["https:\/\/www.adf.org.br\/home\/se-proteja-e-alcance-gracas-em-sua-vida\/"]}]},{"@type":"BreadcrumbList","@id":"https:\/\/www.adf.org.br\/home\/se-proteja-e-alcance-gracas-em-sua-vida\/#breadcrumb","itemListElement":[{"@type":"ListItem","position":1,"name":"Home","item":"https:\/\/www.adf.org.br\/home\/"},{"@type":"ListItem","position":2,"name":"Se Proteja e Alcance Gra\u00e7as em sua vida!"}]},{"@type":"Person","@id":"https:\/\/www.adf.org.br\/home\/#\/schema\/person\/f35a5c5aa7728a3dedf4ea9aa1fc2753","name":"Gabriel Barbosa","image":{"@type":"ImageObject","@id":"https:\/\/www.adf.org.br\/home\/#personlogo","inLanguage":"pt-BR","url":"https:\/\/secure.gravatar.com\/avatar\/2b2cb2f4637682c5605e8d36818f51ef?s=96&d=mm&r=g","contentUrl":"https:\/\/secure.gravatar.com\/avatar\/2b2cb2f4637682c5605e8d36818f51ef?s=96&d=mm&r=g","caption":"Gabriel Barbosa"},"url":"https:\/\/www.adf.org.br\/home\/author\/gabrielpmk-com-br\/"}]}},"_links":{"self":[{"href":"https:\/\/www.adf.org.br\/home\/wp-json\/wp\/v2\/posts\/72193"}],"collection":[{"href":"https:\/\/www.adf.org.br\/home\/wp-json\/wp\/v2\/posts"}],"about":[{"href":"https:\/\/www.adf.org.br\/home\/wp-json\/wp\/v2\/types\/post"}],"author":[{"embeddable":true,"href":"https:\/\/www.adf.org.br\/home\/wp-json\/wp\/v2\/users\/31"}],"replies":[{"embeddable":true,"href":"https:\/\/www.adf.org.br\/home\/wp-json\/wp\/v2\/comments?post=72193"}],"version-history":[{"count":4,"href":"https:\/\/www.adf.org.br\/home\/wp-json\/wp\/v2\/posts\/72193\/revisions"}],"predecessor-version":[{"id":72198,"href":"https:\/\/www.adf.org.br\/home\/wp-json\/wp\/v2\/posts\/72193\/revisions\/72198"}],"wp:featuredmedia":[{"embeddable":true,"href":"https:\/\/www.adf.org.br\/home\/wp-json\/wp\/v2\/media\/72194"}],"wp:attachment":[{"href":"https:\/\/www.adf.org.br\/home\/wp-json\/wp\/v2\/media?parent=72193"}],"wp:term":[{"taxonomy":"category","embeddable":true,"href":"https:\/\/www.adf.org.br\/home\/wp-json\/wp\/v2\/categories?post=72193"},{"taxonomy":"post_tag","embeddable":true,"href":"https:\/\/www.adf.org.br\/home\/wp-json\/wp\/v2\/tags?post=72193"}],"curies":[{"name":"wp","href":"https:\/\/api.w.org\/{rel}","templated":true}]}}