{"id":72118,"date":"2023-03-15T08:07:04","date_gmt":"2023-03-15T11:07:04","guid":{"rendered":"https:\/\/www.adf.org.br\/home\/?p=72118"},"modified":"2023-03-16T15:38:26","modified_gmt":"2023-03-16T18:38:26","slug":"por-que-nossa-senhora-de-fatima-escolheu-o-dia-13","status":"publish","type":"post","link":"https:\/\/www.adf.org.br\/home\/por-que-nossa-senhora-de-fatima-escolheu-o-dia-13\/","title":{"rendered":"Por que Nossa Senhora de F\u00e1tima escolheu o dia 13?"},"content":{"rendered":"<h2><span style=\"color: #000000;\"><strong>Por que Nossa Senhora escolheu o dia 13?<\/strong><\/span><\/h2>\n<figure id=\"attachment_65616\" class=\"wp-caption alignleft\" aria-describedby=\"caption-attachment-65616\"><a href=\"https:\/\/t.me\/devotosdefatima\" target=\"_blank\" rel=\"noopener noreferrer\"><img loading=\"lazy\" class=\"wp-image-65616 size-medium\" src=\"https:\/\/www.adf.org.br\/home\/wp-content\/uploads\/2021\/08\/irma_lucia-204x300.jpg\" sizes=\"(max-width: 204px) 100vw, 204px\" srcset=\"https:\/\/www.adf.org.br\/home\/wp-content\/uploads\/2021\/08\/irma_lucia-204x300.jpg 204w, https:\/\/www.adf.org.br\/home\/wp-content\/uploads\/2021\/08\/irma_lucia.jpg 272w\" alt=\"\" width=\"204\" height=\"300\" \/><\/a><figcaption id=\"caption-attachment-65616\" class=\"wp-caption-text\"><center><span style=\"color: #000000;\">Irm\u00e3 L\u00facia, pastorinha de F\u00e1tima<\/span><\/center><\/figcaption><\/figure>\n<p><span style=\"color: #000000;\"><span style=\"color: #800080; font-size: 32px;\"><strong>R<\/strong><\/span>esponde-nos a\u00a0<span style=\"color: #0000ff;\"><a style=\"color: #0000ff;\" href=\"https:\/\/t.me\/devotosdefatima\" target=\"_blank\" rel=\"noopener noreferrer\">Irm\u00e3 L\u00facia de F\u00e1tima<\/a><\/span>, no seu livro\u00a0\u201c<em>Como vejo a Mensagem<\/em>\u201d:<\/span><\/p>\n<p><span style=\"color: #000000;\">\u201c<strong>A escolha do dia 13; porque ter\u00e1 Deus escolhido o dia 13? N\u00e3o sei, mas pela vida al\u00e9m, nas minhas medita\u00e7\u00f5es,\u00a0tenho pensado muito neste pormenor e perguntado a [mim] mesma: que significado poder\u00e1 ter a escolha do dia 13?<\/strong><\/span><\/p>\n<p><span style=\"color: #000000;\">Sem saber como responder-me, um dia pensei: N\u00e3o ser\u00e1 que significa o mist\u00e9rio da Sant\u00edssima Trindade? Um s\u00f3 Deus em tr\u00eas Pessoas distintas, Pai, Filho e Esp\u00edrito Santo?<\/span><\/p>\n<p><span style=\"color: #800080;\"><strong>E fiquei meditando nesta ideia:\u00a0Um s\u00f3 Deus, Tr\u00eas Pessoas distintas, Pai, Filho e Esp\u00edrito Santo.\u00a0Ser\u00e1 este o sentido que Deus lhe quis dar? N\u00e3o sei, mas para mim, foi como que o reflexo de uma nova luz.<\/strong><\/span><\/p>\n<p><span style=\"color: #000000;\">Deus escolheu aquele local agreste, sem atrativos naturais, sem confortos materiais, para a\u00ed edificar o Seu Templo universal, onde, de todas as partes do mundo h\u00e3o de vir com f\u00e9, ador\u00e1-Lo, prestar-Lhe culto, homenagem de adora\u00e7\u00e3o, agradecimento<\/span><\/p>\n<p><span style=\"color: #800080;\"><strong>e humildes pedir-Lhe perd\u00e3o, louv\u00e1-Lo, e bendizer o Seu Nome Santo, cantar os Seus louvores, pedir-Lhe as Suas B\u00ean\u00e7\u00e3os e gra\u00e7as, confiantes na Sua miseric\u00f3rdia de Pai de toda a Humanidade, em cuja casa cada filho tem o seu lugar<\/strong>.\u201d<\/span><\/p>\n<h5><span style=\"color: #000000;\">Fonte:\u00a0<strong>Como vejo a Mensagem,<\/strong>\u00a0Irm\u00e3 Maria\u00a0<span style=\"color: #0000ff;\"><a style=\"color: #0000ff;\" href=\"https:\/\/t.me\/devotosdefatima\" target=\"_blank\" rel=\"noopener noreferrer\">L\u00facia<\/a><\/span>\u00a0de Jesus e do Cora\u00e7\u00e3o Imaculado, ocd.<\/span><\/h5>\n<h3 style=\"text-align: center;\">****<\/h3>\n<p><a href=\"https:\/\/t.me\/devotosdefatima\" target=\"_blank\" rel=\"noopener noreferrer\"><img loading=\"lazy\" class=\"wp-image-64950 aligncenter\" src=\"https:\/\/www.adf.org.br\/home\/wp-content\/uploads\/2021\/06\/Post-ADF-18_06-300x202.png\" sizes=\"(max-width: 345px) 100vw, 345px\" srcset=\"https:\/\/www.adf.org.br\/home\/wp-content\/uploads\/2021\/06\/Post-ADF-18_06-300x202.png 300w, https:\/\/www.adf.org.br\/home\/wp-content\/uploads\/2021\/06\/Post-ADF-18_06-1024x689.png 1024w, https:\/\/www.adf.org.br\/home\/wp-content\/uploads\/2021\/06\/Post-ADF-18_06-768x517.png 768w, https:\/\/www.adf.org.br\/home\/wp-content\/uploads\/2021\/06\/Post-ADF-18_06-1536x1033.png 1536w, https:\/\/www.adf.org.br\/home\/wp-content\/uploads\/2021\/06\/Post-ADF-18_06-2048x1378.png 2048w\" alt=\"\" width=\"345\" height=\"232\" \/><\/a><\/p>\n","protected":false},"excerpt":{"rendered":"<p>Por que Nossa Senhora escolheu o dia 13? Irm\u00e3 L\u00facia, pastorinha de F\u00e1tima Responde-nos a\u00a0Irm\u00e3 L\u00facia de F\u00e1tima, no seu livro\u00a0\u201cComo vejo a Mensagem\u201d: \u201cA escolha do dia 13; porque ter\u00e1 Deus escolhido o dia 13? N\u00e3o sei, mas pela vida al\u00e9m, nas minhas medita\u00e7\u00f5es,\u00a0tenho pensado muito neste pormenor e perguntado a [mim] mesma: que [&hellip;]<\/p>\n","protected":false},"author":31,"featured_media":72120,"comment_status":"open","ping_status":"open","sticky":false,"template":"","format":"standard","meta":[],"categories":[56],"tags":[43,38,57],"yoast_head":"<!-- This site is optimized with the Yoast SEO plugin v17.4 - https:\/\/yoast.com\/wordpress\/plugins\/seo\/ -->\n<title>POR QUE NOSSA SENHORA DE F\u00c1TIMA ESCOLHEU O DIA 13?<\/title>\n<meta name=\"description\" content=\"Por que Nossa Senhora escolheu o dia 13? Voc\u00ea sabe responder a esta pergunta? A Irm\u00e3 Lucia tenta dar uma resposta. Conhe\u00e7a-a clicando aqui.\" \/>\n<meta name=\"robots\" content=\"index, follow, max-snippet:-1, max-image-preview:large, max-video-preview:-1\" \/>\n<link rel=\"canonical\" href=\"https:\/\/www.adf.org.br\/home\/por-que-nossa-senhora-de-fatima-escolheu-o-dia-13\/\" \/>\n<meta property=\"og:locale\" content=\"pt_BR\" \/>\n<meta property=\"og:type\" content=\"article\" \/>\n<meta property=\"og:title\" content=\"POR QUE NOSSA SENHORA DE F\u00c1TIMA ESCOLHEU O DIA 13?\" \/>\n<meta property=\"og:description\" content=\"Por que Nossa Senhora escolheu o dia 13? Voc\u00ea sabe responder a esta pergunta? A Irm\u00e3 Lucia tenta dar uma resposta. Conhe\u00e7a-a clicando aqui.\" \/>\n<meta property=\"og:url\" content=\"https:\/\/www.adf.org.br\/home\/por-que-nossa-senhora-de-fatima-escolheu-o-dia-13\/\" \/>\n<meta property=\"og:site_name\" content=\"Associa\u00e7\u00e3o Devotos de F\u00e1tima\" \/>\n<meta property=\"article:published_time\" content=\"2023-03-15T11:07:04+00:00\" \/>\n<meta property=\"article:modified_time\" content=\"2023-03-16T18:38:26+00:00\" \/>\n<meta property=\"og:image\" content=\"https:\/\/www.adf.org.br\/home\/wp-content\/uploads\/2023\/03\/porque-nossa-senhora-de-fatima-escolheu-o-dia-13-1.jpg\" \/>\n\t<meta property=\"og:image:width\" content=\"302\" \/>\n\t<meta property=\"og:image:height\" content=\"200\" \/>\n<meta name=\"twitter:card\" content=\"summary_large_image\" \/>\n<meta name=\"twitter:label1\" content=\"Escrito por\" \/>\n\t<meta name=\"twitter:data1\" content=\"Gabriel Barbosa\" \/>\n\t<meta name=\"twitter:label2\" content=\"Est. tempo de leitura\" \/>\n\t<meta name=\"twitter:data2\" content=\"2 minutos\" \/>\n<script type=\"application\/ld+json\" class=\"yoast-schema-graph\">{\"@context\":\"https:\/\/schema.org\",\"@graph\":[{\"@type\":\"WebSite\",\"@id\":\"https:\/\/www.adf.org.br\/home\/#website\",\"url\":\"https:\/\/www.adf.org.br\/home\/\",\"name\":\"Associa\\u00e7\\u00e3o Devotos de F\\u00e1tima\",\"description\":\"Associa\\u00e7\\u00e3o Devotos de F\\u00e1tima\",\"potentialAction\":[{\"@type\":\"SearchAction\",\"target\":{\"@type\":\"EntryPoint\",\"urlTemplate\":\"https:\/\/www.adf.org.br\/home\/?s={search_term_string}\"},\"query-input\":\"required name=search_term_string\"}],\"inLanguage\":\"pt-BR\"},{\"@type\":\"ImageObject\",\"@id\":\"https:\/\/www.adf.org.br\/home\/por-que-nossa-senhora-de-fatima-escolheu-o-dia-13\/#primaryimage\",\"inLanguage\":\"pt-BR\",\"url\":\"https:\/\/www.adf.org.br\/home\/wp-content\/uploads\/2023\/03\/porque-nossa-senhora-de-fatima-escolheu-o-dia-13-1.jpg\",\"contentUrl\":\"https:\/\/www.adf.org.br\/home\/wp-content\/uploads\/2023\/03\/porque-nossa-senhora-de-fatima-escolheu-o-dia-13-1.jpg\",\"width\":302,\"height\":200},{\"@type\":\"WebPage\",\"@id\":\"https:\/\/www.adf.org.br\/home\/por-que-nossa-senhora-de-fatima-escolheu-o-dia-13\/#webpage\",\"url\":\"https:\/\/www.adf.org.br\/home\/por-que-nossa-senhora-de-fatima-escolheu-o-dia-13\/\",\"name\":\"POR QUE NOSSA SENHORA DE F\\u00c1TIMA ESCOLHEU O DIA 13?\",\"isPartOf\":{\"@id\":\"https:\/\/www.adf.org.br\/home\/#website\"},\"primaryImageOfPage\":{\"@id\":\"https:\/\/www.adf.org.br\/home\/por-que-nossa-senhora-de-fatima-escolheu-o-dia-13\/#primaryimage\"},\"datePublished\":\"2023-03-15T11:07:04+00:00\",\"dateModified\":\"2023-03-16T18:38:26+00:00\",\"author\":{\"@id\":\"https:\/\/www.adf.org.br\/home\/#\/schema\/person\/f35a5c5aa7728a3dedf4ea9aa1fc2753\"},\"description\":\"Por que Nossa Senhora escolheu o dia 13? Voc\\u00ea sabe responder a esta pergunta? A Irm\\u00e3 Lucia tenta dar uma resposta. Conhe\\u00e7a-a clicando aqui.\",\"breadcrumb\":{\"@id\":\"https:\/\/www.adf.org.br\/home\/por-que-nossa-senhora-de-fatima-escolheu-o-dia-13\/#breadcrumb\"},\"inLanguage\":\"pt-BR\",\"potentialAction\":[{\"@type\":\"ReadAction\",\"target\":[\"https:\/\/www.adf.org.br\/home\/por-que-nossa-senhora-de-fatima-escolheu-o-dia-13\/\"]}]},{\"@type\":\"BreadcrumbList\",\"@id\":\"https:\/\/www.adf.org.br\/home\/por-que-nossa-senhora-de-fatima-escolheu-o-dia-13\/#breadcrumb\",\"itemListElement\":[{\"@type\":\"ListItem\",\"position\":1,\"name\":\"Home\",\"item\":\"https:\/\/www.adf.org.br\/home\/\"},{\"@type\":\"ListItem\",\"position\":2,\"name\":\"Por que Nossa Senhora de F\\u00e1tima escolheu o dia 13?\"}]},{\"@type\":\"Person\",\"@id\":\"https:\/\/www.adf.org.br\/home\/#\/schema\/person\/f35a5c5aa7728a3dedf4ea9aa1fc2753\",\"name\":\"Gabriel Barbosa\",\"image\":{\"@type\":\"ImageObject\",\"@id\":\"https:\/\/www.adf.org.br\/home\/#personlogo\",\"inLanguage\":\"pt-BR\",\"url\":\"https:\/\/secure.gravatar.com\/avatar\/2b2cb2f4637682c5605e8d36818f51ef?s=96&d=mm&r=g\",\"contentUrl\":\"https:\/\/secure.gravatar.com\/avatar\/2b2cb2f4637682c5605e8d36818f51ef?s=96&d=mm&r=g\",\"caption\":\"Gabriel Barbosa\"},\"url\":\"https:\/\/www.adf.org.br\/home\/author\/gabrielpmk-com-br\/\"}]}<\/script>\n<!-- \/ Yoast SEO plugin. -->","yoast_head_json":{"title":"POR QUE NOSSA SENHORA DE F\u00c1TIMA ESCOLHEU O DIA 13?","description":"Por que Nossa Senhora escolheu o dia 13? Voc\u00ea sabe responder a esta pergunta? A Irm\u00e3 Lucia tenta dar uma resposta. Conhe\u00e7a-a clicando aqui.","robots":{"index":"index","follow":"follow","max-snippet":"max-snippet:-1","max-image-preview":"max-image-preview:large","max-video-preview":"max-video-preview:-1"},"canonical":"https:\/\/www.adf.org.br\/home\/por-que-nossa-senhora-de-fatima-escolheu-o-dia-13\/","og_locale":"pt_BR","og_type":"article","og_title":"POR QUE NOSSA SENHORA DE F\u00c1TIMA ESCOLHEU O DIA 13?","og_description":"Por que Nossa Senhora escolheu o dia 13? Voc\u00ea sabe responder a esta pergunta? A Irm\u00e3 Lucia tenta dar uma resposta. Conhe\u00e7a-a clicando aqui.","og_url":"https:\/\/www.adf.org.br\/home\/por-que-nossa-senhora-de-fatima-escolheu-o-dia-13\/","og_site_name":"Associa\u00e7\u00e3o Devotos de F\u00e1tima","article_published_time":"2023-03-15T11:07:04+00:00","article_modified_time":"2023-03-16T18:38:26+00:00","og_image":[{"width":302,"height":200,"url":"https:\/\/www.adf.org.br\/home\/wp-content\/uploads\/2023\/03\/porque-nossa-senhora-de-fatima-escolheu-o-dia-13-1.jpg","type":"image\/jpeg"}],"twitter_card":"summary_large_image","twitter_misc":{"Escrito por":"Gabriel Barbosa","Est. tempo de leitura":"2 minutos"},"schema":{"@context":"https:\/\/schema.org","@graph":[{"@type":"WebSite","@id":"https:\/\/www.adf.org.br\/home\/#website","url":"https:\/\/www.adf.org.br\/home\/","name":"Associa\u00e7\u00e3o Devotos de F\u00e1tima","description":"Associa\u00e7\u00e3o Devotos de F\u00e1tima","potentialAction":[{"@type":"SearchAction","target":{"@type":"EntryPoint","urlTemplate":"https:\/\/www.adf.org.br\/home\/?s={search_term_string}"},"query-input":"required name=search_term_string"}],"inLanguage":"pt-BR"},{"@type":"ImageObject","@id":"https:\/\/www.adf.org.br\/home\/por-que-nossa-senhora-de-fatima-escolheu-o-dia-13\/#primaryimage","inLanguage":"pt-BR","url":"https:\/\/www.adf.org.br\/home\/wp-content\/uploads\/2023\/03\/porque-nossa-senhora-de-fatima-escolheu-o-dia-13-1.jpg","contentUrl":"https:\/\/www.adf.org.br\/home\/wp-content\/uploads\/2023\/03\/porque-nossa-senhora-de-fatima-escolheu-o-dia-13-1.jpg","width":302,"height":200},{"@type":"WebPage","@id":"https:\/\/www.adf.org.br\/home\/por-que-nossa-senhora-de-fatima-escolheu-o-dia-13\/#webpage","url":"https:\/\/www.adf.org.br\/home\/por-que-nossa-senhora-de-fatima-escolheu-o-dia-13\/","name":"POR QUE NOSSA SENHORA DE F\u00c1TIMA ESCOLHEU O DIA 13?","isPartOf":{"@id":"https:\/\/www.adf.org.br\/home\/#website"},"primaryImageOfPage":{"@id":"https:\/\/www.adf.org.br\/home\/por-que-nossa-senhora-de-fatima-escolheu-o-dia-13\/#primaryimage"},"datePublished":"2023-03-15T11:07:04+00:00","dateModified":"2023-03-16T18:38:26+00:00","author":{"@id":"https:\/\/www.adf.org.br\/home\/#\/schema\/person\/f35a5c5aa7728a3dedf4ea9aa1fc2753"},"description":"Por que Nossa Senhora escolheu o dia 13? Voc\u00ea sabe responder a esta pergunta? A Irm\u00e3 Lucia tenta dar uma resposta. Conhe\u00e7a-a clicando aqui.","breadcrumb":{"@id":"https:\/\/www.adf.org.br\/home\/por-que-nossa-senhora-de-fatima-escolheu-o-dia-13\/#breadcrumb"},"inLanguage":"pt-BR","potentialAction":[{"@type":"ReadAction","target":["https:\/\/www.adf.org.br\/home\/por-que-nossa-senhora-de-fatima-escolheu-o-dia-13\/"]}]},{"@type":"BreadcrumbList","@id":"https:\/\/www.adf.org.br\/home\/por-que-nossa-senhora-de-fatima-escolheu-o-dia-13\/#breadcrumb","itemListElement":[{"@type":"ListItem","position":1,"name":"Home","item":"https:\/\/www.adf.org.br\/home\/"},{"@type":"ListItem","position":2,"name":"Por que Nossa Senhora de F\u00e1tima escolheu o dia 13?"}]},{"@type":"Person","@id":"https:\/\/www.adf.org.br\/home\/#\/schema\/person\/f35a5c5aa7728a3dedf4ea9aa1fc2753","name":"Gabriel Barbosa","image":{"@type":"ImageObject","@id":"https:\/\/www.adf.org.br\/home\/#personlogo","inLanguage":"pt-BR","url":"https:\/\/secure.gravatar.com\/avatar\/2b2cb2f4637682c5605e8d36818f51ef?s=96&d=mm&r=g","contentUrl":"https:\/\/secure.gravatar.com\/avatar\/2b2cb2f4637682c5605e8d36818f51ef?s=96&d=mm&r=g","caption":"Gabriel Barbosa"},"url":"https:\/\/www.adf.org.br\/home\/author\/gabrielpmk-com-br\/"}]}},"_links":{"self":[{"href":"https:\/\/www.adf.org.br\/home\/wp-json\/wp\/v2\/posts\/72118"}],"collection":[{"href":"https:\/\/www.adf.org.br\/home\/wp-json\/wp\/v2\/posts"}],"about":[{"href":"https:\/\/www.adf.org.br\/home\/wp-json\/wp\/v2\/types\/post"}],"author":[{"embeddable":true,"href":"https:\/\/www.adf.org.br\/home\/wp-json\/wp\/v2\/users\/31"}],"replies":[{"embeddable":true,"href":"https:\/\/www.adf.org.br\/home\/wp-json\/wp\/v2\/comments?post=72118"}],"version-history":[{"count":3,"href":"https:\/\/www.adf.org.br\/home\/wp-json\/wp\/v2\/posts\/72118\/revisions"}],"predecessor-version":[{"id":72158,"href":"https:\/\/www.adf.org.br\/home\/wp-json\/wp\/v2\/posts\/72118\/revisions\/72158"}],"wp:featuredmedia":[{"embeddable":true,"href":"https:\/\/www.adf.org.br\/home\/wp-json\/wp\/v2\/media\/72120"}],"wp:attachment":[{"href":"https:\/\/www.adf.org.br\/home\/wp-json\/wp\/v2\/media?parent=72118"}],"wp:term":[{"taxonomy":"category","embeddable":true,"href":"https:\/\/www.adf.org.br\/home\/wp-json\/wp\/v2\/categories?post=72118"},{"taxonomy":"post_tag","embeddable":true,"href":"https:\/\/www.adf.org.br\/home\/wp-json\/wp\/v2\/tags?post=72118"}],"curies":[{"name":"wp","href":"https:\/\/api.w.org\/{rel}","templated":true}]}}