{"id":72042,"date":"2023-03-09T00:00:07","date_gmt":"2023-03-09T03:00:07","guid":{"rendered":"https:\/\/www.adf.org.br\/home\/?p=72042"},"modified":"2023-03-09T10:13:53","modified_gmt":"2023-03-09T13:13:53","slug":"entenda-sobre-as-aparicoes-de-nossa-senhora-de-fatima","status":"publish","type":"post","link":"https:\/\/www.adf.org.br\/home\/entenda-sobre-as-aparicoes-de-nossa-senhora-de-fatima\/","title":{"rendered":"Conhe\u00e7a as Apari\u00e7\u00f5es de Nossa Senhora de F\u00e1tima"},"content":{"rendered":"<h2 style=\"text-align: center;\"><strong><span style=\"color: #000000;\">Conhe\u00e7a as Apari\u00e7\u00f5es de Nossa Senhora de F\u00e1tima<\/span><\/strong><\/h2>\n<p>&nbsp;<\/p>\n<p><img loading=\"lazy\" class=\"wp-image-69519  aligncenter\" src=\"https:\/\/www.adf.org.br\/home\/wp-content\/uploads\/2022\/08\/n-sra-fatima.webp\" alt=\"\" width=\"693\" height=\"460\" srcset=\"https:\/\/www.adf.org.br\/home\/wp-content\/uploads\/2022\/08\/n-sra-fatima.webp 800w, https:\/\/www.adf.org.br\/home\/wp-content\/uploads\/2022\/08\/n-sra-fatima-300x199.webp 300w, https:\/\/www.adf.org.br\/home\/wp-content\/uploads\/2022\/08\/n-sra-fatima-768x510.webp 768w\" sizes=\"(max-width: 693px) 100vw, 693px\" \/><\/p>\n<p>&nbsp;<\/p>\n<p><span style=\"color: #000000;\"><strong>Leia abaixo a bel\u00edssima hist\u00f3ria das Apari\u00e7\u00f5es de Nossa Senhora de F\u00e1tima.<\/strong><\/span><\/p>\n<h3><span style=\"color: #000000;\"><strong>As apari\u00e7\u00f5es do Anjo de Portugal<\/strong><\/span><\/h3>\n<p><span style=\"color: #000000;\"><strong>Em 1916 o Anjo de Portugal apareceu aos <span style=\"color: #0000ff;\"><a style=\"color: #0000ff;\" href=\"https:\/\/www.adf.org.br\/home\/pagina-de-cadastro\/?origem=27059\" target=\"_blank\" rel=\"noopener\">3 pastorinhos<\/a><\/span>\u00a0e os ensinou a rezar, preparando-os para as apari\u00e7\u00f5es de Nossa Senhora em 1917.<\/strong><\/span><\/p>\n<p><span style=\"color: #000000;\">Em Portugal, ao sul de uma cidade chamada <span style=\"color: #0000ff;\"><a style=\"color: #0000ff;\" href=\"https:\/\/www.adf.org.br\/home\/pagina-de-cadastro\/?origem=27059\" target=\"_blank\" rel=\"noopener\"><strong>F\u00e1tima<\/strong><\/a><\/span>, na aldeia de Aljustrel, viviam, no come\u00e7o do s\u00e9culo XX, tr\u00eas pastorinhos:<\/span><\/p>\n<p><span style=\"color: #000000;\">L\u00facia de Jesus dos Santos e seus primos Francisco e Jacinta Marto.<\/span><\/p>\n<p><span style=\"color: #000000;\">Como todas as crian\u00e7as inocentes e simples das montanhas daquela \u00e9poca, gostavam de brincar, jogar, ouvir hist\u00f3rias e sair com as ovelhas.<\/span><\/p>\n<p><span style=\"color: #000000;\"><strong>Rezavam com regularidade o ter\u00e7o que levavam consigo sempre quando conduziam o rebanho a pastorear.<\/strong><\/span><\/p>\n<p><span style=\"color: #000000;\"><strong>L\u00facia era a mais velha. D\u00f3cil e bondosa estava sempre pronta para ajudar os outros. Ensinava as crian\u00e7as a cantarem versos a <span style=\"color: #0000ff;\"><a style=\"color: #0000ff;\" href=\"https:\/\/www.adf.org.br\/home\/pagina-de-cadastro\/?origem=27059\" target=\"_blank\" rel=\"noopener\">Nossa Senhora<\/a><\/span> e contava-lhes hist\u00f3rias.<\/strong><\/span><\/p>\n<p><span style=\"color: #000000;\">Jacinta tinha especial afei\u00e7\u00e3o pela narra\u00e7\u00e3o da Paix\u00e3o de Nosso Senhor Jesus Cristo.<\/span><\/p>\n<p><span style=\"color: #000000;\">Vendo Jesus pregado na cruz, Jacinta perguntava \u00e0 L\u00facia:<\/span><\/p>\n<blockquote><p><span style=\"color: #800080;\">\u201c<em>Por que Jesus est\u00e1 pregado na Cruz?<\/em>\u201c<\/span><\/p>\n<p><span style=\"color: #800080;\">\u201c<em>Porque morreu para nos salva<\/em>r\u201d, respondia L\u00facia.<\/span><\/p>\n<p><span style=\"color: #800080;\">\u201c<em>Conta-me como foi\u2026.<\/em>\u201d implorava a menina.<\/span><\/p>\n<p><span style=\"color: #800080;\">Ouvindo a narra\u00e7\u00e3o de sua prima L\u00facia, Jacinta come\u00e7ava, ent\u00e3o, a chorar e dizia:<\/span><\/p>\n<p><span style=\"color: #800080;\"><strong>\u201c<em>Coitadinho de Nosso Senhor! Eu n\u00e3o hei de fazer nenhum pecado; n\u00e3o quero que Jesus sofra mais<\/em>.\u201d<\/strong><\/span><\/p><\/blockquote>\n<p><span style=\"color: #000000;\">O <span style=\"color: #0000ff;\"><a style=\"color: #0000ff;\" href=\"https:\/\/www.adf.org.br\/home\/pagina-de-cadastro\/?origem=27059\" target=\"_blank\" rel=\"noopener\"><strong>menino Francisco<\/strong><\/a><\/span> era um exemplo de obedi\u00eancia e amabilidade. Tinha a alma aberta para contemplar as belezas da natureza, que o faziam meditar na grandeza de Deus.<\/span><\/p>\n<p><span style=\"color: #000000;\">Levavam esses tr\u00eas pastorinhos uma vida simples e tranquila, at\u00e9 que ocorreu, em 1916, um tremendo e imprevisto acontecimento.<\/span><\/p>\n<p>&nbsp;<\/p>\n<p><span style=\"color: #000000;\"><strong><img loading=\"lazy\" class=\"aligncenter size-medium wp-image-41685\" src=\"http:\/\/www.adf.org.br\/home\/wp-content\/uploads\/2010\/03\/arabesco-300x89.png\" sizes=\"(max-width: 300px) 100vw, 300px\" srcset=\"https:\/\/www.adf.org.br\/home\/wp-content\/uploads\/2010\/03\/arabesco-300x89.png 300w, https:\/\/www.adf.org.br\/home\/wp-content\/uploads\/2010\/03\/arabesco.png 348w\" alt=\"arabesco\" width=\"300\" height=\"89\" \/><\/strong><\/span><\/p>\n<p>&nbsp;<\/p>\n<h3><strong style=\"color: #000000;\">Certo dia\u2026<\/strong><\/h3>\n<p><span style=\"color: #000000;\">Estavam<span style=\"color: #0000ff;\"><a style=\"color: #0000ff;\" href=\"https:\/\/www.adf.org.br\/home\/pagina-de-cadastro\/?origem=27059\" target=\"_blank\" rel=\"noopener\"><strong> L\u00facia, Jacinta e Francisco<\/strong><\/a><\/span> com suas ovelhas numa pequena colina chamada Loca do Cabe\u00e7o. De repente, um forte vento come\u00e7ou a sacudir as \u00e1rvores.<\/span><\/p>\n<p><span style=\"color: #000000;\">Viram ent\u00e3o, sobre a copa das \u00e1rvores, uma luz mais branca que a neve, com a forma de um jovem transparente, de seus catorze ou quinze anos. Ele era de uma grande beleza e mais brilhante que um cristal atravessado pelos raios do sol.<\/span><\/p>\n<blockquote><p><span style=\"color: #800080;\"><em>\u201cN\u00e3o temais \u2013disse o jovem \u2013 sou o Anjo da Paz. Rezai comigo.\u201d<\/em><\/span><\/p><\/blockquote>\n<p><span style=\"color: #000000;\">E, ajoelhando-se, inclinou-se at\u00e9 encostar a cabe\u00e7a no ch\u00e3o. Os tr\u00eas pastorinhos o imitaram e repetiram as palavras que ouviram o Anjo dizer:<\/span><\/p>\n<blockquote><p><span style=\"color: #000000;\"><strong><br \/>\n<span style=\"color: #800080;\">\u201c<em>Meu Deus! Eu creio, adoro, espero e amo-Vos. Pe\u00e7o-Vos perd\u00e3o para os que n\u00e3o cr\u00eaem, n\u00e3o adoram, n\u00e3o esperam e n\u00e3o Vos amam<\/em>\u201c.<\/span><\/strong><\/span><\/p><\/blockquote>\n<p><span style=\"color: #000000;\">Depois, levantando-se, disse: <span style=\"color: #800080;\">\u201c<em>Orai assim. Os Cora\u00e7\u00f5es de Jesus e Maria est\u00e3o atentos \u00e0 voz das vossas s\u00faplicas.<\/em>\u201d<\/span> E logo em seguida desapareceu.<\/span><\/p>\n<p><span style=\"color: #000000;\">As tr\u00eas crian\u00e7as sentiram fortemente a <span style=\"color: #0000ff;\"><a style=\"color: #0000ff;\" href=\"https:\/\/www.adf.org.br\/home\/pagina-de-cadastro\/?origem=27059\" target=\"_blank\" rel=\"noopener\"><strong>presen\u00e7a de Deus<\/strong><\/a><\/span>. Permaneceram um tempo na mesma posi\u00e7\u00e3o em que o Anjo os tinha deixado, repetindo v\u00e1rias vezes a mesma ora\u00e7\u00e3o.<\/span><\/p>\n<p><span style=\"color: #000000;\">Essas palavras gravaram-se de tal forma em suas cabe\u00e7as, que jamais as esqueceram.<\/span><\/p>\n<p><span style=\"color: #000000;\"><strong><img loading=\"lazy\" class=\"aligncenter size-medium wp-image-41685\" src=\"http:\/\/www.adf.org.br\/home\/wp-content\/uploads\/2010\/03\/arabesco-300x89.png\" sizes=\"(max-width: 300px) 100vw, 300px\" srcset=\"https:\/\/www.adf.org.br\/home\/wp-content\/uploads\/2010\/03\/arabesco-300x89.png 300w, https:\/\/www.adf.org.br\/home\/wp-content\/uploads\/2010\/03\/arabesco.png 348w\" alt=\"arabesco\" width=\"300\" height=\"89\" \/><\/strong><\/span><\/p>\n<h3><strong style=\"color: #000000;\">Outro dia\u2026<\/strong><\/h3>\n<p><span style=\"color: #000000;\">Estavam os tr\u00eas pastorinhos junto ao po\u00e7o do quintal dos pais de L\u00facia, brincando, quando, de repente, viram o mesmo Anjo, que lhes disse:<\/span><\/p>\n<blockquote><p><span style=\"color: #800080;\">\u201c<em>Que fazeis? Orai, orai muito. Os Cora\u00e7\u00f5es Sant\u00edssimos de Jesus e Maria t\u00eam sobre v\u00f3s des\u00edgnios de miseric\u00f3rdia.\u00a0Oferecei constantemente ao Alt\u00edssimo ora\u00e7\u00f5es e sacrif\u00edcios.<\/em>\u201c<\/span><\/p>\n<p><span style=\"color: #800080;\">\u201c<em>Como nos havemos de sacrificar?<\/em>\u201d \u2013 perguntou L\u00facia.<\/span><\/p>\n<p><span style=\"color: #800080;\">\u201c<em>De tudo que puderdes, oferecei a Deus um sacrif\u00edcio em ato de repara\u00e7\u00e3o pelos pecados com que Ele \u00e9 ofendido e de s\u00faplica pela convers\u00e3o dos pecadores.<\/em><\/span><\/p>\n<p><span style=\"color: #800080;\"><em>Atra\u00ed, assim, sobre vossa P\u00e1tria, a paz. Eu sou o Anjo da sua guarda, o Anjo de Portugal. Sobretudo, aceitai e suportai, com submiss\u00e3o, o sofrimento que o Senhor vos enviar.\u201d<\/em><\/span><\/p><\/blockquote>\n<p><span style=\"color: #000000;\"><strong><br \/>\nEssas palavras do <span style=\"color: #0000ff;\"><a style=\"color: #0000ff;\" href=\"https:\/\/www.adf.org.br\/home\/pagina-de-cadastro\/?origem=27059\" target=\"_blank\" rel=\"noopener\">Anjo<\/a><\/span> gravaram-se no esp\u00edrito dos tr\u00eas pastorinhos como uma luz que os fazia compreender quem era Deus, que amava os homens e queria ser amado.<\/strong><\/span><\/p>\n<p><span style=\"color: #000000;\">Come\u00e7aram a entender, tamb\u00e9m,\u00a0<strong>o valor do sacrif\u00edcio<\/strong>, que agradava a Deus, e que Deus, por meio dele, convertia os pecadores.<\/span><\/p>\n<p><span style=\"color: #000000;\">Por isso, desde esse momento, as tr\u00eas crian\u00e7as come\u00e7aram a oferecer ao Senhor tudo o que as fazia sofrer.<\/span><\/p>\n<p>&nbsp;<\/p>\n<p><span style=\"color: #000000;\"><strong><img loading=\"lazy\" class=\"aligncenter size-medium wp-image-41685\" src=\"http:\/\/www.adf.org.br\/home\/wp-content\/uploads\/2010\/03\/arabesco-300x89.png\" sizes=\"(max-width: 300px) 100vw, 300px\" srcset=\"https:\/\/www.adf.org.br\/home\/wp-content\/uploads\/2010\/03\/arabesco-300x89.png 300w, https:\/\/www.adf.org.br\/home\/wp-content\/uploads\/2010\/03\/arabesco.png 348w\" alt=\"arabesco\" width=\"300\" height=\"89\" \/><\/strong><\/span><\/p>\n<p>&nbsp;<\/p>\n<h3><strong style=\"color: #000000;\">Meses depois\u2026<\/strong><\/h3>\n<p><span style=\"color: #000000;\">Os tr\u00eas pastorinhos estavam novamente na<span style=\"color: #0000ff;\"><a style=\"color: #0000ff;\" href=\"https:\/\/www.adf.org.br\/home\/pagina-de-cadastro\/?origem=27059\" target=\"_blank\" rel=\"noopener\"><strong> Loca do Cabe\u00e7o<\/strong><\/a><\/span>, local da primeira apari\u00e7\u00e3o.<\/span><\/p>\n<p><span style=\"color: #000000;\">Ap\u00f3s rezarem o ter\u00e7o e a ora\u00e7\u00e3o que o Anjo lhes havia ensinado, eis que aparece o Anjo, trazendo na m\u00e3o um C\u00e1lice e, sobre ele, uma H\u00f3stia, da qual ca\u00edam dentro do C\u00e1lice algumas gotas de sangue.<\/span><\/p>\n<p><span style=\"color: #000000;\">O Anjo deixou o C\u00e1lice suspenso no ar, e prostrou-se em terra, repetindo tr\u00eas vezes a ora\u00e7\u00e3o:<\/span><\/p>\n<p><a href=\"https:\/\/www.adf.org.br\/home\/pagina-de-cadastro\/?origem=27059\" target=\"_blank\" rel=\"noopener\"><img loading=\"lazy\" class=\"alignleft\" src=\"https:\/\/2.bp.blogspot.com\/-3AypblSGqN4\/WSTBh70kAVI\/AAAAAAABckM\/OFvzngaCrHkhejSFMmwtL2se-dcaqbiwACLcB\/s1600\/F%25C3%25A1tima%2B-%2BToca%2Bdo%2BCabe%25C3%25A7o%252C%2B3%25C2%25AA%2BApari%25C3%25A7%25C3%25A3o%2Bdo%2BAnjo.jpg\" alt=\"Retratos de Portugal: F\u00e1tima - Loca do Cabe\u00e7o, 3\u00aa Apari\u00e7\u00e3o do Anjo\" width=\"354\" height=\"249\" \/><\/a><\/p>\n<div id=\"_mcePaste\"><span style=\"color: #000000;\">E, levantando-se, tomou novamente o <span style=\"color: #0000ff;\"><a style=\"color: #0000ff;\" href=\"https:\/\/www.adf.org.br\/home\/pagina-de-cadastro\/?origem=27059\" target=\"_blank\" rel=\"noopener\"><strong>C\u00e1lice e a H\u00f3stia<\/strong><\/a><\/span>. Deu \u00e0 L\u00facia a Sagrada H\u00f3stia e deu a beber o Sangue do C\u00e1lice \u00e0 Jacinta e ao Francisco, dizendo ao mesmo tempo: \u201cTomai e bebei o Corpo e o Sangue de <span style=\"color: #0000ff;\"><a style=\"color: #0000ff;\" href=\"https:\/\/www.adf.org.br\/home\/pagina-de-cadastro\/?origem=27059\" target=\"_blank\" rel=\"noopener\"><strong>Jesus Cristo<\/strong><\/a><\/span>, horrivelmente ultrajado pelos homens ingratos. Reparai os seus crimes e consolai o vosso Deus.\u201d<\/span><\/div>\n<div id=\"_mcePaste\"><span style=\"color: #000000;\">E, prostrando-se por terra, repetiu com eles tr\u00eas vezes a mesma ora\u00e7\u00e3o.<\/span><\/div>\n<div id=\"_mcePaste\"><span style=\"color: #000000;\">O Anjo da Paz veio preparar as crian\u00e7as para as importantes e reveladoras apari\u00e7\u00f5es de <span style=\"color: #0000ff;\"><a style=\"color: #0000ff;\" href=\"https:\/\/www.adf.org.br\/home\/pagina-de-cadastro\/?origem=27059\" target=\"_blank\" rel=\"noopener\"><strong>Nossa Senhora<\/strong><\/a><\/span> em F\u00e1tima, que come\u00e7aram a ocorrer logo a seguir.<\/span><\/div>\n<div id=\"_mcePaste\"><span style=\"color: #000000;\">A emocionante passagem que acabamos de ler, e que foi relatada por L\u00facia, aconteceu quando ela tinha apenas nove anos, e os priminhos, Francisco e Jacinta, oito e seis anos, respectivamente.<\/span><\/div>\n<blockquote><p><span style=\"color: #800080;\">\u201c<em>Sant\u00edssima Trindade, Pai, Filho, Esp\u00edrito Santo, adoro-Vos profundamente e ofere\u00e7o-Vos o Precios\u00edssimo Corpo, Sangue, Alma e Divindade de Jesus Cristo, presente em todos os sacr\u00e1rios da terra, em repara\u00e7\u00e3o dos ultrajes, sacril\u00e9gios e indiferen\u00e7as com que Ele mesmo \u00e9 ofendido. E pelos m\u00e9ritos infinitos do seu Sant\u00edssimo Cora\u00e7\u00e3o e do Cora\u00e7\u00e3o Imaculado de Maria, pe\u00e7o-Vos a convers\u00e3o dos pobres pecadore<span style=\"color: #800080;\">s\u201d<\/span><\/em>.<\/span><\/p><\/blockquote>\n<p><span style=\"color: #000000;\">E, levantando-se, tomou novamente o C\u00e1lice e a H\u00f3stia. Deu \u00e0 L\u00facia a Sagrada H\u00f3stia e deu a beber o Sangue do C\u00e1lice \u00e0 Jacinta e ao Francisco, dizendo ao mesmo tempo:<\/span><\/p>\n<blockquote><p><span style=\"color: #800080;\">\u201c<em>Tomai e bebei o Corpo e o Sangue de Jesus Cristo, horrivelmente ultrajado pelos homens ingratos. Reparai os seus crimes e consolai o vosso Deus.\u201d<\/em><\/span><\/p><\/blockquote>\n<p><span style=\"color: #000000;\">E, prostrando-se por terra, repetiu com eles tr\u00eas vezes a mesma ora\u00e7\u00e3o.<\/span><\/p>\n<p><span style=\"color: #000000;\"><strong>O Anjo da Paz veio preparar as crian\u00e7as para as importantes e reveladoras apari\u00e7\u00f5es de <span style=\"color: #0000ff;\"><a style=\"color: #0000ff;\" href=\"https:\/\/www.adf.org.br\/home\/pagina-de-cadastro\/?origem=27059\" target=\"_blank\" rel=\"noopener\">Nossa Senhora<\/a><\/span> em F\u00e1tima, que come\u00e7aram a ocorrer logo a seguir<\/strong>.<\/span><\/p>\n<p><span style=\"color: #000000;\">A emocionante passagem que acabamos de ler, e que foi relatada por L\u00facia, aconteceu quando ela tinha apenas nove anos, e os priminhos, Francisco e Jacinta, oito e seis anos, respectivamente.<\/span><\/p>\n<h3><span style=\"color: #000000;\"><img loading=\"lazy\" class=\"aligncenter size-medium wp-image-41685\" src=\"http:\/\/www.adf.org.br\/home\/wp-content\/uploads\/2010\/03\/arabesco-300x89.png\" sizes=\"(max-width: 300px) 100vw, 300px\" srcset=\"https:\/\/www.adf.org.br\/home\/wp-content\/uploads\/2010\/03\/arabesco-300x89.png 300w, https:\/\/www.adf.org.br\/home\/wp-content\/uploads\/2010\/03\/arabesco.png 348w\" alt=\"arabesco\" width=\"300\" height=\"89\" \/><\/span><\/h3>\n<h3><\/h3>\n<h3><span style=\"color: #000000;\"><strong>Primeira Apari\u00e7\u00e3o de F\u00e1tima<\/strong><\/span><\/h3>\n<p><span style=\"color: #000000;\">No dia 13 de maio de 1917,<span style=\"color: #0000ff;\"><a style=\"color: #0000ff;\" href=\"https:\/\/www.adf.org.br\/home\/pagina-de-cadastro\/?origem=27059\" target=\"_blank\" rel=\"noopener\"><strong> Nossa Senhora<\/strong><\/a><\/span> apareceu pela primeira vez aos tr\u00eas pastorinhos: Lucia, Francisco e Jacinta.<\/span><\/p>\n<h4><span style=\"color: #000000;\"><strong>13 de maio de 1917<\/strong><\/span><\/h4>\n<p><span style=\"color: #000000;\">L\u00facia, Francisco e Jacinta estavam brincando num lugar chamado Cova da Iria.<\/span><\/p>\n<p><span style=\"color: #000000;\"><strong>De repente, observaram dois clar\u00f5es como de rel\u00e2mpagos, e em seguida viram, sobre a copa de uma pequena \u00e1rvore chamada azinheira, uma Senhora de beleza incompar\u00e1vel.<\/strong><\/span><\/p>\n<p><span style=\"color: #000000;\">Era uma Senhora vestida de branco, mais brilhante que o sol, irradiando luz mais clara e intensa que um copo de cristal cheio de \u00e1gua cristalina, atravessado pelos raios do sol mais ardente.<\/span><\/p>\n<p><a href=\"https:\/\/www.adf.org.br\/home\/pagina-de-cadastro\/?origem=27059\" target=\"_blank\" rel=\"noopener\"><img loading=\"lazy\" class=\"alignright\" src=\"https:\/\/miro.medium.com\/max\/1400\/0*NMG93Q0ssi51rRSm\" alt=\"F\u00e1tima. Para quem ainda n\u00e3o conhece a hist\u00f3ria\u2026 | by Jo\u00e3o dalcastanher | Medium\" width=\"235\" height=\"334\" \/><\/a><\/p>\n<p><span style=\"color: #000000;\"><strong>Sua face, indescritivelmente bela, n\u00e3o era nem alegre e nem triste, mas s\u00e9ria, com ar de suave censura.<\/strong><\/span><\/p>\n<p><span style=\"color: #000000;\">As m\u00e3os juntas, como a rezar, apoiadas no peito, e voltadas para cima. Da sua m\u00e3o direita pendia um <span style=\"color: #0000ff;\"><a style=\"color: #0000ff;\" href=\"https:\/\/www.adf.org.br\/home\/pagina-de-cadastro\/?origem=27059\" target=\"_blank\" rel=\"noopener\"><strong>Ros\u00e1rio<\/strong><\/a><\/span>. As vestes pareciam feitas somente de luz.<\/span><\/p>\n<p><span style=\"color: #000000;\">A t\u00fanica e o manto eram brancos com bordas douradas, que cobria a cabe\u00e7a da <span style=\"color: #0000ff;\"><a style=\"color: #0000ff;\" href=\"https:\/\/www.adf.org.br\/home\/pagina-de-cadastro\/?origem=27059\" target=\"_blank\" rel=\"noopener\"><strong>Virgem Maria<\/strong><\/a><\/span> e lhe descia at\u00e9 os p\u00e9s.<\/span><\/p>\n<p><span style=\"color: #000000;\">L\u00facia jamais conseguiu descrever perfeitamente os tra\u00e7os dessa fisionomia t\u00e3o brilhante. Com voz maternal e suave;<\/span><\/p>\n<p><span style=\"color: #000000;\">Nossa Senhora tranquiliza as tr\u00eas crian\u00e7as, dizendo: <span style=\"color: #800080;\">\u201c<em>N\u00e3o tenhais medo. Eu n\u00e3o vos farei mal.<\/em>\u201d<\/span><\/span><\/p>\n<p><span style=\"color: #000000;\">E\u00a0L\u00facia pergunta:\u00a0\u201c<em>Donde \u00e9 Vossemec\u00ea?<\/em>\u201d<\/span><\/p>\n<p><span style=\"color: #000000;\">Nossa Senhora:\u00a0\u201c<em>Sou do C\u00e9u!<\/em>\u201d<\/span><\/p>\n<p><span style=\"color: #000000;\">L\u00facia:\u00a0\u201c<em>E que \u00e9 que vossemec\u00ea me quer?\u201d<br \/>\n<\/em><\/span><br \/>\n<span style=\"color: #800080;\">Nossa Senhora:\u00a0\u201c<em>Vim para pedir que venhais aqui seis meses seguidos, sempre no dia 13, a esta mesma hora. Depois vos direi quem sou e o que quero. Em seguida, voltarei aqui ainda uma\u00a0s\u00e9tima vez.\u00a0<\/em>\u201d<\/span><\/p>\n<p><span style=\"color: #000000;\">L\u00facia:\u00a0\u201c<em>E eu tamb\u00e9m vou para o C\u00e9u?<\/em>\u201d<\/span><\/p>\n<p><span style=\"color: #000000;\">Nossa Senhora:\u00a0\u201c<em>Sim, vais.<\/em>\u201d<\/span><\/p>\n<p><span style=\"color: #000000;\">L\u00facia:\u00a0\u201c<em>E a Jacinta?<\/em>\u201d<\/span><\/p>\n<p><span style=\"color: #000000;\">Nossa Senhora:\u00a0\u201c<em>Tamb\u00e9m<\/em>\u201d<\/span><\/p>\n<p><span style=\"color: #000000;\">L\u00facia:\u00a0\u201c<em>E o Francisco?<\/em>\u201d<\/span><\/p>\n<p><span style=\"color: #000000;\">Nossa Senhora:\u00a0\u201c<em>Tamb\u00e9m. Mas tem que rezar muitos ter\u00e7os<\/em>\u201d.<\/span><\/p>\n<p><span style=\"color: #000000;\">Nossa Senhora:<span style=\"color: #800080;\">\u00a0\u201c<em>Quereis oferecer-vos a Deus para suportar todos os sofrimentos que Ele quiser mandar-vos, em ato de repara\u00e7\u00e3o pelos pecados com que Ele \u00e9 ofendido, e de s\u00faplica pela convers\u00e3o dos pecadores?<\/em>\u201d<\/span><\/span><\/p>\n<p><span style=\"color: #000000;\">L\u00facia:\u00a0\u201c<em>Sim, queremos<\/em>\u201d.<\/span><\/p>\n<p><span style=\"color: #000000;\">Nossa Senhora:\u00a0\u201c<em>Tereis muito que sofrer, mas a gra\u00e7a de Deus ser\u00e1 o vosso conforto<\/em>\u201d.<\/span><\/p>\n<p><span style=\"color: #000000;\">Ao pronunciar estas \u00faltimas palavras, Nossa Senhora abriu as m\u00e3os, e delas sa\u00eda uma intensa luz.<\/span><\/p>\n<p><span style=\"color: #000000;\"><strong>Os pastorinhos sentiram um impulso que os fez cair de joelhos, e rezaram em sil\u00eancio a ora\u00e7\u00e3o que o Anjo havia lhes ensinado:<\/strong><\/span><\/p>\n<p><span style=\"color: #000000;\">As tr\u00eas crian\u00e7as:<span style=\"color: #800080;\">\u00a0\u201c<em>\u00d3 Sant\u00edssima Trindade, eu Vos adoro. Meu Deus, meu Deus, eu Vos amo no Sant\u00edssimo Sacramento.\u201d<\/em><\/span><\/span><\/p>\n<p><span style=\"color: #000000;\">Passados uns momentos, <span style=\"color: #0000ff;\"><a style=\"color: #0000ff;\" href=\"https:\/\/www.adf.org.br\/home\/pagina-de-cadastro\/?origem=27059\" target=\"_blank\" rel=\"noopener\"><strong>Nossa Senhora<\/strong><\/a><\/span> acrescentou:<\/span><\/p>\n<p><span style=\"color: #800080;\"><strong>\u201c<em>Rezem o Ter\u00e7o todos os dias, para alcan\u00e7arem a paz para o mundo, e o fim da guerra.<\/em>\u201d<\/strong><\/span><\/p>\n<p><span style=\"color: #000000;\">Em seguida, cercada de luz, come\u00e7ou a elevar-se serenamente, at\u00e9 desaparecer.<\/span><\/p>\n<p>&nbsp;<\/p>\n<p><span style=\"color: #000000;\"><strong><img loading=\"lazy\" class=\"aligncenter size-medium wp-image-41685\" src=\"http:\/\/www.adf.org.br\/home\/wp-content\/uploads\/2010\/03\/arabesco-300x89.png\" sizes=\"(max-width: 300px) 100vw, 300px\" srcset=\"https:\/\/www.adf.org.br\/home\/wp-content\/uploads\/2010\/03\/arabesco-300x89.png 300w, https:\/\/www.adf.org.br\/home\/wp-content\/uploads\/2010\/03\/arabesco.png 348w\" alt=\"arabesco\" width=\"300\" height=\"89\" \/><\/strong><\/span><\/p>\n<h3><strong style=\"color: #000000;\">Segunda Apari\u00e7\u00e3o de Nossa Senhora de F\u00e1tima<\/strong><\/h3>\n<p><span style=\"color: #000000;\"><strong>13 de Junho de 1917<\/strong><\/span><\/p>\n<p><a href=\"https:\/\/www.adf.org.br\/home\/pagina-de-cadastro\/?origem=27059\" target=\"_blank\" rel=\"noopener\"><span style=\"color: #000000;\"><img loading=\"lazy\" class=\"wp-image-71639 alignleft\" src=\"https:\/\/www.adf.org.br\/home\/wp-content\/uploads\/2020\/03\/ChildrensofFatima.jpg\" sizes=\"(max-width: 230px) 100vw, 230px\" srcset=\"https:\/\/www.adf.org.br\/home\/wp-content\/uploads\/2020\/03\/ChildrensofFatima.jpg 886w, https:\/\/www.adf.org.br\/home\/wp-content\/uploads\/2020\/03\/ChildrensofFatima-269x300.jpg 269w, https:\/\/www.adf.org.br\/home\/wp-content\/uploads\/2020\/03\/ChildrensofFatima-768x857.jpg 768w\" alt=\"\" width=\"251\" height=\"280\" \/><\/span><\/a><\/p>\n<p><span style=\"color: #000000;\">Antes da segunda apari\u00e7\u00e3o, os pastorinhos notaram novamente um clar\u00e3o, a que chamavam rel\u00e2mpago, mas que n\u00e3o era propriamente um rel\u00e2mpago.<\/span><\/p>\n<p><span style=\"color: #000000;\">Era o reflexo de uma luz que se aproximava. Al\u00e9m dos pastorinhos, havia, tamb\u00e9m, cerca de 50 pessoas.Mas essas pessoas n\u00e3o viam nossa senhora.<\/span><\/p>\n<p><span style=\"color: #000000;\">L\u00facia come\u00e7ou a falar com Nossa Senhora:\u00a0\u201c<em>Vossemec\u00ea que me quer?<\/em>\u00a0\u201d<\/span><\/p>\n<p><span style=\"color: #000000;\">Nossa Senhora:\u00a0\u201c<em>Quero que venhais aqui no dia treze do m\u00eas que vem. Que Rezeis o Ter\u00e7o todos os dias, e que aprendais a ler. Depois direi o que quero<\/em>\u201d.<\/span><\/p>\n<p><span style=\"color: #000000;\">L\u00facia pediu a cura de uma pessoa doente, e <span style=\"color: #0000ff;\"><a style=\"color: #0000ff;\" href=\"https:\/\/www.adf.org.br\/home\/pagina-de-cadastro\/?origem=27059\" target=\"_blank\" rel=\"noopener\"><strong>Nossa Senhora<\/strong><\/a><\/span> lhe disse:\u00a0\u201c<em>Se se converter, curar-se-\u00e1 durante o ano.<\/em>\u201d<\/span><\/p>\n<p><span style=\"color: #000000;\">L\u00facia:\u00a0\u201c<em>Queria pedir-lhe para nos levar para o C\u00e9u<\/em>\u201d.<\/span><\/p>\n<p><span style=\"color: #000000;\"><strong>Nossa Senhora:<\/strong><strong>\u00a0\u201c<\/strong><strong><em>Sim. A Jacinta e o Francisco, levo-os em breve. Mas tu, ficas c\u00e1 mais algum tempo. Jesus quer servir-se de ti para me fazer conhecer e amar.<\/em><\/strong><\/span><\/p>\n<p><span style=\"color: #000000;\"><strong><em>Ele quer estabelecer no mundo a devo\u00e7\u00e3o ao <span style=\"color: #0000ff;\"><a style=\"color: #0000ff;\" href=\"https:\/\/www.adf.org.br\/home\/pagina-de-cadastro\/?origem=27059\" target=\"_blank\" rel=\"noopener\">Meu Imaculado Cora\u00e7\u00e3o<\/a><\/span>.<\/em><\/strong><\/span><\/p>\n<p><span style=\"color: #000000;\"><strong><em>A quem a abra\u00e7ar, prometo a salva\u00e7\u00e3o. E ser\u00e3o queridas de DEUS estas almas, como flores postas por Mim a adornar o Seu trono\u00a0<\/em>\u201d.<\/strong><\/span><\/p>\n<p><span style=\"color: #000000;\">L\u00facia:\u00a0\u201c<em>Fico c\u00e1 sozinha?<\/em>\u201d<\/span><\/p>\n<p><span style=\"color: #000000;\">Nossa Senhora:\u00a0\u201c<em>N\u00e3o filha. E tu sofres muito? N\u00e3o desanimes. Eu nunca te deixarei. O meu Imaculado Cora\u00e7\u00e3o ser\u00e1 o teu ref\u00fagio, e o caminho que te conduzir\u00e1 at\u00e9 Deus<\/em>\u201d.<\/span><\/p>\n<p><span style=\"color: #000000;\">Foi no momento em que disse estas \u00faltimas palavras, que <span style=\"color: #0000ff;\"><a style=\"color: #0000ff;\" href=\"https:\/\/www.adf.org.br\/home\/pagina-de-cadastro\/?origem=27059\" target=\"_blank\" rel=\"noopener\"><strong>Nossa Senhora<\/strong><\/a><\/span> abriu as m\u00e3os e iluminou os pastorinhos, pela segunda vez, com o reflexo dessa luz imensa. Nela eles sentiram-se como que envolvidos por Deus.<\/span><\/p>\n<p><span style=\"color: #000000;\">\u00c0 frente da palma da m\u00e3o direita de <span style=\"color: #0000ff;\"><a style=\"color: #0000ff;\" href=\"https:\/\/www.adf.org.br\/home\/pagina-de-cadastro\/?origem=27059\" target=\"_blank\" rel=\"noopener\"><strong>Nossa Senhora<\/strong><\/a><\/span>, estava um Cora\u00e7\u00e3o cercado de espinhos, que pareciam estar cravados nele.<\/span><\/p>\n<p><span style=\"color: #000000;\"><strong>Os tr\u00eas pastorinhos compreenderam que era o <span style=\"color: #0000ff;\"><a style=\"color: #0000ff;\" href=\"https:\/\/www.adf.org.br\/home\/pagina-de-cadastro\/?origem=27059\" target=\"_blank\" rel=\"noopener\">Imaculado Cora\u00e7\u00e3o de Maria<\/a><\/span>, ofendido pelos pecados da humanidade, que queriam ser reparados.<\/strong><\/span><\/p>\n<p><span style=\"color: #000000;\"><strong>Nossa Senhora, envolta ainda na luz que d\u2019Ela irradiava, elevou-se sem esfor\u00e7o, suavemente, at\u00e9 desaparecer.<\/strong><\/span><\/p>\n<h3><strong style=\"color: #000000;\">Terceira Apari\u00e7\u00e3o de Nossa Senhora de F\u00e1tima<\/strong><\/h3>\n<p><span style=\"color: #000000;\"><strong>13 de Julho de 1917<\/strong><\/span><\/p>\n<p><a href=\"https:\/\/www.adf.org.br\/home\/pagina-de-cadastro\/?origem=27059\" target=\"_blank\" rel=\"noopener\"><span style=\"color: #000000;\"><img loading=\"lazy\" class=\"alignleft\" dir=\"ltr\" src=\"http:\/\/www.adf.org.br\/home\/wp-content\/uploads\/2010\/01\/DSC_0002a.jpg\" alt=\"Nossa Senhora\" width=\"303\" height=\"457\" \/><\/span><\/a><\/p>\n<p><span style=\"color: #000000;\">Uma nuvenzinha pairou sobre a azinheira. O sol se ofuscou.<\/span><\/p>\n<p><span style=\"color: #000000;\">Uma brisa fresca soprou sobre a terra, apesar de ser o auge do ver\u00e3o.<\/span><\/p>\n<p><span style=\"color: #000000;\">Os pastorinhos viram o reflexo da luz \u2013 como nas apari\u00e7\u00f5es anteriores \u2013 e;<\/span><\/p>\n<p><span style=\"color: #000000;\">Em seguida, viram Nossa Senhora sobre a arvorezinha chamada azinheira.<\/span><\/p>\n<p><span style=\"color: #000000;\">Ent\u00e3o, L\u00facia pergunta a Nossa Senhora:\u00a0\u201c<em>Vossemec\u00ea que me quer?<\/em>\u201d<\/span><\/p>\n<p><span style=\"color: #000000;\">Nossa Senhora:\u00a0\u201c<em>Quero que venham aqui no dia 13 do m\u00eas que v\u00eam, que\u00a0continuem a rezar o Ter\u00e7o todos os dias;<\/em><em>Em honra de Nossa Senhora do Ros\u00e1rio, para obter a paz do mundo e o fim da guerra, porque s\u00f3 Ela lhes poder\u00e1 valer<\/em>\u201d.<\/span><\/p>\n<p><span style=\"color: #000000;\">L\u00facia:\u00a0<span style=\"color: #800080;\">\u201c<em>Queria pedir-lhe para nos dizer quem \u00e9, e para fazer um milagre, com que todos acreditem que vossemec\u00ea nos aparece.<\/em>\u201d<\/span><\/span><\/p>\n<p><span style=\"color: #000000;\">Nossa Senhora:\u00a0<span style=\"color: #800080;\">\u201c<em>Continuem a vir aqui todos os meses. Em Outubro direi quem sou, o que quero, e farei um milagre, que todos h\u00e3o de ver para acreditarem.<\/em>\u201d<\/span><\/span><\/p>\n<p><span style=\"color: #000000;\">L\u00facia fez alguns pedidos de convers\u00f5es, de curas e de outras gra\u00e7as.<\/span><\/p>\n<p><span style=\"color: #000000;\">Nossa Senhora responde\u00a0recomendando sempre a reza do Ter\u00e7o, que assim alcan\u00e7ariam as gra\u00e7as durante o ano.<\/span><\/p>\n<p><span style=\"color: #000000;\">Depois acrescentou:<\/span><\/p>\n<p><span style=\"color: #000000;\"><strong>\u201c<em>Sacrificai-vos pelos pecadores e dizei muitas vezes, e em especial sempre que fizerdes algum sacrif\u00edcio:<\/em><\/strong><\/span><\/p>\n<p><span style=\"color: #000000;\"><strong><em>\u00d3 Jesus, \u00e9 por Vosso amor, pela convers\u00e3o dos pecadores, e em repara\u00e7\u00e3o pelos pecados cometidos contra o <span style=\"color: #0000ff;\"><a style=\"color: #0000ff;\" href=\"https:\/\/www.adf.org.br\/home\/pagina-de-cadastro\/?origem=27059\" target=\"_blank\" rel=\"noopener\">Imaculado Cora\u00e7\u00e3o de Maria<\/a><\/span>\u201d.<\/em><\/strong><\/span><\/p>\n<p><span style=\"color: #000000;\">Ao dizer estas \u00faltimas palavras, abriu de novo as m\u00e3os, como nos meses anteriores.<\/span><\/p>\n<p><span style=\"color: #000000;\"><strong>Na terceira apari\u00e7\u00e3o, foram revelados aos pastorinhos as tr\u00eas partes do segredo de F\u00e1tima.<\/strong><\/span><\/p>\n<p><span style=\"color: #000000;\">Foi durante a terceira apari\u00e7\u00e3o que se deu a terr\u00edvel vis\u00e3o do inferno. Segue abaixo a descri\u00e7\u00e3o que L\u00facia fez sobre o que as tr\u00eas crian\u00e7as viram:<\/span><\/p>\n<p><span style=\"color: #000000;\">\u201c<em>O reflexo de luz pareceu penetrar na terra. E vimos como que um grande mar de fogo.<\/em><\/span><\/p>\n<p><span style=\"color: #000000;\"><em>E, mergulhados nesse fogo, estavam os dem\u00f4nios e as almas, como se fossem brasas transparentes e negras ou bronzeadas, com forma humana;<\/em><\/span><\/p>\n<p><span style=\"color: #000000;\"><em>Que flutuavam no inc\u00eandio, levadas pelas chamas que delas mesmas sa\u00edam, juntamente com nuvens de fumo, caindo para todos os lados;<\/em><\/span><\/p>\n<p><span style=\"color: #000000;\"><em>Semelhante ao cair das fagulhas nos grandes inc\u00eandios \u2013 sem peso nem equil\u00edbrio, entre gritos e gemidos de dor e desespero, que horrorizavam e faziam estremecer de pavor.<\/em><\/span><\/p>\n<p><span style=\"color: #000000;\"><strong><em><br \/>\nOs dem\u00f4nios distinguiam-se por formas horr\u00edveis e asquerosas de animais espantosos e desconhecidos, mas transparentes como negros carv\u00f5es em brasa.<\/em>\u201d<\/strong><\/span><\/p>\n<p><span style=\"color: #000000;\">A vis\u00e3o durou apenas um momento, durante o qual L\u00facia soltou um: \u201c<em>Ai!<\/em>\u201d<\/span><\/p>\n<p><span style=\"color: #000000;\">Assustados, e como a pedir socorro, as tr\u00eas crian\u00e7as levantaram os olhos para Nossa Senhora, que lhes disse, com bondade e tristeza:<\/span><\/p>\n<p><span style=\"color: #000000;\"><strong>\u201c<em>Vistes o inferno, para onde v\u00e3o as almas dos pobres pecadores.\u00a0Para salv\u00e1-las, Deus quer estabelecer no mundo a devo\u00e7\u00e3o ao <span style=\"color: #0000ff;\"><a style=\"color: #0000ff;\" href=\"https:\/\/www.adf.org.br\/home\/pagina-de-cadastro\/?origem=27059\" target=\"_blank\" rel=\"noopener\">Meu Imaculado Cora\u00e7\u00e3o<\/a><\/span><\/em>\u201d.<\/strong><\/span><\/p>\n<p><span style=\"color: #000000;\">\u201c<em>Se fizerem o que eu vos disser, salvar-se-\u00e3o muitas almas e ter\u00e3o paz. A guerra vai acabar. Mas, se n\u00e3o deixarem de ofender a Deus, no reinado de Pio XI come\u00e7ar\u00e1 outra pior.<\/em><\/span><\/p>\n<p><span style=\"color: #000000;\"><em>Quando virdes uma noite iluminada por uma luz desconhecida, sabei que \u00e9 o grande sinal que <span style=\"color: #0000ff;\"><a style=\"color: #0000ff;\" href=\"https:\/\/www.adf.org.br\/home\/pagina-de-cadastro\/?origem=27059\" target=\"_blank\" rel=\"noopener\"><strong>Deus<\/strong><\/a><\/span> vos d\u00e1, de que vai punir o mundo de seus crimes, por meio da guerra, da fome, e de persegui\u00e7\u00f5es \u00e0 Igreja e ao Santo Padre.<\/em><\/span><\/p>\n<p><span style=\"color: #000000;\"><em>Para impedir isso, virei pedir a consagra\u00e7\u00e3o da R\u00fassia ao meu Imaculado Cora\u00e7\u00e3o, e a Comunh\u00e3o Reparadora nos Primeiros S\u00e1bados.<\/em><\/span><\/p>\n<p><span style=\"color: #000000;\"><em>Se atenderem a meus pedidos, a R\u00fassia se converter\u00e1 e ter\u00e3o paz. Se n\u00e3o,\u00a0espalhar\u00e1 os seus erros pelo mundo, promovendo guerras e persegui\u00e7\u00f5es \u00e0 Igreja.<\/em><\/span><\/p>\n<p><span style=\"color: #000000;\"><em><strong><br \/>\n<span style=\"color: #800080;\">Os bons ser\u00e3o martirizados. O Santo Padre ter\u00e1 muito que sofrer. V\u00e1rias na\u00e7\u00f5es ser\u00e3o aniquiladas.\u00a0Por fim, o meu Imaculado Cora\u00e7\u00e3o triunfar\u00e1.<\/span><\/strong><\/em><\/span><\/p>\n<p><span style=\"color: #000000;\"><em><br \/>\nO Santo Padre consagrar-me-\u00e1 a R\u00fassia, que se converter\u00e1, e ser\u00e1 concedido ao mundo algum tempo de paz.<\/em><\/span><\/p>\n<p><span style=\"color: #000000;\"><em>Em Portugal, conservar-se-\u00e1 sempre o dogma da F\u00e9. Isto n\u00e3o digais a ningu\u00e9m. Ao Francisco sim, podeis diz\u00ea-lo<\/em>\u201d.<\/span><\/p>\n<p><span style=\"color: #000000;\">E, passados uns instantes, <span style=\"color: #0000ff;\"><a style=\"color: #0000ff;\" href=\"https:\/\/www.adf.org.br\/home\/pagina-de-cadastro\/?origem=27059\" target=\"_blank\" rel=\"noopener\"><strong>Nossa Senhora<\/strong><\/a><\/span> disse aos pastorinhos: \u201c<em>Quando rezardes o ter\u00e7o, dizei depois de cada mist\u00e9rio:<br \/>\n<\/em><\/span><\/p>\n<p><span style=\"color: #800080;\"><strong><em>\u00d3 meu Jesus, perdoai-nos, livrai-nos do fogo do inferno, levai as almas todas para o C\u00e9u, principalmente aquelas que mais precisarem\u201d.<\/em><\/strong><\/span><\/p>\n<p><span style=\"color: #000000;\">L\u00facia:\u00a0\u201c<em>Vossemec\u00ea n\u00e3o me quer mais nada?\u00a0<\/em>\u201c<\/span><\/p>\n<p><span style=\"color: #000000;\">Nossa Senhora:\u00a0\u201c<em>N\u00e3o, hoje n\u00e3o te quero mais nada<\/em>\u201d.<\/span><\/p>\n<p><span style=\"color: #000000;\">E, como de costume, <a href=\"https:\/\/www.adf.org.br\/home\/pagina-de-cadastro\/?origem=27059\" target=\"_blank\" rel=\"noopener\"><strong><span style=\"color: #0000ff;\">Nossa Senhora<\/span><\/strong><\/a> come\u00e7ou a elevar-se at\u00e9 desaparecer no c\u00e9u. Ouviu-se, ent\u00e3o, uma esp\u00e9cie de novo trov\u00e3o, indicando que a apari\u00e7\u00e3o tinha terminado.<\/span><\/p>\n<h3><strong style=\"color: #000000;\">Quarta Apari\u00e7\u00e3o de Nossa Senhora de F\u00e1tima<\/strong><\/h3>\n<p><span style=\"color: #000000;\"><strong>15 de Agosto de 1917<\/strong><\/span><\/p>\n<p><a href=\"https:\/\/www.adf.org.br\/home\/pagina-de-cadastro\/?origem=27059\" target=\"_blank\" rel=\"noopener\"><span style=\"color: #000000;\"><img loading=\"lazy\" class=\"wp-image-71643 alignright\" src=\"https:\/\/www.adf.org.br\/home\/wp-content\/uploads\/2020\/03\/53f23559fe3f23684c9e34f6243b98c4.jpg\" sizes=\"(max-width: 340px) 100vw, 340px\" srcset=\"https:\/\/www.adf.org.br\/home\/wp-content\/uploads\/2020\/03\/53f23559fe3f23684c9e34f6243b98c4.jpg 992w, https:\/\/www.adf.org.br\/home\/wp-content\/uploads\/2020\/03\/53f23559fe3f23684c9e34f6243b98c4-300x235.jpg 300w, https:\/\/www.adf.org.br\/home\/wp-content\/uploads\/2020\/03\/53f23559fe3f23684c9e34f6243b98c4-768x601.jpg 768w\" alt=\"\" width=\"340\" height=\"266\" \/><\/span><\/a><\/p>\n<p><span style=\"color: #000000;\">L\u00facia estava com Francisco e mais um primo, no local chamado Valinhos \u2013 uma propriedade de um de seus tios \u2013 quando, pelas 4 horas da tarde, come\u00e7aram a se produzir as altera\u00e7\u00f5es atmosf\u00e9ricas que precediam as apari\u00e7\u00f5es de Nossa Senhora na Cova da Iria. Ou seja, um s\u00fabito refrescar da temperatura e uma diminui\u00e7\u00e3o da luz do sol.<\/span><\/p>\n<p><span style=\"color: #800080;\"><strong>L\u00facia, sentindo que alguma coisa de sobrenatural se aproximava e os envolvia, mandou chamar \u00e0s pressas Jacinta, a qual chegou em tempo para ver <span style=\"color: #0000ff;\"><a style=\"color: #0000ff;\" href=\"https:\/\/www.adf.org.br\/home\/pagina-de-cadastro\/?origem=27059\" target=\"_blank\" rel=\"noopener\">Nossa Senhora<\/a><\/span> que anunciada;<\/strong><\/span><\/p>\n<p><span style=\"color: #000000;\">Como das outras vezes, por um reflexo de luz \u2013 apareceu sobre a \u00e1rvore chamada azinheira, um pouco maior que a da Cova da Iria, onde tinham-se dado as apari\u00e7\u00f5es anteriores.<\/span><\/p>\n<p><span style=\"color: #000000;\">L\u00facia pergunta a Nossa Senhora:\u00a0\u201c<em>Que \u00e9 que Vossemec\u00ea me quer?<\/em>\u201d<\/span><\/p>\n<p><span style=\"color: #000000;\">Nossa Senhora:<span style=\"color: #800080;\">\u00a0\u201c<em>Quero que continueis a ir \u00e0 Cova da Iria no dia 13, e que continueis a rezar o ter\u00e7o todos os dias. No \u00faltimo m\u00eas farei o milagre para que todos acreditem<\/em>\u201d<\/span>.<\/span><\/p>\n<p><span style=\"color: #000000;\">L\u00facia:\u00a0\u201c<em>Que \u00e9 que Vossemec\u00ea quer que se fa\u00e7a do dinheiro que o povo deixa na Cova da Iria?<\/em>\u201d<\/span><\/p>\n<p><span style=\"color: #000000;\">Nossa Senhora:\u00a0\u201c<em>Fa\u00e7am dois andores. Um, leva-o tu com a Jacinta, e mais duas meninas vestidas de branco. O outro, que o leve o Francisco com mais tr\u00eas meninos.<\/em><\/span><\/p>\n<p><span style=\"color: #000000;\"><strong><em>O dinheiro dos andores \u00e9 para a festa de <span style=\"color: #0000ff;\"><a style=\"color: #0000ff;\" href=\"https:\/\/www.adf.org.br\/home\/pagina-de-cadastro\/?origem=27059\" target=\"_blank\" rel=\"noopener\">Nossa Senhora do Ros\u00e1rio<\/a><\/span>, e o que sobrar, \u00e9 para a ajuda de uma capela que h\u00e3o de mandar fazer<\/em>\u201d.<\/strong><\/span><\/p>\n<p><span style=\"color: #000000;\">L\u00facia:\u00a0\u201c<em>Queria pedir-Lhe a cura de alguns doentes<\/em>\u201d.<\/span><\/p>\n<p><span style=\"color: #000000;\">Nossa Senhora:\u00a0\u201c<em>Sim, alguns curarei durante o ano<\/em>\u201d<\/span><\/p>\n<p><span style=\"color: #000000;\">E, tomando um aspecto mais triste, recomendou-lhes que rezassem muito pelos pecadores:<\/span><\/p>\n<p><span style=\"color: #000000;\"><strong>\u201c<em>Rezai, rezai muito, e fazei sacrif\u00edcios pelos pecadores; que\u00a0v\u00e3o muitas almas para o inferno por n\u00e3o haver quem se sacrifique e pe\u00e7a por elas<\/em>\u201d.<\/strong><\/span><\/p>\n<p><span style=\"color: #000000;\">E, como de costume come\u00e7ou a elevar-se at\u00e9 desaparecer.<\/span><\/p>\n<p><span style=\"color: #000000;\">Os pastorinhos cortaram ramos da \u00e1rvore sobre a qual Nossa Senhora lhes tinha aparecido e levaram para casa os ramos exalavam um perfume suave.<\/span><\/p>\n<h3><strong style=\"color: #000000;\">Quinta Apari\u00e7\u00e3o de Nossa Senhora de F\u00e1tima<\/strong><\/h3>\n<p><span style=\"color: #000000;\"><strong>13 de Setembro de 1917<\/strong><\/span><\/p>\n<p><span style=\"color: #000000;\"><a href=\"https:\/\/www.adf.org.br\/home\/pagina-de-cadastro\/?origem=27059\" target=\"_blank\" rel=\"noopener\"><img loading=\"lazy\" class=\"alignleft wp-image-41683\" src=\"http:\/\/www.adf.org.br\/home\/wp-content\/uploads\/2010\/03\/USA-6-240x300.jpg\" sizes=\"(max-width: 240px) 100vw, 240px\" srcset=\"https:\/\/www.adf.org.br\/home\/wp-content\/uploads\/2010\/03\/USA-6-240x300.jpg 240w, https:\/\/www.adf.org.br\/home\/wp-content\/uploads\/2010\/03\/USA-6.jpg 768w, https:\/\/www.adf.org.br\/home\/wp-content\/uploads\/2010\/03\/USA-6-160x200.jpg 160w\" alt=\"USA 6\" width=\"297\" height=\"371\" \/><\/a>Na Quinta apari\u00e7\u00e3o de<span style=\"color: #0000ff;\"><a style=\"color: #0000ff;\" href=\"https:\/\/www.adf.org.br\/home\/pagina-de-cadastro\/?origem=27059\" target=\"_blank\" rel=\"noopener\"><strong> Nossa Senhora<\/strong><\/a><\/span>, como das outras vezes, uma s\u00e9rie de fen\u00f4menos atmosf\u00e9ricos foram observados pelas pessoas que tinham ido \u00e0 Cova da Iria.<\/span><\/p>\n<p><span style=\"color: #000000;\"><strong>Calculou-se que estavam presentes entre 15 e 20 mil pessoas.<\/strong><\/span><\/p>\n<p><span style=\"color: #000000;\">O s\u00fabito refrescar da atmosfera, o empalidecer do sol at\u00e9 o ponto de se verem as estrelas, uma esp\u00e9cie de chuva como que de p\u00e9talas ou flocos de neve, que desapareciam antes de pousarem na terra.<\/span><\/p>\n<p><span style=\"color: #000000;\">E desta vez, foi notado um globo luminoso, que se movia, lenta e majestosamente pelo c\u00e9u de um para outro. E que, no final da apari\u00e7\u00e3o, moveu-se em sentido contr\u00e1rio.<\/span><\/p>\n<p><span style=\"color: #000000;\">Os tr\u00eas pastorinhos notaram, como de costume, o reflexo de uma luz e, a seguir, viram <span style=\"color: #0000ff;\"><a style=\"color: #0000ff;\" href=\"https:\/\/www.adf.org.br\/home\/pagina-de-cadastro\/?origem=27059\" target=\"_blank\" rel=\"noopener\"><strong>Nossa Senhora<\/strong><\/a><\/span> sobre a azinheira.<\/span><\/p>\n<p><span style=\"color: #000000;\"><strong>Nossa Senhora:<\/strong>\u00a0<strong>\u201c<em>Continuem a rezar o Ter\u00e7o para alcan\u00e7arem o fim da guerra.<\/em><\/strong><\/span><\/p>\n<p><span style=\"color: #000000;\"><strong><em>Em Outubro vir\u00e1 tamb\u00e9m Nosso Senhor, Nossa Senhora das Dores e do Carmo, S\u00e3o Jos\u00e9 com o Menino Jesus, para aben\u00e7oarem o mundo.<\/em><\/strong><\/span><\/p>\n<p><span style=\"color: #000000;\"><strong><em>Deus est\u00e1 contente com os vossos sacrif\u00edcios, mas n\u00e3o quer que durmais com a corda, trazei-a s\u00f3 durante o dia<\/em>\u201d.<\/strong><\/span><\/p>\n<p><span style=\"color: #000000;\">L\u00facia:\u00a0\u201c<em>T\u00eam-me pedido para Lhe pedir muitas coisas: cura de alguns doentes, de um surdo-mudo<\/em>\u201d<\/span><\/p>\n<p><span style=\"color: #000000;\">Nossa Senhora:\u00a0\u201c<em>Sim, alguns curarei, outros n\u00e3o. Em Outubro farei um milagre para que todos acreditem\u201d<\/em>.<\/span><\/p>\n<p><span style=\"color: #000000;\">E, come\u00e7ando a elevar-se, desapareceu como de costume.<\/span><\/p>\n<p>&nbsp;<\/p>\n<p><span style=\"color: #000000;\"><strong><img loading=\"lazy\" class=\"aligncenter size-medium wp-image-41685\" src=\"http:\/\/www.adf.org.br\/home\/wp-content\/uploads\/2010\/03\/arabesco-300x89.png\" sizes=\"(max-width: 300px) 100vw, 300px\" srcset=\"https:\/\/www.adf.org.br\/home\/wp-content\/uploads\/2010\/03\/arabesco-300x89.png 300w, https:\/\/www.adf.org.br\/home\/wp-content\/uploads\/2010\/03\/arabesco.png 348w\" alt=\"arabesco\" width=\"300\" height=\"89\" \/><\/strong><\/span><\/p>\n<h3><\/h3>\n<h3><strong style=\"color: #000000;\">Sexta Apari\u00e7\u00e3o de Nossa Senhora de F\u00e1tima<\/strong><\/h3>\n<p><span style=\"color: #000000;\"><strong>13 de Outubro de 1917<\/strong><\/span><\/p>\n<p><a href=\"https:\/\/www.adf.org.br\/home\/pagina-de-cadastro\/?origem=27059\" target=\"_blank\" rel=\"noopener\"><span style=\"color: #000000;\"><img loading=\"lazy\" class=\"aligncenter\" src=\"http:\/\/www.adf.org.br\/home\/wp-content\/uploads\/2010\/01\/milagredosol.jpg\" alt=\"Mat\u00e9ria sobre o Milagre do Sol\" width=\"408\" height=\"297\" \/><\/span><\/a><\/p>\n<p><span style=\"color: #000000;\">Uma grande multid\u00e3o rezava o Ter\u00e7o na Cova da Iria.<\/span><\/p>\n<p><span style=\"color: #000000;\">Os tr\u00eas pastorinhos notaram o reflexo de uma luz e, em seguida, viram <span style=\"color: #0000ff;\"><a style=\"color: #0000ff;\" href=\"https:\/\/www.adf.org.br\/home\/pagina-de-cadastro\/?origem=27059\" target=\"_blank\" rel=\"noopener\"><strong>Nossa Senhora<\/strong><\/a><\/span> sobre a azinheira.<\/span><\/p>\n<p><span style=\"color: #000000;\">L\u00facia:\u00a0\u201c<em>Que \u00c9 que Vossemec\u00ea me quer?\u201d<\/em><\/span><\/p>\n<p><span style=\"color: #000000;\">Nossa Senhora:<span style=\"color: #800080;\">\u00a0\u201c<em>Quero dizer-te que em Minha honra, que sou a Senhora do Ros\u00e1rio, que continuem sempre a rezar o Ter\u00e7o todos os dias. A guerra vai acabar e os militares voltar\u00e3o em breve para suas casas<\/em>\u201d.<\/span><\/span><\/p>\n<p><span style=\"color: #000000;\">L\u00facia:\u00a0\u201c<em>Eu tinha muitas coisas para Lhe pedir. se curava uns doentes e se convertia uns pecadores\u2026\u201d<\/em><\/span><\/p>\n<p><span style=\"color: #000000;\">Nossa Senhora: \u201c<em>Uns sim, outros n\u00e3o. \u00c9 preciso que se emendem, que pe\u00e7am perd\u00e3o dos seus pecados<\/em>\u201d.<\/span><\/p>\n<p><span style=\"color: #000000;\">E, tomando um aspecto mais triste, disse: \u201c<em>N\u00e3o ofendam mais a DEUS Nosso Senhor, que j\u00e1 est\u00e1 muito ofendido<\/em>\u201d.<\/span><\/p>\n<p><span style=\"color: #000000;\">Em seguida, <a href=\"https:\/\/www.adf.org.br\/home\/pagina-de-cadastro\/?origem=27059\" target=\"_blank\" rel=\"noopener\"><strong><span style=\"color: #0000ff;\">Nossa Senhora<\/span><\/strong><\/a> abrindo as m\u00e3os fez que elas se refletissem no sol, e come\u00e7ou a se elevar para o C\u00e9u.<\/span><\/p>\n<p><span style=\"color: #000000;\"><strong><br \/>\nNesse momento, L\u00facia apontou para o c\u00e9u e gritou:\u00a0\u201c<em>Olhem para o sol!<\/em>\u201d<\/strong><\/span><\/p>\n<p><span style=\"color: #000000;\">A multid\u00e3o assistiu, ent\u00e3o, ao grande milagre do sol. Enquanto isso, os pastorinhos viram S\u00e3o Jos\u00e9 com o Menino Jesus, e <span style=\"color: #0000ff;\"><a style=\"color: #0000ff;\" href=\"https:\/\/www.adf.org.br\/home\/pagina-de-cadastro\/?origem=27059\" target=\"_blank\" rel=\"noopener\"><strong>Nossa Senhora do Ros\u00e1rio<\/strong><\/a><\/span>. Era a Sagrada Fam\u00edlia.<\/span><\/p>\n<p><span style=\"color: #000000;\"><strong><br \/>\nA Virgem estava vestida de branco, com um manto azul. S\u00e3o Jos\u00e9 tamb\u00e9m estava vestido de branco, e o Menino Jesus de vermelho claro.<\/strong><\/span><\/p>\n<p><span style=\"color: #000000;\">S\u00e3o Jos\u00e9 aben\u00e7oou a multid\u00e3o, tra\u00e7ando tr\u00eas vezes o Sinal da Cruz. O Menino Jesus fez o mesmo.<\/span><\/p>\n<p><span style=\"color: #000000;\">L\u00facia ent\u00e3o, teve a vis\u00e3o de Nossa Senhora das Dores, e de Nosso Senhor, acabrunhado de dor, no caminho do Calv\u00e1rio. <span style=\"color: #0000ff;\"><a style=\"color: #0000ff;\" href=\"https:\/\/www.adf.org.br\/home\/pagina-de-cadastro\/?origem=27059\" target=\"_blank\" rel=\"noopener\"><strong>Nosso Senhor<\/strong> <\/a><\/span>tra\u00e7ou um Sinal da Cruz para aben\u00e7oar o povo.<\/span><\/p>\n<p><span style=\"color: #000000;\">Finalmente apareceu, numa vis\u00e3o gloriosa, Nossa Senhora do Carmo, coroada Rainha do C\u00e9u e da Terra, com o Menino Jesus ao colo.<\/span><\/p>\n<p><span style=\"color: #000000;\"><strong><br \/>\n<span style=\"color: #800080;\">Enquanto os pastorinhos tinham essa vis\u00e3o, a grande multid\u00e3o de quase 70 mil pessoas,\u00a0assistiu ao milagre do sol.<\/span><\/strong><\/span><\/p>\n<p><span style=\"color: #000000;\">Tinha chovido durante toda a apari\u00e7\u00e3o. Mas, no momento em que a <span style=\"color: #0000ff;\"><a style=\"color: #0000ff;\" href=\"https:\/\/www.adf.org.br\/home\/pagina-de-cadastro\/?origem=27059\" target=\"_blank\" rel=\"noopener\"><strong>Sant\u00edssima Virgem<\/strong> <\/a><\/span>desaparecia, e que L\u00facia gritou \u201c<em>olhem para o sol!<\/em>\u201d, as nuvens se entreabriram, deixando ver o sol como um imenso disco de prata.<\/span><\/p>\n<p><span style=\"color: #000000;\"><strong><br \/>\nBrilhava com intensidade jamais vista, mas n\u00e3o cegava. A imensa bola come\u00e7ou a \u201c<em>bailar<\/em>\u201d. Como uma gigantesca roda de fogo, girava rapidamente.<\/strong><\/span><\/p>\n<p><span style=\"color: #000000;\">Parou por um certo tempo, mas, em seguida, come\u00e7ou a girar sobre si mesmo, vertiginosamente.<\/span><\/p>\n<p><span style=\"color: #000000;\">Depois, seus bordos tornaram-se vermelhos, e deslizou no c\u00e9u, como um redemoinho, espargindo chamas de fogo.<\/span><\/p>\n<p><span style=\"color: #800080;\"><strong>Essa luz refletia-se no solo, nas \u00e1rvores, nos arbustos, nas pr\u00f3prias faces das pessoas e nas roupas, tomando tonalidades brilhantes e diferentes cores.<\/strong><\/span><\/p>\n<p><span style=\"color: #000000;\">Em seguida, por tr\u00eas vezes ficou animado de um movimento r\u00e1pido. O globo de fogo pareceu tremer, sacudir-se e precipitar-se em ziguezague sobre a multid\u00e3o aterrorizada.<\/span><\/p>\n<p><span style=\"color: #000000;\">Durou tudo uns dez minutos. Finalmente o sol voltou em ziguezague para o ponto de onde se tinha precipitado, e ficou novamente tranquilo e brilhante, com o mesmo brilho de todos os dias.<\/span><\/p>\n<p><span style=\"color: #000000;\"><strong><br \/>\nMuitas pessoas notaram que suas roupas, ensopadas pela chuva, tinham secado subitamente.<\/strong><\/span><\/p>\n<p><span style=\"color: #000000;\"><strong>O milagre do sol foi visto, tamb\u00e9m, por numerosas testemunhas que estavam fora do local das apari\u00e7\u00f5es, at\u00e9 a 40 quil\u00f4metros de dist\u00e2ncia.<\/strong><\/span><\/p>\n<p><span style=\"color: #000000;\">O jornal \u201c<em>o s\u00e9culo<\/em>\u201d de grande circula\u00e7\u00e3o em Portugal (<strong>vide foto do jornal acima<\/strong>), documentou esse espetacular milagre do sol, e publicou uma grande reportagem sobre esse impressionante acontecimento.<\/span><\/p>\n<h3 style=\"text-align: center;\"><span style=\"color: #000000;\"><strong>****<\/strong><\/span><\/h3>\n<p><a href=\"https:\/\/www.adf.org.br\/home\/pagina-de-cadastro\/?origem=27059\" target=\"_blank\" rel=\"noopener\"><img class=\"aligncenter\" src=\"https:\/\/www.adf.org.br\/home\/wp-content\/uploads\/2021\/01\/boletim-adf.png\" \/><\/a><\/p>\n","protected":false},"excerpt":{"rendered":"<p>Conhe\u00e7a as Apari\u00e7\u00f5es de Nossa Senhora de F\u00e1tima &nbsp; &nbsp; Leia abaixo a bel\u00edssima hist\u00f3ria das Apari\u00e7\u00f5es de Nossa Senhora de F\u00e1tima. As apari\u00e7\u00f5es do Anjo de Portugal Em 1916 o Anjo de Portugal apareceu aos 3 pastorinhos\u00a0e os ensinou a rezar, preparando-os para as apari\u00e7\u00f5es de Nossa Senhora em 1917. Em Portugal, ao sul [&hellip;]<\/p>\n","protected":false},"author":31,"featured_media":69519,"comment_status":"open","ping_status":"open","sticky":false,"template":"","format":"standard","meta":[],"categories":[9,20,4802,4707,118,56],"tags":[259,2590,2644,773,3410,357,347,65,133,38,57,470],"yoast_head":"<!-- This site is optimized with the Yoast SEO plugin v17.4 - https:\/\/yoast.com\/wordpress\/plugins\/seo\/ -->\n<title>Conhe\u00e7a as Apari\u00e7\u00f5es de Nossa Senhora de F\u00e1tima - Associa\u00e7\u00e3o Devotos de F\u00e1tima<\/title>\n<meta name=\"description\" content=\"Voc\u00ea j\u00e1 ouviu falar sobre as apari\u00e7\u00f5es de Nossa Senhora de F\u00e1tima? Aqui voc\u00ea confere uma narra\u00e7\u00e3o completa. Clique e saiba!\" \/>\n<meta name=\"robots\" content=\"index, follow, max-snippet:-1, max-image-preview:large, max-video-preview:-1\" \/>\n<link rel=\"canonical\" href=\"https:\/\/www.adf.org.br\/home\/entenda-sobre-as-aparicoes-de-nossa-senhora-de-fatima\/\" \/>\n<meta property=\"og:locale\" content=\"pt_BR\" \/>\n<meta property=\"og:type\" content=\"article\" \/>\n<meta property=\"og:title\" content=\"Conhe\u00e7a as Apari\u00e7\u00f5es de Nossa Senhora de F\u00e1tima - Associa\u00e7\u00e3o Devotos de F\u00e1tima\" \/>\n<meta property=\"og:description\" content=\"Voc\u00ea j\u00e1 ouviu falar sobre as apari\u00e7\u00f5es de Nossa Senhora de F\u00e1tima? Aqui voc\u00ea confere uma narra\u00e7\u00e3o completa. Clique e saiba!\" \/>\n<meta property=\"og:url\" content=\"https:\/\/www.adf.org.br\/home\/entenda-sobre-as-aparicoes-de-nossa-senhora-de-fatima\/\" \/>\n<meta property=\"og:site_name\" content=\"Associa\u00e7\u00e3o Devotos de F\u00e1tima\" \/>\n<meta property=\"article:published_time\" content=\"2023-03-09T03:00:07+00:00\" \/>\n<meta property=\"article:modified_time\" content=\"2023-03-09T13:13:53+00:00\" \/>\n<meta name=\"twitter:card\" content=\"summary_large_image\" \/>\n<meta name=\"twitter:image\" content=\"https:\/\/www.adf.org.br\/home\/wp-content\/uploads\/2022\/08\/n-sra-fatima.webp\" \/>\n<meta name=\"twitter:label1\" content=\"Escrito por\" \/>\n\t<meta name=\"twitter:data1\" content=\"Gabriel Barbosa\" \/>\n\t<meta name=\"twitter:label2\" content=\"Est. tempo de leitura\" \/>\n\t<meta name=\"twitter:data2\" content=\"19 minutos\" \/>\n<script type=\"application\/ld+json\" class=\"yoast-schema-graph\">{\"@context\":\"https:\/\/schema.org\",\"@graph\":[{\"@type\":\"WebSite\",\"@id\":\"https:\/\/www.adf.org.br\/home\/#website\",\"url\":\"https:\/\/www.adf.org.br\/home\/\",\"name\":\"Associa\\u00e7\\u00e3o Devotos de F\\u00e1tima\",\"description\":\"Associa\\u00e7\\u00e3o Devotos de F\\u00e1tima\",\"potentialAction\":[{\"@type\":\"SearchAction\",\"target\":{\"@type\":\"EntryPoint\",\"urlTemplate\":\"https:\/\/www.adf.org.br\/home\/?s={search_term_string}\"},\"query-input\":\"required name=search_term_string\"}],\"inLanguage\":\"pt-BR\"},{\"@type\":\"ImageObject\",\"@id\":\"https:\/\/www.adf.org.br\/home\/entenda-sobre-as-aparicoes-de-nossa-senhora-de-fatima\/#primaryimage\",\"inLanguage\":\"pt-BR\",\"url\":\"https:\/\/www.adf.org.br\/home\/wp-content\/uploads\/2022\/08\/n-sra-fatima.webp\",\"contentUrl\":\"https:\/\/www.adf.org.br\/home\/wp-content\/uploads\/2022\/08\/n-sra-fatima.webp\",\"width\":800,\"height\":531},{\"@type\":\"WebPage\",\"@id\":\"https:\/\/www.adf.org.br\/home\/entenda-sobre-as-aparicoes-de-nossa-senhora-de-fatima\/#webpage\",\"url\":\"https:\/\/www.adf.org.br\/home\/entenda-sobre-as-aparicoes-de-nossa-senhora-de-fatima\/\",\"name\":\"Conhe\\u00e7a as Apari\\u00e7\\u00f5es de Nossa Senhora de F\\u00e1tima - Associa\\u00e7\\u00e3o Devotos de F\\u00e1tima\",\"isPartOf\":{\"@id\":\"https:\/\/www.adf.org.br\/home\/#website\"},\"primaryImageOfPage\":{\"@id\":\"https:\/\/www.adf.org.br\/home\/entenda-sobre-as-aparicoes-de-nossa-senhora-de-fatima\/#primaryimage\"},\"datePublished\":\"2023-03-09T03:00:07+00:00\",\"dateModified\":\"2023-03-09T13:13:53+00:00\",\"author\":{\"@id\":\"https:\/\/www.adf.org.br\/home\/#\/schema\/person\/f35a5c5aa7728a3dedf4ea9aa1fc2753\"},\"description\":\"Voc\\u00ea j\\u00e1 ouviu falar sobre as apari\\u00e7\\u00f5es de Nossa Senhora de F\\u00e1tima? Aqui voc\\u00ea confere uma narra\\u00e7\\u00e3o completa. Clique e saiba!\",\"breadcrumb\":{\"@id\":\"https:\/\/www.adf.org.br\/home\/entenda-sobre-as-aparicoes-de-nossa-senhora-de-fatima\/#breadcrumb\"},\"inLanguage\":\"pt-BR\",\"potentialAction\":[{\"@type\":\"ReadAction\",\"target\":[\"https:\/\/www.adf.org.br\/home\/entenda-sobre-as-aparicoes-de-nossa-senhora-de-fatima\/\"]}]},{\"@type\":\"BreadcrumbList\",\"@id\":\"https:\/\/www.adf.org.br\/home\/entenda-sobre-as-aparicoes-de-nossa-senhora-de-fatima\/#breadcrumb\",\"itemListElement\":[{\"@type\":\"ListItem\",\"position\":1,\"name\":\"Home\",\"item\":\"https:\/\/www.adf.org.br\/home\/\"},{\"@type\":\"ListItem\",\"position\":2,\"name\":\"Conhe\\u00e7a as Apari\\u00e7\\u00f5es de Nossa Senhora de F\\u00e1tima\"}]},{\"@type\":\"Person\",\"@id\":\"https:\/\/www.adf.org.br\/home\/#\/schema\/person\/f35a5c5aa7728a3dedf4ea9aa1fc2753\",\"name\":\"Gabriel Barbosa\",\"image\":{\"@type\":\"ImageObject\",\"@id\":\"https:\/\/www.adf.org.br\/home\/#personlogo\",\"inLanguage\":\"pt-BR\",\"url\":\"https:\/\/secure.gravatar.com\/avatar\/2b2cb2f4637682c5605e8d36818f51ef?s=96&d=mm&r=g\",\"contentUrl\":\"https:\/\/secure.gravatar.com\/avatar\/2b2cb2f4637682c5605e8d36818f51ef?s=96&d=mm&r=g\",\"caption\":\"Gabriel Barbosa\"},\"url\":\"https:\/\/www.adf.org.br\/home\/author\/gabrielpmk-com-br\/\"}]}<\/script>\n<!-- \/ Yoast SEO plugin. -->","yoast_head_json":{"title":"Conhe\u00e7a as Apari\u00e7\u00f5es de Nossa Senhora de F\u00e1tima - Associa\u00e7\u00e3o Devotos de F\u00e1tima","description":"Voc\u00ea j\u00e1 ouviu falar sobre as apari\u00e7\u00f5es de Nossa Senhora de F\u00e1tima? Aqui voc\u00ea confere uma narra\u00e7\u00e3o completa. Clique e saiba!","robots":{"index":"index","follow":"follow","max-snippet":"max-snippet:-1","max-image-preview":"max-image-preview:large","max-video-preview":"max-video-preview:-1"},"canonical":"https:\/\/www.adf.org.br\/home\/entenda-sobre-as-aparicoes-de-nossa-senhora-de-fatima\/","og_locale":"pt_BR","og_type":"article","og_title":"Conhe\u00e7a as Apari\u00e7\u00f5es de Nossa Senhora de F\u00e1tima - Associa\u00e7\u00e3o Devotos de F\u00e1tima","og_description":"Voc\u00ea j\u00e1 ouviu falar sobre as apari\u00e7\u00f5es de Nossa Senhora de F\u00e1tima? Aqui voc\u00ea confere uma narra\u00e7\u00e3o completa. Clique e saiba!","og_url":"https:\/\/www.adf.org.br\/home\/entenda-sobre-as-aparicoes-de-nossa-senhora-de-fatima\/","og_site_name":"Associa\u00e7\u00e3o Devotos de F\u00e1tima","article_published_time":"2023-03-09T03:00:07+00:00","article_modified_time":"2023-03-09T13:13:53+00:00","twitter_card":"summary_large_image","twitter_image":"https:\/\/www.adf.org.br\/home\/wp-content\/uploads\/2022\/08\/n-sra-fatima.webp","twitter_misc":{"Escrito por":"Gabriel Barbosa","Est. tempo de leitura":"19 minutos"},"schema":{"@context":"https:\/\/schema.org","@graph":[{"@type":"WebSite","@id":"https:\/\/www.adf.org.br\/home\/#website","url":"https:\/\/www.adf.org.br\/home\/","name":"Associa\u00e7\u00e3o Devotos de F\u00e1tima","description":"Associa\u00e7\u00e3o Devotos de F\u00e1tima","potentialAction":[{"@type":"SearchAction","target":{"@type":"EntryPoint","urlTemplate":"https:\/\/www.adf.org.br\/home\/?s={search_term_string}"},"query-input":"required name=search_term_string"}],"inLanguage":"pt-BR"},{"@type":"ImageObject","@id":"https:\/\/www.adf.org.br\/home\/entenda-sobre-as-aparicoes-de-nossa-senhora-de-fatima\/#primaryimage","inLanguage":"pt-BR","url":"https:\/\/www.adf.org.br\/home\/wp-content\/uploads\/2022\/08\/n-sra-fatima.webp","contentUrl":"https:\/\/www.adf.org.br\/home\/wp-content\/uploads\/2022\/08\/n-sra-fatima.webp","width":800,"height":531},{"@type":"WebPage","@id":"https:\/\/www.adf.org.br\/home\/entenda-sobre-as-aparicoes-de-nossa-senhora-de-fatima\/#webpage","url":"https:\/\/www.adf.org.br\/home\/entenda-sobre-as-aparicoes-de-nossa-senhora-de-fatima\/","name":"Conhe\u00e7a as Apari\u00e7\u00f5es de Nossa Senhora de F\u00e1tima - Associa\u00e7\u00e3o Devotos de F\u00e1tima","isPartOf":{"@id":"https:\/\/www.adf.org.br\/home\/#website"},"primaryImageOfPage":{"@id":"https:\/\/www.adf.org.br\/home\/entenda-sobre-as-aparicoes-de-nossa-senhora-de-fatima\/#primaryimage"},"datePublished":"2023-03-09T03:00:07+00:00","dateModified":"2023-03-09T13:13:53+00:00","author":{"@id":"https:\/\/www.adf.org.br\/home\/#\/schema\/person\/f35a5c5aa7728a3dedf4ea9aa1fc2753"},"description":"Voc\u00ea j\u00e1 ouviu falar sobre as apari\u00e7\u00f5es de Nossa Senhora de F\u00e1tima? Aqui voc\u00ea confere uma narra\u00e7\u00e3o completa. Clique e saiba!","breadcrumb":{"@id":"https:\/\/www.adf.org.br\/home\/entenda-sobre-as-aparicoes-de-nossa-senhora-de-fatima\/#breadcrumb"},"inLanguage":"pt-BR","potentialAction":[{"@type":"ReadAction","target":["https:\/\/www.adf.org.br\/home\/entenda-sobre-as-aparicoes-de-nossa-senhora-de-fatima\/"]}]},{"@type":"BreadcrumbList","@id":"https:\/\/www.adf.org.br\/home\/entenda-sobre-as-aparicoes-de-nossa-senhora-de-fatima\/#breadcrumb","itemListElement":[{"@type":"ListItem","position":1,"name":"Home","item":"https:\/\/www.adf.org.br\/home\/"},{"@type":"ListItem","position":2,"name":"Conhe\u00e7a as Apari\u00e7\u00f5es de Nossa Senhora de F\u00e1tima"}]},{"@type":"Person","@id":"https:\/\/www.adf.org.br\/home\/#\/schema\/person\/f35a5c5aa7728a3dedf4ea9aa1fc2753","name":"Gabriel Barbosa","image":{"@type":"ImageObject","@id":"https:\/\/www.adf.org.br\/home\/#personlogo","inLanguage":"pt-BR","url":"https:\/\/secure.gravatar.com\/avatar\/2b2cb2f4637682c5605e8d36818f51ef?s=96&d=mm&r=g","contentUrl":"https:\/\/secure.gravatar.com\/avatar\/2b2cb2f4637682c5605e8d36818f51ef?s=96&d=mm&r=g","caption":"Gabriel Barbosa"},"url":"https:\/\/www.adf.org.br\/home\/author\/gabrielpmk-com-br\/"}]}},"_links":{"self":[{"href":"https:\/\/www.adf.org.br\/home\/wp-json\/wp\/v2\/posts\/72042"}],"collection":[{"href":"https:\/\/www.adf.org.br\/home\/wp-json\/wp\/v2\/posts"}],"about":[{"href":"https:\/\/www.adf.org.br\/home\/wp-json\/wp\/v2\/types\/post"}],"author":[{"embeddable":true,"href":"https:\/\/www.adf.org.br\/home\/wp-json\/wp\/v2\/users\/31"}],"replies":[{"embeddable":true,"href":"https:\/\/www.adf.org.br\/home\/wp-json\/wp\/v2\/comments?post=72042"}],"version-history":[{"count":7,"href":"https:\/\/www.adf.org.br\/home\/wp-json\/wp\/v2\/posts\/72042\/revisions"}],"predecessor-version":[{"id":72059,"href":"https:\/\/www.adf.org.br\/home\/wp-json\/wp\/v2\/posts\/72042\/revisions\/72059"}],"wp:featuredmedia":[{"embeddable":true,"href":"https:\/\/www.adf.org.br\/home\/wp-json\/wp\/v2\/media\/69519"}],"wp:attachment":[{"href":"https:\/\/www.adf.org.br\/home\/wp-json\/wp\/v2\/media?parent=72042"}],"wp:term":[{"taxonomy":"category","embeddable":true,"href":"https:\/\/www.adf.org.br\/home\/wp-json\/wp\/v2\/categories?post=72042"},{"taxonomy":"post_tag","embeddable":true,"href":"https:\/\/www.adf.org.br\/home\/wp-json\/wp\/v2\/tags?post=72042"}],"curies":[{"name":"wp","href":"https:\/\/api.w.org\/{rel}","templated":true}]}}