{"id":71986,"date":"2023-03-03T00:00:55","date_gmt":"2023-03-03T03:00:55","guid":{"rendered":"https:\/\/www.adf.org.br\/home\/?p=71986"},"modified":"2023-03-01T16:39:14","modified_gmt":"2023-03-01T19:39:14","slug":"oracao-de-um-medico-que-quer-se-santificar-em-seu-estado","status":"publish","type":"post","link":"https:\/\/www.adf.org.br\/home\/oracao-de-um-medico-que-quer-se-santificar-em-seu-estado\/","title":{"rendered":"Ora\u00e7\u00e3o de um m\u00e9dico que quer se santificar em seu estado"},"content":{"rendered":"<h2 class=\"post-title\" style=\"text-align: center;\"><span style=\"color: #000000;\">Ora\u00e7\u00e3o de um m\u00e9dico que quer se santificar em seu estado<\/span><\/h2>\n<p>&nbsp;<\/p>\n<figure id=\"attachment_71987\" aria-describedby=\"caption-attachment-71987\" style=\"width: 694px\" class=\"wp-caption aligncenter\"><a href=\"https:\/\/adf.org.br\/velario\/gracas?origem=27011\" target=\"_blank\" rel=\"noopener\"><img loading=\"lazy\" class=\"wp-image-71987\" src=\"https:\/\/www.adf.org.br\/home\/wp-content\/uploads\/2023\/03\/Adolphe-Grison-O-medico-e-o-Pequeno-Paciente-oleo-sobre-tela-Dominio-Publico-Wikimedia-Commons-1140x898-1-1024x807.jpg\" alt=\"\" width=\"694\" height=\"547\" srcset=\"https:\/\/www.adf.org.br\/home\/wp-content\/uploads\/2023\/03\/Adolphe-Grison-O-medico-e-o-Pequeno-Paciente-oleo-sobre-tela-Dominio-Publico-Wikimedia-Commons-1140x898-1-1024x807.jpg 1024w, https:\/\/www.adf.org.br\/home\/wp-content\/uploads\/2023\/03\/Adolphe-Grison-O-medico-e-o-Pequeno-Paciente-oleo-sobre-tela-Dominio-Publico-Wikimedia-Commons-1140x898-1-300x236.jpg 300w, https:\/\/www.adf.org.br\/home\/wp-content\/uploads\/2023\/03\/Adolphe-Grison-O-medico-e-o-Pequeno-Paciente-oleo-sobre-tela-Dominio-Publico-Wikimedia-Commons-1140x898-1-768x605.jpg 768w, https:\/\/www.adf.org.br\/home\/wp-content\/uploads\/2023\/03\/Adolphe-Grison-O-medico-e-o-Pequeno-Paciente-oleo-sobre-tela-Dominio-Publico-Wikimedia-Commons-1140x898-1.jpg 1140w\" sizes=\"(max-width: 694px) 100vw, 694px\" \/><\/a><figcaption id=\"caption-attachment-71987\" class=\"wp-caption-text\"><center><span style=\"color: #000000;\">Adolphe Grison &#8211; O m\u00e9dico e o Pequeno Paciente, \u00f3leo sobre tela, Dom\u00ednio P\u00fablico, Wikimedia Commons<\/span><\/center><\/figcaption><\/figure>\n<p><span style=\"color: #000000;\"><em>\u201c<span style=\"color: #800080; font-size: 32px;\"><strong>D<\/strong><\/span>eus de bondade, cuja paz e b\u00ean\u00e7\u00e3os se estendem sobre toda a terra, na qual\u00a0haveis estabelecido os diferentes estados na sociedade para o bem de todos os homens, sois v\u00f3s, <a href=\"https:\/\/adf.org.br\/velario\/gracas?origem=27011\" target=\"_blank\" rel=\"noopener\"><span style=\"color: #0000ff;\"><strong>Deus Alt\u00edssimo<\/strong><\/span><\/a>, que haveis criado aquilo para o qual me escolhestes, para suavizar e curar os males da humanidade sofredora.\u00a0Ah!\u00a0<strong>Infundistes em mim\u00a0a ci\u00eancia necess\u00e1ria para conhecer a virtude ben\u00e9fica que atribu\u00edstes\u00a0aos produtos da terra para o al\u00edvio do homem aflito<\/strong>.\u00a0<\/em><\/span><\/p>\n<p><span style=\"color: #000000;\"><em>Pe\u00e7o-vos tamb\u00e9m a humildade, para me preservar daquele orgulho insano, <strong>que muitas vezes nos leva a roubar-vos a gl\u00f3ria das curas<\/strong>, das quais sois o primeiro autor;\u00a0pois s\u00f3 v\u00f3s destes\u00a0vida e restaurastes a sanidade como e quando quiserdes.\u00a0V\u00f3s sois mestre soberano da vida e da morte. <strong>Permitis, portanto,\u00a0que vos honre e glorifique\u00a0continuamente em vossas maravilhas<\/strong>.<\/em><\/span><\/p>\n<p><span style=\"color: #000000;\"><em>Que a <span style=\"color: #800080;\"><strong>minha f\u00e9 esteja sempre sujeita aos ensinamentos da vossa Igreja<\/strong><\/span>, guardi\u00e3 da verdade;\u00a0e que me fa\u00e7a rejeitar, com horror, todos os sistemas \u00edmpios e a suposta ci\u00eancia de homens imprudentes, que, como diz o <a href=\"https:\/\/adf.org.br\/velario\/gracas?origem=27011\" target=\"_blank\" rel=\"noopener\"><span style=\"color: #0000ff;\"><strong>Ap\u00f3stolo<\/strong><\/span><\/a>, ousam blasfemar o que ignoram e se levantam corajosamente contra vossos or\u00e1culos divinos.\u00a0Eu, <a href=\"https:\/\/adf.org.br\/velario\/gracas?origem=27011\" target=\"_blank\" rel=\"noopener\"><span style=\"color: #0000ff;\"><strong>Senhor<\/strong><\/span><\/a>, <strong><span style=\"color: #800080;\">sempre acreditarei que n\u00e3o h\u00e1 ci\u00eancia verdadeira sen\u00e3o a que vem de v\u00f3s<\/span><\/strong>, e que \u00e9 verdade que mere\u00e7o reconhecer humildemente os limites que colocastes em nossa natureza d\u00e9bil, em nossa raz\u00e3o.\u00a0Que eu sempre abomine qualquer erro em que possa cair em detrimento do meu pr\u00f3ximo;\u00a0e do qual imploro sinceramente que me preserveis.\u00a0<\/em><\/span><\/p>\n<p><span style=\"color: #000000;\"><em>Oh!\u00a0Fazeis que nenhuma ignor\u00e2ncia culpada ou volunt\u00e1ria precipita\u00e7\u00e3o me torne repreens\u00edvel aos vossos olhos e aos dos homens.\u00a0Dignai-vos, \u00f3 <a href=\"https:\/\/adf.org.br\/velario\/gracas?origem=27011\" target=\"_blank\" rel=\"noopener\"><strong><span style=\"color: #0000ff;\">Deus<\/span><\/strong><\/a> de miseric\u00f3rdia, de perdoar-me todos os meus erros, pelos quais sua justi\u00e7a j\u00e1 me tenha repreendido.<\/em><\/span><\/p>\n<p><span style=\"color: #000000;\"><em>Nas <a href=\"https:\/\/adf.org.br\/velario\/gracas?origem=27011\" target=\"_blank\" rel=\"noopener\"><span style=\"color: #0000ff;\"><strong>Sagradas Escrituras<\/strong><\/span> <\/a>ordenastes honrar os m\u00e9dicos.\u00a0<strong>Senhor, fazei-me digno de honra aos vossos olhos e aos de todos os meus irm\u00e3os pela minha piedade<\/strong>, caridade, paci\u00eancia, mod\u00e9stia, enfim, por todas as virtudes que constituem o verdadeiro crist\u00e3o.\u00a0Pedir-te-ei esta gra\u00e7a todos os dias, suplicando-vos junto que cureis as doen\u00e7as da minha alma, muito mais nocivas do que todas as doen\u00e7as do corpo.\u00a0Fazei que a morte, <strong>que tantas vezes est\u00e1 diante de meus olhos<\/strong>, me lembre continuamente da hora terr\u00edvel em que terei que me separar deste corpo.\u00a0E este salutar pensamento me desprenda das vaidades deste mundo passageiro, <span style=\"color: #800080;\"><strong>mantenha-me sempre preparado para aparecer diante de v\u00f3s com uma alma pura e sincera<\/strong><\/span>, que atrair\u00e1 sobre si os vossos divinos olhares, e formar\u00e1 as vossas complac\u00eancias.\u201d<\/em><\/span><\/p>\n<p><span style=\"color: #000000;\"><em>Todas estas gra\u00e7as vos pe\u00e7o, pelos m\u00e9ritos de Jesus Cristo Nosso Senhor.\u00a0<\/em><\/span><\/p>\n<p><span style=\"color: #000000;\"><em>Am\u00e9m.<\/em><\/span><\/p>\n<h6 style=\"text-align: right;\"><span style=\"color: #000000;\">Fonte: Arsenal Cat\u00f3lico\u00a0<\/span><\/h6>\n<h3 style=\"text-align: center;\"><strong><span style=\"color: #000000;\">****<\/span><\/strong><\/h3>\n<p><span style=\"color: #000000;\">Amanh\u00e3 faremos celebrar uma <strong>Missa a Nossa Senhora das Gra\u00e7as<\/strong>. <\/span><\/p>\n<p><span style=\"color: #000000;\">Ent\u00e3o, se voc\u00ea est\u00e1 precisando de uma gra\u00e7a, inclua seus pedidos para Virgem Maria.<\/span><\/p>\n<p><span style=\"color: #000000;\">Para isso, basta <a href=\"https:\/\/adf.org.br\/velario\/gracas?origem=27011\" target=\"_blank\" rel=\"noopener\"><strong><span style=\"color: #0000ff;\">clicar aqui<\/span> <\/strong><\/a>e pedir a Ela suas s\u00faplicas das gra\u00e7as que tanto necessita.<\/span><\/p>\n<p style=\"text-align: center;\"><strong><span style=\"color: #800080;\">Que o Senhor e Maria esteja convosco em todos os momentos.\u00a0<\/span><\/strong><\/p>\n","protected":false},"excerpt":{"rendered":"<p>Ora\u00e7\u00e3o de um m\u00e9dico que quer se santificar em seu estado &nbsp; \u201cDeus de bondade, cuja paz e b\u00ean\u00e7\u00e3os se estendem sobre toda a terra, na qual\u00a0haveis estabelecido os diferentes estados na sociedade para o bem de todos os homens, sois v\u00f3s, Deus Alt\u00edssimo, que haveis criado aquilo para o qual me escolhestes, para suavizar [&hellip;]<\/p>\n","protected":false},"author":31,"featured_media":71987,"comment_status":"open","ping_status":"open","sticky":false,"template":"","format":"standard","meta":[],"categories":[20,2473,2621,2460,14],"tags":[357,4954,142],"yoast_head":"<!-- This site is optimized with the Yoast SEO plugin v17.4 - https:\/\/yoast.com\/wordpress\/plugins\/seo\/ -->\n<title>Ora\u00e7\u00e3o de um m\u00e9dico que quer se santificar em seu estado - Associa\u00e7\u00e3o Devotos de F\u00e1tima<\/title>\n<meta name=\"description\" content=\"Reze conosco a Ora\u00e7\u00e3o de um m\u00e9dico que quer se santificar em seu estado. Clique aqui e coloque suas s\u00faplicas na Missa desta semana.\" \/>\n<meta name=\"robots\" content=\"index, follow, max-snippet:-1, max-image-preview:large, max-video-preview:-1\" \/>\n<link rel=\"canonical\" href=\"https:\/\/www.adf.org.br\/home\/oracao-de-um-medico-que-quer-se-santificar-em-seu-estado\/\" \/>\n<meta property=\"og:locale\" content=\"pt_BR\" \/>\n<meta property=\"og:type\" content=\"article\" \/>\n<meta property=\"og:title\" content=\"Ora\u00e7\u00e3o de um m\u00e9dico que quer se santificar em seu estado - Associa\u00e7\u00e3o Devotos de F\u00e1tima\" \/>\n<meta property=\"og:description\" content=\"Reze conosco a Ora\u00e7\u00e3o de um m\u00e9dico que quer se santificar em seu estado. Clique aqui e coloque suas s\u00faplicas na Missa desta semana.\" \/>\n<meta property=\"og:url\" content=\"https:\/\/www.adf.org.br\/home\/oracao-de-um-medico-que-quer-se-santificar-em-seu-estado\/\" \/>\n<meta property=\"og:site_name\" content=\"Associa\u00e7\u00e3o Devotos de F\u00e1tima\" \/>\n<meta property=\"article:published_time\" content=\"2023-03-03T03:00:55+00:00\" \/>\n<meta property=\"article:modified_time\" content=\"2023-03-01T19:39:14+00:00\" \/>\n<meta property=\"og:image\" content=\"https:\/\/www.adf.org.br\/home\/wp-content\/uploads\/2023\/03\/Adolphe-Grison-O-medico-e-o-Pequeno-Paciente-oleo-sobre-tela-Dominio-Publico-Wikimedia-Commons-1140x898-1.jpg\" \/>\n\t<meta property=\"og:image:width\" content=\"1140\" \/>\n\t<meta property=\"og:image:height\" content=\"898\" \/>\n<meta name=\"twitter:card\" content=\"summary_large_image\" \/>\n<meta name=\"twitter:label1\" content=\"Escrito por\" \/>\n\t<meta name=\"twitter:data1\" content=\"Gabriel Barbosa\" \/>\n\t<meta name=\"twitter:label2\" content=\"Est. tempo de leitura\" \/>\n\t<meta name=\"twitter:data2\" content=\"3 minutos\" \/>\n<script type=\"application\/ld+json\" class=\"yoast-schema-graph\">{\"@context\":\"https:\/\/schema.org\",\"@graph\":[{\"@type\":\"WebSite\",\"@id\":\"https:\/\/www.adf.org.br\/home\/#website\",\"url\":\"https:\/\/www.adf.org.br\/home\/\",\"name\":\"Associa\\u00e7\\u00e3o Devotos de F\\u00e1tima\",\"description\":\"Associa\\u00e7\\u00e3o Devotos de F\\u00e1tima\",\"potentialAction\":[{\"@type\":\"SearchAction\",\"target\":{\"@type\":\"EntryPoint\",\"urlTemplate\":\"https:\/\/www.adf.org.br\/home\/?s={search_term_string}\"},\"query-input\":\"required name=search_term_string\"}],\"inLanguage\":\"pt-BR\"},{\"@type\":\"ImageObject\",\"@id\":\"https:\/\/www.adf.org.br\/home\/oracao-de-um-medico-que-quer-se-santificar-em-seu-estado\/#primaryimage\",\"inLanguage\":\"pt-BR\",\"url\":\"https:\/\/www.adf.org.br\/home\/wp-content\/uploads\/2023\/03\/Adolphe-Grison-O-medico-e-o-Pequeno-Paciente-oleo-sobre-tela-Dominio-Publico-Wikimedia-Commons-1140x898-1.jpg\",\"contentUrl\":\"https:\/\/www.adf.org.br\/home\/wp-content\/uploads\/2023\/03\/Adolphe-Grison-O-medico-e-o-Pequeno-Paciente-oleo-sobre-tela-Dominio-Publico-Wikimedia-Commons-1140x898-1.jpg\",\"width\":1140,\"height\":898},{\"@type\":\"WebPage\",\"@id\":\"https:\/\/www.adf.org.br\/home\/oracao-de-um-medico-que-quer-se-santificar-em-seu-estado\/#webpage\",\"url\":\"https:\/\/www.adf.org.br\/home\/oracao-de-um-medico-que-quer-se-santificar-em-seu-estado\/\",\"name\":\"Ora\\u00e7\\u00e3o de um m\\u00e9dico que quer se santificar em seu estado - Associa\\u00e7\\u00e3o Devotos de F\\u00e1tima\",\"isPartOf\":{\"@id\":\"https:\/\/www.adf.org.br\/home\/#website\"},\"primaryImageOfPage\":{\"@id\":\"https:\/\/www.adf.org.br\/home\/oracao-de-um-medico-que-quer-se-santificar-em-seu-estado\/#primaryimage\"},\"datePublished\":\"2023-03-03T03:00:55+00:00\",\"dateModified\":\"2023-03-01T19:39:14+00:00\",\"author\":{\"@id\":\"https:\/\/www.adf.org.br\/home\/#\/schema\/person\/f35a5c5aa7728a3dedf4ea9aa1fc2753\"},\"description\":\"Reze conosco a Ora\\u00e7\\u00e3o de um m\\u00e9dico que quer se santificar em seu estado. Clique aqui e coloque suas s\\u00faplicas na Missa desta semana.\",\"breadcrumb\":{\"@id\":\"https:\/\/www.adf.org.br\/home\/oracao-de-um-medico-que-quer-se-santificar-em-seu-estado\/#breadcrumb\"},\"inLanguage\":\"pt-BR\",\"potentialAction\":[{\"@type\":\"ReadAction\",\"target\":[\"https:\/\/www.adf.org.br\/home\/oracao-de-um-medico-que-quer-se-santificar-em-seu-estado\/\"]}]},{\"@type\":\"BreadcrumbList\",\"@id\":\"https:\/\/www.adf.org.br\/home\/oracao-de-um-medico-que-quer-se-santificar-em-seu-estado\/#breadcrumb\",\"itemListElement\":[{\"@type\":\"ListItem\",\"position\":1,\"name\":\"Home\",\"item\":\"https:\/\/www.adf.org.br\/home\/\"},{\"@type\":\"ListItem\",\"position\":2,\"name\":\"Ora\\u00e7\\u00e3o de um m\\u00e9dico que quer se santificar em seu estado\"}]},{\"@type\":\"Person\",\"@id\":\"https:\/\/www.adf.org.br\/home\/#\/schema\/person\/f35a5c5aa7728a3dedf4ea9aa1fc2753\",\"name\":\"Gabriel Barbosa\",\"image\":{\"@type\":\"ImageObject\",\"@id\":\"https:\/\/www.adf.org.br\/home\/#personlogo\",\"inLanguage\":\"pt-BR\",\"url\":\"https:\/\/secure.gravatar.com\/avatar\/2b2cb2f4637682c5605e8d36818f51ef?s=96&d=mm&r=g\",\"contentUrl\":\"https:\/\/secure.gravatar.com\/avatar\/2b2cb2f4637682c5605e8d36818f51ef?s=96&d=mm&r=g\",\"caption\":\"Gabriel Barbosa\"},\"url\":\"https:\/\/www.adf.org.br\/home\/author\/gabrielpmk-com-br\/\"}]}<\/script>\n<!-- \/ Yoast SEO plugin. -->","yoast_head_json":{"title":"Ora\u00e7\u00e3o de um m\u00e9dico que quer se santificar em seu estado - Associa\u00e7\u00e3o Devotos de F\u00e1tima","description":"Reze conosco a Ora\u00e7\u00e3o de um m\u00e9dico que quer se santificar em seu estado. Clique aqui e coloque suas s\u00faplicas na Missa desta semana.","robots":{"index":"index","follow":"follow","max-snippet":"max-snippet:-1","max-image-preview":"max-image-preview:large","max-video-preview":"max-video-preview:-1"},"canonical":"https:\/\/www.adf.org.br\/home\/oracao-de-um-medico-que-quer-se-santificar-em-seu-estado\/","og_locale":"pt_BR","og_type":"article","og_title":"Ora\u00e7\u00e3o de um m\u00e9dico que quer se santificar em seu estado - Associa\u00e7\u00e3o Devotos de F\u00e1tima","og_description":"Reze conosco a Ora\u00e7\u00e3o de um m\u00e9dico que quer se santificar em seu estado. Clique aqui e coloque suas s\u00faplicas na Missa desta semana.","og_url":"https:\/\/www.adf.org.br\/home\/oracao-de-um-medico-que-quer-se-santificar-em-seu-estado\/","og_site_name":"Associa\u00e7\u00e3o Devotos de F\u00e1tima","article_published_time":"2023-03-03T03:00:55+00:00","article_modified_time":"2023-03-01T19:39:14+00:00","og_image":[{"width":1140,"height":898,"url":"https:\/\/www.adf.org.br\/home\/wp-content\/uploads\/2023\/03\/Adolphe-Grison-O-medico-e-o-Pequeno-Paciente-oleo-sobre-tela-Dominio-Publico-Wikimedia-Commons-1140x898-1.jpg","type":"image\/jpeg"}],"twitter_card":"summary_large_image","twitter_misc":{"Escrito por":"Gabriel Barbosa","Est. tempo de leitura":"3 minutos"},"schema":{"@context":"https:\/\/schema.org","@graph":[{"@type":"WebSite","@id":"https:\/\/www.adf.org.br\/home\/#website","url":"https:\/\/www.adf.org.br\/home\/","name":"Associa\u00e7\u00e3o Devotos de F\u00e1tima","description":"Associa\u00e7\u00e3o Devotos de F\u00e1tima","potentialAction":[{"@type":"SearchAction","target":{"@type":"EntryPoint","urlTemplate":"https:\/\/www.adf.org.br\/home\/?s={search_term_string}"},"query-input":"required name=search_term_string"}],"inLanguage":"pt-BR"},{"@type":"ImageObject","@id":"https:\/\/www.adf.org.br\/home\/oracao-de-um-medico-que-quer-se-santificar-em-seu-estado\/#primaryimage","inLanguage":"pt-BR","url":"https:\/\/www.adf.org.br\/home\/wp-content\/uploads\/2023\/03\/Adolphe-Grison-O-medico-e-o-Pequeno-Paciente-oleo-sobre-tela-Dominio-Publico-Wikimedia-Commons-1140x898-1.jpg","contentUrl":"https:\/\/www.adf.org.br\/home\/wp-content\/uploads\/2023\/03\/Adolphe-Grison-O-medico-e-o-Pequeno-Paciente-oleo-sobre-tela-Dominio-Publico-Wikimedia-Commons-1140x898-1.jpg","width":1140,"height":898},{"@type":"WebPage","@id":"https:\/\/www.adf.org.br\/home\/oracao-de-um-medico-que-quer-se-santificar-em-seu-estado\/#webpage","url":"https:\/\/www.adf.org.br\/home\/oracao-de-um-medico-que-quer-se-santificar-em-seu-estado\/","name":"Ora\u00e7\u00e3o de um m\u00e9dico que quer se santificar em seu estado - Associa\u00e7\u00e3o Devotos de F\u00e1tima","isPartOf":{"@id":"https:\/\/www.adf.org.br\/home\/#website"},"primaryImageOfPage":{"@id":"https:\/\/www.adf.org.br\/home\/oracao-de-um-medico-que-quer-se-santificar-em-seu-estado\/#primaryimage"},"datePublished":"2023-03-03T03:00:55+00:00","dateModified":"2023-03-01T19:39:14+00:00","author":{"@id":"https:\/\/www.adf.org.br\/home\/#\/schema\/person\/f35a5c5aa7728a3dedf4ea9aa1fc2753"},"description":"Reze conosco a Ora\u00e7\u00e3o de um m\u00e9dico que quer se santificar em seu estado. Clique aqui e coloque suas s\u00faplicas na Missa desta semana.","breadcrumb":{"@id":"https:\/\/www.adf.org.br\/home\/oracao-de-um-medico-que-quer-se-santificar-em-seu-estado\/#breadcrumb"},"inLanguage":"pt-BR","potentialAction":[{"@type":"ReadAction","target":["https:\/\/www.adf.org.br\/home\/oracao-de-um-medico-que-quer-se-santificar-em-seu-estado\/"]}]},{"@type":"BreadcrumbList","@id":"https:\/\/www.adf.org.br\/home\/oracao-de-um-medico-que-quer-se-santificar-em-seu-estado\/#breadcrumb","itemListElement":[{"@type":"ListItem","position":1,"name":"Home","item":"https:\/\/www.adf.org.br\/home\/"},{"@type":"ListItem","position":2,"name":"Ora\u00e7\u00e3o de um m\u00e9dico que quer se santificar em seu estado"}]},{"@type":"Person","@id":"https:\/\/www.adf.org.br\/home\/#\/schema\/person\/f35a5c5aa7728a3dedf4ea9aa1fc2753","name":"Gabriel Barbosa","image":{"@type":"ImageObject","@id":"https:\/\/www.adf.org.br\/home\/#personlogo","inLanguage":"pt-BR","url":"https:\/\/secure.gravatar.com\/avatar\/2b2cb2f4637682c5605e8d36818f51ef?s=96&d=mm&r=g","contentUrl":"https:\/\/secure.gravatar.com\/avatar\/2b2cb2f4637682c5605e8d36818f51ef?s=96&d=mm&r=g","caption":"Gabriel Barbosa"},"url":"https:\/\/www.adf.org.br\/home\/author\/gabrielpmk-com-br\/"}]}},"_links":{"self":[{"href":"https:\/\/www.adf.org.br\/home\/wp-json\/wp\/v2\/posts\/71986"}],"collection":[{"href":"https:\/\/www.adf.org.br\/home\/wp-json\/wp\/v2\/posts"}],"about":[{"href":"https:\/\/www.adf.org.br\/home\/wp-json\/wp\/v2\/types\/post"}],"author":[{"embeddable":true,"href":"https:\/\/www.adf.org.br\/home\/wp-json\/wp\/v2\/users\/31"}],"replies":[{"embeddable":true,"href":"https:\/\/www.adf.org.br\/home\/wp-json\/wp\/v2\/comments?post=71986"}],"version-history":[{"count":1,"href":"https:\/\/www.adf.org.br\/home\/wp-json\/wp\/v2\/posts\/71986\/revisions"}],"predecessor-version":[{"id":71988,"href":"https:\/\/www.adf.org.br\/home\/wp-json\/wp\/v2\/posts\/71986\/revisions\/71988"}],"wp:featuredmedia":[{"embeddable":true,"href":"https:\/\/www.adf.org.br\/home\/wp-json\/wp\/v2\/media\/71987"}],"wp:attachment":[{"href":"https:\/\/www.adf.org.br\/home\/wp-json\/wp\/v2\/media?parent=71986"}],"wp:term":[{"taxonomy":"category","embeddable":true,"href":"https:\/\/www.adf.org.br\/home\/wp-json\/wp\/v2\/categories?post=71986"},{"taxonomy":"post_tag","embeddable":true,"href":"https:\/\/www.adf.org.br\/home\/wp-json\/wp\/v2\/tags?post=71986"}],"curies":[{"name":"wp","href":"https:\/\/api.w.org\/{rel}","templated":true}]}}