{"id":71782,"date":"2023-02-10T00:00:33","date_gmt":"2023-02-10T03:00:33","guid":{"rendered":"https:\/\/www.adf.org.br\/home\/?p=71782"},"modified":"2023-02-08T15:34:33","modified_gmt":"2023-02-08T18:34:33","slug":"oracao-a-maria-para-suavizar-a-morte-a-seus-servos","status":"publish","type":"post","link":"https:\/\/www.adf.org.br\/home\/oracao-a-maria-para-suavizar-a-morte-a-seus-servos\/","title":{"rendered":"Ora\u00e7\u00e3o \u00e0 Maria para suavizar a morte a seus servos"},"content":{"rendered":"<h2 style=\"text-align: center;\"><span style=\"color: #000000;\">Ora\u00e7\u00e3o \u00e0 Maria para suavizar a morte a seus servos<\/span><\/h2>\n<p>&nbsp;<\/p>\n<p><a href=\"https:\/\/adf.org.br\/velario\/lourdes?origem=26785\" target=\"_blank\" rel=\"noopener\"><img loading=\"lazy\" class=\"alignnone wp-image-69066 size-large\" src=\"https:\/\/www.adf.org.br\/home\/wp-content\/uploads\/2022\/07\/Credo-de-maria-frame-1024x576.jpg\" alt=\"\" width=\"1024\" height=\"576\" srcset=\"https:\/\/www.adf.org.br\/home\/wp-content\/uploads\/2022\/07\/Credo-de-maria-frame-1024x576.jpg 1024w, https:\/\/www.adf.org.br\/home\/wp-content\/uploads\/2022\/07\/Credo-de-maria-frame-300x169.jpg 300w, https:\/\/www.adf.org.br\/home\/wp-content\/uploads\/2022\/07\/Credo-de-maria-frame-768x432.jpg 768w, https:\/\/www.adf.org.br\/home\/wp-content\/uploads\/2022\/07\/Credo-de-maria-frame.jpg 1280w\" sizes=\"(max-width: 1024px) 100vw, 1024px\" \/><\/a><\/p>\n<p><span style=\"font-weight: 400; color: #000000;\"><span style=\"color: #800080; font-size: 32px;\"><strong>\u00d3<\/strong><\/span> minha m\u00e3e suav\u00edssima, qual ser\u00e1 a morte de um pobre pecador como eu? Quando penso naquele terr\u00edvel momento em que hei de expirar e comparecer ao tribunal divino, <strong>tremo e fico todo confuso<\/strong>, e muito duvido da minha salva\u00e7\u00e3o eterna, lembrando-me de que eu mesmo escrevi a senten\u00e7a de minha condena\u00e7\u00e3o.<\/span><\/p>\n<p><span style=\"font-weight: 400; color: #000000;\">\u00d3 <a href=\"https:\/\/adf.org.br\/velario\/lourdes?origem=26785\" target=\"_blank\" rel=\"noopener\"><strong><span style=\"color: #0000ff;\">Maria<\/span><\/strong><\/a>, no sangue de Jesus e vossa intercess\u00e3o ponho toda a minha esperan\u00e7a. Sois <a href=\"https:\/\/adf.org.br\/velario\/lourdes?origem=26785\" target=\"_blank\" rel=\"noopener\"><span style=\"color: #0000ff;\"><strong>Rainha do c\u00e9u<\/strong><\/span><\/a>, a Soberana do universo, numa palavra, sois <a href=\"https:\/\/adf.org.br\/velario\/lourdes?origem=26785\" target=\"_blank\" rel=\"noopener\"><span style=\"color: #0000ff;\"><strong>M\u00e3e de Deus<\/strong><\/span><\/a>. \u00c9 verdade que sois muito elevada em dignidade; mas vossa grandeza n\u00e3o vos afasta de n\u00f3s, sen\u00e3o que faz com que tenhais ainda mais compaix\u00e3o de nossas mis\u00e9rias.<\/span><\/p>\n<p><span style=\"font-weight: 400; color: #000000;\">Quando elevados a alguma dignidade, <strong>abandonam os amigos do mundo e desprezam seus antigos companheiros ca\u00eddos no infort\u00fanio<\/strong>. Mas vosso cora\u00e7\u00e3o t\u00e3o amoroso n\u00e3o procede assim. Mais se empenha em aliviar, onde maiores mis\u00e9rias descobre.<\/span><\/p>\n<p><span style=\"font-weight: 400; color: #000000;\">Assim que vos invocamos, vindes em nosso socorro: <strong>prevenis at\u00e9 nossas preces com vossos favores<\/strong>. V\u00f3s vos consolais nas afli\u00e7\u00f5es, dissipais perdeis ensejo de trabalhar para nosso bem. <a href=\"https:\/\/adf.org.br\/velario\/lourdes?origem=26785\" target=\"_blank\" rel=\"noopener\"><span style=\"color: #0000ff;\"><strong>Bendita<\/strong><\/span><\/a> para sempre aquela divina m\u00e3o em que em v\u00f3s aliou a tanto amor tanta grandeza, tanta majestade e tanta ternura.<\/span><\/p>\n<p><span style=\"font-weight: 400; color: #000000;\">Agrade\u00e7o-o sem cessar ao <strong><span style=\"color: #0000ff;\"><a style=\"color: #0000ff;\" href=\"https:\/\/adf.org.br\/velario\/lourdes?origem=26785\" target=\"_blank\" rel=\"noopener\">Senhor<\/a><\/span><\/strong> e sobre isso me alegro. Pois em<strong> vossa felicidade encontro a minha tamb\u00e9m<\/strong>, e considero minha vossa ventura. \u00d3 consoladora dos aflitos, consolai uma alma aflita que a v\u00f3s se recomenda. <strong>Aflito estou por causa dos remorsos de uma consci\u00eancia t\u00e3o sobrecarregada de pecados<\/strong>.<\/span><\/p>\n<p><span style=\"font-weight: 400; color: #000000;\">N\u00e3o sei se os tenho chorado como devia. Vejo <strong>todas as minhas obras cheias de defeitos e manchas<\/strong>. O inferno s\u00f3 espera por minha morte para acusar-me; a justi\u00e7a divina ultrajada quer ser satisfeita. Que ser\u00e1 de mim, minha <a href=\"https:\/\/adf.org.br\/velario\/lourdes?origem=26785\" target=\"_blank\" rel=\"noopener\"><strong><span style=\"color: #0000ff;\">M\u00e3e<\/span><\/strong><\/a>? Se n\u00e3o me ajudardes, estou perdido.\u00a0<\/span><\/p>\n<p><span style=\"font-weight: 400; color: #000000;\">Que dizeis, quereis ajudar-me? \u00d3 <a href=\"https:\/\/adf.org.br\/velario\/lourdes?origem=26785\" target=\"_blank\" rel=\"noopener\"><span style=\"color: #0000ff;\"><strong>Virgem piedosa<\/strong><\/span><\/a>, consolai-me; obtende-me verdadeiro arrependimento de meus pecados, alcan\u00e7ai-me for\u00e7a para emendar-me e ser fiel a Deus nos dias que ainda me restam. E quando eu me achar nas \u00e2nsias da morte, \u00f3 <a href=\"https:\/\/adf.org.br\/velario\/lourdes?origem=26785\" target=\"_blank\" rel=\"noopener\"><span style=\"color: #0000ff;\"><strong>Maria<\/strong><\/span><\/a>, esperan\u00e7a minha, <strong>n\u00e3o me abandoneis<\/strong>. Ent\u00e3o fortalecei-me mais do que nunca e assisti-me para que, \u00e0 vista de meus pecados relembrados pelo dem\u00f4nio, eu n\u00e3o me entregue ao desespero.\u00a0<\/span><\/p>\n<p><span style=\"font-weight: 400; color: #000000;\">\u00d3 <a href=\"https:\/\/adf.org.br\/velario\/lourdes?origem=26785\" target=\"_blank\" rel=\"noopener\"><strong><span style=\"color: #0000ff;\">Senhora minha<\/span><\/strong><\/a>, escusai tanta ousadia: vinde v\u00f3s mesma consolar-me com a vossa presen\u00e7a. A tantos outros j\u00e1 tendes feito semelhante gra\u00e7a.<strong> Fazei-a tamb\u00e9m a mim<\/strong>. Se grande \u00e9 minha, escusai tanta ousadia, ainda maior \u00e9 vossa bondade, que anda procurando os infelizes para os consolar. \u00c9 nesta que eu ponho minha esperan\u00e7a. Seja vossa eterna gl\u00f3ria o haverdes salvo do inferno e conduzido ao vosso reino um pobre condenado.\u00a0<\/span><\/p>\n<p><span style=\"font-weight: 400; color: #000000;\">L\u00e1 espero depois consolar-me, estando sempre aos vossos p\u00e9s, dando-vos gra\u00e7as, louvando-vos e amando-vos eternamente. \u00d3 <a href=\"https:\/\/adf.org.br\/velario\/lourdes?origem=26785\" target=\"_blank\" rel=\"noopener\"><strong><span style=\"color: #0000ff;\">Maria<\/span><\/strong><\/a>, eu espero em v\u00f3s; n\u00e3o me deixeis ficar desconsolado. Assim seja, assim seja. Am\u00e9m.\u00a0<\/span><\/p>\n<h6 style=\"text-align: right;\"><span style=\"font-weight: 400;\"><span style=\"color: #000000;\"><strong>Extra\u00eddo do livro:<\/strong> Gl\u00f3rias de Maria, de S\u00e3o Afonso de Lig\u00f3rio.<\/span> <\/span><\/h6>\n<h3 style=\"text-align: center;\"><strong><span style=\"color: #000000;\">****<\/span><\/strong><\/h3>\n<p><span style=\"color: #000000;\">N\u00e3o deixe de pedir suas s\u00faplicas \u00e0 <strong>Nossa Senhora de Lourdes<\/strong> na Missa que faremos celebrar neste s\u00e1bado.<\/span><\/p>\n<p><span style=\"color: #000000;\">Pe\u00e7a a Virgem Maria a cura da sua sa\u00fade f\u00edsica ou espiritual, e tamb\u00e9m daqueles que precisam tanto dos seus cuidados.<\/span><\/p>\n<p><span style=\"color: #000000;\">Para isso, basta voc\u00ea incluir seus pedidos em nosso <span style=\"color: #0000ff;\"><a style=\"color: #0000ff;\" href=\"https:\/\/adf.org.br\/velario\/lourdes?origem=26785\" target=\"_blank\" rel=\"noopener\"><strong>Vel\u00e1rio<\/strong><\/a><\/span> ou clicar na imagem abaixo.<\/span><\/p>\n<p style=\"text-align: center;\"><a href=\"https:\/\/adf.org.br\/velario\/lourdes?origem=26785\" target=\"_blank\" rel=\"noopener\"><img loading=\"lazy\" class=\"alignnone size-medium wp-image-62080\" src=\"https:\/\/www.adf.org.br\/home\/wp-content\/uploads\/2020\/10\/Vela-de-Nossa-Senhora-de-Lourdes-2-300x175.jpg\" alt=\"\" width=\"300\" height=\"175\" srcset=\"https:\/\/www.adf.org.br\/home\/wp-content\/uploads\/2020\/10\/Vela-de-Nossa-Senhora-de-Lourdes-2-300x175.jpg 300w, https:\/\/www.adf.org.br\/home\/wp-content\/uploads\/2020\/10\/Vela-de-Nossa-Senhora-de-Lourdes-2.jpg 498w\" sizes=\"(max-width: 300px) 100vw, 300px\" \/><\/a><\/p>\n","protected":false},"excerpt":{"rendered":"<p>Ora\u00e7\u00e3o \u00e0 Maria para suavizar a morte a seus servos &nbsp; \u00d3 minha m\u00e3e suav\u00edssima, qual ser\u00e1 a morte de um pobre pecador como eu? Quando penso naquele terr\u00edvel momento em que hei de expirar e comparecer ao tribunal divino, tremo e fico todo confuso, e muito duvido da minha salva\u00e7\u00e3o eterna, lembrando-me de que [&hellip;]<\/p>\n","protected":false},"author":31,"featured_media":69066,"comment_status":"open","ping_status":"open","sticky":false,"template":"","format":"standard","meta":[],"categories":[20,56,14],"tags":[768,38,57,142,470],"yoast_head":"<!-- This site is optimized with the Yoast SEO plugin v17.4 - https:\/\/yoast.com\/wordpress\/plugins\/seo\/ -->\n<title>Ora\u00e7\u00e3o \u00e0 Maria para suavizar a morte a seus servos - Associa\u00e7\u00e3o Devotos de F\u00e1tima<\/title>\n<meta name=\"description\" content=\"Reze conosco esta ora\u00e7\u00e3o para Maria suavizar a morte a seus servos. Clique aqui e inclua seus pedidos na Missa desta semana.\" \/>\n<meta name=\"robots\" content=\"index, follow, max-snippet:-1, max-image-preview:large, max-video-preview:-1\" \/>\n<link rel=\"canonical\" href=\"https:\/\/www.adf.org.br\/home\/oracao-a-maria-para-suavizar-a-morte-a-seus-servos\/\" \/>\n<meta property=\"og:locale\" content=\"pt_BR\" \/>\n<meta property=\"og:type\" content=\"article\" \/>\n<meta property=\"og:title\" content=\"Ora\u00e7\u00e3o \u00e0 Maria para suavizar a morte a seus servos - Associa\u00e7\u00e3o Devotos de F\u00e1tima\" \/>\n<meta property=\"og:description\" content=\"Reze conosco esta ora\u00e7\u00e3o para Maria suavizar a morte a seus servos. Clique aqui e inclua seus pedidos na Missa desta semana.\" \/>\n<meta property=\"og:url\" content=\"https:\/\/www.adf.org.br\/home\/oracao-a-maria-para-suavizar-a-morte-a-seus-servos\/\" \/>\n<meta property=\"og:site_name\" content=\"Associa\u00e7\u00e3o Devotos de F\u00e1tima\" \/>\n<meta property=\"article:published_time\" content=\"2023-02-10T03:00:33+00:00\" \/>\n<meta property=\"article:modified_time\" content=\"2023-02-08T18:34:33+00:00\" \/>\n<meta property=\"og:image\" content=\"https:\/\/www.adf.org.br\/home\/wp-content\/uploads\/2022\/07\/Credo-de-maria-frame.jpg\" \/>\n\t<meta property=\"og:image:width\" content=\"1280\" \/>\n\t<meta property=\"og:image:height\" content=\"720\" \/>\n<meta name=\"twitter:card\" content=\"summary_large_image\" \/>\n<meta name=\"twitter:label1\" content=\"Escrito por\" \/>\n\t<meta name=\"twitter:data1\" content=\"Gabriel Barbosa\" \/>\n\t<meta name=\"twitter:label2\" content=\"Est. tempo de leitura\" \/>\n\t<meta name=\"twitter:data2\" content=\"3 minutos\" \/>\n<script type=\"application\/ld+json\" class=\"yoast-schema-graph\">{\"@context\":\"https:\/\/schema.org\",\"@graph\":[{\"@type\":\"WebSite\",\"@id\":\"https:\/\/www.adf.org.br\/home\/#website\",\"url\":\"https:\/\/www.adf.org.br\/home\/\",\"name\":\"Associa\\u00e7\\u00e3o Devotos de F\\u00e1tima\",\"description\":\"Associa\\u00e7\\u00e3o Devotos de F\\u00e1tima\",\"potentialAction\":[{\"@type\":\"SearchAction\",\"target\":{\"@type\":\"EntryPoint\",\"urlTemplate\":\"https:\/\/www.adf.org.br\/home\/?s={search_term_string}\"},\"query-input\":\"required name=search_term_string\"}],\"inLanguage\":\"pt-BR\"},{\"@type\":\"ImageObject\",\"@id\":\"https:\/\/www.adf.org.br\/home\/oracao-a-maria-para-suavizar-a-morte-a-seus-servos\/#primaryimage\",\"inLanguage\":\"pt-BR\",\"url\":\"https:\/\/www.adf.org.br\/home\/wp-content\/uploads\/2022\/07\/Credo-de-maria-frame.jpg\",\"contentUrl\":\"https:\/\/www.adf.org.br\/home\/wp-content\/uploads\/2022\/07\/Credo-de-maria-frame.jpg\",\"width\":1280,\"height\":720},{\"@type\":\"WebPage\",\"@id\":\"https:\/\/www.adf.org.br\/home\/oracao-a-maria-para-suavizar-a-morte-a-seus-servos\/#webpage\",\"url\":\"https:\/\/www.adf.org.br\/home\/oracao-a-maria-para-suavizar-a-morte-a-seus-servos\/\",\"name\":\"Ora\\u00e7\\u00e3o \\u00e0 Maria para suavizar a morte a seus servos - Associa\\u00e7\\u00e3o Devotos de F\\u00e1tima\",\"isPartOf\":{\"@id\":\"https:\/\/www.adf.org.br\/home\/#website\"},\"primaryImageOfPage\":{\"@id\":\"https:\/\/www.adf.org.br\/home\/oracao-a-maria-para-suavizar-a-morte-a-seus-servos\/#primaryimage\"},\"datePublished\":\"2023-02-10T03:00:33+00:00\",\"dateModified\":\"2023-02-08T18:34:33+00:00\",\"author\":{\"@id\":\"https:\/\/www.adf.org.br\/home\/#\/schema\/person\/f35a5c5aa7728a3dedf4ea9aa1fc2753\"},\"description\":\"Reze conosco esta ora\\u00e7\\u00e3o para Maria suavizar a morte a seus servos. Clique aqui e inclua seus pedidos na Missa desta semana.\",\"breadcrumb\":{\"@id\":\"https:\/\/www.adf.org.br\/home\/oracao-a-maria-para-suavizar-a-morte-a-seus-servos\/#breadcrumb\"},\"inLanguage\":\"pt-BR\",\"potentialAction\":[{\"@type\":\"ReadAction\",\"target\":[\"https:\/\/www.adf.org.br\/home\/oracao-a-maria-para-suavizar-a-morte-a-seus-servos\/\"]}]},{\"@type\":\"BreadcrumbList\",\"@id\":\"https:\/\/www.adf.org.br\/home\/oracao-a-maria-para-suavizar-a-morte-a-seus-servos\/#breadcrumb\",\"itemListElement\":[{\"@type\":\"ListItem\",\"position\":1,\"name\":\"Home\",\"item\":\"https:\/\/www.adf.org.br\/home\/\"},{\"@type\":\"ListItem\",\"position\":2,\"name\":\"Ora\\u00e7\\u00e3o \\u00e0 Maria para suavizar a morte a seus servos\"}]},{\"@type\":\"Person\",\"@id\":\"https:\/\/www.adf.org.br\/home\/#\/schema\/person\/f35a5c5aa7728a3dedf4ea9aa1fc2753\",\"name\":\"Gabriel Barbosa\",\"image\":{\"@type\":\"ImageObject\",\"@id\":\"https:\/\/www.adf.org.br\/home\/#personlogo\",\"inLanguage\":\"pt-BR\",\"url\":\"https:\/\/secure.gravatar.com\/avatar\/2b2cb2f4637682c5605e8d36818f51ef?s=96&d=mm&r=g\",\"contentUrl\":\"https:\/\/secure.gravatar.com\/avatar\/2b2cb2f4637682c5605e8d36818f51ef?s=96&d=mm&r=g\",\"caption\":\"Gabriel Barbosa\"},\"url\":\"https:\/\/www.adf.org.br\/home\/author\/gabrielpmk-com-br\/\"}]}<\/script>\n<!-- \/ Yoast SEO plugin. -->","yoast_head_json":{"title":"Ora\u00e7\u00e3o \u00e0 Maria para suavizar a morte a seus servos - Associa\u00e7\u00e3o Devotos de F\u00e1tima","description":"Reze conosco esta ora\u00e7\u00e3o para Maria suavizar a morte a seus servos. Clique aqui e inclua seus pedidos na Missa desta semana.","robots":{"index":"index","follow":"follow","max-snippet":"max-snippet:-1","max-image-preview":"max-image-preview:large","max-video-preview":"max-video-preview:-1"},"canonical":"https:\/\/www.adf.org.br\/home\/oracao-a-maria-para-suavizar-a-morte-a-seus-servos\/","og_locale":"pt_BR","og_type":"article","og_title":"Ora\u00e7\u00e3o \u00e0 Maria para suavizar a morte a seus servos - Associa\u00e7\u00e3o Devotos de F\u00e1tima","og_description":"Reze conosco esta ora\u00e7\u00e3o para Maria suavizar a morte a seus servos. Clique aqui e inclua seus pedidos na Missa desta semana.","og_url":"https:\/\/www.adf.org.br\/home\/oracao-a-maria-para-suavizar-a-morte-a-seus-servos\/","og_site_name":"Associa\u00e7\u00e3o Devotos de F\u00e1tima","article_published_time":"2023-02-10T03:00:33+00:00","article_modified_time":"2023-02-08T18:34:33+00:00","og_image":[{"width":1280,"height":720,"url":"https:\/\/www.adf.org.br\/home\/wp-content\/uploads\/2022\/07\/Credo-de-maria-frame.jpg","type":"image\/jpeg"}],"twitter_card":"summary_large_image","twitter_misc":{"Escrito por":"Gabriel Barbosa","Est. tempo de leitura":"3 minutos"},"schema":{"@context":"https:\/\/schema.org","@graph":[{"@type":"WebSite","@id":"https:\/\/www.adf.org.br\/home\/#website","url":"https:\/\/www.adf.org.br\/home\/","name":"Associa\u00e7\u00e3o Devotos de F\u00e1tima","description":"Associa\u00e7\u00e3o Devotos de F\u00e1tima","potentialAction":[{"@type":"SearchAction","target":{"@type":"EntryPoint","urlTemplate":"https:\/\/www.adf.org.br\/home\/?s={search_term_string}"},"query-input":"required name=search_term_string"}],"inLanguage":"pt-BR"},{"@type":"ImageObject","@id":"https:\/\/www.adf.org.br\/home\/oracao-a-maria-para-suavizar-a-morte-a-seus-servos\/#primaryimage","inLanguage":"pt-BR","url":"https:\/\/www.adf.org.br\/home\/wp-content\/uploads\/2022\/07\/Credo-de-maria-frame.jpg","contentUrl":"https:\/\/www.adf.org.br\/home\/wp-content\/uploads\/2022\/07\/Credo-de-maria-frame.jpg","width":1280,"height":720},{"@type":"WebPage","@id":"https:\/\/www.adf.org.br\/home\/oracao-a-maria-para-suavizar-a-morte-a-seus-servos\/#webpage","url":"https:\/\/www.adf.org.br\/home\/oracao-a-maria-para-suavizar-a-morte-a-seus-servos\/","name":"Ora\u00e7\u00e3o \u00e0 Maria para suavizar a morte a seus servos - Associa\u00e7\u00e3o Devotos de F\u00e1tima","isPartOf":{"@id":"https:\/\/www.adf.org.br\/home\/#website"},"primaryImageOfPage":{"@id":"https:\/\/www.adf.org.br\/home\/oracao-a-maria-para-suavizar-a-morte-a-seus-servos\/#primaryimage"},"datePublished":"2023-02-10T03:00:33+00:00","dateModified":"2023-02-08T18:34:33+00:00","author":{"@id":"https:\/\/www.adf.org.br\/home\/#\/schema\/person\/f35a5c5aa7728a3dedf4ea9aa1fc2753"},"description":"Reze conosco esta ora\u00e7\u00e3o para Maria suavizar a morte a seus servos. Clique aqui e inclua seus pedidos na Missa desta semana.","breadcrumb":{"@id":"https:\/\/www.adf.org.br\/home\/oracao-a-maria-para-suavizar-a-morte-a-seus-servos\/#breadcrumb"},"inLanguage":"pt-BR","potentialAction":[{"@type":"ReadAction","target":["https:\/\/www.adf.org.br\/home\/oracao-a-maria-para-suavizar-a-morte-a-seus-servos\/"]}]},{"@type":"BreadcrumbList","@id":"https:\/\/www.adf.org.br\/home\/oracao-a-maria-para-suavizar-a-morte-a-seus-servos\/#breadcrumb","itemListElement":[{"@type":"ListItem","position":1,"name":"Home","item":"https:\/\/www.adf.org.br\/home\/"},{"@type":"ListItem","position":2,"name":"Ora\u00e7\u00e3o \u00e0 Maria para suavizar a morte a seus servos"}]},{"@type":"Person","@id":"https:\/\/www.adf.org.br\/home\/#\/schema\/person\/f35a5c5aa7728a3dedf4ea9aa1fc2753","name":"Gabriel Barbosa","image":{"@type":"ImageObject","@id":"https:\/\/www.adf.org.br\/home\/#personlogo","inLanguage":"pt-BR","url":"https:\/\/secure.gravatar.com\/avatar\/2b2cb2f4637682c5605e8d36818f51ef?s=96&d=mm&r=g","contentUrl":"https:\/\/secure.gravatar.com\/avatar\/2b2cb2f4637682c5605e8d36818f51ef?s=96&d=mm&r=g","caption":"Gabriel Barbosa"},"url":"https:\/\/www.adf.org.br\/home\/author\/gabrielpmk-com-br\/"}]}},"_links":{"self":[{"href":"https:\/\/www.adf.org.br\/home\/wp-json\/wp\/v2\/posts\/71782"}],"collection":[{"href":"https:\/\/www.adf.org.br\/home\/wp-json\/wp\/v2\/posts"}],"about":[{"href":"https:\/\/www.adf.org.br\/home\/wp-json\/wp\/v2\/types\/post"}],"author":[{"embeddable":true,"href":"https:\/\/www.adf.org.br\/home\/wp-json\/wp\/v2\/users\/31"}],"replies":[{"embeddable":true,"href":"https:\/\/www.adf.org.br\/home\/wp-json\/wp\/v2\/comments?post=71782"}],"version-history":[{"count":3,"href":"https:\/\/www.adf.org.br\/home\/wp-json\/wp\/v2\/posts\/71782\/revisions"}],"predecessor-version":[{"id":71786,"href":"https:\/\/www.adf.org.br\/home\/wp-json\/wp\/v2\/posts\/71782\/revisions\/71786"}],"wp:featuredmedia":[{"embeddable":true,"href":"https:\/\/www.adf.org.br\/home\/wp-json\/wp\/v2\/media\/69066"}],"wp:attachment":[{"href":"https:\/\/www.adf.org.br\/home\/wp-json\/wp\/v2\/media?parent=71782"}],"wp:term":[{"taxonomy":"category","embeddable":true,"href":"https:\/\/www.adf.org.br\/home\/wp-json\/wp\/v2\/categories?post=71782"},{"taxonomy":"post_tag","embeddable":true,"href":"https:\/\/www.adf.org.br\/home\/wp-json\/wp\/v2\/tags?post=71782"}],"curies":[{"name":"wp","href":"https:\/\/api.w.org\/{rel}","templated":true}]}}