{"id":71696,"date":"2023-02-06T00:00:51","date_gmt":"2023-02-06T03:00:51","guid":{"rendered":"https:\/\/www.adf.org.br\/home\/?p=71696"},"modified":"2023-02-02T14:54:20","modified_gmt":"2023-02-02T17:54:20","slug":"breve-consagracao-a-maria-santissima","status":"publish","type":"post","link":"https:\/\/www.adf.org.br\/home\/breve-consagracao-a-maria-santissima\/","title":{"rendered":"Breve consagra\u00e7\u00e3o a Maria Sant\u00edssima"},"content":{"rendered":"<h2 style=\"text-align: center;\"><span style=\"color: #000000;\">Breve consagra\u00e7\u00e3o a Maria Sant\u00edssima<\/span><\/h2>\n<p>&nbsp;<\/p>\n<p><a href=\"https:\/\/adf.org.br\/velario\/bencaos?origem=26683\" target=\"_blank\" rel=\"noopener\"><img loading=\"lazy\" class=\"wp-image-71616 size-large aligncenter\" src=\"https:\/\/www.adf.org.br\/home\/wp-content\/uploads\/2023\/01\/Maria-Esposa-do-Espirito-Santo-1024x586.webp\" alt=\"\" width=\"1024\" height=\"586\" srcset=\"https:\/\/www.adf.org.br\/home\/wp-content\/uploads\/2023\/01\/Maria-Esposa-do-Espirito-Santo-1024x586.webp 1024w, https:\/\/www.adf.org.br\/home\/wp-content\/uploads\/2023\/01\/Maria-Esposa-do-Espirito-Santo-300x172.webp 300w, https:\/\/www.adf.org.br\/home\/wp-content\/uploads\/2023\/01\/Maria-Esposa-do-Espirito-Santo-768x440.webp 768w, https:\/\/www.adf.org.br\/home\/wp-content\/uploads\/2023\/01\/Maria-Esposa-do-Espirito-Santo.webp 1100w\" sizes=\"(max-width: 1024px) 100vw, 1024px\" \/><\/a><\/p>\n<p style=\"text-align: center;\"><span style=\"color: #000000;\"><strong>\u00d3<\/strong>\u00a0Senhora minha, \u00d3 minha M\u00e3e, eu me ofere\u00e7o todo a V\u00f3s.<\/span><\/p>\n<p style=\"text-align: center;\"><span style=\"color: #000000;\">E em prova da minha devo\u00e7\u00e3o para conVosco vos consagro, neste dia, os meus olhos, os meus ouvidos, a minha boca, o meu cora\u00e7\u00e3o e inteiramente todo o meu ser.<\/span><\/p>\n<p style=\"text-align: center;\"><span style=\"color: #000000;\">E porque assim sou vosso, \u00f3 <span style=\"color: #0000ff;\"><a style=\"color: #0000ff;\" href=\"https:\/\/adf.org.br\/velario\/bencaos?origem=26683\" target=\"_blank\" rel=\"noopener\">incompar\u00e1vel M\u00e3e,<\/a><\/span> guardai-me, defendei-me como uma coisa e propriedade vossa. Am\u00e9m.<\/span><\/p>\n<p><span style=\"color: #000000;\"><em>Do livro: As mais belas ora\u00e7\u00f5es a Nossa Senhora. Editora Artpress.<\/em><\/span><\/p>\n<h3 style=\"text-align: center;\"><span style=\"color: #000000;\"><strong>****<\/strong><\/span><\/h3>\n<p><span style=\"color: #000000;\">Precisa de b\u00ean\u00e7\u00e3os na sua vida?\u00a0<\/span><\/p>\n<p><span style=\"color: #000000;\">Ent\u00e3o, pe\u00e7a-as agora mesmo na Missa para pedir B\u00ean\u00e7\u00e3os a <span style=\"color: #0000ff;\"><a style=\"color: #0000ff;\" href=\"https:\/\/adf.org.br\/velario\/bencaos?origem=26683\" target=\"_blank\" rel=\"noopener\">Nossa Senhora<\/a><\/span> que faremos celebrar neste s\u00e1bado.<\/span><\/p>\n<p><span style=\"color: #000000;\">Aproveite e coloque os nomes daqueles que voc\u00ea deseja pedir as inten\u00e7\u00f5es e receba as gra\u00e7as que necessita.<\/span><\/p>\n<p><span style=\"color: #000000;\"><span style=\"text-decoration: underline; color: #0000ff;\"><a style=\"color: #0000ff; text-decoration: underline;\" href=\"https:\/\/adf.org.br\/velario\/bencaos?origem=26683\" target=\"_blank\" rel=\"noopener\">Clique aqui<\/a><\/span> ou se preferir na imagem abaixo.\u00a0<\/span><\/p>\n<p><a href=\"https:\/\/adf.org.br\/velario\/bencaos?origem=26683\" target=\"_blank\" rel=\"noopener\"><img loading=\"lazy\" class=\"size-medium wp-image-68296 aligncenter\" src=\"https:\/\/www.adf.org.br\/home\/wp-content\/uploads\/2022\/05\/Vela-de-Nossa-Senhora-de-Fatima-300x175.jpg\" alt=\"\" width=\"300\" height=\"175\" srcset=\"https:\/\/www.adf.org.br\/home\/wp-content\/uploads\/2022\/05\/Vela-de-Nossa-Senhora-de-Fatima-300x175.jpg 300w, https:\/\/www.adf.org.br\/home\/wp-content\/uploads\/2022\/05\/Vela-de-Nossa-Senhora-de-Fatima.jpg 600w\" sizes=\"(max-width: 300px) 100vw, 300px\" \/><\/a><\/p>\n","protected":false},"excerpt":{"rendered":"<p>Breve consagra\u00e7\u00e3o a Maria Sant\u00edssima &nbsp; \u00d3\u00a0Senhora minha, \u00d3 minha M\u00e3e, eu me ofere\u00e7o todo a V\u00f3s. E em prova da minha devo\u00e7\u00e3o para conVosco vos consagro, neste dia, os meus olhos, os meus ouvidos, a minha boca, o meu cora\u00e7\u00e3o e inteiramente todo o meu ser. E porque assim sou vosso, \u00f3 incompar\u00e1vel M\u00e3e, [&hellip;]<\/p>\n","protected":false},"author":31,"featured_media":71616,"comment_status":"open","ping_status":"open","sticky":false,"template":"","format":"standard","meta":[],"categories":[56,14,2332],"tags":[139,38,57,470],"yoast_head":"<!-- This site is optimized with the Yoast SEO plugin v17.4 - https:\/\/yoast.com\/wordpress\/plugins\/seo\/ -->\n<title>Breve consagra\u00e7\u00e3o a Maria Sant\u00edssima - Associa\u00e7\u00e3o Devotos de F\u00e1tima<\/title>\n<meta name=\"description\" content=\"Reze Conosco esta breve consagra\u00e7\u00e3o a Nossa Senhora e pe\u00e7a intercess\u00e3o da Virgem Maria sobre as b\u00ean\u00e7\u00e3os que necessita.\" \/>\n<meta name=\"robots\" content=\"index, follow, max-snippet:-1, max-image-preview:large, max-video-preview:-1\" \/>\n<link rel=\"canonical\" href=\"https:\/\/www.adf.org.br\/home\/breve-consagracao-a-maria-santissima\/\" \/>\n<meta property=\"og:locale\" content=\"pt_BR\" \/>\n<meta property=\"og:type\" content=\"article\" \/>\n<meta property=\"og:title\" content=\"Breve consagra\u00e7\u00e3o a Maria Sant\u00edssima - Associa\u00e7\u00e3o Devotos de F\u00e1tima\" \/>\n<meta property=\"og:description\" content=\"Reze Conosco esta breve consagra\u00e7\u00e3o a Nossa Senhora e pe\u00e7a intercess\u00e3o da Virgem Maria sobre as b\u00ean\u00e7\u00e3os que necessita.\" \/>\n<meta property=\"og:url\" content=\"https:\/\/www.adf.org.br\/home\/breve-consagracao-a-maria-santissima\/\" \/>\n<meta property=\"og:site_name\" content=\"Associa\u00e7\u00e3o Devotos de F\u00e1tima\" \/>\n<meta property=\"article:published_time\" content=\"2023-02-06T03:00:51+00:00\" \/>\n<meta property=\"article:modified_time\" content=\"2023-02-02T17:54:20+00:00\" \/>\n<meta name=\"twitter:card\" content=\"summary_large_image\" \/>\n<meta name=\"twitter:image\" content=\"https:\/\/www.adf.org.br\/home\/wp-content\/uploads\/2023\/01\/Maria-Esposa-do-Espirito-Santo.webp\" \/>\n<meta name=\"twitter:label1\" content=\"Escrito por\" \/>\n\t<meta name=\"twitter:data1\" content=\"Gabriel Barbosa\" \/>\n\t<meta name=\"twitter:label2\" content=\"Est. tempo de leitura\" \/>\n\t<meta name=\"twitter:data2\" content=\"1 minuto\" \/>\n<script type=\"application\/ld+json\" class=\"yoast-schema-graph\">{\"@context\":\"https:\/\/schema.org\",\"@graph\":[{\"@type\":\"WebSite\",\"@id\":\"https:\/\/www.adf.org.br\/home\/#website\",\"url\":\"https:\/\/www.adf.org.br\/home\/\",\"name\":\"Associa\\u00e7\\u00e3o Devotos de F\\u00e1tima\",\"description\":\"Associa\\u00e7\\u00e3o Devotos de F\\u00e1tima\",\"potentialAction\":[{\"@type\":\"SearchAction\",\"target\":{\"@type\":\"EntryPoint\",\"urlTemplate\":\"https:\/\/www.adf.org.br\/home\/?s={search_term_string}\"},\"query-input\":\"required name=search_term_string\"}],\"inLanguage\":\"pt-BR\"},{\"@type\":\"ImageObject\",\"@id\":\"https:\/\/www.adf.org.br\/home\/breve-consagracao-a-maria-santissima\/#primaryimage\",\"inLanguage\":\"pt-BR\",\"url\":\"https:\/\/www.adf.org.br\/home\/wp-content\/uploads\/2023\/01\/Maria-Esposa-do-Espirito-Santo.webp\",\"contentUrl\":\"https:\/\/www.adf.org.br\/home\/wp-content\/uploads\/2023\/01\/Maria-Esposa-do-Espirito-Santo.webp\",\"width\":1100,\"height\":630},{\"@type\":\"WebPage\",\"@id\":\"https:\/\/www.adf.org.br\/home\/breve-consagracao-a-maria-santissima\/#webpage\",\"url\":\"https:\/\/www.adf.org.br\/home\/breve-consagracao-a-maria-santissima\/\",\"name\":\"Breve consagra\\u00e7\\u00e3o a Maria Sant\\u00edssima - Associa\\u00e7\\u00e3o Devotos de F\\u00e1tima\",\"isPartOf\":{\"@id\":\"https:\/\/www.adf.org.br\/home\/#website\"},\"primaryImageOfPage\":{\"@id\":\"https:\/\/www.adf.org.br\/home\/breve-consagracao-a-maria-santissima\/#primaryimage\"},\"datePublished\":\"2023-02-06T03:00:51+00:00\",\"dateModified\":\"2023-02-02T17:54:20+00:00\",\"author\":{\"@id\":\"https:\/\/www.adf.org.br\/home\/#\/schema\/person\/f35a5c5aa7728a3dedf4ea9aa1fc2753\"},\"description\":\"Reze Conosco esta breve consagra\\u00e7\\u00e3o a Nossa Senhora e pe\\u00e7a intercess\\u00e3o da Virgem Maria sobre as b\\u00ean\\u00e7\\u00e3os que necessita.\",\"breadcrumb\":{\"@id\":\"https:\/\/www.adf.org.br\/home\/breve-consagracao-a-maria-santissima\/#breadcrumb\"},\"inLanguage\":\"pt-BR\",\"potentialAction\":[{\"@type\":\"ReadAction\",\"target\":[\"https:\/\/www.adf.org.br\/home\/breve-consagracao-a-maria-santissima\/\"]}]},{\"@type\":\"BreadcrumbList\",\"@id\":\"https:\/\/www.adf.org.br\/home\/breve-consagracao-a-maria-santissima\/#breadcrumb\",\"itemListElement\":[{\"@type\":\"ListItem\",\"position\":1,\"name\":\"Home\",\"item\":\"https:\/\/www.adf.org.br\/home\/\"},{\"@type\":\"ListItem\",\"position\":2,\"name\":\"Breve consagra\\u00e7\\u00e3o a Maria Sant\\u00edssima\"}]},{\"@type\":\"Person\",\"@id\":\"https:\/\/www.adf.org.br\/home\/#\/schema\/person\/f35a5c5aa7728a3dedf4ea9aa1fc2753\",\"name\":\"Gabriel Barbosa\",\"image\":{\"@type\":\"ImageObject\",\"@id\":\"https:\/\/www.adf.org.br\/home\/#personlogo\",\"inLanguage\":\"pt-BR\",\"url\":\"https:\/\/secure.gravatar.com\/avatar\/2b2cb2f4637682c5605e8d36818f51ef?s=96&d=mm&r=g\",\"contentUrl\":\"https:\/\/secure.gravatar.com\/avatar\/2b2cb2f4637682c5605e8d36818f51ef?s=96&d=mm&r=g\",\"caption\":\"Gabriel Barbosa\"},\"url\":\"https:\/\/www.adf.org.br\/home\/author\/gabrielpmk-com-br\/\"}]}<\/script>\n<!-- \/ Yoast SEO plugin. -->","yoast_head_json":{"title":"Breve consagra\u00e7\u00e3o a Maria Sant\u00edssima - Associa\u00e7\u00e3o Devotos de F\u00e1tima","description":"Reze Conosco esta breve consagra\u00e7\u00e3o a Nossa Senhora e pe\u00e7a intercess\u00e3o da Virgem Maria sobre as b\u00ean\u00e7\u00e3os que necessita.","robots":{"index":"index","follow":"follow","max-snippet":"max-snippet:-1","max-image-preview":"max-image-preview:large","max-video-preview":"max-video-preview:-1"},"canonical":"https:\/\/www.adf.org.br\/home\/breve-consagracao-a-maria-santissima\/","og_locale":"pt_BR","og_type":"article","og_title":"Breve consagra\u00e7\u00e3o a Maria Sant\u00edssima - Associa\u00e7\u00e3o Devotos de F\u00e1tima","og_description":"Reze Conosco esta breve consagra\u00e7\u00e3o a Nossa Senhora e pe\u00e7a intercess\u00e3o da Virgem Maria sobre as b\u00ean\u00e7\u00e3os que necessita.","og_url":"https:\/\/www.adf.org.br\/home\/breve-consagracao-a-maria-santissima\/","og_site_name":"Associa\u00e7\u00e3o Devotos de F\u00e1tima","article_published_time":"2023-02-06T03:00:51+00:00","article_modified_time":"2023-02-02T17:54:20+00:00","twitter_card":"summary_large_image","twitter_image":"https:\/\/www.adf.org.br\/home\/wp-content\/uploads\/2023\/01\/Maria-Esposa-do-Espirito-Santo.webp","twitter_misc":{"Escrito por":"Gabriel Barbosa","Est. tempo de leitura":"1 minuto"},"schema":{"@context":"https:\/\/schema.org","@graph":[{"@type":"WebSite","@id":"https:\/\/www.adf.org.br\/home\/#website","url":"https:\/\/www.adf.org.br\/home\/","name":"Associa\u00e7\u00e3o Devotos de F\u00e1tima","description":"Associa\u00e7\u00e3o Devotos de F\u00e1tima","potentialAction":[{"@type":"SearchAction","target":{"@type":"EntryPoint","urlTemplate":"https:\/\/www.adf.org.br\/home\/?s={search_term_string}"},"query-input":"required name=search_term_string"}],"inLanguage":"pt-BR"},{"@type":"ImageObject","@id":"https:\/\/www.adf.org.br\/home\/breve-consagracao-a-maria-santissima\/#primaryimage","inLanguage":"pt-BR","url":"https:\/\/www.adf.org.br\/home\/wp-content\/uploads\/2023\/01\/Maria-Esposa-do-Espirito-Santo.webp","contentUrl":"https:\/\/www.adf.org.br\/home\/wp-content\/uploads\/2023\/01\/Maria-Esposa-do-Espirito-Santo.webp","width":1100,"height":630},{"@type":"WebPage","@id":"https:\/\/www.adf.org.br\/home\/breve-consagracao-a-maria-santissima\/#webpage","url":"https:\/\/www.adf.org.br\/home\/breve-consagracao-a-maria-santissima\/","name":"Breve consagra\u00e7\u00e3o a Maria Sant\u00edssima - Associa\u00e7\u00e3o Devotos de F\u00e1tima","isPartOf":{"@id":"https:\/\/www.adf.org.br\/home\/#website"},"primaryImageOfPage":{"@id":"https:\/\/www.adf.org.br\/home\/breve-consagracao-a-maria-santissima\/#primaryimage"},"datePublished":"2023-02-06T03:00:51+00:00","dateModified":"2023-02-02T17:54:20+00:00","author":{"@id":"https:\/\/www.adf.org.br\/home\/#\/schema\/person\/f35a5c5aa7728a3dedf4ea9aa1fc2753"},"description":"Reze Conosco esta breve consagra\u00e7\u00e3o a Nossa Senhora e pe\u00e7a intercess\u00e3o da Virgem Maria sobre as b\u00ean\u00e7\u00e3os que necessita.","breadcrumb":{"@id":"https:\/\/www.adf.org.br\/home\/breve-consagracao-a-maria-santissima\/#breadcrumb"},"inLanguage":"pt-BR","potentialAction":[{"@type":"ReadAction","target":["https:\/\/www.adf.org.br\/home\/breve-consagracao-a-maria-santissima\/"]}]},{"@type":"BreadcrumbList","@id":"https:\/\/www.adf.org.br\/home\/breve-consagracao-a-maria-santissima\/#breadcrumb","itemListElement":[{"@type":"ListItem","position":1,"name":"Home","item":"https:\/\/www.adf.org.br\/home\/"},{"@type":"ListItem","position":2,"name":"Breve consagra\u00e7\u00e3o a Maria Sant\u00edssima"}]},{"@type":"Person","@id":"https:\/\/www.adf.org.br\/home\/#\/schema\/person\/f35a5c5aa7728a3dedf4ea9aa1fc2753","name":"Gabriel Barbosa","image":{"@type":"ImageObject","@id":"https:\/\/www.adf.org.br\/home\/#personlogo","inLanguage":"pt-BR","url":"https:\/\/secure.gravatar.com\/avatar\/2b2cb2f4637682c5605e8d36818f51ef?s=96&d=mm&r=g","contentUrl":"https:\/\/secure.gravatar.com\/avatar\/2b2cb2f4637682c5605e8d36818f51ef?s=96&d=mm&r=g","caption":"Gabriel Barbosa"},"url":"https:\/\/www.adf.org.br\/home\/author\/gabrielpmk-com-br\/"}]}},"_links":{"self":[{"href":"https:\/\/www.adf.org.br\/home\/wp-json\/wp\/v2\/posts\/71696"}],"collection":[{"href":"https:\/\/www.adf.org.br\/home\/wp-json\/wp\/v2\/posts"}],"about":[{"href":"https:\/\/www.adf.org.br\/home\/wp-json\/wp\/v2\/types\/post"}],"author":[{"embeddable":true,"href":"https:\/\/www.adf.org.br\/home\/wp-json\/wp\/v2\/users\/31"}],"replies":[{"embeddable":true,"href":"https:\/\/www.adf.org.br\/home\/wp-json\/wp\/v2\/comments?post=71696"}],"version-history":[{"count":2,"href":"https:\/\/www.adf.org.br\/home\/wp-json\/wp\/v2\/posts\/71696\/revisions"}],"predecessor-version":[{"id":71698,"href":"https:\/\/www.adf.org.br\/home\/wp-json\/wp\/v2\/posts\/71696\/revisions\/71698"}],"wp:featuredmedia":[{"embeddable":true,"href":"https:\/\/www.adf.org.br\/home\/wp-json\/wp\/v2\/media\/71616"}],"wp:attachment":[{"href":"https:\/\/www.adf.org.br\/home\/wp-json\/wp\/v2\/media?parent=71696"}],"wp:term":[{"taxonomy":"category","embeddable":true,"href":"https:\/\/www.adf.org.br\/home\/wp-json\/wp\/v2\/categories?post=71696"},{"taxonomy":"post_tag","embeddable":true,"href":"https:\/\/www.adf.org.br\/home\/wp-json\/wp\/v2\/tags?post=71696"}],"curies":[{"name":"wp","href":"https:\/\/api.w.org\/{rel}","templated":true}]}}