{"id":71532,"date":"2023-01-18T09:20:35","date_gmt":"2023-01-18T12:20:35","guid":{"rendered":"https:\/\/www.adf.org.br\/home\/?p=71532"},"modified":"2023-01-18T09:17:35","modified_gmt":"2023-01-18T12:17:35","slug":"gracas-estao-a-caminho-da-sua-familia","status":"publish","type":"post","link":"https:\/\/www.adf.org.br\/home\/gracas-estao-a-caminho-da-sua-familia\/","title":{"rendered":"Gra\u00e7as est\u00e3o a caminho da sua fam\u00edlia"},"content":{"rendered":"<h2 id=\":1m0\" class=\"hP\" style=\"text-align: center;\" tabindex=\"-1\" data-thread-perm-id=\"thread-f:1754746376315767245\" data-legacy-thread-id=\"185a1c883f3489cd\"><span style=\"color: #000000;\"><span class=\"il\">Gra\u00e7as<\/span>\u00a0est\u00e3o a caminho da sua fam\u00edlia<\/span><\/h2>\n<p>&nbsp;<\/p>\n<p><img loading=\"lazy\" class=\"wp-image-71533 size-full aligncenter\" src=\"https:\/\/www.adf.org.br\/home\/wp-content\/uploads\/2023\/01\/unnamed-3.jpg\" alt=\"\" width=\"800\" height=\"353\" srcset=\"https:\/\/www.adf.org.br\/home\/wp-content\/uploads\/2023\/01\/unnamed-3.jpg 800w, https:\/\/www.adf.org.br\/home\/wp-content\/uploads\/2023\/01\/unnamed-3-300x132.jpg 300w, https:\/\/www.adf.org.br\/home\/wp-content\/uploads\/2023\/01\/unnamed-3-768x339.jpg 768w\" sizes=\"(max-width: 800px) 100vw, 800px\" \/><\/p>\n<p>&nbsp;<\/p>\n<p><span style=\"color: #000000;\"><span style=\"color: #800080; font-size: 32px;\"><strong>P<\/strong><\/span>ode acreditar nisso que vou te contar&#8230;<\/span><\/p>\n<p><strong><span style=\"color: #000000;\"><span class=\"il\">Gra\u00e7as<\/span>\u00a0<span class=\"il\">e<\/span>\u00a0<span class=\"il\">B\u00ean\u00e7\u00e3os<\/span>\u00a0est\u00e3o a caminho da sua fam\u00edlia.<\/span><\/strong><\/p>\n<p><span style=\"color: #000000;\"><span class=\"il\">E<\/span>\u00a0quem levar\u00e1 essas\u00a0<span class=\"il\">gra\u00e7as<\/span>\u00a0at\u00e9 voc\u00eas \u00e9\u00a0<span class=\"il\">Nossa<\/span>\u00a0<span class=\"il\">Senhora<\/span>\u00a0de\u00a0<span class=\"il\">F\u00e1tima<\/span>.<\/span><\/p>\n<p><span style=\"color: #000000;\">Vou te explicar.<\/span><\/p>\n<p><span style=\"color: #000000;\"><b>Nesta semana ser\u00e1 celebrada a\u00a0<span class=\"il\">Missa<\/span>\u00a0de\u00a0<span class=\"il\">Gra\u00e7as<\/span>\u00a0na Fam\u00edlia\u00a0<span class=\"il\">e<\/span>\u00a0voc\u00ea pode incluir seus pedidos de ora\u00e7\u00e3o\u00a0<span class=\"il\">e<\/span>\u00a0o nome de toda sua fam\u00edlia.<\/b><\/span><\/p>\n<p><span style=\"color: #000000;\">Para fazer isso, voc\u00ea s\u00f3 precisa ligar aqui na Central de Missas. O n\u00famero \u00e9:<\/span><\/p>\n<p><img loading=\"lazy\" class=\"wp-image-65375 size-full aligncenter\" src=\"https:\/\/www.adf.org.br\/home\/wp-content\/uploads\/2021\/08\/Bot%C3%A3o-Telefone-ADF.png\" sizes=\"(max-width: 482px) 100vw, 482px\" srcset=\"https:\/\/www.adf.org.br\/home\/wp-content\/uploads\/2021\/08\/Bot\u00e3o-Telefone-ADF.png 482w, https:\/\/www.adf.org.br\/home\/wp-content\/uploads\/2021\/08\/Bot\u00e3o-Telefone-ADF-300x70.png 300w\" alt=\"\" width=\"482\" height=\"113\" \/><\/p>\n<p><span style=\"color: #000000;\">Al\u00e9m de conceder as\u00a0<span class=\"il\">gra\u00e7as<\/span>\u00a0que a sua fam\u00edlia precisa,\u00a0<span class=\"il\">Nossa<\/span>\u00a0<span class=\"il\">Senhora<\/span>\u00a0pode proteger voc\u00eas das for\u00e7as do mal!<\/span><\/p>\n<p><span style=\"color: #000000;\"><span class=\"il\">E<\/span> voc\u00ea sabe, que a fam\u00edlia vem sendo alvo de duros ataques que almejam sua destrui\u00e7\u00e3o.<\/span><\/p>\n<p><span style=\"color: #000000;\">Ent\u00e3o,\u00a0<span style=\"color: #800080;\"><b>inclua seus pedidos na\u00a0<span class=\"il\">Missa<\/span>\u00a0pelas Fam\u00edlias\u00a0<span class=\"il\">e<\/span>\u00a0deixe\u00a0<span class=\"il\">Nossa<\/span>\u00a0<span class=\"il\">Senhora<\/span>\u00a0proteger voc\u00eas<\/b>.<\/span><\/span><\/p>\n<p><span style=\"color: #000000;\">As necessidades da sua fam\u00edlia podem ser supridas\u00a0<span class=\"il\">por<\/span>\u00a0<span class=\"il\">Nossa<\/span>\u00a0M\u00e3<span class=\"il\">e<\/span> Sant\u00edssima.<\/span><\/p>\n<p><span style=\"color: #000000;\">Se preferir voc\u00ea tamb\u00e9m pode acender uma <span style=\"color: #0000ff;\"><a style=\"color: #0000ff;\" href=\"https:\/\/adf.org.br\/velario\/suplicas?origem=26576\" target=\"_blank\" rel=\"noopener\">Vela Virtual<\/a><\/span> em seu nome e pedir as gra\u00e7as que tanto precisa.<\/span><\/p>\n<p><span style=\"color: #000000;\">Em Jesus\u00a0<span class=\"il\">e<\/span>\u00a0Maria,<\/span><\/p>\n<p><span style=\"color: #000000;\"><strong><i>Carlos Lanna<\/i><\/strong><\/span><br \/>\n<span style=\"color: #000000;\">Coordenador da Associa\u00e7\u00e3o<\/span><br \/>\n<span style=\"color: #000000;\">Devotos de\u00a0<span class=\"il\">F\u00e1tima<\/span><\/span><\/p>\n","protected":false},"excerpt":{"rendered":"<p>Gra\u00e7as\u00a0est\u00e3o a caminho da sua fam\u00edlia &nbsp; &nbsp; Pode acreditar nisso que vou te contar&#8230; Gra\u00e7as\u00a0e\u00a0B\u00ean\u00e7\u00e3os\u00a0est\u00e3o a caminho da sua fam\u00edlia. E\u00a0quem levar\u00e1 essas\u00a0gra\u00e7as\u00a0at\u00e9 voc\u00eas \u00e9\u00a0Nossa\u00a0Senhora\u00a0de\u00a0F\u00e1tima. Vou te explicar. Nesta semana ser\u00e1 celebrada a\u00a0Missa\u00a0de\u00a0Gra\u00e7as\u00a0na Fam\u00edlia\u00a0e\u00a0voc\u00ea pode incluir seus pedidos de ora\u00e7\u00e3o\u00a0e\u00a0o nome de toda sua fam\u00edlia. Para fazer isso, voc\u00ea s\u00f3 precisa ligar aqui na [&hellip;]<\/p>\n","protected":false},"author":31,"featured_media":71533,"comment_status":"open","ping_status":"open","sticky":false,"template":"","format":"standard","meta":[],"categories":[2473,2621,56],"tags":[291,4545,57],"yoast_head":"<!-- This site is optimized with the Yoast SEO plugin v17.4 - https:\/\/yoast.com\/wordpress\/plugins\/seo\/ -->\n<title>Gra\u00e7as est\u00e3o a caminho da sua fam\u00edlia - Associa\u00e7\u00e3o Devotos de F\u00e1tima<\/title>\n<meta name=\"description\" content=\"N\u00e3o deixe de incluir suas inten\u00e7\u00f5es na Missas que faremos celebrar nesta semana! Clique aqui e pe\u00e7a as gra\u00e7as que precisa a Nossa Senhora.\" \/>\n<meta name=\"robots\" content=\"index, follow, max-snippet:-1, max-image-preview:large, max-video-preview:-1\" \/>\n<link rel=\"canonical\" href=\"https:\/\/www.adf.org.br\/home\/gracas-estao-a-caminho-da-sua-familia\/\" \/>\n<meta property=\"og:locale\" content=\"pt_BR\" \/>\n<meta property=\"og:type\" content=\"article\" \/>\n<meta property=\"og:title\" content=\"Gra\u00e7as est\u00e3o a caminho da sua fam\u00edlia - Associa\u00e7\u00e3o Devotos de F\u00e1tima\" \/>\n<meta property=\"og:description\" content=\"N\u00e3o deixe de incluir suas inten\u00e7\u00f5es na Missas que faremos celebrar nesta semana! Clique aqui e pe\u00e7a as gra\u00e7as que precisa a Nossa Senhora.\" \/>\n<meta property=\"og:url\" content=\"https:\/\/www.adf.org.br\/home\/gracas-estao-a-caminho-da-sua-familia\/\" \/>\n<meta property=\"og:site_name\" content=\"Associa\u00e7\u00e3o Devotos de F\u00e1tima\" \/>\n<meta property=\"article:published_time\" content=\"2023-01-18T12:20:35+00:00\" \/>\n<meta property=\"article:modified_time\" content=\"2023-01-18T12:17:35+00:00\" \/>\n<meta property=\"og:image\" content=\"https:\/\/www.adf.org.br\/home\/wp-content\/uploads\/2023\/01\/unnamed-3.jpg\" \/>\n\t<meta property=\"og:image:width\" content=\"800\" \/>\n\t<meta property=\"og:image:height\" content=\"353\" \/>\n<meta name=\"twitter:card\" content=\"summary_large_image\" \/>\n<meta name=\"twitter:label1\" content=\"Escrito por\" \/>\n\t<meta name=\"twitter:data1\" content=\"Gabriel Barbosa\" \/>\n\t<meta name=\"twitter:label2\" content=\"Est. tempo de leitura\" \/>\n\t<meta name=\"twitter:data2\" content=\"1 minuto\" \/>\n<script type=\"application\/ld+json\" class=\"yoast-schema-graph\">{\"@context\":\"https:\/\/schema.org\",\"@graph\":[{\"@type\":\"WebSite\",\"@id\":\"https:\/\/www.adf.org.br\/home\/#website\",\"url\":\"https:\/\/www.adf.org.br\/home\/\",\"name\":\"Associa\\u00e7\\u00e3o Devotos de F\\u00e1tima\",\"description\":\"Associa\\u00e7\\u00e3o Devotos de F\\u00e1tima\",\"potentialAction\":[{\"@type\":\"SearchAction\",\"target\":{\"@type\":\"EntryPoint\",\"urlTemplate\":\"https:\/\/www.adf.org.br\/home\/?s={search_term_string}\"},\"query-input\":\"required name=search_term_string\"}],\"inLanguage\":\"pt-BR\"},{\"@type\":\"ImageObject\",\"@id\":\"https:\/\/www.adf.org.br\/home\/gracas-estao-a-caminho-da-sua-familia\/#primaryimage\",\"inLanguage\":\"pt-BR\",\"url\":\"https:\/\/www.adf.org.br\/home\/wp-content\/uploads\/2023\/01\/unnamed-3.jpg\",\"contentUrl\":\"https:\/\/www.adf.org.br\/home\/wp-content\/uploads\/2023\/01\/unnamed-3.jpg\",\"width\":800,\"height\":353},{\"@type\":\"WebPage\",\"@id\":\"https:\/\/www.adf.org.br\/home\/gracas-estao-a-caminho-da-sua-familia\/#webpage\",\"url\":\"https:\/\/www.adf.org.br\/home\/gracas-estao-a-caminho-da-sua-familia\/\",\"name\":\"Gra\\u00e7as est\\u00e3o a caminho da sua fam\\u00edlia - Associa\\u00e7\\u00e3o Devotos de F\\u00e1tima\",\"isPartOf\":{\"@id\":\"https:\/\/www.adf.org.br\/home\/#website\"},\"primaryImageOfPage\":{\"@id\":\"https:\/\/www.adf.org.br\/home\/gracas-estao-a-caminho-da-sua-familia\/#primaryimage\"},\"datePublished\":\"2023-01-18T12:20:35+00:00\",\"dateModified\":\"2023-01-18T12:17:35+00:00\",\"author\":{\"@id\":\"https:\/\/www.adf.org.br\/home\/#\/schema\/person\/f35a5c5aa7728a3dedf4ea9aa1fc2753\"},\"description\":\"N\\u00e3o deixe de incluir suas inten\\u00e7\\u00f5es na Missas que faremos celebrar nesta semana! Clique aqui e pe\\u00e7a as gra\\u00e7as que precisa a Nossa Senhora.\",\"breadcrumb\":{\"@id\":\"https:\/\/www.adf.org.br\/home\/gracas-estao-a-caminho-da-sua-familia\/#breadcrumb\"},\"inLanguage\":\"pt-BR\",\"potentialAction\":[{\"@type\":\"ReadAction\",\"target\":[\"https:\/\/www.adf.org.br\/home\/gracas-estao-a-caminho-da-sua-familia\/\"]}]},{\"@type\":\"BreadcrumbList\",\"@id\":\"https:\/\/www.adf.org.br\/home\/gracas-estao-a-caminho-da-sua-familia\/#breadcrumb\",\"itemListElement\":[{\"@type\":\"ListItem\",\"position\":1,\"name\":\"Home\",\"item\":\"https:\/\/www.adf.org.br\/home\/\"},{\"@type\":\"ListItem\",\"position\":2,\"name\":\"Gra\\u00e7as est\\u00e3o a caminho da sua fam\\u00edlia\"}]},{\"@type\":\"Person\",\"@id\":\"https:\/\/www.adf.org.br\/home\/#\/schema\/person\/f35a5c5aa7728a3dedf4ea9aa1fc2753\",\"name\":\"Gabriel Barbosa\",\"image\":{\"@type\":\"ImageObject\",\"@id\":\"https:\/\/www.adf.org.br\/home\/#personlogo\",\"inLanguage\":\"pt-BR\",\"url\":\"https:\/\/secure.gravatar.com\/avatar\/2b2cb2f4637682c5605e8d36818f51ef?s=96&d=mm&r=g\",\"contentUrl\":\"https:\/\/secure.gravatar.com\/avatar\/2b2cb2f4637682c5605e8d36818f51ef?s=96&d=mm&r=g\",\"caption\":\"Gabriel Barbosa\"},\"url\":\"https:\/\/www.adf.org.br\/home\/author\/gabrielpmk-com-br\/\"}]}<\/script>\n<!-- \/ Yoast SEO plugin. -->","yoast_head_json":{"title":"Gra\u00e7as est\u00e3o a caminho da sua fam\u00edlia - Associa\u00e7\u00e3o Devotos de F\u00e1tima","description":"N\u00e3o deixe de incluir suas inten\u00e7\u00f5es na Missas que faremos celebrar nesta semana! Clique aqui e pe\u00e7a as gra\u00e7as que precisa a Nossa Senhora.","robots":{"index":"index","follow":"follow","max-snippet":"max-snippet:-1","max-image-preview":"max-image-preview:large","max-video-preview":"max-video-preview:-1"},"canonical":"https:\/\/www.adf.org.br\/home\/gracas-estao-a-caminho-da-sua-familia\/","og_locale":"pt_BR","og_type":"article","og_title":"Gra\u00e7as est\u00e3o a caminho da sua fam\u00edlia - Associa\u00e7\u00e3o Devotos de F\u00e1tima","og_description":"N\u00e3o deixe de incluir suas inten\u00e7\u00f5es na Missas que faremos celebrar nesta semana! Clique aqui e pe\u00e7a as gra\u00e7as que precisa a Nossa Senhora.","og_url":"https:\/\/www.adf.org.br\/home\/gracas-estao-a-caminho-da-sua-familia\/","og_site_name":"Associa\u00e7\u00e3o Devotos de F\u00e1tima","article_published_time":"2023-01-18T12:20:35+00:00","article_modified_time":"2023-01-18T12:17:35+00:00","og_image":[{"width":800,"height":353,"url":"https:\/\/www.adf.org.br\/home\/wp-content\/uploads\/2023\/01\/unnamed-3.jpg","type":"image\/jpeg"}],"twitter_card":"summary_large_image","twitter_misc":{"Escrito por":"Gabriel Barbosa","Est. tempo de leitura":"1 minuto"},"schema":{"@context":"https:\/\/schema.org","@graph":[{"@type":"WebSite","@id":"https:\/\/www.adf.org.br\/home\/#website","url":"https:\/\/www.adf.org.br\/home\/","name":"Associa\u00e7\u00e3o Devotos de F\u00e1tima","description":"Associa\u00e7\u00e3o Devotos de F\u00e1tima","potentialAction":[{"@type":"SearchAction","target":{"@type":"EntryPoint","urlTemplate":"https:\/\/www.adf.org.br\/home\/?s={search_term_string}"},"query-input":"required name=search_term_string"}],"inLanguage":"pt-BR"},{"@type":"ImageObject","@id":"https:\/\/www.adf.org.br\/home\/gracas-estao-a-caminho-da-sua-familia\/#primaryimage","inLanguage":"pt-BR","url":"https:\/\/www.adf.org.br\/home\/wp-content\/uploads\/2023\/01\/unnamed-3.jpg","contentUrl":"https:\/\/www.adf.org.br\/home\/wp-content\/uploads\/2023\/01\/unnamed-3.jpg","width":800,"height":353},{"@type":"WebPage","@id":"https:\/\/www.adf.org.br\/home\/gracas-estao-a-caminho-da-sua-familia\/#webpage","url":"https:\/\/www.adf.org.br\/home\/gracas-estao-a-caminho-da-sua-familia\/","name":"Gra\u00e7as est\u00e3o a caminho da sua fam\u00edlia - Associa\u00e7\u00e3o Devotos de F\u00e1tima","isPartOf":{"@id":"https:\/\/www.adf.org.br\/home\/#website"},"primaryImageOfPage":{"@id":"https:\/\/www.adf.org.br\/home\/gracas-estao-a-caminho-da-sua-familia\/#primaryimage"},"datePublished":"2023-01-18T12:20:35+00:00","dateModified":"2023-01-18T12:17:35+00:00","author":{"@id":"https:\/\/www.adf.org.br\/home\/#\/schema\/person\/f35a5c5aa7728a3dedf4ea9aa1fc2753"},"description":"N\u00e3o deixe de incluir suas inten\u00e7\u00f5es na Missas que faremos celebrar nesta semana! Clique aqui e pe\u00e7a as gra\u00e7as que precisa a Nossa Senhora.","breadcrumb":{"@id":"https:\/\/www.adf.org.br\/home\/gracas-estao-a-caminho-da-sua-familia\/#breadcrumb"},"inLanguage":"pt-BR","potentialAction":[{"@type":"ReadAction","target":["https:\/\/www.adf.org.br\/home\/gracas-estao-a-caminho-da-sua-familia\/"]}]},{"@type":"BreadcrumbList","@id":"https:\/\/www.adf.org.br\/home\/gracas-estao-a-caminho-da-sua-familia\/#breadcrumb","itemListElement":[{"@type":"ListItem","position":1,"name":"Home","item":"https:\/\/www.adf.org.br\/home\/"},{"@type":"ListItem","position":2,"name":"Gra\u00e7as est\u00e3o a caminho da sua fam\u00edlia"}]},{"@type":"Person","@id":"https:\/\/www.adf.org.br\/home\/#\/schema\/person\/f35a5c5aa7728a3dedf4ea9aa1fc2753","name":"Gabriel Barbosa","image":{"@type":"ImageObject","@id":"https:\/\/www.adf.org.br\/home\/#personlogo","inLanguage":"pt-BR","url":"https:\/\/secure.gravatar.com\/avatar\/2b2cb2f4637682c5605e8d36818f51ef?s=96&d=mm&r=g","contentUrl":"https:\/\/secure.gravatar.com\/avatar\/2b2cb2f4637682c5605e8d36818f51ef?s=96&d=mm&r=g","caption":"Gabriel Barbosa"},"url":"https:\/\/www.adf.org.br\/home\/author\/gabrielpmk-com-br\/"}]}},"_links":{"self":[{"href":"https:\/\/www.adf.org.br\/home\/wp-json\/wp\/v2\/posts\/71532"}],"collection":[{"href":"https:\/\/www.adf.org.br\/home\/wp-json\/wp\/v2\/posts"}],"about":[{"href":"https:\/\/www.adf.org.br\/home\/wp-json\/wp\/v2\/types\/post"}],"author":[{"embeddable":true,"href":"https:\/\/www.adf.org.br\/home\/wp-json\/wp\/v2\/users\/31"}],"replies":[{"embeddable":true,"href":"https:\/\/www.adf.org.br\/home\/wp-json\/wp\/v2\/comments?post=71532"}],"version-history":[{"count":4,"href":"https:\/\/www.adf.org.br\/home\/wp-json\/wp\/v2\/posts\/71532\/revisions"}],"predecessor-version":[{"id":71537,"href":"https:\/\/www.adf.org.br\/home\/wp-json\/wp\/v2\/posts\/71532\/revisions\/71537"}],"wp:featuredmedia":[{"embeddable":true,"href":"https:\/\/www.adf.org.br\/home\/wp-json\/wp\/v2\/media\/71533"}],"wp:attachment":[{"href":"https:\/\/www.adf.org.br\/home\/wp-json\/wp\/v2\/media?parent=71532"}],"wp:term":[{"taxonomy":"category","embeddable":true,"href":"https:\/\/www.adf.org.br\/home\/wp-json\/wp\/v2\/categories?post=71532"},{"taxonomy":"post_tag","embeddable":true,"href":"https:\/\/www.adf.org.br\/home\/wp-json\/wp\/v2\/tags?post=71532"}],"curies":[{"name":"wp","href":"https:\/\/api.w.org\/{rel}","templated":true}]}}