{"id":71497,"date":"2023-01-19T00:00:32","date_gmt":"2023-01-19T03:00:32","guid":{"rendered":"https:\/\/www.adf.org.br\/home\/?p=71497"},"modified":"2023-01-11T17:25:40","modified_gmt":"2023-01-11T20:25:40","slug":"oracao-a-nossa-senhora-reze-conosco","status":"publish","type":"post","link":"https:\/\/www.adf.org.br\/home\/oracao-a-nossa-senhora-reze-conosco\/","title":{"rendered":"Ora\u00e7\u00e3o a Nossa Senhora &#8211; Reze Conosco"},"content":{"rendered":"<h2 style=\"text-align: center;\"><span style=\"color: #000000;\">Ora\u00e7\u00e3o a Nossa Senhora &#8211; Reze Conosco<\/span><\/h2>\n<p><img loading=\"lazy\" class=\"aligncenter wp-image-70775 size-full\" src=\"https:\/\/www.adf.org.br\/home\/wp-content\/uploads\/2022\/10\/AdobeStock_438367042-scaled.jpeg\" alt=\"\" width=\"2560\" height=\"2007\" srcset=\"https:\/\/www.adf.org.br\/home\/wp-content\/uploads\/2022\/10\/AdobeStock_438367042-scaled.jpeg 2560w, https:\/\/www.adf.org.br\/home\/wp-content\/uploads\/2022\/10\/AdobeStock_438367042-300x235.jpeg 300w, https:\/\/www.adf.org.br\/home\/wp-content\/uploads\/2022\/10\/AdobeStock_438367042-1024x803.jpeg 1024w, https:\/\/www.adf.org.br\/home\/wp-content\/uploads\/2022\/10\/AdobeStock_438367042-768x602.jpeg 768w, https:\/\/www.adf.org.br\/home\/wp-content\/uploads\/2022\/10\/AdobeStock_438367042-1536x1204.jpeg 1536w, https:\/\/www.adf.org.br\/home\/wp-content\/uploads\/2022\/10\/AdobeStock_438367042-2048x1606.jpeg 2048w\" sizes=\"(max-width: 2560px) 100vw, 2560px\" \/><\/p>\n<p style=\"text-align: center;\"><em><span style=\"font-size: 32px;\"><span style=\"color: #800080;\"><b>\u00d3<\/b><\/span><\/span><span style=\"color: #000000;\"> M\u00e3e de bondade e de miseric\u00f3rdia, felic\u00edssima <a href=\"https:\/\/adf.org.br\/velario\/suplicas?origem=26545\" target=\"_blank\" rel=\"noopener\"><span style=\"color: #0000ff;\">Virgem Maria<\/span><\/a>, eu, miser\u00e1vel e indigno pecador, <\/span><\/em><\/p>\n<p style=\"text-align: center;\"><em><span style=\"color: #000000;\">a v\u00f3s recorro de <span style=\"color: #0000ff;\"><a style=\"color: #0000ff;\" href=\"https:\/\/adf.org.br\/velario\/suplicas?origem=26545\" target=\"_blank\" rel=\"noopener\">Todo o cora\u00e7\u00e3o e com todo o amor<\/a><\/span>; e vos suplico que, assim como assististes ao vosso amabil\u00edssimo Filho, <\/span><\/em><\/p>\n<p style=\"text-align: center;\"><em><span style=\"color: #000000;\">pendente da cruz,<span style=\"color: #800080;\"> assim tamb\u00e9m assistais a mim<\/span>, m\u00edsero pecador, e a todos os fi\u00e9is que hoje na<span style=\"color: #0000ff;\"><a style=\"color: #0000ff;\" href=\"https:\/\/adf.org.br\/velario\/suplicas?origem=26545\" target=\"_blank\" rel=\"noopener\"> santa Igreja<\/a><\/span> assistem ao santo sacrif\u00edcio,<\/span><\/em><\/p>\n<p style=\"text-align: center;\"><em><span style=\"color: #000000;\"> para que auxiliados pela vossa gra\u00e7a,<span style=\"color: #800080;\"> possamos apresentar \u00e0 suprema e indivis\u00edvel Trindade<\/span>, <\/span><\/em><\/p>\n<p style=\"text-align: center;\"><em><span style=\"color: #000000;\">a Vitima verdadeiramente digna de lhe ser oferecida! Assim seja.<\/span><\/em><\/p>\n<p style=\"text-align: center;\"><span style=\"color: #000000;\"><strong>****<\/strong><\/span><\/p>\n<p><span style=\"color: #000000;\">Pe\u00e7a as b\u00ean\u00e7\u00e3os a <span style=\"color: #0000ff;\"><a style=\"color: #0000ff;\" href=\"https:\/\/adf.org.br\/velario\/suplicas?origem=26545\" target=\"_blank\" rel=\"noopener\">Nossa Senhora de F\u00e1tima<\/a><\/span> na Missa que faremos celebrar neste s\u00e1bado.<\/span><\/p>\n<p><span style=\"color: #000000;\">Aproveite e inclua suas inten\u00e7\u00f5es para que a Virgem Sant\u00edssima venha interceder grandes gra\u00e7as em sua vida pela bondade e amor para com seus fi\u00e9is.<\/span><\/p>\n<p><span style=\"color: #000000;\"><span style=\"color: #0000ff;\"><a style=\"color: #0000ff;\" href=\"https:\/\/adf.org.br\/velario\/suplicas?origem=26545\" target=\"_blank\" rel=\"noopener\"><strong>Clique aqui<\/strong> <\/a><\/span>para colocar seu nome na Missa e seus familiares, ou se preferir, clique na imagem abaixo.\u00a0<\/span><\/p>\n<p><a href=\"https:\/\/adf.org.br\/velario\/suplicas?origem=26545\" target=\"_blank\" rel=\"noopener\"><img loading=\"lazy\" class=\"size-medium wp-image-68296 aligncenter\" src=\"https:\/\/www.adf.org.br\/home\/wp-content\/uploads\/2022\/05\/Vela-de-Nossa-Senhora-de-Fatima-300x175.jpg\" alt=\"\" width=\"300\" height=\"175\" srcset=\"https:\/\/www.adf.org.br\/home\/wp-content\/uploads\/2022\/05\/Vela-de-Nossa-Senhora-de-Fatima-300x175.jpg 300w, https:\/\/www.adf.org.br\/home\/wp-content\/uploads\/2022\/05\/Vela-de-Nossa-Senhora-de-Fatima.jpg 600w\" sizes=\"(max-width: 300px) 100vw, 300px\" \/><\/a><\/p>\n","protected":false},"excerpt":{"rendered":"<p>Ora\u00e7\u00e3o a Nossa Senhora &#8211; Reze Conosco \u00d3 M\u00e3e de bondade e de miseric\u00f3rdia, felic\u00edssima Virgem Maria, eu, miser\u00e1vel e indigno pecador, a v\u00f3s recorro de Todo o cora\u00e7\u00e3o e com todo o amor; e vos suplico que, assim como assististes ao vosso amabil\u00edssimo Filho, pendente da cruz, assim tamb\u00e9m assistais a mim, m\u00edsero pecador, [&hellip;]<\/p>\n","protected":false},"author":31,"featured_media":70775,"comment_status":"open","ping_status":"open","sticky":false,"template":"","format":"standard","meta":[],"categories":[20,14,2332],"tags":[646,38,57,142,470,313],"yoast_head":"<!-- This site is optimized with the Yoast SEO plugin v17.4 - https:\/\/yoast.com\/wordpress\/plugins\/seo\/ -->\n<title>Ora\u00e7\u00e3o a Nossa Senhora - Reze Conosco - Associa\u00e7\u00e3o Devotos de F\u00e1tima<\/title>\n<meta name=\"description\" content=\"Reze esta ora\u00e7\u00e3o conosco a Nossa Senhora pedindo para que Ela venha interceder grandes gra\u00e7as em sua vida.\" \/>\n<meta name=\"robots\" content=\"index, follow, max-snippet:-1, max-image-preview:large, max-video-preview:-1\" \/>\n<link rel=\"canonical\" href=\"https:\/\/www.adf.org.br\/home\/oracao-a-nossa-senhora-reze-conosco\/\" \/>\n<meta property=\"og:locale\" content=\"pt_BR\" \/>\n<meta property=\"og:type\" content=\"article\" \/>\n<meta property=\"og:title\" content=\"Ora\u00e7\u00e3o a Nossa Senhora - Reze Conosco - Associa\u00e7\u00e3o Devotos de F\u00e1tima\" \/>\n<meta property=\"og:description\" content=\"Reze esta ora\u00e7\u00e3o conosco a Nossa Senhora pedindo para que Ela venha interceder grandes gra\u00e7as em sua vida.\" \/>\n<meta property=\"og:url\" content=\"https:\/\/www.adf.org.br\/home\/oracao-a-nossa-senhora-reze-conosco\/\" \/>\n<meta property=\"og:site_name\" content=\"Associa\u00e7\u00e3o Devotos de F\u00e1tima\" \/>\n<meta property=\"article:published_time\" content=\"2023-01-19T03:00:32+00:00\" \/>\n<meta property=\"article:modified_time\" content=\"2023-01-11T20:25:40+00:00\" \/>\n<meta property=\"og:image\" content=\"https:\/\/www.adf.org.br\/home\/wp-content\/uploads\/2022\/10\/AdobeStock_438367042-scaled.jpeg\" \/>\n\t<meta property=\"og:image:width\" content=\"2560\" \/>\n\t<meta property=\"og:image:height\" content=\"2007\" \/>\n<meta name=\"twitter:card\" content=\"summary_large_image\" \/>\n<meta name=\"twitter:label1\" content=\"Escrito por\" \/>\n\t<meta name=\"twitter:data1\" content=\"Gabriel Barbosa\" \/>\n\t<meta name=\"twitter:label2\" content=\"Est. tempo de leitura\" \/>\n\t<meta name=\"twitter:data2\" content=\"2 minutos\" \/>\n<script type=\"application\/ld+json\" class=\"yoast-schema-graph\">{\"@context\":\"https:\/\/schema.org\",\"@graph\":[{\"@type\":\"WebSite\",\"@id\":\"https:\/\/www.adf.org.br\/home\/#website\",\"url\":\"https:\/\/www.adf.org.br\/home\/\",\"name\":\"Associa\\u00e7\\u00e3o Devotos de F\\u00e1tima\",\"description\":\"Associa\\u00e7\\u00e3o Devotos de F\\u00e1tima\",\"potentialAction\":[{\"@type\":\"SearchAction\",\"target\":{\"@type\":\"EntryPoint\",\"urlTemplate\":\"https:\/\/www.adf.org.br\/home\/?s={search_term_string}\"},\"query-input\":\"required name=search_term_string\"}],\"inLanguage\":\"pt-BR\"},{\"@type\":\"ImageObject\",\"@id\":\"https:\/\/www.adf.org.br\/home\/oracao-a-nossa-senhora-reze-conosco\/#primaryimage\",\"inLanguage\":\"pt-BR\",\"url\":\"https:\/\/www.adf.org.br\/home\/wp-content\/uploads\/2022\/10\/AdobeStock_438367042-scaled.jpeg\",\"contentUrl\":\"https:\/\/www.adf.org.br\/home\/wp-content\/uploads\/2022\/10\/AdobeStock_438367042-scaled.jpeg\",\"width\":2560,\"height\":2007},{\"@type\":\"WebPage\",\"@id\":\"https:\/\/www.adf.org.br\/home\/oracao-a-nossa-senhora-reze-conosco\/#webpage\",\"url\":\"https:\/\/www.adf.org.br\/home\/oracao-a-nossa-senhora-reze-conosco\/\",\"name\":\"Ora\\u00e7\\u00e3o a Nossa Senhora - Reze Conosco - Associa\\u00e7\\u00e3o Devotos de F\\u00e1tima\",\"isPartOf\":{\"@id\":\"https:\/\/www.adf.org.br\/home\/#website\"},\"primaryImageOfPage\":{\"@id\":\"https:\/\/www.adf.org.br\/home\/oracao-a-nossa-senhora-reze-conosco\/#primaryimage\"},\"datePublished\":\"2023-01-19T03:00:32+00:00\",\"dateModified\":\"2023-01-11T20:25:40+00:00\",\"author\":{\"@id\":\"https:\/\/www.adf.org.br\/home\/#\/schema\/person\/f35a5c5aa7728a3dedf4ea9aa1fc2753\"},\"description\":\"Reze esta ora\\u00e7\\u00e3o conosco a Nossa Senhora pedindo para que Ela venha interceder grandes gra\\u00e7as em sua vida.\",\"breadcrumb\":{\"@id\":\"https:\/\/www.adf.org.br\/home\/oracao-a-nossa-senhora-reze-conosco\/#breadcrumb\"},\"inLanguage\":\"pt-BR\",\"potentialAction\":[{\"@type\":\"ReadAction\",\"target\":[\"https:\/\/www.adf.org.br\/home\/oracao-a-nossa-senhora-reze-conosco\/\"]}]},{\"@type\":\"BreadcrumbList\",\"@id\":\"https:\/\/www.adf.org.br\/home\/oracao-a-nossa-senhora-reze-conosco\/#breadcrumb\",\"itemListElement\":[{\"@type\":\"ListItem\",\"position\":1,\"name\":\"Home\",\"item\":\"https:\/\/www.adf.org.br\/home\/\"},{\"@type\":\"ListItem\",\"position\":2,\"name\":\"Ora\\u00e7\\u00e3o a Nossa Senhora &#8211; Reze Conosco\"}]},{\"@type\":\"Person\",\"@id\":\"https:\/\/www.adf.org.br\/home\/#\/schema\/person\/f35a5c5aa7728a3dedf4ea9aa1fc2753\",\"name\":\"Gabriel Barbosa\",\"image\":{\"@type\":\"ImageObject\",\"@id\":\"https:\/\/www.adf.org.br\/home\/#personlogo\",\"inLanguage\":\"pt-BR\",\"url\":\"https:\/\/secure.gravatar.com\/avatar\/2b2cb2f4637682c5605e8d36818f51ef?s=96&d=mm&r=g\",\"contentUrl\":\"https:\/\/secure.gravatar.com\/avatar\/2b2cb2f4637682c5605e8d36818f51ef?s=96&d=mm&r=g\",\"caption\":\"Gabriel Barbosa\"},\"url\":\"https:\/\/www.adf.org.br\/home\/author\/gabrielpmk-com-br\/\"}]}<\/script>\n<!-- \/ Yoast SEO plugin. -->","yoast_head_json":{"title":"Ora\u00e7\u00e3o a Nossa Senhora - Reze Conosco - Associa\u00e7\u00e3o Devotos de F\u00e1tima","description":"Reze esta ora\u00e7\u00e3o conosco a Nossa Senhora pedindo para que Ela venha interceder grandes gra\u00e7as em sua vida.","robots":{"index":"index","follow":"follow","max-snippet":"max-snippet:-1","max-image-preview":"max-image-preview:large","max-video-preview":"max-video-preview:-1"},"canonical":"https:\/\/www.adf.org.br\/home\/oracao-a-nossa-senhora-reze-conosco\/","og_locale":"pt_BR","og_type":"article","og_title":"Ora\u00e7\u00e3o a Nossa Senhora - Reze Conosco - Associa\u00e7\u00e3o Devotos de F\u00e1tima","og_description":"Reze esta ora\u00e7\u00e3o conosco a Nossa Senhora pedindo para que Ela venha interceder grandes gra\u00e7as em sua vida.","og_url":"https:\/\/www.adf.org.br\/home\/oracao-a-nossa-senhora-reze-conosco\/","og_site_name":"Associa\u00e7\u00e3o Devotos de F\u00e1tima","article_published_time":"2023-01-19T03:00:32+00:00","article_modified_time":"2023-01-11T20:25:40+00:00","og_image":[{"width":2560,"height":2007,"url":"https:\/\/www.adf.org.br\/home\/wp-content\/uploads\/2022\/10\/AdobeStock_438367042-scaled.jpeg","type":"image\/jpeg"}],"twitter_card":"summary_large_image","twitter_misc":{"Escrito por":"Gabriel Barbosa","Est. tempo de leitura":"2 minutos"},"schema":{"@context":"https:\/\/schema.org","@graph":[{"@type":"WebSite","@id":"https:\/\/www.adf.org.br\/home\/#website","url":"https:\/\/www.adf.org.br\/home\/","name":"Associa\u00e7\u00e3o Devotos de F\u00e1tima","description":"Associa\u00e7\u00e3o Devotos de F\u00e1tima","potentialAction":[{"@type":"SearchAction","target":{"@type":"EntryPoint","urlTemplate":"https:\/\/www.adf.org.br\/home\/?s={search_term_string}"},"query-input":"required name=search_term_string"}],"inLanguage":"pt-BR"},{"@type":"ImageObject","@id":"https:\/\/www.adf.org.br\/home\/oracao-a-nossa-senhora-reze-conosco\/#primaryimage","inLanguage":"pt-BR","url":"https:\/\/www.adf.org.br\/home\/wp-content\/uploads\/2022\/10\/AdobeStock_438367042-scaled.jpeg","contentUrl":"https:\/\/www.adf.org.br\/home\/wp-content\/uploads\/2022\/10\/AdobeStock_438367042-scaled.jpeg","width":2560,"height":2007},{"@type":"WebPage","@id":"https:\/\/www.adf.org.br\/home\/oracao-a-nossa-senhora-reze-conosco\/#webpage","url":"https:\/\/www.adf.org.br\/home\/oracao-a-nossa-senhora-reze-conosco\/","name":"Ora\u00e7\u00e3o a Nossa Senhora - Reze Conosco - Associa\u00e7\u00e3o Devotos de F\u00e1tima","isPartOf":{"@id":"https:\/\/www.adf.org.br\/home\/#website"},"primaryImageOfPage":{"@id":"https:\/\/www.adf.org.br\/home\/oracao-a-nossa-senhora-reze-conosco\/#primaryimage"},"datePublished":"2023-01-19T03:00:32+00:00","dateModified":"2023-01-11T20:25:40+00:00","author":{"@id":"https:\/\/www.adf.org.br\/home\/#\/schema\/person\/f35a5c5aa7728a3dedf4ea9aa1fc2753"},"description":"Reze esta ora\u00e7\u00e3o conosco a Nossa Senhora pedindo para que Ela venha interceder grandes gra\u00e7as em sua vida.","breadcrumb":{"@id":"https:\/\/www.adf.org.br\/home\/oracao-a-nossa-senhora-reze-conosco\/#breadcrumb"},"inLanguage":"pt-BR","potentialAction":[{"@type":"ReadAction","target":["https:\/\/www.adf.org.br\/home\/oracao-a-nossa-senhora-reze-conosco\/"]}]},{"@type":"BreadcrumbList","@id":"https:\/\/www.adf.org.br\/home\/oracao-a-nossa-senhora-reze-conosco\/#breadcrumb","itemListElement":[{"@type":"ListItem","position":1,"name":"Home","item":"https:\/\/www.adf.org.br\/home\/"},{"@type":"ListItem","position":2,"name":"Ora\u00e7\u00e3o a Nossa Senhora &#8211; Reze Conosco"}]},{"@type":"Person","@id":"https:\/\/www.adf.org.br\/home\/#\/schema\/person\/f35a5c5aa7728a3dedf4ea9aa1fc2753","name":"Gabriel Barbosa","image":{"@type":"ImageObject","@id":"https:\/\/www.adf.org.br\/home\/#personlogo","inLanguage":"pt-BR","url":"https:\/\/secure.gravatar.com\/avatar\/2b2cb2f4637682c5605e8d36818f51ef?s=96&d=mm&r=g","contentUrl":"https:\/\/secure.gravatar.com\/avatar\/2b2cb2f4637682c5605e8d36818f51ef?s=96&d=mm&r=g","caption":"Gabriel Barbosa"},"url":"https:\/\/www.adf.org.br\/home\/author\/gabrielpmk-com-br\/"}]}},"_links":{"self":[{"href":"https:\/\/www.adf.org.br\/home\/wp-json\/wp\/v2\/posts\/71497"}],"collection":[{"href":"https:\/\/www.adf.org.br\/home\/wp-json\/wp\/v2\/posts"}],"about":[{"href":"https:\/\/www.adf.org.br\/home\/wp-json\/wp\/v2\/types\/post"}],"author":[{"embeddable":true,"href":"https:\/\/www.adf.org.br\/home\/wp-json\/wp\/v2\/users\/31"}],"replies":[{"embeddable":true,"href":"https:\/\/www.adf.org.br\/home\/wp-json\/wp\/v2\/comments?post=71497"}],"version-history":[{"count":3,"href":"https:\/\/www.adf.org.br\/home\/wp-json\/wp\/v2\/posts\/71497\/revisions"}],"predecessor-version":[{"id":71500,"href":"https:\/\/www.adf.org.br\/home\/wp-json\/wp\/v2\/posts\/71497\/revisions\/71500"}],"wp:featuredmedia":[{"embeddable":true,"href":"https:\/\/www.adf.org.br\/home\/wp-json\/wp\/v2\/media\/70775"}],"wp:attachment":[{"href":"https:\/\/www.adf.org.br\/home\/wp-json\/wp\/v2\/media?parent=71497"}],"wp:term":[{"taxonomy":"category","embeddable":true,"href":"https:\/\/www.adf.org.br\/home\/wp-json\/wp\/v2\/categories?post=71497"},{"taxonomy":"post_tag","embeddable":true,"href":"https:\/\/www.adf.org.br\/home\/wp-json\/wp\/v2\/tags?post=71497"}],"curies":[{"name":"wp","href":"https:\/\/api.w.org\/{rel}","templated":true}]}}