{"id":71475,"date":"2023-01-15T00:00:22","date_gmt":"2023-01-15T03:00:22","guid":{"rendered":"https:\/\/www.adf.org.br\/home\/?p=71475"},"modified":"2023-01-09T17:37:38","modified_gmt":"2023-01-09T20:37:38","slug":"todos-os-dias-eu-recebo-isso-devotoa","status":"publish","type":"post","link":"https:\/\/www.adf.org.br\/home\/todos-os-dias-eu-recebo-isso-devotoa\/","title":{"rendered":"Todos os dias eu recebo isso, devoto(a)!"},"content":{"rendered":"<h2 style=\"text-align: center;\"><span style=\"color: #000000;\">Todos os dias eu recebo isso, devoto(a)!<\/span><\/h2>\n<p><span style=\"color: #000000;\"><img loading=\"lazy\" class=\"wp-image-71476 size-full aligncenter\" src=\"https:\/\/www.adf.org.br\/home\/wp-content\/uploads\/2023\/01\/unnamed-1-1.jpg\" alt=\"\" width=\"800\" height=\"355\" srcset=\"https:\/\/www.adf.org.br\/home\/wp-content\/uploads\/2023\/01\/unnamed-1-1.jpg 800w, https:\/\/www.adf.org.br\/home\/wp-content\/uploads\/2023\/01\/unnamed-1-1-300x133.jpg 300w, https:\/\/www.adf.org.br\/home\/wp-content\/uploads\/2023\/01\/unnamed-1-1-768x341.jpg 768w\" sizes=\"(max-width: 800px) 100vw, 800px\" \/><\/span><\/p>\n<p><span style=\"color: #000000;\"><span style=\"font-size: 32px; color: #800080;\"><strong>S<\/strong><\/span>\u00e3o mensagens como essas que eu recebo quando convido algum devoto para participar do grupo\u00a0<span style=\"color: #0000ff;\"><a style=\"color: #0000ff;\" href=\"https:\/\/adf.org.br\/apostolosdefatima\/2\/?origem=26528\" target=\"_blank\" rel=\"noopener\">Ap\u00f3stolos de F\u00e1tima<\/a>.<\/span><\/span><\/p>\n<p><span style=\"color: #000000;\">\u00c9 bem semelhante ao que acontece quando convidamos algu\u00e9m para ir assistir \u00e0 Missa, por exemplo.<\/span><\/p>\n<p><span style=\"color: #000000;\">A pessoa inventa muitas desculpas, mas\u00a0<b>nem consegue imaginar nas gra\u00e7as que deixa de receber<\/b>\u00a0por n\u00e3o participar da Missa.<\/span><\/p>\n<p><span style=\"color: #000000;\">Sempre quando queremos mostrar para algu\u00e9m um caminho de esperan\u00e7a, de gra\u00e7as abundantes e de Salva\u00e7\u00e3o, h\u00e1 algum empecilho, pode reparar.<\/span><\/p>\n<p><span style=\"color: #000000;\">E ao mesmo tempo em que muitos me escrevem para adiar ou recusar o convite que fa\u00e7o em Nome de Nossa Senhora de F\u00e1tima, eu recebo essas mensagens de quem aceitou meu convite:<\/span><\/p>\n<ul>\n<li><span style=\"color: #000000;\">\u00a0Muito obrigada pelo convite, sr. Carlos. <span style=\"color: #800080;\"><b>Depois que comecei a contar com as Missas semanais e com as ora\u00e7\u00f5es di\u00e1rias, minha vida mudou para melhor.<\/b><\/span><\/span><\/li>\n<li><span style=\"color: #000000;\">Eu me sentia no fundo do po\u00e7o. <span style=\"color: #800080;\"><b>A\u00ed fiz parte deste grupo, me tornei mais devoto de F\u00e1tima e hoje me sinto esperan\u00e7oso.<\/b>\u00a0<\/span>At\u00e9 alcancei as gra\u00e7as que precisava. Obrigado!<\/span><\/li>\n<\/ul>\n<p><strong><span style=\"color: #000000;\">E eu sei que voc\u00ea est\u00e1 deixando de receber muitas Gra\u00e7as por n\u00e3o fazer parte do grupo Ap\u00f3stolos de F\u00e1tima.<\/span><\/strong><\/p>\n<p><span style=\"color: #000000;\">Por isso quero te convidar para participar agora mesmo.\u00a0<span style=\"color: #0000ff;\"><a style=\"color: #0000ff;\" href=\"https:\/\/adf.org.br\/apostolosdefatima\/2\/?origem=26528\" target=\"_blank\" rel=\"noopener\" data-saferedirecturl=\"https:\/\/www.google.com\/url?q=http:\/\/e.adf.org.br\/bendar\/?atmca%3D10273711%26atmme%3D16773%26atmte%3D1%26atmso%3Dck%26utm_content%3D279734808%26atmem%3DYW1hbmRhQHBtay5jb20uYnI%3D%26&amp;source=gmail&amp;ust=1673352256257000&amp;usg=AOvVaw2JU0i6SWiLPgAfVnP5zO41\">Acesse aqui<\/a>!<\/span><\/span><\/p>\n<p><span style=\"color: #000000;\">Veja bem&#8230; voc\u00ea est\u00e1 deixando de contar com Missas semanais que poderiam ser celebradas exclusivamente por voc\u00ea, por sua fam\u00edlia e suas inten\u00e7\u00f5es.<\/span><\/p>\n<p><span style=\"color: #800080;\"><strong>\u00c9 um presente do c\u00e9u, voc\u00ea concorda?<\/strong><\/span><\/p>\n<p><span style=\"color: #000000;\">Afinal, a Missa pode nos proporcionar in\u00fameras gra\u00e7as.<\/span><\/p>\n<p><span style=\"color: #0000ff;\"><a style=\"color: #0000ff;\" href=\"https:\/\/adf.org.br\/apostolosdefatima\/2\/?origem=26528\" target=\"_blank\" rel=\"noopener\" data-saferedirecturl=\"https:\/\/www.google.com\/url?q=http:\/\/e.adf.org.br\/bendar\/?atmca%3D10273711%26atmme%3D16773%26atmte%3D1%26atmso%3Dck%26utm_content%3D279734808%26atmem%3DYW1hbmRhQHBtay5jb20uYnI%3D%26&amp;source=gmail&amp;ust=1673352256257000&amp;usg=AOvVaw2JU0i6SWiLPgAfVnP5zO41\">Veja como participar aqui<\/a>.<\/span><\/p>\n<p><span style=\"color: #800080;\">E\u00a0<b>por n\u00e3o participar, voc\u00ea deixou de contar com as ora\u00e7\u00f5es di\u00e1rias, rezadas em conventos e mosteiros.<\/b>\u00a0No ano passado, mais de 18.000 ros\u00e1rios foram rezados pelos participantes.<\/span><\/p>\n<p><span style=\"color: #000000;\">Essas ora\u00e7\u00f5es podem ser dedicadas a voc\u00ea tamb\u00e9m. Ent\u00e3o, v\u00e1 em frente e\u00a0<span style=\"color: #0000ff;\"><a style=\"color: #0000ff;\" href=\"https:\/\/adf.org.br\/apostolosdefatima\/2\/?origem=26528\" target=\"_blank\" rel=\"noopener\" data-saferedirecturl=\"https:\/\/www.google.com\/url?q=http:\/\/e.adf.org.br\/bendar\/?atmca%3D10273711%26atmme%3D16773%26atmte%3D1%26atmso%3Dck%26utm_content%3D279734808%26atmem%3DYW1hbmRhQHBtay5jb20uYnI%3D%26&amp;source=gmail&amp;ust=1673352256257000&amp;usg=AOvVaw2JU0i6SWiLPgAfVnP5zO41\">inscreva-se agora mesmo<\/a>.<\/span><\/span><\/p>\n<p><span style=\"color: #000000;\">Saiba que outros presentes incr\u00edveis esperam por voc\u00ea neste grupo. Presentes que te ajudar\u00e3o a alcan\u00e7ar a gra\u00e7a que tanto precisa.<\/span><\/p>\n<p><span style=\"color: #0000ff;\"><a style=\"color: #0000ff;\" href=\"https:\/\/adf.org.br\/apostolosdefatima\/2\/?origem=26528\" target=\"_blank\" rel=\"noopener\" data-saferedirecturl=\"https:\/\/www.google.com\/url?q=http:\/\/e.adf.org.br\/bendar\/?atmca%3D10273711%26atmme%3D16773%26atmte%3D1%26atmso%3Dck%26utm_content%3D279734808%26atmem%3DYW1hbmRhQHBtay5jb20uYnI%3D%26&amp;source=gmail&amp;ust=1673352256257000&amp;usg=AOvVaw2JU0i6SWiLPgAfVnP5zO41\">Fa\u00e7a parte<\/a>!<\/span><\/p>\n<p><span style=\"color: #000000;\">N\u00e3o adie, imagino que voc\u00ea possa estar precisando de algo com urg\u00eancia, e eu tenho f\u00e9 que este grupo de Ora\u00e7\u00e3o lhe ajudar\u00e1 a alcan\u00e7ar.<\/span><\/p>\n<p><span style=\"color: #000000;\">Muitos devotos tiveram suas s\u00faplicas atendidas por Nossa M\u00e3e atrav\u00e9s deste grupo.\u00a0<span style=\"color: #0000ff;\"><a style=\"color: #0000ff;\" href=\"https:\/\/adf.org.br\/apostolosdefatima\/2\/?origem=26528\" target=\"_blank\" rel=\"noopener\" data-saferedirecturl=\"https:\/\/www.google.com\/url?q=http:\/\/e.adf.org.br\/bendar\/?atmca%3D10273711%26atmme%3D16773%26atmte%3D1%26atmso%3Dck%26utm_content%3D279734808%26atmem%3DYW1hbmRhQHBtay5jb20uYnI%3D%26&amp;source=gmail&amp;ust=1673352256257000&amp;usg=AOvVaw2JU0i6SWiLPgAfVnP5zO41\">Acesse este link e participe<\/a>!<\/span><\/span><\/p>\n<p><span style=\"color: #000000;\">Nossa Senhora de F\u00e1tima possui muitas formas de nos mostrar um caminho em que seremos aben\u00e7oados.<\/span><\/p>\n<p><span style=\"color: #000000;\">Pense bem. Essa mensagem chegou a voc\u00ea por uma raz\u00e3o.<\/span><\/p>\n<p><span style=\"color: #000000;\">Em Jesus e Maria,<\/span><\/p>\n<p><span style=\"color: #000000;\"><strong><i>Carlos Lanna<\/i><\/strong><\/span><br \/>\n<span style=\"color: #000000;\">Coordenador da Associa\u00e7\u00e3o<\/span><br \/>\n<span style=\"color: #000000;\">Devotos de F\u00e1tima<\/span><\/p>\n","protected":false},"excerpt":{"rendered":"<p>Todos os dias eu recebo isso, devoto(a)! S\u00e3o mensagens como essas que eu recebo quando convido algum devoto para participar do grupo\u00a0Ap\u00f3stolos de F\u00e1tima. \u00c9 bem semelhante ao que acontece quando convidamos algu\u00e9m para ir assistir \u00e0 Missa, por exemplo. A pessoa inventa muitas desculpas, mas\u00a0nem consegue imaginar nas gra\u00e7as que deixa de receber\u00a0por n\u00e3o [&hellip;]<\/p>\n","protected":false},"author":31,"featured_media":71476,"comment_status":"open","ping_status":"open","sticky":false,"template":"","format":"standard","meta":[],"categories":[20,2323,2621,56,2332],"tags":[2242,291,57],"yoast_head":"<!-- This site is optimized with the Yoast SEO plugin v17.4 - https:\/\/yoast.com\/wordpress\/plugins\/seo\/ -->\n<title>Todos os dias eu recebo isso, devoto(a)! - Associa\u00e7\u00e3o Devotos de F\u00e1tima<\/title>\n<meta name=\"description\" content=\"Eu recebo isso todos os dias e eu queria compartilhar com voc\u00ea. Por isso, clique aqui e saiba o que \u00e9 agora mesmo!\" \/>\n<meta name=\"robots\" content=\"index, follow, max-snippet:-1, max-image-preview:large, max-video-preview:-1\" \/>\n<link rel=\"canonical\" href=\"https:\/\/www.adf.org.br\/home\/todos-os-dias-eu-recebo-isso-devotoa\/\" \/>\n<meta property=\"og:locale\" content=\"pt_BR\" \/>\n<meta property=\"og:type\" content=\"article\" \/>\n<meta property=\"og:title\" content=\"Todos os dias eu recebo isso, devoto(a)! - Associa\u00e7\u00e3o Devotos de F\u00e1tima\" \/>\n<meta property=\"og:description\" content=\"Eu recebo isso todos os dias e eu queria compartilhar com voc\u00ea. Por isso, clique aqui e saiba o que \u00e9 agora mesmo!\" \/>\n<meta property=\"og:url\" content=\"https:\/\/www.adf.org.br\/home\/todos-os-dias-eu-recebo-isso-devotoa\/\" \/>\n<meta property=\"og:site_name\" content=\"Associa\u00e7\u00e3o Devotos de F\u00e1tima\" \/>\n<meta property=\"article:published_time\" content=\"2023-01-15T03:00:22+00:00\" \/>\n<meta property=\"article:modified_time\" content=\"2023-01-09T20:37:38+00:00\" \/>\n<meta property=\"og:image\" content=\"https:\/\/www.adf.org.br\/home\/wp-content\/uploads\/2023\/01\/unnamed-1-1.jpg\" \/>\n\t<meta property=\"og:image:width\" content=\"800\" \/>\n\t<meta property=\"og:image:height\" content=\"355\" \/>\n<meta name=\"twitter:card\" content=\"summary_large_image\" \/>\n<meta name=\"twitter:label1\" content=\"Escrito por\" \/>\n\t<meta name=\"twitter:data1\" content=\"Gabriel Barbosa\" \/>\n\t<meta name=\"twitter:label2\" content=\"Est. tempo de leitura\" \/>\n\t<meta name=\"twitter:data2\" content=\"2 minutos\" \/>\n<script type=\"application\/ld+json\" class=\"yoast-schema-graph\">{\"@context\":\"https:\/\/schema.org\",\"@graph\":[{\"@type\":\"WebSite\",\"@id\":\"https:\/\/www.adf.org.br\/home\/#website\",\"url\":\"https:\/\/www.adf.org.br\/home\/\",\"name\":\"Associa\\u00e7\\u00e3o Devotos de F\\u00e1tima\",\"description\":\"Associa\\u00e7\\u00e3o Devotos de F\\u00e1tima\",\"potentialAction\":[{\"@type\":\"SearchAction\",\"target\":{\"@type\":\"EntryPoint\",\"urlTemplate\":\"https:\/\/www.adf.org.br\/home\/?s={search_term_string}\"},\"query-input\":\"required name=search_term_string\"}],\"inLanguage\":\"pt-BR\"},{\"@type\":\"ImageObject\",\"@id\":\"https:\/\/www.adf.org.br\/home\/todos-os-dias-eu-recebo-isso-devotoa\/#primaryimage\",\"inLanguage\":\"pt-BR\",\"url\":\"https:\/\/www.adf.org.br\/home\/wp-content\/uploads\/2023\/01\/unnamed-1-1.jpg\",\"contentUrl\":\"https:\/\/www.adf.org.br\/home\/wp-content\/uploads\/2023\/01\/unnamed-1-1.jpg\",\"width\":800,\"height\":355},{\"@type\":\"WebPage\",\"@id\":\"https:\/\/www.adf.org.br\/home\/todos-os-dias-eu-recebo-isso-devotoa\/#webpage\",\"url\":\"https:\/\/www.adf.org.br\/home\/todos-os-dias-eu-recebo-isso-devotoa\/\",\"name\":\"Todos os dias eu recebo isso, devoto(a)! - Associa\\u00e7\\u00e3o Devotos de F\\u00e1tima\",\"isPartOf\":{\"@id\":\"https:\/\/www.adf.org.br\/home\/#website\"},\"primaryImageOfPage\":{\"@id\":\"https:\/\/www.adf.org.br\/home\/todos-os-dias-eu-recebo-isso-devotoa\/#primaryimage\"},\"datePublished\":\"2023-01-15T03:00:22+00:00\",\"dateModified\":\"2023-01-09T20:37:38+00:00\",\"author\":{\"@id\":\"https:\/\/www.adf.org.br\/home\/#\/schema\/person\/f35a5c5aa7728a3dedf4ea9aa1fc2753\"},\"description\":\"Eu recebo isso todos os dias e eu queria compartilhar com voc\\u00ea. Por isso, clique aqui e saiba o que \\u00e9 agora mesmo!\",\"breadcrumb\":{\"@id\":\"https:\/\/www.adf.org.br\/home\/todos-os-dias-eu-recebo-isso-devotoa\/#breadcrumb\"},\"inLanguage\":\"pt-BR\",\"potentialAction\":[{\"@type\":\"ReadAction\",\"target\":[\"https:\/\/www.adf.org.br\/home\/todos-os-dias-eu-recebo-isso-devotoa\/\"]}]},{\"@type\":\"BreadcrumbList\",\"@id\":\"https:\/\/www.adf.org.br\/home\/todos-os-dias-eu-recebo-isso-devotoa\/#breadcrumb\",\"itemListElement\":[{\"@type\":\"ListItem\",\"position\":1,\"name\":\"Home\",\"item\":\"https:\/\/www.adf.org.br\/home\/\"},{\"@type\":\"ListItem\",\"position\":2,\"name\":\"Todos os dias eu recebo isso, devoto(a)!\"}]},{\"@type\":\"Person\",\"@id\":\"https:\/\/www.adf.org.br\/home\/#\/schema\/person\/f35a5c5aa7728a3dedf4ea9aa1fc2753\",\"name\":\"Gabriel Barbosa\",\"image\":{\"@type\":\"ImageObject\",\"@id\":\"https:\/\/www.adf.org.br\/home\/#personlogo\",\"inLanguage\":\"pt-BR\",\"url\":\"https:\/\/secure.gravatar.com\/avatar\/2b2cb2f4637682c5605e8d36818f51ef?s=96&d=mm&r=g\",\"contentUrl\":\"https:\/\/secure.gravatar.com\/avatar\/2b2cb2f4637682c5605e8d36818f51ef?s=96&d=mm&r=g\",\"caption\":\"Gabriel Barbosa\"},\"url\":\"https:\/\/www.adf.org.br\/home\/author\/gabrielpmk-com-br\/\"}]}<\/script>\n<!-- \/ Yoast SEO plugin. -->","yoast_head_json":{"title":"Todos os dias eu recebo isso, devoto(a)! - Associa\u00e7\u00e3o Devotos de F\u00e1tima","description":"Eu recebo isso todos os dias e eu queria compartilhar com voc\u00ea. Por isso, clique aqui e saiba o que \u00e9 agora mesmo!","robots":{"index":"index","follow":"follow","max-snippet":"max-snippet:-1","max-image-preview":"max-image-preview:large","max-video-preview":"max-video-preview:-1"},"canonical":"https:\/\/www.adf.org.br\/home\/todos-os-dias-eu-recebo-isso-devotoa\/","og_locale":"pt_BR","og_type":"article","og_title":"Todos os dias eu recebo isso, devoto(a)! - Associa\u00e7\u00e3o Devotos de F\u00e1tima","og_description":"Eu recebo isso todos os dias e eu queria compartilhar com voc\u00ea. Por isso, clique aqui e saiba o que \u00e9 agora mesmo!","og_url":"https:\/\/www.adf.org.br\/home\/todos-os-dias-eu-recebo-isso-devotoa\/","og_site_name":"Associa\u00e7\u00e3o Devotos de F\u00e1tima","article_published_time":"2023-01-15T03:00:22+00:00","article_modified_time":"2023-01-09T20:37:38+00:00","og_image":[{"width":800,"height":355,"url":"https:\/\/www.adf.org.br\/home\/wp-content\/uploads\/2023\/01\/unnamed-1-1.jpg","type":"image\/jpeg"}],"twitter_card":"summary_large_image","twitter_misc":{"Escrito por":"Gabriel Barbosa","Est. tempo de leitura":"2 minutos"},"schema":{"@context":"https:\/\/schema.org","@graph":[{"@type":"WebSite","@id":"https:\/\/www.adf.org.br\/home\/#website","url":"https:\/\/www.adf.org.br\/home\/","name":"Associa\u00e7\u00e3o Devotos de F\u00e1tima","description":"Associa\u00e7\u00e3o Devotos de F\u00e1tima","potentialAction":[{"@type":"SearchAction","target":{"@type":"EntryPoint","urlTemplate":"https:\/\/www.adf.org.br\/home\/?s={search_term_string}"},"query-input":"required name=search_term_string"}],"inLanguage":"pt-BR"},{"@type":"ImageObject","@id":"https:\/\/www.adf.org.br\/home\/todos-os-dias-eu-recebo-isso-devotoa\/#primaryimage","inLanguage":"pt-BR","url":"https:\/\/www.adf.org.br\/home\/wp-content\/uploads\/2023\/01\/unnamed-1-1.jpg","contentUrl":"https:\/\/www.adf.org.br\/home\/wp-content\/uploads\/2023\/01\/unnamed-1-1.jpg","width":800,"height":355},{"@type":"WebPage","@id":"https:\/\/www.adf.org.br\/home\/todos-os-dias-eu-recebo-isso-devotoa\/#webpage","url":"https:\/\/www.adf.org.br\/home\/todos-os-dias-eu-recebo-isso-devotoa\/","name":"Todos os dias eu recebo isso, devoto(a)! - Associa\u00e7\u00e3o Devotos de F\u00e1tima","isPartOf":{"@id":"https:\/\/www.adf.org.br\/home\/#website"},"primaryImageOfPage":{"@id":"https:\/\/www.adf.org.br\/home\/todos-os-dias-eu-recebo-isso-devotoa\/#primaryimage"},"datePublished":"2023-01-15T03:00:22+00:00","dateModified":"2023-01-09T20:37:38+00:00","author":{"@id":"https:\/\/www.adf.org.br\/home\/#\/schema\/person\/f35a5c5aa7728a3dedf4ea9aa1fc2753"},"description":"Eu recebo isso todos os dias e eu queria compartilhar com voc\u00ea. Por isso, clique aqui e saiba o que \u00e9 agora mesmo!","breadcrumb":{"@id":"https:\/\/www.adf.org.br\/home\/todos-os-dias-eu-recebo-isso-devotoa\/#breadcrumb"},"inLanguage":"pt-BR","potentialAction":[{"@type":"ReadAction","target":["https:\/\/www.adf.org.br\/home\/todos-os-dias-eu-recebo-isso-devotoa\/"]}]},{"@type":"BreadcrumbList","@id":"https:\/\/www.adf.org.br\/home\/todos-os-dias-eu-recebo-isso-devotoa\/#breadcrumb","itemListElement":[{"@type":"ListItem","position":1,"name":"Home","item":"https:\/\/www.adf.org.br\/home\/"},{"@type":"ListItem","position":2,"name":"Todos os dias eu recebo isso, devoto(a)!"}]},{"@type":"Person","@id":"https:\/\/www.adf.org.br\/home\/#\/schema\/person\/f35a5c5aa7728a3dedf4ea9aa1fc2753","name":"Gabriel Barbosa","image":{"@type":"ImageObject","@id":"https:\/\/www.adf.org.br\/home\/#personlogo","inLanguage":"pt-BR","url":"https:\/\/secure.gravatar.com\/avatar\/2b2cb2f4637682c5605e8d36818f51ef?s=96&d=mm&r=g","contentUrl":"https:\/\/secure.gravatar.com\/avatar\/2b2cb2f4637682c5605e8d36818f51ef?s=96&d=mm&r=g","caption":"Gabriel Barbosa"},"url":"https:\/\/www.adf.org.br\/home\/author\/gabrielpmk-com-br\/"}]}},"_links":{"self":[{"href":"https:\/\/www.adf.org.br\/home\/wp-json\/wp\/v2\/posts\/71475"}],"collection":[{"href":"https:\/\/www.adf.org.br\/home\/wp-json\/wp\/v2\/posts"}],"about":[{"href":"https:\/\/www.adf.org.br\/home\/wp-json\/wp\/v2\/types\/post"}],"author":[{"embeddable":true,"href":"https:\/\/www.adf.org.br\/home\/wp-json\/wp\/v2\/users\/31"}],"replies":[{"embeddable":true,"href":"https:\/\/www.adf.org.br\/home\/wp-json\/wp\/v2\/comments?post=71475"}],"version-history":[{"count":5,"href":"https:\/\/www.adf.org.br\/home\/wp-json\/wp\/v2\/posts\/71475\/revisions"}],"predecessor-version":[{"id":71481,"href":"https:\/\/www.adf.org.br\/home\/wp-json\/wp\/v2\/posts\/71475\/revisions\/71481"}],"wp:featuredmedia":[{"embeddable":true,"href":"https:\/\/www.adf.org.br\/home\/wp-json\/wp\/v2\/media\/71476"}],"wp:attachment":[{"href":"https:\/\/www.adf.org.br\/home\/wp-json\/wp\/v2\/media?parent=71475"}],"wp:term":[{"taxonomy":"category","embeddable":true,"href":"https:\/\/www.adf.org.br\/home\/wp-json\/wp\/v2\/categories?post=71475"},{"taxonomy":"post_tag","embeddable":true,"href":"https:\/\/www.adf.org.br\/home\/wp-json\/wp\/v2\/tags?post=71475"}],"curies":[{"name":"wp","href":"https:\/\/api.w.org\/{rel}","templated":true}]}}