{"id":71468,"date":"2023-01-11T00:00:03","date_gmt":"2023-01-11T03:00:03","guid":{"rendered":"https:\/\/www.adf.org.br\/home\/?p=71468"},"modified":"2023-01-09T16:59:36","modified_gmt":"2023-01-09T19:59:36","slug":"missa-de-protecao-e-gracas-na-familia","status":"publish","type":"post","link":"https:\/\/www.adf.org.br\/home\/missa-de-protecao-e-gracas-na-familia\/","title":{"rendered":"Missa de Prote\u00e7\u00e3o e Gra\u00e7as na Fam\u00edlia"},"content":{"rendered":"<h2 id=\":6by\" class=\"hP\" style=\"text-align: center;\" tabindex=\"-1\" data-thread-perm-id=\"thread-f:1754565054960330552\" data-legacy-thread-id=\"1859779f14396738\"><span style=\"color: #000000;\">Missa de Prote\u00e7\u00e3o e Gra\u00e7as na Fam\u00edlia<\/span><\/h2>\n<p>&nbsp;<\/p>\n<p><img loading=\"lazy\" class=\"aligncenter wp-image-71469 size-full\" src=\"https:\/\/www.adf.org.br\/home\/wp-content\/uploads\/2023\/01\/unnamed-1.jpg\" alt=\"\" width=\"800\" height=\"353\" srcset=\"https:\/\/www.adf.org.br\/home\/wp-content\/uploads\/2023\/01\/unnamed-1.jpg 800w, https:\/\/www.adf.org.br\/home\/wp-content\/uploads\/2023\/01\/unnamed-1-300x132.jpg 300w, https:\/\/www.adf.org.br\/home\/wp-content\/uploads\/2023\/01\/unnamed-1-768x339.jpg 768w\" sizes=\"(max-width: 800px) 100vw, 800px\" \/><\/p>\n<div class=\"aau\" data-tooltip-align=\"b,c\" data-tooltip-contained=\"true\"><\/div>\n<p><span style=\"color: #000000;\"><span style=\"color: #800080; font-size: 32px;\"><strong>N<\/strong><\/span>este s\u00e1bado ser\u00e1 celebrada uma Missa especialmente pelas fam\u00edlias.<\/span><\/p>\n<p><span style=\"color: #000000;\"><b>Iremos nos unir em ora\u00e7\u00e3o para suplicar a Nossa Senhora que proteja as fam\u00edlias dos males e conceda as gra\u00e7as que precisam!<\/b><\/span><\/p>\n<p><span style=\"color: #000000;\">E rezaremos por voc\u00ea e sua fam\u00edlia se incluir seus pedidos nessa celebra\u00e7\u00e3o.<\/span><\/p>\n<p><span style=\"color: #000000;\"><b>Para inscrever seus pedidos de ora\u00e7\u00e3o na Missa pelas Fam\u00edlias, ligue gr\u00e1tis no:<\/b><\/span><\/p>\n<p><img loading=\"lazy\" class=\"wp-image-65375 size-full aligncenter\" src=\"https:\/\/www.adf.org.br\/home\/wp-content\/uploads\/2021\/08\/Bot%C3%A3o-Telefone-ADF.png\" sizes=\"(max-width: 482px) 100vw, 482px\" srcset=\"https:\/\/www.adf.org.br\/home\/wp-content\/uploads\/2021\/08\/Bot\u00e3o-Telefone-ADF.png 482w, https:\/\/www.adf.org.br\/home\/wp-content\/uploads\/2021\/08\/Bot\u00e3o-Telefone-ADF-300x70.png 300w\" alt=\"\" width=\"482\" height=\"113\" \/><\/p>\n<p><span style=\"color: #000000;\">Se voc\u00ea estiver no celular, toque ou pressione aqui para discar automaticamente.<\/span><\/p>\n<p><span style=\"color: #000000;\">Aproveite este momento especial.\u00a0<b>Voc\u00ea e sua fam\u00edlia podem alcan\u00e7ar muitas gra\u00e7as<\/b>.<\/span><\/p>\n<p><span style=\"color: #000000;\">E ainda, depois de inscrever seus pedidos, voc\u00ea saber\u00e1 como ganhar esses presentes:<\/span><\/p>\n<p><span style=\"color: #000000;\"><a style=\"color: #000000;\" href=\"tel:08006082128\" target=\"_blank\" rel=\"noopener\"><img loading=\"lazy\" class=\"CToWUd aligncenter\" src=\"https:\/\/ci4.googleusercontent.com\/proxy\/VmLu_vaV_fJJCKu051HK9JGa1o7sPpFtSHSiHCvB1SEalzBh0Zw3bPGeY4JPp13QwMRb_3YUPmhfiYt0rsdctbDEwZSDvAgaA9dFol884VmaNbEBtX3LgZxXkGmw=s0-d-e1-ft#https:\/\/www.adf.org.br\/home\/wp-content\/uploads\/2022\/12\/imagem-centro-1.jpg\" width=\"381\" height=\"240\" data-bit=\"iit\" \/><\/a><\/span><\/p>\n<p><span style=\"color: #000000;\"><b>A imagem de Nossa Senhora de F\u00e1tima e o Ter\u00e7o de Cristal ser\u00e3o enviadas j\u00e1 bentos para o seu lar, para que levem abundantes gra\u00e7as para toda sua fam\u00edlia.<\/b><\/span><\/p>\n<p><span style=\"color: #000000;\">Saber\u00e1 como ganhar esses presentes se ligar\u00a0<span style=\"color: #0000ff;\"><a style=\"color: #0000ff;\" href=\"tel:08006082128\" target=\"_blank\" rel=\"noopener\">aqui<\/a><\/span>\u00a0no apostolado, pelo\u00a0<span style=\"color: #0000ff;\"><a style=\"color: #0000ff;\" href=\"tel:08006082128\" target=\"_blank\" rel=\"noopener\">0800 608 2128<\/a>.<\/span><\/span><\/p>\n<p><span style=\"color: #000000;\">Mas se n\u00e3o conseguir falar conosco, voc\u00ea tamb\u00e9m pode incluir suas inten\u00e7\u00f5es no nosso <span style=\"color: #0000ff;\"><a style=\"color: #0000ff;\" href=\"https:\/\/adf.org.br\/velario\/familias?origem=26525\" target=\"_blank\" rel=\"noopener\">Vel\u00e1rio<\/a>.<\/span><\/span><\/p>\n<p><span style=\"color: #000000;\">Estamos esperando a sua liga\u00e7\u00e3o!<\/span><\/p>\n<p><span style=\"color: #000000;\">Em Jesus e Maria,<\/span><\/p>\n<p><span style=\"color: #000000;\"><strong><i>Carlos Lanna<\/i><\/strong><\/span><br \/>\n<span style=\"color: #000000;\">Coordenador da Associa\u00e7\u00e3o<\/span><br \/>\n<span style=\"color: #000000;\">Devotos de F\u00e1tima<\/span><\/p>\n","protected":false},"excerpt":{"rendered":"<p>Missa de Prote\u00e7\u00e3o e Gra\u00e7as na Fam\u00edlia &nbsp; Neste s\u00e1bado ser\u00e1 celebrada uma Missa especialmente pelas fam\u00edlias. Iremos nos unir em ora\u00e7\u00e3o para suplicar a Nossa Senhora que proteja as fam\u00edlias dos males e conceda as gra\u00e7as que precisam! E rezaremos por voc\u00ea e sua fam\u00edlia se incluir seus pedidos nessa celebra\u00e7\u00e3o. Para inscrever seus [&hellip;]<\/p>\n","protected":false},"author":31,"featured_media":71469,"comment_status":"open","ping_status":"open","sticky":false,"template":"","format":"standard","meta":[],"categories":[20,2473,2621,56,2332],"tags":[291,4915,38],"yoast_head":"<!-- This site is optimized with the Yoast SEO plugin v17.4 - https:\/\/yoast.com\/wordpress\/plugins\/seo\/ -->\n<title>Missa de Prote\u00e7\u00e3o e Gra\u00e7as na Fam\u00edlia - Associa\u00e7\u00e3o Devotos de F\u00e1tima<\/title>\n<meta name=\"description\" content=\"Inclua suas inten\u00e7\u00f5es na Missa de Prote\u00e7\u00e3o e Gra\u00e7as na Fam\u00edlia que faremos celebrar neste s\u00e1bado e pe\u00e7a intercess\u00e3o de Nossa Senhora.\" \/>\n<meta name=\"robots\" content=\"index, follow, max-snippet:-1, max-image-preview:large, max-video-preview:-1\" \/>\n<link rel=\"canonical\" href=\"https:\/\/www.adf.org.br\/home\/missa-de-protecao-e-gracas-na-familia\/\" \/>\n<meta property=\"og:locale\" content=\"pt_BR\" \/>\n<meta property=\"og:type\" content=\"article\" \/>\n<meta property=\"og:title\" content=\"Missa de Prote\u00e7\u00e3o e Gra\u00e7as na Fam\u00edlia - Associa\u00e7\u00e3o Devotos de F\u00e1tima\" \/>\n<meta property=\"og:description\" content=\"Inclua suas inten\u00e7\u00f5es na Missa de Prote\u00e7\u00e3o e Gra\u00e7as na Fam\u00edlia que faremos celebrar neste s\u00e1bado e pe\u00e7a intercess\u00e3o de Nossa Senhora.\" \/>\n<meta property=\"og:url\" content=\"https:\/\/www.adf.org.br\/home\/missa-de-protecao-e-gracas-na-familia\/\" \/>\n<meta property=\"og:site_name\" content=\"Associa\u00e7\u00e3o Devotos de F\u00e1tima\" \/>\n<meta property=\"article:published_time\" content=\"2023-01-11T03:00:03+00:00\" \/>\n<meta property=\"article:modified_time\" content=\"2023-01-09T19:59:36+00:00\" \/>\n<meta property=\"og:image\" content=\"https:\/\/www.adf.org.br\/home\/wp-content\/uploads\/2023\/01\/unnamed-1.jpg\" \/>\n\t<meta property=\"og:image:width\" content=\"800\" \/>\n\t<meta property=\"og:image:height\" content=\"353\" \/>\n<meta name=\"twitter:card\" content=\"summary_large_image\" \/>\n<meta name=\"twitter:label1\" content=\"Escrito por\" \/>\n\t<meta name=\"twitter:data1\" content=\"Gabriel Barbosa\" \/>\n\t<meta name=\"twitter:label2\" content=\"Est. tempo de leitura\" \/>\n\t<meta name=\"twitter:data2\" content=\"2 minutos\" \/>\n<script type=\"application\/ld+json\" class=\"yoast-schema-graph\">{\"@context\":\"https:\/\/schema.org\",\"@graph\":[{\"@type\":\"WebSite\",\"@id\":\"https:\/\/www.adf.org.br\/home\/#website\",\"url\":\"https:\/\/www.adf.org.br\/home\/\",\"name\":\"Associa\\u00e7\\u00e3o Devotos de F\\u00e1tima\",\"description\":\"Associa\\u00e7\\u00e3o Devotos de F\\u00e1tima\",\"potentialAction\":[{\"@type\":\"SearchAction\",\"target\":{\"@type\":\"EntryPoint\",\"urlTemplate\":\"https:\/\/www.adf.org.br\/home\/?s={search_term_string}\"},\"query-input\":\"required name=search_term_string\"}],\"inLanguage\":\"pt-BR\"},{\"@type\":\"ImageObject\",\"@id\":\"https:\/\/www.adf.org.br\/home\/missa-de-protecao-e-gracas-na-familia\/#primaryimage\",\"inLanguage\":\"pt-BR\",\"url\":\"https:\/\/www.adf.org.br\/home\/wp-content\/uploads\/2023\/01\/unnamed-1.jpg\",\"contentUrl\":\"https:\/\/www.adf.org.br\/home\/wp-content\/uploads\/2023\/01\/unnamed-1.jpg\",\"width\":800,\"height\":353},{\"@type\":\"WebPage\",\"@id\":\"https:\/\/www.adf.org.br\/home\/missa-de-protecao-e-gracas-na-familia\/#webpage\",\"url\":\"https:\/\/www.adf.org.br\/home\/missa-de-protecao-e-gracas-na-familia\/\",\"name\":\"Missa de Prote\\u00e7\\u00e3o e Gra\\u00e7as na Fam\\u00edlia - Associa\\u00e7\\u00e3o Devotos de F\\u00e1tima\",\"isPartOf\":{\"@id\":\"https:\/\/www.adf.org.br\/home\/#website\"},\"primaryImageOfPage\":{\"@id\":\"https:\/\/www.adf.org.br\/home\/missa-de-protecao-e-gracas-na-familia\/#primaryimage\"},\"datePublished\":\"2023-01-11T03:00:03+00:00\",\"dateModified\":\"2023-01-09T19:59:36+00:00\",\"author\":{\"@id\":\"https:\/\/www.adf.org.br\/home\/#\/schema\/person\/f35a5c5aa7728a3dedf4ea9aa1fc2753\"},\"description\":\"Inclua suas inten\\u00e7\\u00f5es na Missa de Prote\\u00e7\\u00e3o e Gra\\u00e7as na Fam\\u00edlia que faremos celebrar neste s\\u00e1bado e pe\\u00e7a intercess\\u00e3o de Nossa Senhora.\",\"breadcrumb\":{\"@id\":\"https:\/\/www.adf.org.br\/home\/missa-de-protecao-e-gracas-na-familia\/#breadcrumb\"},\"inLanguage\":\"pt-BR\",\"potentialAction\":[{\"@type\":\"ReadAction\",\"target\":[\"https:\/\/www.adf.org.br\/home\/missa-de-protecao-e-gracas-na-familia\/\"]}]},{\"@type\":\"BreadcrumbList\",\"@id\":\"https:\/\/www.adf.org.br\/home\/missa-de-protecao-e-gracas-na-familia\/#breadcrumb\",\"itemListElement\":[{\"@type\":\"ListItem\",\"position\":1,\"name\":\"Home\",\"item\":\"https:\/\/www.adf.org.br\/home\/\"},{\"@type\":\"ListItem\",\"position\":2,\"name\":\"Missa de Prote\\u00e7\\u00e3o e Gra\\u00e7as na Fam\\u00edlia\"}]},{\"@type\":\"Person\",\"@id\":\"https:\/\/www.adf.org.br\/home\/#\/schema\/person\/f35a5c5aa7728a3dedf4ea9aa1fc2753\",\"name\":\"Gabriel Barbosa\",\"image\":{\"@type\":\"ImageObject\",\"@id\":\"https:\/\/www.adf.org.br\/home\/#personlogo\",\"inLanguage\":\"pt-BR\",\"url\":\"https:\/\/secure.gravatar.com\/avatar\/2b2cb2f4637682c5605e8d36818f51ef?s=96&d=mm&r=g\",\"contentUrl\":\"https:\/\/secure.gravatar.com\/avatar\/2b2cb2f4637682c5605e8d36818f51ef?s=96&d=mm&r=g\",\"caption\":\"Gabriel Barbosa\"},\"url\":\"https:\/\/www.adf.org.br\/home\/author\/gabrielpmk-com-br\/\"}]}<\/script>\n<!-- \/ Yoast SEO plugin. -->","yoast_head_json":{"title":"Missa de Prote\u00e7\u00e3o e Gra\u00e7as na Fam\u00edlia - Associa\u00e7\u00e3o Devotos de F\u00e1tima","description":"Inclua suas inten\u00e7\u00f5es na Missa de Prote\u00e7\u00e3o e Gra\u00e7as na Fam\u00edlia que faremos celebrar neste s\u00e1bado e pe\u00e7a intercess\u00e3o de Nossa Senhora.","robots":{"index":"index","follow":"follow","max-snippet":"max-snippet:-1","max-image-preview":"max-image-preview:large","max-video-preview":"max-video-preview:-1"},"canonical":"https:\/\/www.adf.org.br\/home\/missa-de-protecao-e-gracas-na-familia\/","og_locale":"pt_BR","og_type":"article","og_title":"Missa de Prote\u00e7\u00e3o e Gra\u00e7as na Fam\u00edlia - Associa\u00e7\u00e3o Devotos de F\u00e1tima","og_description":"Inclua suas inten\u00e7\u00f5es na Missa de Prote\u00e7\u00e3o e Gra\u00e7as na Fam\u00edlia que faremos celebrar neste s\u00e1bado e pe\u00e7a intercess\u00e3o de Nossa Senhora.","og_url":"https:\/\/www.adf.org.br\/home\/missa-de-protecao-e-gracas-na-familia\/","og_site_name":"Associa\u00e7\u00e3o Devotos de F\u00e1tima","article_published_time":"2023-01-11T03:00:03+00:00","article_modified_time":"2023-01-09T19:59:36+00:00","og_image":[{"width":800,"height":353,"url":"https:\/\/www.adf.org.br\/home\/wp-content\/uploads\/2023\/01\/unnamed-1.jpg","type":"image\/jpeg"}],"twitter_card":"summary_large_image","twitter_misc":{"Escrito por":"Gabriel Barbosa","Est. tempo de leitura":"2 minutos"},"schema":{"@context":"https:\/\/schema.org","@graph":[{"@type":"WebSite","@id":"https:\/\/www.adf.org.br\/home\/#website","url":"https:\/\/www.adf.org.br\/home\/","name":"Associa\u00e7\u00e3o Devotos de F\u00e1tima","description":"Associa\u00e7\u00e3o Devotos de F\u00e1tima","potentialAction":[{"@type":"SearchAction","target":{"@type":"EntryPoint","urlTemplate":"https:\/\/www.adf.org.br\/home\/?s={search_term_string}"},"query-input":"required name=search_term_string"}],"inLanguage":"pt-BR"},{"@type":"ImageObject","@id":"https:\/\/www.adf.org.br\/home\/missa-de-protecao-e-gracas-na-familia\/#primaryimage","inLanguage":"pt-BR","url":"https:\/\/www.adf.org.br\/home\/wp-content\/uploads\/2023\/01\/unnamed-1.jpg","contentUrl":"https:\/\/www.adf.org.br\/home\/wp-content\/uploads\/2023\/01\/unnamed-1.jpg","width":800,"height":353},{"@type":"WebPage","@id":"https:\/\/www.adf.org.br\/home\/missa-de-protecao-e-gracas-na-familia\/#webpage","url":"https:\/\/www.adf.org.br\/home\/missa-de-protecao-e-gracas-na-familia\/","name":"Missa de Prote\u00e7\u00e3o e Gra\u00e7as na Fam\u00edlia - Associa\u00e7\u00e3o Devotos de F\u00e1tima","isPartOf":{"@id":"https:\/\/www.adf.org.br\/home\/#website"},"primaryImageOfPage":{"@id":"https:\/\/www.adf.org.br\/home\/missa-de-protecao-e-gracas-na-familia\/#primaryimage"},"datePublished":"2023-01-11T03:00:03+00:00","dateModified":"2023-01-09T19:59:36+00:00","author":{"@id":"https:\/\/www.adf.org.br\/home\/#\/schema\/person\/f35a5c5aa7728a3dedf4ea9aa1fc2753"},"description":"Inclua suas inten\u00e7\u00f5es na Missa de Prote\u00e7\u00e3o e Gra\u00e7as na Fam\u00edlia que faremos celebrar neste s\u00e1bado e pe\u00e7a intercess\u00e3o de Nossa Senhora.","breadcrumb":{"@id":"https:\/\/www.adf.org.br\/home\/missa-de-protecao-e-gracas-na-familia\/#breadcrumb"},"inLanguage":"pt-BR","potentialAction":[{"@type":"ReadAction","target":["https:\/\/www.adf.org.br\/home\/missa-de-protecao-e-gracas-na-familia\/"]}]},{"@type":"BreadcrumbList","@id":"https:\/\/www.adf.org.br\/home\/missa-de-protecao-e-gracas-na-familia\/#breadcrumb","itemListElement":[{"@type":"ListItem","position":1,"name":"Home","item":"https:\/\/www.adf.org.br\/home\/"},{"@type":"ListItem","position":2,"name":"Missa de Prote\u00e7\u00e3o e Gra\u00e7as na Fam\u00edlia"}]},{"@type":"Person","@id":"https:\/\/www.adf.org.br\/home\/#\/schema\/person\/f35a5c5aa7728a3dedf4ea9aa1fc2753","name":"Gabriel Barbosa","image":{"@type":"ImageObject","@id":"https:\/\/www.adf.org.br\/home\/#personlogo","inLanguage":"pt-BR","url":"https:\/\/secure.gravatar.com\/avatar\/2b2cb2f4637682c5605e8d36818f51ef?s=96&d=mm&r=g","contentUrl":"https:\/\/secure.gravatar.com\/avatar\/2b2cb2f4637682c5605e8d36818f51ef?s=96&d=mm&r=g","caption":"Gabriel Barbosa"},"url":"https:\/\/www.adf.org.br\/home\/author\/gabrielpmk-com-br\/"}]}},"_links":{"self":[{"href":"https:\/\/www.adf.org.br\/home\/wp-json\/wp\/v2\/posts\/71468"}],"collection":[{"href":"https:\/\/www.adf.org.br\/home\/wp-json\/wp\/v2\/posts"}],"about":[{"href":"https:\/\/www.adf.org.br\/home\/wp-json\/wp\/v2\/types\/post"}],"author":[{"embeddable":true,"href":"https:\/\/www.adf.org.br\/home\/wp-json\/wp\/v2\/users\/31"}],"replies":[{"embeddable":true,"href":"https:\/\/www.adf.org.br\/home\/wp-json\/wp\/v2\/comments?post=71468"}],"version-history":[{"count":5,"href":"https:\/\/www.adf.org.br\/home\/wp-json\/wp\/v2\/posts\/71468\/revisions"}],"predecessor-version":[{"id":71471,"href":"https:\/\/www.adf.org.br\/home\/wp-json\/wp\/v2\/posts\/71468\/revisions\/71471"}],"wp:featuredmedia":[{"embeddable":true,"href":"https:\/\/www.adf.org.br\/home\/wp-json\/wp\/v2\/media\/71469"}],"wp:attachment":[{"href":"https:\/\/www.adf.org.br\/home\/wp-json\/wp\/v2\/media?parent=71468"}],"wp:term":[{"taxonomy":"category","embeddable":true,"href":"https:\/\/www.adf.org.br\/home\/wp-json\/wp\/v2\/categories?post=71468"},{"taxonomy":"post_tag","embeddable":true,"href":"https:\/\/www.adf.org.br\/home\/wp-json\/wp\/v2\/tags?post=71468"}],"curies":[{"name":"wp","href":"https:\/\/api.w.org\/{rel}","templated":true}]}}