{"id":71215,"date":"2022-12-25T00:00:41","date_gmt":"2022-12-25T03:00:41","guid":{"rendered":"https:\/\/www.adf.org.br\/home\/santo-natal-nascimento-de-jesus-nosso-senhor-visto-por-uma-santa-voce-vai-se-emocionar-copy\/"},"modified":"2022-11-16T16:00:46","modified_gmt":"2022-11-16T19:00:46","slug":"santo-natal-nascimento-de-jesus-visto-por-uma-santa-voce-vai-se-emocionar","status":"publish","type":"post","link":"https:\/\/www.adf.org.br\/home\/santo-natal-nascimento-de-jesus-visto-por-uma-santa-voce-vai-se-emocionar\/","title":{"rendered":"Santo Natal: Nascimento de Jesus visto por uma santa. Voc\u00ea vai se emocionar!"},"content":{"rendered":"<h2 style=\"text-align: center;\"><span style=\"color: #000000;\"><strong>Santo Natal: Nascimento de Jesus Nosso Senhor visto por uma santa. Voc\u00ea vai se emocionar!<\/strong><\/span><\/h2>\n<p>&nbsp;<\/p>\n<figure id=\"attachment_66878\" aria-describedby=\"caption-attachment-66878\" style=\"width: 717px\" class=\"wp-caption aligncenter\"><a href=\"https:\/\/www.adf.org.br\/velanatalina\/?origem=26005\" target=\"_blank\" rel=\"noopener\"><img loading=\"lazy\" class=\"wp-image-66878\" src=\"https:\/\/www.adf.org.br\/home\/wp-content\/uploads\/2021\/12\/AdobeStock_229781474-1024x576-1.jpeg\" alt=\"\" width=\"717\" height=\"403\" srcset=\"https:\/\/www.adf.org.br\/home\/wp-content\/uploads\/2021\/12\/AdobeStock_229781474-1024x576-1.jpeg 1024w, https:\/\/www.adf.org.br\/home\/wp-content\/uploads\/2021\/12\/AdobeStock_229781474-1024x576-1-300x169.jpeg 300w, https:\/\/www.adf.org.br\/home\/wp-content\/uploads\/2021\/12\/AdobeStock_229781474-1024x576-1-768x432.jpeg 768w\" sizes=\"(max-width: 717px) 100vw, 717px\" \/><\/a><figcaption id=\"caption-attachment-66878\" class=\"wp-caption-text\"><center>Nascimento de Jesus<\/center><\/figcaption><\/figure>\n<p><em><span style=\"color: #000000;\"><strong><span style=\"color: #800080; font-size: 32px;\">A<\/span><\/strong> Vener\u00e1vel Maria de \u00c1greda, m\u00edstica da Ordem da Imaculada Concei\u00e7\u00e3o, foi favorecida por Nossa Senhora com vis\u00f5es sobre a vida da M\u00e3e de Deus.<\/span><\/em><\/p>\n<p><em><span style=\"color: #000000;\">Esta alma privilegiada pode ver narrado pela pr\u00f3pria Virgem Maria, como foi o Nascimento de Nosso Senhor Jesus Cristo.<\/span><\/em><\/p>\n<p><em><span style=\"color: #000000;\">Veja que emocionante!<\/span><\/em><\/p>\n<p style=\"text-align: left; padding-left: 40px;\"><span style=\"color: #000000;\"><i>\u201c<\/i><\/span><span style=\"color: #000000;\">Declarou o Alt\u00edssimo \u00e0 sua <a href=\"https:\/\/www.adf.org.br\/velanatalina\/?origem=26005\" target=\"_blank\" rel=\"noopener\"><span style=\"color: #0000ff;\">Virgem M\u00e3e<\/span><\/a> que chegara o momento de deixar seu virginal seio e aparecer no mundo, e o modo como isso seria realizado&#8230;<\/span><\/p>\n<p style=\"padding-left: 40px;\"><span style=\"color: #000000;\">Prudente e humildemente o pensava e pesava a M\u00e3e da Sabedoria: <\/span><\/p>\n<p style=\"padding-left: 40px;\"><span style=\"color: #800080;\"><strong>e porque se humilhou at\u00e9 o p\u00f3 e se aniquilou na presen\u00e7a do Alt\u00edssimo, foi por Ele elevada e confirmada no t\u00edtulo de M\u00e3e sua..<\/strong><\/span><\/p>\n<p style=\"padding-left: 40px;\"><span style=\"color: #000000;\">Ordenou-lhe que, como leg\u00edtima e verdadeira M\u00e3e, exercesse esse oficio; que o tratasse como a Filho do eterno Pai e juntamente Filho de suas entranhas..<\/span><\/p>\n<h4 style=\"padding-left: 40px;\"><span style=\"color: #000000;\"><strong>Tudo isto p\u00f4de ser confiado a tal M\u00e3e. Mais, n\u00e3o \u00e9 poss\u00edvel explicar com palavras. [&#8230;]<\/strong><\/span><\/h4>\n<p style=\"padding-left: 40px;\"><span style=\"color: #000000;\">Esteve <span style=\"color: #0000ff;\"><a style=\"color: #0000ff;\" href=\"https:\/\/www.adf.org.br\/velanatalina\/?origem=26005\" target=\"_blank\" rel=\"noopener\">Maria Sant\u00edssima<\/a><\/span> neste \u00eaxtase e vis\u00e3o beat\u00edfica, mais de uma hora imediata a seu divino parto. <\/span><\/p>\n<p style=\"padding-left: 40px;\"><span style=\"color: #000000;\">Ao mesmo tempo que voltava do \u00eaxtase, percebeu e viu que o corpo do Menino Deus movia-se em seu virginal seio, para deixar aquele sagrada habita\u00e7\u00e3o onde permanecera por nove meses..<\/span><\/p>\n<p style=\"padding-left: 40px;\"><span style=\"color: #800080;\"><strong>Este movimento do Menino n\u00e3o produziu dores \u00e0 <span style=\"color: #0000ff;\"><a style=\"color: #0000ff;\" href=\"https:\/\/www.adf.org.br\/velanatalina\/?origem=26005\" target=\"_blank\" rel=\"noopener\">Virgem M\u00e3e<\/a><\/span>, como acontece \u00e0s demais filhas de Ad\u00e3o e Eva, em seus partos. <\/strong><\/span><\/p>\n<p style=\"padding-left: 40px;\"><span style=\"color: #000000;\">Pelo contr\u00e1rio, transportou-a de j\u00fabilo incompar\u00e1vel, causando em sua alma e virginal corpo efeitos t\u00e3o divinos e elevados que ultrapassam a todo pensamento criado..<\/span><\/p>\n<p style=\"padding-left: 40px;\"><span style=\"color: #000000;\">Corporalmente tornou-se t\u00e3o espiritualizada, formosa e refulgente que n\u00e3o parecia criatura humana e terrena. <\/span><\/p>\n<h4 style=\"padding-left: 40px;\"><span style=\"color: #000000;\"><strong>O rosto desprendia raios de luz como bel\u00edssimo e rosado sol; sua express\u00e3o era grave, de admir\u00e1vel majestade e inflamado de ardente amor.<\/strong><\/span><\/h4>\n<p style=\"padding-left: 40px;\"><span style=\"color: #000000;\">Estava ajoelhada na manjedoura, os olhos elevados para o c\u00e9u, as m\u00e3os juntas sobre o peito, o esp\u00edrito absorto na divindade, toda deificada.\u00a0<\/span><\/p>\n<p style=\"padding-left: 40px;\"><span style=\"color: #800080;\"><strong>Nesta posi\u00e7\u00e3o, no final de seu \u00eaxtase, a eminent\u00edssima <span style=\"color: #0000ff;\"><a style=\"color: #0000ff;\" href=\"https:\/\/www.adf.org.br\/velanatalina\/?origem=26005\" target=\"_blank\" rel=\"noopener\">Senhora<\/a><\/span> deu ao mundo o Unig\u00eanito do Pai e seu, nosso Salvador Jesus, Deus e homem verdadeiro.<\/strong><\/span><\/p>\n<p style=\"padding-left: 40px;\"><span style=\"color: #000000;\">Era a meia-noite de um domingo, no ano 5.199 desde a cria\u00e7\u00e3o do mundo, como ensina a Santa Igreja Romana<i>\u201d<\/i>.<\/span><\/p>\n<h5 style=\"text-align: right;\"><span style=\"color: #000000;\"><b>Fonte:\u00a0<\/b><i>\u201cM\u00edstica Cidade de Deus\u201d<\/i>, Soror Maria de \u00c1greda, t. II \u2013 Mosteiro Portaceli \u2013 Ano 2001<\/span><\/h5>\n<h3 style=\"text-align: center;\"><strong>****<\/strong><\/h3>\n<p style=\"text-align: center;\"><strong><span style=\"color: #000000;\">Conte com as b\u00ean\u00e7\u00e3os do Menino Jesus para um Natal de alegria, paz e harmonia em sua fam\u00edlia!<\/span><\/strong><\/p>\n<p><span style=\"color: #000000;\">Para isso, <span style=\"color: #0000ff;\"><a style=\"color: #0000ff;\" href=\"https:\/\/www.adf.org.br\/velanatalina\/?origem=26005\" target=\"_blank\" rel=\"noopener\"><span style=\"text-decoration: underline;\">acenda a Vela Natalina<\/span><\/a><\/span> e tenha seus pedidos e s\u00faplicas inclu\u00eddos na Santa Missa de Natal, que ser\u00e1 celebrada no dia 25 de dezembro.<\/span><\/p>\n<p><a href=\"https:\/\/www.adf.org.br\/velanatalina\/?origem=26005\" target=\"_blank\" rel=\"noopener\"><img loading=\"lazy\" class=\"wp-image-62941 aligncenter\" src=\"https:\/\/www.adf.org.br\/home\/wp-content\/uploads\/2020\/12\/capa-post-vela-300x175.gif\" alt=\"\" width=\"319\" height=\"186\" \/><\/a><\/p>\n<p><span style=\"color: #000000;\">N\u00e3o esque\u00e7a, de incluir aqueles que voc\u00ea deseja que tenham tamb\u00e9m um Santo e Feliz Natal!<\/span><\/p>\n","protected":false},"excerpt":{"rendered":"<p>Santo Natal: Nascimento de Jesus Nosso Senhor visto por uma santa. Voc\u00ea vai se emocionar! &nbsp; A Vener\u00e1vel Maria de \u00c1greda, m\u00edstica da Ordem da Imaculada Concei\u00e7\u00e3o, foi favorecida por Nossa Senhora com vis\u00f5es sobre a vida da M\u00e3e de Deus. Esta alma privilegiada pode ver narrado pela pr\u00f3pria Virgem Maria, como foi o Nascimento [&hellip;]<\/p>\n","protected":false},"author":31,"featured_media":66878,"comment_status":"open","ping_status":"open","sticky":false,"template":"","format":"standard","meta":[],"categories":[20,3069,56],"tags":[39],"yoast_head":"<!-- This site is optimized with the Yoast SEO plugin v17.4 - https:\/\/yoast.com\/wordpress\/plugins\/seo\/ -->\n<title>Santo Natal: Nascimento de Jesus visto por uma santa. Voc\u00ea vai se emocionar!<\/title>\n<meta name=\"description\" content=\"Uma alma privilegiada recebeu da Virgem Nossa Senhora a revela\u00e7\u00e3o de como aconteceu o nascimento de Jesus Nosso Senhor. Clique aqui e conhe\u00e7a. \u00c9 emocionante!\" \/>\n<meta name=\"robots\" content=\"index, follow, max-snippet:-1, max-image-preview:large, max-video-preview:-1\" \/>\n<link rel=\"canonical\" href=\"https:\/\/www.adf.org.br\/home\/santo-natal-nascimento-de-jesus-visto-por-uma-santa-voce-vai-se-emocionar\/\" \/>\n<meta property=\"og:locale\" content=\"pt_BR\" \/>\n<meta property=\"og:type\" content=\"article\" \/>\n<meta property=\"og:title\" content=\"Santo Natal: Nascimento de Jesus visto por uma santa. Voc\u00ea vai se emocionar!\" \/>\n<meta property=\"og:description\" content=\"Uma alma privilegiada recebeu da Virgem Nossa Senhora a revela\u00e7\u00e3o de como aconteceu o nascimento de Jesus Nosso Senhor. Clique aqui e conhe\u00e7a. \u00c9 emocionante!\" \/>\n<meta property=\"og:url\" content=\"https:\/\/www.adf.org.br\/home\/santo-natal-nascimento-de-jesus-visto-por-uma-santa-voce-vai-se-emocionar\/\" \/>\n<meta property=\"og:site_name\" content=\"Associa\u00e7\u00e3o Devotos de F\u00e1tima\" \/>\n<meta property=\"article:published_time\" content=\"2022-12-25T03:00:41+00:00\" \/>\n<meta property=\"article:modified_time\" content=\"2022-11-16T19:00:46+00:00\" \/>\n<meta property=\"og:image\" content=\"https:\/\/www.adf.org.br\/home\/wp-content\/uploads\/2021\/12\/AdobeStock_229781474-1024x576-1.jpeg\" \/>\n\t<meta property=\"og:image:width\" content=\"1024\" \/>\n\t<meta property=\"og:image:height\" content=\"576\" \/>\n<meta name=\"twitter:card\" content=\"summary_large_image\" \/>\n<meta name=\"twitter:label1\" content=\"Escrito por\" \/>\n\t<meta name=\"twitter:data1\" content=\"Gabriel Barbosa\" \/>\n\t<meta name=\"twitter:label2\" content=\"Est. tempo de leitura\" \/>\n\t<meta name=\"twitter:data2\" content=\"3 minutos\" \/>\n<script type=\"application\/ld+json\" class=\"yoast-schema-graph\">{\"@context\":\"https:\/\/schema.org\",\"@graph\":[{\"@type\":\"WebSite\",\"@id\":\"https:\/\/www.adf.org.br\/home\/#website\",\"url\":\"https:\/\/www.adf.org.br\/home\/\",\"name\":\"Associa\\u00e7\\u00e3o Devotos de F\\u00e1tima\",\"description\":\"Associa\\u00e7\\u00e3o Devotos de F\\u00e1tima\",\"potentialAction\":[{\"@type\":\"SearchAction\",\"target\":{\"@type\":\"EntryPoint\",\"urlTemplate\":\"https:\/\/www.adf.org.br\/home\/?s={search_term_string}\"},\"query-input\":\"required name=search_term_string\"}],\"inLanguage\":\"pt-BR\"},{\"@type\":\"ImageObject\",\"@id\":\"https:\/\/www.adf.org.br\/home\/santo-natal-nascimento-de-jesus-visto-por-uma-santa-voce-vai-se-emocionar\/#primaryimage\",\"inLanguage\":\"pt-BR\",\"url\":\"https:\/\/www.adf.org.br\/home\/wp-content\/uploads\/2021\/12\/AdobeStock_229781474-1024x576-1.jpeg\",\"contentUrl\":\"https:\/\/www.adf.org.br\/home\/wp-content\/uploads\/2021\/12\/AdobeStock_229781474-1024x576-1.jpeg\",\"width\":1024,\"height\":576},{\"@type\":\"WebPage\",\"@id\":\"https:\/\/www.adf.org.br\/home\/santo-natal-nascimento-de-jesus-visto-por-uma-santa-voce-vai-se-emocionar\/#webpage\",\"url\":\"https:\/\/www.adf.org.br\/home\/santo-natal-nascimento-de-jesus-visto-por-uma-santa-voce-vai-se-emocionar\/\",\"name\":\"Santo Natal: Nascimento de Jesus visto por uma santa. Voc\\u00ea vai se emocionar!\",\"isPartOf\":{\"@id\":\"https:\/\/www.adf.org.br\/home\/#website\"},\"primaryImageOfPage\":{\"@id\":\"https:\/\/www.adf.org.br\/home\/santo-natal-nascimento-de-jesus-visto-por-uma-santa-voce-vai-se-emocionar\/#primaryimage\"},\"datePublished\":\"2022-12-25T03:00:41+00:00\",\"dateModified\":\"2022-11-16T19:00:46+00:00\",\"author\":{\"@id\":\"https:\/\/www.adf.org.br\/home\/#\/schema\/person\/f35a5c5aa7728a3dedf4ea9aa1fc2753\"},\"description\":\"Uma alma privilegiada recebeu da Virgem Nossa Senhora a revela\\u00e7\\u00e3o de como aconteceu o nascimento de Jesus Nosso Senhor. Clique aqui e conhe\\u00e7a. \\u00c9 emocionante!\",\"breadcrumb\":{\"@id\":\"https:\/\/www.adf.org.br\/home\/santo-natal-nascimento-de-jesus-visto-por-uma-santa-voce-vai-se-emocionar\/#breadcrumb\"},\"inLanguage\":\"pt-BR\",\"potentialAction\":[{\"@type\":\"ReadAction\",\"target\":[\"https:\/\/www.adf.org.br\/home\/santo-natal-nascimento-de-jesus-visto-por-uma-santa-voce-vai-se-emocionar\/\"]}]},{\"@type\":\"BreadcrumbList\",\"@id\":\"https:\/\/www.adf.org.br\/home\/santo-natal-nascimento-de-jesus-visto-por-uma-santa-voce-vai-se-emocionar\/#breadcrumb\",\"itemListElement\":[{\"@type\":\"ListItem\",\"position\":1,\"name\":\"Home\",\"item\":\"https:\/\/www.adf.org.br\/home\/\"},{\"@type\":\"ListItem\",\"position\":2,\"name\":\"Santo Natal: Nascimento de Jesus visto por uma santa. Voc\\u00ea vai se emocionar!\"}]},{\"@type\":\"Person\",\"@id\":\"https:\/\/www.adf.org.br\/home\/#\/schema\/person\/f35a5c5aa7728a3dedf4ea9aa1fc2753\",\"name\":\"Gabriel Barbosa\",\"image\":{\"@type\":\"ImageObject\",\"@id\":\"https:\/\/www.adf.org.br\/home\/#personlogo\",\"inLanguage\":\"pt-BR\",\"url\":\"https:\/\/secure.gravatar.com\/avatar\/2b2cb2f4637682c5605e8d36818f51ef?s=96&d=mm&r=g\",\"contentUrl\":\"https:\/\/secure.gravatar.com\/avatar\/2b2cb2f4637682c5605e8d36818f51ef?s=96&d=mm&r=g\",\"caption\":\"Gabriel Barbosa\"},\"url\":\"https:\/\/www.adf.org.br\/home\/author\/gabrielpmk-com-br\/\"}]}<\/script>\n<!-- \/ Yoast SEO plugin. -->","yoast_head_json":{"title":"Santo Natal: Nascimento de Jesus visto por uma santa. Voc\u00ea vai se emocionar!","description":"Uma alma privilegiada recebeu da Virgem Nossa Senhora a revela\u00e7\u00e3o de como aconteceu o nascimento de Jesus Nosso Senhor. Clique aqui e conhe\u00e7a. \u00c9 emocionante!","robots":{"index":"index","follow":"follow","max-snippet":"max-snippet:-1","max-image-preview":"max-image-preview:large","max-video-preview":"max-video-preview:-1"},"canonical":"https:\/\/www.adf.org.br\/home\/santo-natal-nascimento-de-jesus-visto-por-uma-santa-voce-vai-se-emocionar\/","og_locale":"pt_BR","og_type":"article","og_title":"Santo Natal: Nascimento de Jesus visto por uma santa. Voc\u00ea vai se emocionar!","og_description":"Uma alma privilegiada recebeu da Virgem Nossa Senhora a revela\u00e7\u00e3o de como aconteceu o nascimento de Jesus Nosso Senhor. Clique aqui e conhe\u00e7a. \u00c9 emocionante!","og_url":"https:\/\/www.adf.org.br\/home\/santo-natal-nascimento-de-jesus-visto-por-uma-santa-voce-vai-se-emocionar\/","og_site_name":"Associa\u00e7\u00e3o Devotos de F\u00e1tima","article_published_time":"2022-12-25T03:00:41+00:00","article_modified_time":"2022-11-16T19:00:46+00:00","og_image":[{"width":1024,"height":576,"url":"https:\/\/www.adf.org.br\/home\/wp-content\/uploads\/2021\/12\/AdobeStock_229781474-1024x576-1.jpeg","type":"image\/jpeg"}],"twitter_card":"summary_large_image","twitter_misc":{"Escrito por":"Gabriel Barbosa","Est. tempo de leitura":"3 minutos"},"schema":{"@context":"https:\/\/schema.org","@graph":[{"@type":"WebSite","@id":"https:\/\/www.adf.org.br\/home\/#website","url":"https:\/\/www.adf.org.br\/home\/","name":"Associa\u00e7\u00e3o Devotos de F\u00e1tima","description":"Associa\u00e7\u00e3o Devotos de F\u00e1tima","potentialAction":[{"@type":"SearchAction","target":{"@type":"EntryPoint","urlTemplate":"https:\/\/www.adf.org.br\/home\/?s={search_term_string}"},"query-input":"required name=search_term_string"}],"inLanguage":"pt-BR"},{"@type":"ImageObject","@id":"https:\/\/www.adf.org.br\/home\/santo-natal-nascimento-de-jesus-visto-por-uma-santa-voce-vai-se-emocionar\/#primaryimage","inLanguage":"pt-BR","url":"https:\/\/www.adf.org.br\/home\/wp-content\/uploads\/2021\/12\/AdobeStock_229781474-1024x576-1.jpeg","contentUrl":"https:\/\/www.adf.org.br\/home\/wp-content\/uploads\/2021\/12\/AdobeStock_229781474-1024x576-1.jpeg","width":1024,"height":576},{"@type":"WebPage","@id":"https:\/\/www.adf.org.br\/home\/santo-natal-nascimento-de-jesus-visto-por-uma-santa-voce-vai-se-emocionar\/#webpage","url":"https:\/\/www.adf.org.br\/home\/santo-natal-nascimento-de-jesus-visto-por-uma-santa-voce-vai-se-emocionar\/","name":"Santo Natal: Nascimento de Jesus visto por uma santa. Voc\u00ea vai se emocionar!","isPartOf":{"@id":"https:\/\/www.adf.org.br\/home\/#website"},"primaryImageOfPage":{"@id":"https:\/\/www.adf.org.br\/home\/santo-natal-nascimento-de-jesus-visto-por-uma-santa-voce-vai-se-emocionar\/#primaryimage"},"datePublished":"2022-12-25T03:00:41+00:00","dateModified":"2022-11-16T19:00:46+00:00","author":{"@id":"https:\/\/www.adf.org.br\/home\/#\/schema\/person\/f35a5c5aa7728a3dedf4ea9aa1fc2753"},"description":"Uma alma privilegiada recebeu da Virgem Nossa Senhora a revela\u00e7\u00e3o de como aconteceu o nascimento de Jesus Nosso Senhor. Clique aqui e conhe\u00e7a. \u00c9 emocionante!","breadcrumb":{"@id":"https:\/\/www.adf.org.br\/home\/santo-natal-nascimento-de-jesus-visto-por-uma-santa-voce-vai-se-emocionar\/#breadcrumb"},"inLanguage":"pt-BR","potentialAction":[{"@type":"ReadAction","target":["https:\/\/www.adf.org.br\/home\/santo-natal-nascimento-de-jesus-visto-por-uma-santa-voce-vai-se-emocionar\/"]}]},{"@type":"BreadcrumbList","@id":"https:\/\/www.adf.org.br\/home\/santo-natal-nascimento-de-jesus-visto-por-uma-santa-voce-vai-se-emocionar\/#breadcrumb","itemListElement":[{"@type":"ListItem","position":1,"name":"Home","item":"https:\/\/www.adf.org.br\/home\/"},{"@type":"ListItem","position":2,"name":"Santo Natal: Nascimento de Jesus visto por uma santa. Voc\u00ea vai se emocionar!"}]},{"@type":"Person","@id":"https:\/\/www.adf.org.br\/home\/#\/schema\/person\/f35a5c5aa7728a3dedf4ea9aa1fc2753","name":"Gabriel Barbosa","image":{"@type":"ImageObject","@id":"https:\/\/www.adf.org.br\/home\/#personlogo","inLanguage":"pt-BR","url":"https:\/\/secure.gravatar.com\/avatar\/2b2cb2f4637682c5605e8d36818f51ef?s=96&d=mm&r=g","contentUrl":"https:\/\/secure.gravatar.com\/avatar\/2b2cb2f4637682c5605e8d36818f51ef?s=96&d=mm&r=g","caption":"Gabriel Barbosa"},"url":"https:\/\/www.adf.org.br\/home\/author\/gabrielpmk-com-br\/"}]}},"_links":{"self":[{"href":"https:\/\/www.adf.org.br\/home\/wp-json\/wp\/v2\/posts\/71215"}],"collection":[{"href":"https:\/\/www.adf.org.br\/home\/wp-json\/wp\/v2\/posts"}],"about":[{"href":"https:\/\/www.adf.org.br\/home\/wp-json\/wp\/v2\/types\/post"}],"author":[{"embeddable":true,"href":"https:\/\/www.adf.org.br\/home\/wp-json\/wp\/v2\/users\/31"}],"replies":[{"embeddable":true,"href":"https:\/\/www.adf.org.br\/home\/wp-json\/wp\/v2\/comments?post=71215"}],"version-history":[{"count":3,"href":"https:\/\/www.adf.org.br\/home\/wp-json\/wp\/v2\/posts\/71215\/revisions"}],"predecessor-version":[{"id":71218,"href":"https:\/\/www.adf.org.br\/home\/wp-json\/wp\/v2\/posts\/71215\/revisions\/71218"}],"wp:featuredmedia":[{"embeddable":true,"href":"https:\/\/www.adf.org.br\/home\/wp-json\/wp\/v2\/media\/66878"}],"wp:attachment":[{"href":"https:\/\/www.adf.org.br\/home\/wp-json\/wp\/v2\/media?parent=71215"}],"wp:term":[{"taxonomy":"category","embeddable":true,"href":"https:\/\/www.adf.org.br\/home\/wp-json\/wp\/v2\/categories?post=71215"},{"taxonomy":"post_tag","embeddable":true,"href":"https:\/\/www.adf.org.br\/home\/wp-json\/wp\/v2\/tags?post=71215"}],"curies":[{"name":"wp","href":"https:\/\/api.w.org\/{rel}","templated":true}]}}