{"id":7109,"date":"2010-11-26T23:30:30","date_gmt":"2010-11-27T01:30:30","guid":{"rendered":"http:\/\/www.adf.org.br\/home\/?p=7109"},"modified":"2020-06-09T11:10:08","modified_gmt":"2020-06-09T14:10:08","slug":"hoje-e-dia-de-homenagear-nossa-senhora-das-gracas","status":"publish","type":"post","link":"https:\/\/www.adf.org.br\/home\/hoje-e-dia-de-homenagear-nossa-senhora-das-gracas\/","title":{"rendered":"Hoje \u00e9 dia de homenagear Nossa Senhora das Gra\u00e7as"},"content":{"rendered":"<p style=\"text-align: center;\"><a href=\"http:\/\/oratoriodamedalhamilagrosa.org.br\/home\/\" target=\"_blank\" rel=\"noopener noreferrer\"><img loading=\"lazy\" class=\"aligncenter size-full wp-image-7110\" title=\"Santa-Catarina-Laboure\" src=\"http:\/\/www.adf.org.br\/home\/wp-content\/uploads\/2010\/11\/Santa-Catarina-Laboure.jpg\" alt=\"\" width=\"223\" height=\"330\" \/><\/a><\/p>\n<p style=\"text-align: left;\"><span style=\"color: #333300;\"><span style=\"font-size: small;\"><span style=\"font-family: Tahoma;\"><strong>Em 1830, Nossa  \t\t\t\t\t\t\t\t\t\t\t\t\t\t\t\tSenhora  \t\t\t\t\t\t\t\t\t\t\t\t\t\t\t\tapareceu, em  \t\t\t\t\t\t\t\t\t\t\t\t\t\t\t\tParis, a Santa  \t\t\t\t\t\t\t\t\t\t\t\t\t\t\t\tCatarina Labour\u00e9<\/strong>, ent\u00e3o  \t\t\t\t\t\t\t\t\t\t\t\t\t\t\t\tjovem religiosa,  \t\t\t\t\t\t\t\t\t\t\t\t\t\t\t\te lhe ensinou a  \t\t\t\t\t\t\t\t\t\t\t\t\t\t\t\tdevo\u00e7\u00e3o da  \t\t\t\t\t\t\t\t\t\t\t\t\t\t\t\tMedalha  \t\t\t\t\t\t\t\t\t\t\t\t\t\t\t\tMilagrosa. <span style=\"color: #ff0000;\"><em> &#8220;Fazei cunhar  \t\t\t\t\t\t\t\t\t\t\t\t\t\t\t\tuma medalha com  \t\t\t\t\t\t\t\t\t\t\t\t\t\t\t\teste modelo.  \t\t\t\t\t\t\t\t\t\t\t\t\t\t\t\tTodas as pessoas  \t\t\t\t\t\t\t\t\t\t\t\t\t\t\t\tque a usarem  \t\t\t\t\t\t\t\t\t\t\t\t\t\t\t\treceber\u00e3o  \t\t\t\t\t\t\t\t\t\t\t\t\t\t\t\tgrandes gra\u00e7as,  \t\t\t\t\t\t\t\t\t\t\t\t\t\t\t\ttrazendo-a ao  \t\t\t\t\t\t\t\t\t\t\t\t\t\t\t\tpesco\u00e7o. As  \t\t\t\t\t\t\t\t\t\t\t\t\t\t\t\tgra\u00e7as ser\u00e3o  \t\t\t\t\t\t\t\t\t\t\t\t\t\t\t\tabundantes para  \t\t\t\t\t\t\t\t\t\t\t\t\t\t\t\tas pessoas que a  \t\t\t\t\t\t\t\t\t\t\t\t\t\t\t\tusarem com  \t\t\t\t\t\t\t\t\t\t\t\t\t\t\t\tconfian\u00e7a<\/em>&#8220;<\/span> &#8211;  \t\t\t\t\t\t\t\t\t\t\t\t\t\t\t\tprometeu a  \t\t\t\t\t\t\t\t\t\t\t\t\t\t\t\tSant\u00edssima  \t\t\t\t\t\t\t\t\t\t\t\t\t\t\t\tVirgem. <\/span><\/span><\/span><\/p>\n<p style=\"text-align: left;\"><span style=\"color: #333300;\"><span style=\"font-family: Tahoma; font-size: x-small;\"><span style=\"color: #ff0000;\"><span style=\"font-size: medium;\"><strong>A promessa se cumpre<\/strong><\/span><\/span><br \/>\n <\/span><\/span><\/p>\n<p style=\"text-align: left;\"><span style=\"color: #333300;\"><span style=\"font-size: small;\"><span style=\"font-family: Tahoma;\">A  \t\t\t\t\t\t\t\t\t\t\t\t\t\t\t\tpromessa  \t\t\t\t\t\t\t\t\t\t\t\t\t\t\t\tefetivamente se  \t\t\t\t\t\t\t\t\t\t\t\t\t\t\t\tcumpriu. Em  \t\t\t\t\t\t\t\t\t\t\t\t\t\t\t\tmar\u00e7o de 1832,  \t\t\t\t\t\t\t\t\t\t\t\t\t\t\t\tquando iam ser  \t\t\t\t\t\t\t\t\t\t\t\t\t\t\t\tconfeccionadas  \t\t\t\t\t\t\t\t\t\t\t\t\t\t\t\tas primeiras  \t\t\t\t\t\t\t\t\t\t\t\t\t\t\t\tmedalhas, uma  \t\t\t\t\t\t\t\t\t\t\t\t\t\t\t\tterr\u00edvel  \t\t\t\t\t\t\t\t\t\t\t\t\t\t\t\tepidemia de  \t\t\t\t\t\t\t\t\t\t\t\t\t\t\t\tc\u00f3lera,  \t\t\t\t\t\t\t\t\t\t\t\t\t\t\t\tproveniente da  \t\t\t\t\t\t\t\t\t\t\t\t\t\t\t\tEuropa oriental,  \t\t\t\t\t\t\t\t\t\t\t\t\t\t\t\tatingiu Paris.  \t\t\t\t\t\t\t\t\t\t\t\t\t\t\t\tMais de 18 mil  \t\t\t\t\t\t\t\t\t\t\t\t\t\t\t\tpessoas morreram  \t\t\t\t\t\t\t\t\t\t\t\t\t\t\t\tem poucas  \t\t\t\t\t\t\t\t\t\t\t\t\t\t\t\tsemanas. Num  \t\t\t\t\t\t\t\t\t\t\t\t\t\t\t\t\u00fanico dia,  \t\t\t\t\t\t\t\t\t\t\t\t\t\t\t\tchegou a haver  \t\t\t\t\t\t\t\t\t\t\t\t\t\t\t\t861 mortes. <\/span><\/span><\/span><\/p>\n<p style=\"text-align: center;\"><span style=\"font-family: Tahoma; color: #000080; font-size: x-small;\"><a href=\"http:\/\/oratoriodamedalhamilagrosa.org.br\/home\/acenda-sua-vela-30\/?origem=1\"><img loading=\"lazy\" class=\"aligncenter size-full wp-image-7111\" title=\"medaglias\" src=\"http:\/\/www.adf.org.br\/home\/wp-content\/uploads\/2010\/11\/medaglias.jpg\" alt=\"\" width=\"450\" height=\"151\" \/><\/a><br \/>\n <\/span><\/p>\n<p style=\"text-align: left;\"><span style=\"color: #333300;\"><span style=\"font-size: small;\"><span style=\"font-family: Tahoma;\">No  \t\t\t\t\t\t\t\t\t\t\t\t\t\t\t\tfim de junho, as  \t\t\t\t\t\t\t\t\t\t\t\t\t\t\t\tprimeiras  \t\t\t\t\t\t\t\t\t\t\t\t\t\t\t\tmedalhas ficaram  \t\t\t\t\t\t\t\t\t\t\t\t\t\t\t\tprontas e  \t\t\t\t\t\t\t\t\t\t\t\t\t\t\t\tcome\u00e7aram a ser  \t\t\t\t\t\t\t\t\t\t\t\t\t\t\t\tdistribu\u00eddas entre os  \t\t\t\t\t\t\t\t\t\t\t\t\t\t\t\tflagelados. Na  \t\t\t\t\t\t\t\t\t\t\t\t\t\t\t\tmesma hora  \t\t\t\t\t\t\t\t\t\t\t\t\t\t\t\trefluiu a peste  \t\t\t\t\t\t\t\t\t\t\t\t\t\t\t\te tiveram  \t\t\t\t\t\t\t\t\t\t\t\t\t\t\t\tin\u00edcio, em  \t\t\t\t\t\t\t\t\t\t\t\t\t\t\t\ts\u00e9rie, os  \t\t\t\t\t\t\t\t\t\t\t\t\t\t\t\tprod\u00edgios que em  \t\t\t\t\t\t\t\t\t\t\t\t\t\t\t\tpoucos anos  \t\t\t\t\t\t\t\t\t\t\t\t\t\t\t\ttornariam a  \t\t\t\t\t\t\t\t\t\t\t\t\t\t\t\tMedalha  \t\t\t\t\t\t\t\t\t\t\t\t\t\t\t\tMilagrosa  \t\t\t\t\t\t\t\t\t\t\t\t\t\t\t\tmundialmente  \t\t\t\t\t\t\t\t\t\t\t\t\t\t\t\tc\u00e9lebre. <\/span><\/span><\/span><\/p>\n<p style=\"text-align: left;\"><span style=\"color: #333300;\"><span style=\"font-size: small;\"><span style=\"font-family: Tahoma;\">Em  \t\t\t\t\t\t\t\t\t\t\t\t\t\t\t\t1876, ano da  \t\t\t\t\t\t\t\t\t\t\t\t\t\t\t\tmorte de Santa  \t\t\t\t\t\t\t\t\t\t\t\t\t\t\t\tCatarina Labour\u00e9,  \t\t\t\t\t\t\t\t\t\t\t\t\t\t\t\tmais de um  \t\t\t\t\t\t\t\t\t\t\t\t\t\t\t\tbilh\u00e3o de  \t\t\t\t\t\t\t\t\t\t\t\t\t\t\t\tMedalhas  \t\t\t\t\t\t\t\t\t\t\t\t\t\t\t\tMilagrosas j\u00e1  \t\t\t\t\t\t\t\t\t\t\t\t\t\t\t\tespalhavam  \t\t\t\t\t\t\t\t\t\t\t\t\t\t\t\tgra\u00e7as pelo  \t\t\t\t\t\t\t\t\t\t\t\t\t\t\t\tmundo. Em 1894,  \t\t\t\t\t\t\t\t\t\t\t\t\t\t\t\ta Santa Igreja  \t\t\t\t\t\t\t\t\t\t\t\t\t\t\t\tinstituiu a  \t\t\t\t\t\t\t\t\t\t\t\t\t\t\t\tfesta lit\u00fargica  \t\t\t\t\t\t\t\t\t\t\t\t\t\t\t\tde Nossa Senhora  \t\t\t\t\t\t\t\t\t\t\t\t\t\t\t\tda Medalha  \t\t\t\t\t\t\t\t\t\t\t\t\t\t\t\tMilagrosa, a ser  \t\t\t\t\t\t\t\t\t\t\t\t\t\t\t\tcelebrada neste  \t\t\t\t\t\t\t\t\t\t\t\t\t\t\t\tmesmo dia 27 de  \t\t\t\t\t\t\t\t\t\t\t\t\t\t\t\tnovembro*.<\/span><\/span><\/span><\/p>\n<p style=\"text-align: left;\"><span style=\"color: #333300;\"><span style=\"font-size: small;\"><span style=\"font-family: Tahoma;\">Neste dia t\u00e3o especial, <\/span><\/span><strong>temos presentes para voc\u00ea: <br \/>\n <\/strong><\/span><\/p>\n<dl id=\"attachment_7114\" class=\"wp-caption aligncenter\" style=\"width: 405px;\">\n<dt class=\"wp-caption-dt\"><a href=\"http:\/\/www.adf.org.br\/oracao_nsgracas\/oracao.pdf\"><img loading=\"lazy\" class=\"size-full wp-image-7114 \" title=\"oracao_Gracas\" src=\"http:\/\/www.adf.org.br\/home\/wp-content\/uploads\/2010\/11\/oracao_Gracas1.jpg\" alt=\"\" width=\"395\" height=\"278\" \/><\/a><\/dt>\n<dd class=\"wp-caption-dd\">\n<p><span style=\"color: #3366ff;\"><strong>Basta clicar na imagem para baixar e imprimir a  Ora\u00e7\u00e3o a Nossa Senhora das Gra\u00e7as<\/strong><\/span><\/p>\n<\/dd>\n<\/dl>\n<p style=\"text-align: center;\"><span style=\"color: #ffffff;\">.<\/span><\/p>\n<dl id=\"attachment_7117\" class=\"wp-caption aligncenter\" style=\"width: 216px;\">\n<dt class=\"wp-caption-dt\"><a href=\"http:\/\/www.adf.org.br\/home\/wp-content\/uploads\/2010\/11\/O-Milagre-da-Medalha.pps\" target=\"_blank\" rel=\"noopener noreferrer\"><img loading=\"lazy\" class=\"size-full wp-image-7117 \" title=\"ppt-logo-keep\" src=\"http:\/\/www.adf.org.br\/home\/wp-content\/uploads\/2010\/11\/ppt-logo-keep1.jpg\" alt=\"\" width=\"206\" height=\"186\" \/><\/a><\/dt>\n<dd class=\"wp-caption-dd\">\n<p><span style=\"color: #3366ff;\"><a href=\"http:\/\/www.adf.org.br\/home\/wp-content\/uploads\/2010\/11\/O-Milagre-da-Medalha.pps\" target=\"_blank\" rel=\"noopener noreferrer\"><strong>O   Milagre da Medalha:<\/strong><\/a> clique na imagem e salve as apresenta\u00e7\u00f5es   em seu computador para enviar a toda sua lista de amigos. <\/span><\/p>\n<\/dd>\n<\/dl>\n<p style=\"text-align: center;\">\u00a0<\/p>\n<p style=\"text-align: left;\"><span style=\"font-size: small;\"><em>*Extra\u00eddo do livro: &#8220;Cada dia tem seu santo&#8230;&#8221; de A de Fran\u00e7a Andrade<\/em><\/span><\/p>\n<p style=\"text-align: center;\"><br class=\"spacer_\" \/><\/p>\n","protected":false},"excerpt":{"rendered":"<p>Em 1830, Nossa Senhora apareceu, em Paris, a Santa Catarina Labour\u00e9, ent\u00e3o jovem religiosa, e lhe ensinou a devo\u00e7\u00e3o da Medalha Milagrosa. &#8220;Fazei cunhar uma medalha com este modelo. Todas as pessoas que a usarem receber\u00e3o grandes gra\u00e7as, trazendo-a ao pesco\u00e7o. As gra\u00e7as ser\u00e3o abundantes para as pessoas que a usarem com confian\u00e7a&#8220; &#8211; prometeu [&hellip;]<\/p>\n","protected":false},"author":27,"featured_media":0,"comment_status":"open","ping_status":"open","sticky":false,"template":"","format":"standard","meta":[],"categories":[20],"tags":[306,142,51,642],"yoast_head":"<!-- This site is optimized with the Yoast SEO plugin v17.4 - https:\/\/yoast.com\/wordpress\/plugins\/seo\/ -->\n<title>Hoje \u00e9 dia de homenagear Nossa Senhora das Gra\u00e7as - Associa\u00e7\u00e3o Devotos de F\u00e1tima<\/title>\n<meta name=\"robots\" content=\"index, follow, max-snippet:-1, max-image-preview:large, max-video-preview:-1\" \/>\n<link rel=\"canonical\" href=\"https:\/\/www.adf.org.br\/home\/hoje-e-dia-de-homenagear-nossa-senhora-das-gracas\/\" \/>\n<meta property=\"og:locale\" content=\"pt_BR\" \/>\n<meta property=\"og:type\" content=\"article\" \/>\n<meta property=\"og:title\" content=\"Hoje \u00e9 dia de homenagear Nossa Senhora das Gra\u00e7as - Associa\u00e7\u00e3o Devotos de F\u00e1tima\" \/>\n<meta property=\"og:description\" content=\"Em 1830, Nossa Senhora apareceu, em Paris, a Santa Catarina Labour\u00e9, ent\u00e3o jovem religiosa, e lhe ensinou a devo\u00e7\u00e3o da Medalha Milagrosa. &#8220;Fazei cunhar uma medalha com este modelo. Todas as pessoas que a usarem receber\u00e3o grandes gra\u00e7as, trazendo-a ao pesco\u00e7o. As gra\u00e7as ser\u00e3o abundantes para as pessoas que a usarem com confian\u00e7a&#8220; &#8211; prometeu [&hellip;]\" \/>\n<meta property=\"og:url\" content=\"https:\/\/www.adf.org.br\/home\/hoje-e-dia-de-homenagear-nossa-senhora-das-gracas\/\" \/>\n<meta property=\"og:site_name\" content=\"Associa\u00e7\u00e3o Devotos de F\u00e1tima\" \/>\n<meta property=\"article:published_time\" content=\"2010-11-27T01:30:30+00:00\" \/>\n<meta property=\"article:modified_time\" content=\"2020-06-09T14:10:08+00:00\" \/>\n<meta property=\"og:image\" content=\"http:\/\/www.adf.org.br\/home\/wp-content\/uploads\/2010\/11\/Santa-Catarina-Laboure.jpg\" \/>\n<meta name=\"twitter:card\" content=\"summary_large_image\" \/>\n<meta name=\"twitter:label1\" content=\"Escrito por\" \/>\n\t<meta name=\"twitter:data1\" content=\"Gabriel Barbosa\" \/>\n\t<meta name=\"twitter:label2\" content=\"Est. tempo de leitura\" \/>\n\t<meta name=\"twitter:data2\" content=\"1 minuto\" \/>\n<script type=\"application\/ld+json\" class=\"yoast-schema-graph\">{\"@context\":\"https:\/\/schema.org\",\"@graph\":[{\"@type\":\"WebSite\",\"@id\":\"https:\/\/www.adf.org.br\/home\/#website\",\"url\":\"https:\/\/www.adf.org.br\/home\/\",\"name\":\"Associa\\u00e7\\u00e3o Devotos de F\\u00e1tima\",\"description\":\"Associa\\u00e7\\u00e3o Devotos de F\\u00e1tima\",\"potentialAction\":[{\"@type\":\"SearchAction\",\"target\":{\"@type\":\"EntryPoint\",\"urlTemplate\":\"https:\/\/www.adf.org.br\/home\/?s={search_term_string}\"},\"query-input\":\"required name=search_term_string\"}],\"inLanguage\":\"pt-BR\"},{\"@type\":\"ImageObject\",\"@id\":\"https:\/\/www.adf.org.br\/home\/hoje-e-dia-de-homenagear-nossa-senhora-das-gracas\/#primaryimage\",\"inLanguage\":\"pt-BR\",\"url\":\"http:\/\/www.adf.org.br\/home\/wp-content\/uploads\/2010\/11\/Santa-Catarina-Laboure.jpg\",\"contentUrl\":\"http:\/\/www.adf.org.br\/home\/wp-content\/uploads\/2010\/11\/Santa-Catarina-Laboure.jpg\"},{\"@type\":\"WebPage\",\"@id\":\"https:\/\/www.adf.org.br\/home\/hoje-e-dia-de-homenagear-nossa-senhora-das-gracas\/#webpage\",\"url\":\"https:\/\/www.adf.org.br\/home\/hoje-e-dia-de-homenagear-nossa-senhora-das-gracas\/\",\"name\":\"Hoje \\u00e9 dia de homenagear Nossa Senhora das Gra\\u00e7as - Associa\\u00e7\\u00e3o Devotos de F\\u00e1tima\",\"isPartOf\":{\"@id\":\"https:\/\/www.adf.org.br\/home\/#website\"},\"primaryImageOfPage\":{\"@id\":\"https:\/\/www.adf.org.br\/home\/hoje-e-dia-de-homenagear-nossa-senhora-das-gracas\/#primaryimage\"},\"datePublished\":\"2010-11-27T01:30:30+00:00\",\"dateModified\":\"2020-06-09T14:10:08+00:00\",\"author\":{\"@id\":\"https:\/\/www.adf.org.br\/home\/#\/schema\/person\/affa494ecf91434f3620f5392de44327\"},\"breadcrumb\":{\"@id\":\"https:\/\/www.adf.org.br\/home\/hoje-e-dia-de-homenagear-nossa-senhora-das-gracas\/#breadcrumb\"},\"inLanguage\":\"pt-BR\",\"potentialAction\":[{\"@type\":\"ReadAction\",\"target\":[\"https:\/\/www.adf.org.br\/home\/hoje-e-dia-de-homenagear-nossa-senhora-das-gracas\/\"]}]},{\"@type\":\"BreadcrumbList\",\"@id\":\"https:\/\/www.adf.org.br\/home\/hoje-e-dia-de-homenagear-nossa-senhora-das-gracas\/#breadcrumb\",\"itemListElement\":[{\"@type\":\"ListItem\",\"position\":1,\"name\":\"Home\",\"item\":\"https:\/\/www.adf.org.br\/home\/\"},{\"@type\":\"ListItem\",\"position\":2,\"name\":\"Hoje \\u00e9 dia de homenagear Nossa Senhora das Gra\\u00e7as\"}]},{\"@type\":\"Person\",\"@id\":\"https:\/\/www.adf.org.br\/home\/#\/schema\/person\/affa494ecf91434f3620f5392de44327\",\"name\":\"Gabriel Barbosa\",\"image\":{\"@type\":\"ImageObject\",\"@id\":\"https:\/\/www.adf.org.br\/home\/#personlogo\",\"inLanguage\":\"pt-BR\",\"url\":\"https:\/\/secure.gravatar.com\/avatar\/ecf2eab02e30486a7038f8b2858de06a?s=96&d=mm&r=g\",\"contentUrl\":\"https:\/\/secure.gravatar.com\/avatar\/ecf2eab02e30486a7038f8b2858de06a?s=96&d=mm&r=g\",\"caption\":\"Gabriel Barbosa\"},\"url\":\"https:\/\/www.adf.org.br\/home\/author\/gabriel-aascj\/\"}]}<\/script>\n<!-- \/ Yoast SEO plugin. -->","yoast_head_json":{"title":"Hoje \u00e9 dia de homenagear Nossa Senhora das Gra\u00e7as - Associa\u00e7\u00e3o Devotos de F\u00e1tima","robots":{"index":"index","follow":"follow","max-snippet":"max-snippet:-1","max-image-preview":"max-image-preview:large","max-video-preview":"max-video-preview:-1"},"canonical":"https:\/\/www.adf.org.br\/home\/hoje-e-dia-de-homenagear-nossa-senhora-das-gracas\/","og_locale":"pt_BR","og_type":"article","og_title":"Hoje \u00e9 dia de homenagear Nossa Senhora das Gra\u00e7as - Associa\u00e7\u00e3o Devotos de F\u00e1tima","og_description":"Em 1830, Nossa Senhora apareceu, em Paris, a Santa Catarina Labour\u00e9, ent\u00e3o jovem religiosa, e lhe ensinou a devo\u00e7\u00e3o da Medalha Milagrosa. &#8220;Fazei cunhar uma medalha com este modelo. Todas as pessoas que a usarem receber\u00e3o grandes gra\u00e7as, trazendo-a ao pesco\u00e7o. As gra\u00e7as ser\u00e3o abundantes para as pessoas que a usarem com confian\u00e7a&#8220; &#8211; prometeu [&hellip;]","og_url":"https:\/\/www.adf.org.br\/home\/hoje-e-dia-de-homenagear-nossa-senhora-das-gracas\/","og_site_name":"Associa\u00e7\u00e3o Devotos de F\u00e1tima","article_published_time":"2010-11-27T01:30:30+00:00","article_modified_time":"2020-06-09T14:10:08+00:00","og_image":[{"url":"http:\/\/www.adf.org.br\/home\/wp-content\/uploads\/2010\/11\/Santa-Catarina-Laboure.jpg"}],"twitter_card":"summary_large_image","twitter_misc":{"Escrito por":"Gabriel Barbosa","Est. tempo de leitura":"1 minuto"},"schema":{"@context":"https:\/\/schema.org","@graph":[{"@type":"WebSite","@id":"https:\/\/www.adf.org.br\/home\/#website","url":"https:\/\/www.adf.org.br\/home\/","name":"Associa\u00e7\u00e3o Devotos de F\u00e1tima","description":"Associa\u00e7\u00e3o Devotos de F\u00e1tima","potentialAction":[{"@type":"SearchAction","target":{"@type":"EntryPoint","urlTemplate":"https:\/\/www.adf.org.br\/home\/?s={search_term_string}"},"query-input":"required name=search_term_string"}],"inLanguage":"pt-BR"},{"@type":"ImageObject","@id":"https:\/\/www.adf.org.br\/home\/hoje-e-dia-de-homenagear-nossa-senhora-das-gracas\/#primaryimage","inLanguage":"pt-BR","url":"http:\/\/www.adf.org.br\/home\/wp-content\/uploads\/2010\/11\/Santa-Catarina-Laboure.jpg","contentUrl":"http:\/\/www.adf.org.br\/home\/wp-content\/uploads\/2010\/11\/Santa-Catarina-Laboure.jpg"},{"@type":"WebPage","@id":"https:\/\/www.adf.org.br\/home\/hoje-e-dia-de-homenagear-nossa-senhora-das-gracas\/#webpage","url":"https:\/\/www.adf.org.br\/home\/hoje-e-dia-de-homenagear-nossa-senhora-das-gracas\/","name":"Hoje \u00e9 dia de homenagear Nossa Senhora das Gra\u00e7as - Associa\u00e7\u00e3o Devotos de F\u00e1tima","isPartOf":{"@id":"https:\/\/www.adf.org.br\/home\/#website"},"primaryImageOfPage":{"@id":"https:\/\/www.adf.org.br\/home\/hoje-e-dia-de-homenagear-nossa-senhora-das-gracas\/#primaryimage"},"datePublished":"2010-11-27T01:30:30+00:00","dateModified":"2020-06-09T14:10:08+00:00","author":{"@id":"https:\/\/www.adf.org.br\/home\/#\/schema\/person\/affa494ecf91434f3620f5392de44327"},"breadcrumb":{"@id":"https:\/\/www.adf.org.br\/home\/hoje-e-dia-de-homenagear-nossa-senhora-das-gracas\/#breadcrumb"},"inLanguage":"pt-BR","potentialAction":[{"@type":"ReadAction","target":["https:\/\/www.adf.org.br\/home\/hoje-e-dia-de-homenagear-nossa-senhora-das-gracas\/"]}]},{"@type":"BreadcrumbList","@id":"https:\/\/www.adf.org.br\/home\/hoje-e-dia-de-homenagear-nossa-senhora-das-gracas\/#breadcrumb","itemListElement":[{"@type":"ListItem","position":1,"name":"Home","item":"https:\/\/www.adf.org.br\/home\/"},{"@type":"ListItem","position":2,"name":"Hoje \u00e9 dia de homenagear Nossa Senhora das Gra\u00e7as"}]},{"@type":"Person","@id":"https:\/\/www.adf.org.br\/home\/#\/schema\/person\/affa494ecf91434f3620f5392de44327","name":"Gabriel Barbosa","image":{"@type":"ImageObject","@id":"https:\/\/www.adf.org.br\/home\/#personlogo","inLanguage":"pt-BR","url":"https:\/\/secure.gravatar.com\/avatar\/ecf2eab02e30486a7038f8b2858de06a?s=96&d=mm&r=g","contentUrl":"https:\/\/secure.gravatar.com\/avatar\/ecf2eab02e30486a7038f8b2858de06a?s=96&d=mm&r=g","caption":"Gabriel Barbosa"},"url":"https:\/\/www.adf.org.br\/home\/author\/gabriel-aascj\/"}]}},"_links":{"self":[{"href":"https:\/\/www.adf.org.br\/home\/wp-json\/wp\/v2\/posts\/7109"}],"collection":[{"href":"https:\/\/www.adf.org.br\/home\/wp-json\/wp\/v2\/posts"}],"about":[{"href":"https:\/\/www.adf.org.br\/home\/wp-json\/wp\/v2\/types\/post"}],"author":[{"embeddable":true,"href":"https:\/\/www.adf.org.br\/home\/wp-json\/wp\/v2\/users\/27"}],"replies":[{"embeddable":true,"href":"https:\/\/www.adf.org.br\/home\/wp-json\/wp\/v2\/comments?post=7109"}],"version-history":[{"count":1,"href":"https:\/\/www.adf.org.br\/home\/wp-json\/wp\/v2\/posts\/7109\/revisions"}],"predecessor-version":[{"id":35824,"href":"https:\/\/www.adf.org.br\/home\/wp-json\/wp\/v2\/posts\/7109\/revisions\/35824"}],"wp:attachment":[{"href":"https:\/\/www.adf.org.br\/home\/wp-json\/wp\/v2\/media?parent=7109"}],"wp:term":[{"taxonomy":"category","embeddable":true,"href":"https:\/\/www.adf.org.br\/home\/wp-json\/wp\/v2\/categories?post=7109"},{"taxonomy":"post_tag","embeddable":true,"href":"https:\/\/www.adf.org.br\/home\/wp-json\/wp\/v2\/tags?post=7109"}],"curies":[{"name":"wp","href":"https:\/\/api.w.org\/{rel}","templated":true}]}}