{"id":71087,"date":"2022-11-30T00:00:34","date_gmt":"2022-11-30T03:00:34","guid":{"rendered":"https:\/\/www.adf.org.br\/home\/entregue-suas-causas-urgentes-nas-maos-da-virgem-de-fatima-agora-mesmo-copy-2\/"},"modified":"2022-11-09T11:54:38","modified_gmt":"2022-11-09T14:54:38","slug":"coloque-suas-intencoes-nas-maos-da-virgem-de-fatima-agora-mesmo","status":"publish","type":"post","link":"https:\/\/www.adf.org.br\/home\/coloque-suas-intencoes-nas-maos-da-virgem-de-fatima-agora-mesmo\/","title":{"rendered":"Coloque suas inten\u00e7\u00f5es nas m\u00e3os da Virgem de F\u00e1tima agora mesmo!"},"content":{"rendered":"<h2 style=\"text-align: center;\"><span style=\"color: #000000;\">Coloque suas inten\u00e7\u00f5es nas m\u00e3os da Virgem de F\u00e1tima agora mesmo!<\/span><\/h2>\n<p>&nbsp;<\/p>\n<figure id=\"attachment_60369\" aria-describedby=\"caption-attachment-60369\" style=\"width: 693px\" class=\"wp-caption aligncenter\"><a href=\"https:\/\/adf.org.br\/velario\/gracasurgentes?origem=21952\" target=\"_blank\" rel=\"noopener\"><img loading=\"lazy\" class=\"wp-image-60369\" src=\"https:\/\/www.adf.org.br\/home\/wp-content\/uploads\/2020\/07\/missa-adf.jpg\" alt=\"\" width=\"693\" height=\"404\" srcset=\"https:\/\/www.adf.org.br\/home\/wp-content\/uploads\/2020\/07\/missa-adf.jpg 600w, https:\/\/www.adf.org.br\/home\/wp-content\/uploads\/2020\/07\/missa-adf-300x175.jpg 300w\" sizes=\"(max-width: 693px) 100vw, 693px\" \/><\/a><figcaption id=\"caption-attachment-60369\" class=\"wp-caption-text\"><center>Virgem do Ros\u00e1rio de F\u00e1tima, rogai por n\u00f3s!<\/center><\/figcaption><\/figure>\n<p><span style=\"color: #000000;\"><span style=\"color: #800080; font-size: 32px;\"><strong>Q<\/strong><\/span>uantas vezes nos deparamos com situa\u00e7\u00f5es em que precisamos de <a href=\"https:\/\/adf.org.br\/velario\/mariasantissima?origem=25800\" target=\"_blank\" rel=\"noopener\"><span style=\"color: #0000ff;\">uma solu\u00e7\u00e3o imediata<\/span><\/a>, \u201cpara ontem\u201d como costuma-se dizer? <span style=\"color: #800080;\"><strong>Um problema familiar, financeiro ou de sa\u00fade. Que terr\u00edvel!<\/strong><\/span><\/span><\/p>\n<p><span style=\"color: #000000;\">Pior ainda \u00e9 quando esta solu\u00e7\u00e3o envolve algo que tem prazo para ser resolvido, n\u00e3o \u00e9 verdade?<\/span><\/p>\n<p><strong><span style=\"color: #000000;\">Pois saiba que existe uma solu\u00e7\u00e3o para todos estes problemas porque <a href=\"https:\/\/adf.org.br\/velario\/mariasantissima?origem=25800\" target=\"_blank\" rel=\"noopener\"><span style=\"color: #0000ff;\">Nossa Senhora de F\u00e1tima<\/span><\/a> quer te conceder as gra\u00e7as de que voc\u00ea necessita!<\/span><\/strong><\/p>\n<p><strong><span style=\"color: #800080;\">Pode confiar. Ela prometeu a todos muitas e muitas gra\u00e7as!<\/span><\/strong><\/p>\n<p><span style=\"color: #000000;\">Ent\u00e3o, inclua seus pedidos que exigem a intercess\u00e3o imediata da Virgem Maria, na<a href=\"https:\/\/adf.org.br\/velario\/mariasantissima?origem=25800\" target=\"_blank\" rel=\"noopener\"><em> <span style=\"color: #0000ff;\"><span style=\"text-decoration: underline;\">Missa de S\u00faplicas a Maria Sant\u00edssima<\/span><\/span><\/em><\/a>.<\/span><\/p>\n<p><span style=\"color: #000000;\">Ligue, gratuitamente, para:<\/span><\/p>\n<p><a href=\"tel:08006082128\"><img loading=\"lazy\" class=\"wp-image-65375 size-full aligncenter\" src=\"https:\/\/www.adf.org.br\/home\/wp-content\/uploads\/2021\/08\/Bot\u00e3o-Telefone-ADF.png\" alt=\"\" width=\"482\" height=\"113\" srcset=\"https:\/\/www.adf.org.br\/home\/wp-content\/uploads\/2021\/08\/Bot\u00e3o-Telefone-ADF.png 482w, https:\/\/www.adf.org.br\/home\/wp-content\/uploads\/2021\/08\/Bot\u00e3o-Telefone-ADF-300x70.png 300w\" sizes=\"(max-width: 482px) 100vw, 482px\" \/><\/a><\/p>\n<p><span style=\"color: #000000;\">Caso n\u00e3o consiga falar, n\u00e3o desista! <a href=\"https:\/\/adf.org.br\/velario\/mariasantissima?origem=25800\" target=\"_blank\" rel=\"noopener\"><span style=\"color: #0000ff;\"><span style=\"text-decoration: underline;\">Clicando aqui<\/span><\/span> <\/a>ou no bot\u00e3o abaixo, acenda uma vela e deixe nas m\u00e3os maternas de Nossa Senhora de F\u00e1tima suas inten\u00e7\u00f5es que precisam de solu\u00e7\u00e3o urgent\u00edssima!<\/span><\/p>\n<p><a href=\"https:\/\/adf.org.br\/velario\/mariasantissima?origem=25800\" target=\"_blank\" rel=\"noopener\"><img loading=\"lazy\" class=\"size-medium wp-image-65354 aligncenter\" src=\"https:\/\/www.adf.org.br\/home\/wp-content\/uploads\/2021\/07\/Bot\u00e3o-ADF-Vel\u00e1rio-F\u00e1tima-300x173.jpg\" alt=\"\" width=\"300\" height=\"173\" srcset=\"https:\/\/www.adf.org.br\/home\/wp-content\/uploads\/2021\/07\/Bot\u00e3o-ADF-Vel\u00e1rio-F\u00e1tima-300x173.jpg 300w, https:\/\/www.adf.org.br\/home\/wp-content\/uploads\/2021\/07\/Bot\u00e3o-ADF-Vel\u00e1rio-F\u00e1tima.jpg 606w\" sizes=\"(max-width: 300px) 100vw, 300px\" \/><\/a><\/p>\n<p style=\"text-align: center;\"><span style=\"color: #800080;\"><strong>Que Nossa Senhora lhe conceda todas as gra\u00e7as que voc\u00ea mais precisa!<\/strong><\/span><\/p>\n","protected":false},"excerpt":{"rendered":"<p>Coloque suas inten\u00e7\u00f5es nas m\u00e3os da Virgem de F\u00e1tima agora mesmo! &nbsp; Quantas vezes nos deparamos com situa\u00e7\u00f5es em que precisamos de uma solu\u00e7\u00e3o imediata, \u201cpara ontem\u201d como costuma-se dizer? Um problema familiar, financeiro ou de sa\u00fade. Que terr\u00edvel! Pior ainda \u00e9 quando esta solu\u00e7\u00e3o envolve algo que tem prazo para ser resolvido, n\u00e3o \u00e9 [&hellip;]<\/p>\n","protected":false},"author":31,"featured_media":60369,"comment_status":"open","ping_status":"open","sticky":false,"template":"","format":"standard","meta":[],"categories":[20,2473,60,2621,56,2332],"tags":[1835,4694,57,2996],"yoast_head":"<!-- This site is optimized with the Yoast SEO plugin v17.4 - https:\/\/yoast.com\/wordpress\/plugins\/seo\/ -->\n<title>Coloque suas inten\u00e7\u00f5es nas m\u00e3os da Virgem de F\u00e1tima agora mesmo!<\/title>\n<meta name=\"description\" content=\"Nossa Senhora de F\u00e1tima pode ajudar voc\u00ea a resolver seus problemas urgentes. Entregue suas causas urgentes nas m\u00e3os dela clicando aqui.\" \/>\n<meta name=\"robots\" content=\"index, follow, max-snippet:-1, max-image-preview:large, max-video-preview:-1\" \/>\n<link rel=\"canonical\" href=\"https:\/\/www.adf.org.br\/home\/coloque-suas-intencoes-nas-maos-da-virgem-de-fatima-agora-mesmo\/\" \/>\n<meta property=\"og:locale\" content=\"pt_BR\" \/>\n<meta property=\"og:type\" content=\"article\" \/>\n<meta property=\"og:title\" content=\"Coloque suas inten\u00e7\u00f5es nas m\u00e3os da Virgem de F\u00e1tima agora mesmo!\" \/>\n<meta property=\"og:description\" content=\"Nossa Senhora de F\u00e1tima pode ajudar voc\u00ea a resolver seus problemas urgentes. Entregue suas causas urgentes nas m\u00e3os dela clicando aqui.\" \/>\n<meta property=\"og:url\" content=\"https:\/\/www.adf.org.br\/home\/coloque-suas-intencoes-nas-maos-da-virgem-de-fatima-agora-mesmo\/\" \/>\n<meta property=\"og:site_name\" content=\"Associa\u00e7\u00e3o Devotos de F\u00e1tima\" \/>\n<meta property=\"article:published_time\" content=\"2022-11-30T03:00:34+00:00\" \/>\n<meta property=\"article:modified_time\" content=\"2022-11-09T14:54:38+00:00\" \/>\n<meta property=\"og:image\" content=\"https:\/\/www.adf.org.br\/home\/wp-content\/uploads\/2020\/07\/missa-adf.jpg\" \/>\n\t<meta property=\"og:image:width\" content=\"600\" \/>\n\t<meta property=\"og:image:height\" content=\"350\" \/>\n<meta name=\"twitter:card\" content=\"summary_large_image\" \/>\n<meta name=\"twitter:label1\" content=\"Escrito por\" \/>\n\t<meta name=\"twitter:data1\" content=\"Gabriel Barbosa\" \/>\n\t<meta name=\"twitter:label2\" content=\"Est. tempo de leitura\" \/>\n\t<meta name=\"twitter:data2\" content=\"2 minutos\" \/>\n<script type=\"application\/ld+json\" class=\"yoast-schema-graph\">{\"@context\":\"https:\/\/schema.org\",\"@graph\":[{\"@type\":\"WebSite\",\"@id\":\"https:\/\/www.adf.org.br\/home\/#website\",\"url\":\"https:\/\/www.adf.org.br\/home\/\",\"name\":\"Associa\\u00e7\\u00e3o Devotos de F\\u00e1tima\",\"description\":\"Associa\\u00e7\\u00e3o Devotos de F\\u00e1tima\",\"potentialAction\":[{\"@type\":\"SearchAction\",\"target\":{\"@type\":\"EntryPoint\",\"urlTemplate\":\"https:\/\/www.adf.org.br\/home\/?s={search_term_string}\"},\"query-input\":\"required name=search_term_string\"}],\"inLanguage\":\"pt-BR\"},{\"@type\":\"ImageObject\",\"@id\":\"https:\/\/www.adf.org.br\/home\/coloque-suas-intencoes-nas-maos-da-virgem-de-fatima-agora-mesmo\/#primaryimage\",\"inLanguage\":\"pt-BR\",\"url\":\"https:\/\/www.adf.org.br\/home\/wp-content\/uploads\/2020\/07\/missa-adf.jpg\",\"contentUrl\":\"https:\/\/www.adf.org.br\/home\/wp-content\/uploads\/2020\/07\/missa-adf.jpg\",\"width\":600,\"height\":350},{\"@type\":\"WebPage\",\"@id\":\"https:\/\/www.adf.org.br\/home\/coloque-suas-intencoes-nas-maos-da-virgem-de-fatima-agora-mesmo\/#webpage\",\"url\":\"https:\/\/www.adf.org.br\/home\/coloque-suas-intencoes-nas-maos-da-virgem-de-fatima-agora-mesmo\/\",\"name\":\"Coloque suas inten\\u00e7\\u00f5es nas m\\u00e3os da Virgem de F\\u00e1tima agora mesmo!\",\"isPartOf\":{\"@id\":\"https:\/\/www.adf.org.br\/home\/#website\"},\"primaryImageOfPage\":{\"@id\":\"https:\/\/www.adf.org.br\/home\/coloque-suas-intencoes-nas-maos-da-virgem-de-fatima-agora-mesmo\/#primaryimage\"},\"datePublished\":\"2022-11-30T03:00:34+00:00\",\"dateModified\":\"2022-11-09T14:54:38+00:00\",\"author\":{\"@id\":\"https:\/\/www.adf.org.br\/home\/#\/schema\/person\/f35a5c5aa7728a3dedf4ea9aa1fc2753\"},\"description\":\"Nossa Senhora de F\\u00e1tima pode ajudar voc\\u00ea a resolver seus problemas urgentes. Entregue suas causas urgentes nas m\\u00e3os dela clicando aqui.\",\"breadcrumb\":{\"@id\":\"https:\/\/www.adf.org.br\/home\/coloque-suas-intencoes-nas-maos-da-virgem-de-fatima-agora-mesmo\/#breadcrumb\"},\"inLanguage\":\"pt-BR\",\"potentialAction\":[{\"@type\":\"ReadAction\",\"target\":[\"https:\/\/www.adf.org.br\/home\/coloque-suas-intencoes-nas-maos-da-virgem-de-fatima-agora-mesmo\/\"]}]},{\"@type\":\"BreadcrumbList\",\"@id\":\"https:\/\/www.adf.org.br\/home\/coloque-suas-intencoes-nas-maos-da-virgem-de-fatima-agora-mesmo\/#breadcrumb\",\"itemListElement\":[{\"@type\":\"ListItem\",\"position\":1,\"name\":\"Home\",\"item\":\"https:\/\/www.adf.org.br\/home\/\"},{\"@type\":\"ListItem\",\"position\":2,\"name\":\"Coloque suas inten\\u00e7\\u00f5es nas m\\u00e3os da Virgem de F\\u00e1tima agora mesmo!\"}]},{\"@type\":\"Person\",\"@id\":\"https:\/\/www.adf.org.br\/home\/#\/schema\/person\/f35a5c5aa7728a3dedf4ea9aa1fc2753\",\"name\":\"Gabriel Barbosa\",\"image\":{\"@type\":\"ImageObject\",\"@id\":\"https:\/\/www.adf.org.br\/home\/#personlogo\",\"inLanguage\":\"pt-BR\",\"url\":\"https:\/\/secure.gravatar.com\/avatar\/2b2cb2f4637682c5605e8d36818f51ef?s=96&d=mm&r=g\",\"contentUrl\":\"https:\/\/secure.gravatar.com\/avatar\/2b2cb2f4637682c5605e8d36818f51ef?s=96&d=mm&r=g\",\"caption\":\"Gabriel Barbosa\"},\"url\":\"https:\/\/www.adf.org.br\/home\/author\/gabrielpmk-com-br\/\"}]}<\/script>\n<!-- \/ Yoast SEO plugin. -->","yoast_head_json":{"title":"Coloque suas inten\u00e7\u00f5es nas m\u00e3os da Virgem de F\u00e1tima agora mesmo!","description":"Nossa Senhora de F\u00e1tima pode ajudar voc\u00ea a resolver seus problemas urgentes. Entregue suas causas urgentes nas m\u00e3os dela clicando aqui.","robots":{"index":"index","follow":"follow","max-snippet":"max-snippet:-1","max-image-preview":"max-image-preview:large","max-video-preview":"max-video-preview:-1"},"canonical":"https:\/\/www.adf.org.br\/home\/coloque-suas-intencoes-nas-maos-da-virgem-de-fatima-agora-mesmo\/","og_locale":"pt_BR","og_type":"article","og_title":"Coloque suas inten\u00e7\u00f5es nas m\u00e3os da Virgem de F\u00e1tima agora mesmo!","og_description":"Nossa Senhora de F\u00e1tima pode ajudar voc\u00ea a resolver seus problemas urgentes. Entregue suas causas urgentes nas m\u00e3os dela clicando aqui.","og_url":"https:\/\/www.adf.org.br\/home\/coloque-suas-intencoes-nas-maos-da-virgem-de-fatima-agora-mesmo\/","og_site_name":"Associa\u00e7\u00e3o Devotos de F\u00e1tima","article_published_time":"2022-11-30T03:00:34+00:00","article_modified_time":"2022-11-09T14:54:38+00:00","og_image":[{"width":600,"height":350,"url":"https:\/\/www.adf.org.br\/home\/wp-content\/uploads\/2020\/07\/missa-adf.jpg","type":"image\/jpeg"}],"twitter_card":"summary_large_image","twitter_misc":{"Escrito por":"Gabriel Barbosa","Est. tempo de leitura":"2 minutos"},"schema":{"@context":"https:\/\/schema.org","@graph":[{"@type":"WebSite","@id":"https:\/\/www.adf.org.br\/home\/#website","url":"https:\/\/www.adf.org.br\/home\/","name":"Associa\u00e7\u00e3o Devotos de F\u00e1tima","description":"Associa\u00e7\u00e3o Devotos de F\u00e1tima","potentialAction":[{"@type":"SearchAction","target":{"@type":"EntryPoint","urlTemplate":"https:\/\/www.adf.org.br\/home\/?s={search_term_string}"},"query-input":"required name=search_term_string"}],"inLanguage":"pt-BR"},{"@type":"ImageObject","@id":"https:\/\/www.adf.org.br\/home\/coloque-suas-intencoes-nas-maos-da-virgem-de-fatima-agora-mesmo\/#primaryimage","inLanguage":"pt-BR","url":"https:\/\/www.adf.org.br\/home\/wp-content\/uploads\/2020\/07\/missa-adf.jpg","contentUrl":"https:\/\/www.adf.org.br\/home\/wp-content\/uploads\/2020\/07\/missa-adf.jpg","width":600,"height":350},{"@type":"WebPage","@id":"https:\/\/www.adf.org.br\/home\/coloque-suas-intencoes-nas-maos-da-virgem-de-fatima-agora-mesmo\/#webpage","url":"https:\/\/www.adf.org.br\/home\/coloque-suas-intencoes-nas-maos-da-virgem-de-fatima-agora-mesmo\/","name":"Coloque suas inten\u00e7\u00f5es nas m\u00e3os da Virgem de F\u00e1tima agora mesmo!","isPartOf":{"@id":"https:\/\/www.adf.org.br\/home\/#website"},"primaryImageOfPage":{"@id":"https:\/\/www.adf.org.br\/home\/coloque-suas-intencoes-nas-maos-da-virgem-de-fatima-agora-mesmo\/#primaryimage"},"datePublished":"2022-11-30T03:00:34+00:00","dateModified":"2022-11-09T14:54:38+00:00","author":{"@id":"https:\/\/www.adf.org.br\/home\/#\/schema\/person\/f35a5c5aa7728a3dedf4ea9aa1fc2753"},"description":"Nossa Senhora de F\u00e1tima pode ajudar voc\u00ea a resolver seus problemas urgentes. Entregue suas causas urgentes nas m\u00e3os dela clicando aqui.","breadcrumb":{"@id":"https:\/\/www.adf.org.br\/home\/coloque-suas-intencoes-nas-maos-da-virgem-de-fatima-agora-mesmo\/#breadcrumb"},"inLanguage":"pt-BR","potentialAction":[{"@type":"ReadAction","target":["https:\/\/www.adf.org.br\/home\/coloque-suas-intencoes-nas-maos-da-virgem-de-fatima-agora-mesmo\/"]}]},{"@type":"BreadcrumbList","@id":"https:\/\/www.adf.org.br\/home\/coloque-suas-intencoes-nas-maos-da-virgem-de-fatima-agora-mesmo\/#breadcrumb","itemListElement":[{"@type":"ListItem","position":1,"name":"Home","item":"https:\/\/www.adf.org.br\/home\/"},{"@type":"ListItem","position":2,"name":"Coloque suas inten\u00e7\u00f5es nas m\u00e3os da Virgem de F\u00e1tima agora mesmo!"}]},{"@type":"Person","@id":"https:\/\/www.adf.org.br\/home\/#\/schema\/person\/f35a5c5aa7728a3dedf4ea9aa1fc2753","name":"Gabriel Barbosa","image":{"@type":"ImageObject","@id":"https:\/\/www.adf.org.br\/home\/#personlogo","inLanguage":"pt-BR","url":"https:\/\/secure.gravatar.com\/avatar\/2b2cb2f4637682c5605e8d36818f51ef?s=96&d=mm&r=g","contentUrl":"https:\/\/secure.gravatar.com\/avatar\/2b2cb2f4637682c5605e8d36818f51ef?s=96&d=mm&r=g","caption":"Gabriel Barbosa"},"url":"https:\/\/www.adf.org.br\/home\/author\/gabrielpmk-com-br\/"}]}},"_links":{"self":[{"href":"https:\/\/www.adf.org.br\/home\/wp-json\/wp\/v2\/posts\/71087"}],"collection":[{"href":"https:\/\/www.adf.org.br\/home\/wp-json\/wp\/v2\/posts"}],"about":[{"href":"https:\/\/www.adf.org.br\/home\/wp-json\/wp\/v2\/types\/post"}],"author":[{"embeddable":true,"href":"https:\/\/www.adf.org.br\/home\/wp-json\/wp\/v2\/users\/31"}],"replies":[{"embeddable":true,"href":"https:\/\/www.adf.org.br\/home\/wp-json\/wp\/v2\/comments?post=71087"}],"version-history":[{"count":4,"href":"https:\/\/www.adf.org.br\/home\/wp-json\/wp\/v2\/posts\/71087\/revisions"}],"predecessor-version":[{"id":71092,"href":"https:\/\/www.adf.org.br\/home\/wp-json\/wp\/v2\/posts\/71087\/revisions\/71092"}],"wp:featuredmedia":[{"embeddable":true,"href":"https:\/\/www.adf.org.br\/home\/wp-json\/wp\/v2\/media\/60369"}],"wp:attachment":[{"href":"https:\/\/www.adf.org.br\/home\/wp-json\/wp\/v2\/media?parent=71087"}],"wp:term":[{"taxonomy":"category","embeddable":true,"href":"https:\/\/www.adf.org.br\/home\/wp-json\/wp\/v2\/categories?post=71087"},{"taxonomy":"post_tag","embeddable":true,"href":"https:\/\/www.adf.org.br\/home\/wp-json\/wp\/v2\/tags?post=71087"}],"curies":[{"name":"wp","href":"https:\/\/api.w.org\/{rel}","templated":true}]}}