{"id":70969,"date":"2022-11-14T05:00:50","date_gmt":"2022-11-14T08:00:50","guid":{"rendered":"https:\/\/www.adf.org.br\/home\/?p=70969"},"modified":"2022-11-01T11:46:00","modified_gmt":"2022-11-01T14:46:00","slug":"o-dia-em-que-lucia-ofereceu-um-vidro-de-perfume-a-nossa-senhora-de-fatima","status":"publish","type":"post","link":"https:\/\/www.adf.org.br\/home\/o-dia-em-que-lucia-ofereceu-um-vidro-de-perfume-a-nossa-senhora-de-fatima\/","title":{"rendered":"O dia em que L\u00facia ofereceu um vidro de perfume \u00e0 Nossa Senhora de F\u00e1tima"},"content":{"rendered":"<h2 style=\"text-align: center;\"><span style=\"color: #000000;\">O dia em que L\u00facia ofereceu um vidro de perfume \u00e0 Nossa Senhora de F\u00e1tima<\/span><\/h2>\n<p>&nbsp;<\/p>\n<p><img loading=\"lazy\" class=\"wp-image-70970 size-full aligncenter\" src=\"https:\/\/www.adf.org.br\/home\/wp-content\/uploads\/2022\/11\/pastorinhos-de-fatima.png\" alt=\"\" width=\"600\" height=\"338\" srcset=\"https:\/\/www.adf.org.br\/home\/wp-content\/uploads\/2022\/11\/pastorinhos-de-fatima.png 600w, https:\/\/www.adf.org.br\/home\/wp-content\/uploads\/2022\/11\/pastorinhos-de-fatima-300x169.png 300w\" sizes=\"(max-width: 600px) 100vw, 600px\" \/><\/p>\n<p><span style=\"color: #000000;\"><span style=\"color: #800080; font-size: 32px;\"><strong>N<\/strong><\/span>o dia 13 de setembro de 1917, aconteceu a quinta e pen\u00faltima apari\u00e7\u00e3o da\u00a0<a href=\"https:\/\/www.adf.org.br\/home\/pagina-de-cadastro\/?origem=25608\" target=\"_blank\" rel=\"noopener\"><span style=\"color: #0000ff;\">Virgem de F\u00e1tima<\/span>\u00a0<\/a>na Cova da Iria. Depois do ocorrido no ver\u00e3o europeu (em julho, houve a vis\u00e3o do inferno<\/span><\/p>\n<p><span style=\"color: #000000;\">e,\u00a0<strong>em agosto, a Virgem n\u00e3o apareceu porque L\u00facia e os beatos Francisco e Jacinta tinham sido presos pelas autoridades<\/strong>), o encontro aconteceu sem altera\u00e7\u00f5es, e, claro, com a apari\u00e7\u00e3o da Virgem.<\/span><\/p>\n<p><span style=\"color: #000000;\">De certa forma, parece que Nossa Senhora quis usar essa apari\u00e7\u00e3o para preparar a que seria a \u00faltima delas, a de outubro.<\/span><\/p>\n<figure id=\"attachment_4650\" class=\"wp-caption alignleft\" style=\"width: 126px;\" aria-describedby=\"caption-attachment-4650\"><span style=\"color: #000000;\"><a style=\"color: #000000;\" href=\"https:\/\/www.adf.org.br\/home\/pagina-de-cadastro\/?origem=25603\" target=\"_blank\" rel=\"noopener\"><img loading=\"lazy\" class=\"wp-image-4650 \" src=\"https:\/\/www.adf.org.br\/home\/wp-content\/uploads\/2010\/05\/irm%C3%A3-Lucia-de-Jesus-107x300.jpg\" sizes=\"(max-width: 107px) 100vw, 107px\" srcset=\"https:\/\/www.adf.org.br\/home\/wp-content\/uploads\/2010\/05\/irm\u00e3-Lucia-de-Jesus-107x300.jpg 107w, https:\/\/www.adf.org.br\/home\/wp-content\/uploads\/2010\/05\/irm\u00e3-Lucia-de-Jesus.jpg 317w\" alt=\"\" width=\"126\" height=\"353\" \/><\/a><\/span><figcaption id=\"caption-attachment-4650\" class=\"wp-caption-text\"><center><span style=\"color: #000000;\">L\u00facia, vidente de F\u00e1tima<\/span><\/center><\/figcaption><\/figure>\n<p><span style=\"color: #000000;\"><strong><span style=\"color: #800080;\">Um m\u00eas antes, prometeu \u00e0s crian\u00e7as fazer \u201cum milagre para que todos acreditem\u201d<\/span>.<\/strong>\u00a0Ela anunciou que \u201cNosso Senhor,\u00a0<a href=\"https:\/\/www.adf.org.br\/home\/pagina-de-cadastro\/?origem=25608\" target=\"_blank\" rel=\"noopener\"><span style=\"color: #0000ff;\">Nossa Senhora das Dores<\/span><\/a>, Nossa Senhora do Carmo e S\u00e3o Jos\u00e9 com o Menino Jesus tamb\u00e9m viriam para aben\u00e7oar o mundo\u201d.<\/span><\/p>\n<p><span style=\"color: #000000;\"><strong>A Virgem aproveitou a ocasi\u00e3o para pedir aos pastorzinhos que suavizassem as penit\u00eancias que eles faziam a fim de conseguir a salva\u00e7\u00e3o dos pecadores.<\/strong><\/span><\/p>\n<p><span style=\"color: #000000;\">Uma delas era usar uma corda apertada na cintura, t\u00e3o apertada que, \u00e0s vezes, sangrava. \u201cDeus est\u00e1 contente com vossos sacrif\u00edcios, mas n\u00e3o quer que durmais com a corda; trazei-a somente durante o dia\u201d, disse<a href=\"https:\/\/www.adf.org.br\/home\/pagina-de-cadastro\/?origem=25608\" target=\"_blank\" rel=\"noopener\">\u00a0<span style=\"color: #0000ff;\">Nossa Senhora<\/span><\/a>.<\/span><\/p>\n<p><span style=\"color: #800080;\"><strong>A conversa desse dia terminou com uma situa\u00e7\u00e3o curiosa:<span style=\"text-decoration: underline;\">\u00a0L\u00facia, que falava em nome das tr\u00eas crian\u00e7as, ofereceu \u00e0 M\u00e3e de Deus duas cartas e um frasco com col\u00f4nia\u00a0<\/span>que algu\u00e9m entre os 20 ou 30 mil fi\u00e9is que se aglomeravam na Cova da Iria havia oferecido.<\/strong><\/span><\/p>\n<p style=\"text-align: center;\"><span style=\"color: #000000;\">\u201c<em>Isso n\u00e3o \u00e9 conveniente para levar ao C\u00e9u<\/em>\u201d, respondeu a Virgem.<\/span><\/p>\n<h5 style=\"text-align: right;\"><span style=\"color: #000000;\">Fonte:\u00a0<span style=\"color: #0000ff;\"><a style=\"color: #0000ff;\" href=\"https:\/\/pt.aleteia.org\/2017\/09\/13\/o-dia-em-que-lucia-ofereceu-um-vidro-de-perfume-a-virgem-de-fatima\/\">Aleteia<\/a><\/span><\/span><\/h5>\n<h3 style=\"text-align: center;\"><span style=\"color: #000000;\">****<\/span><\/h3>\n<p><span style=\"color: #000000;\"><strong>Quer receber conte\u00fados de inspira\u00e7\u00e3o cat\u00f3lica para aumentar sua f\u00e9 e a sua devo\u00e7\u00e3o?<\/strong><\/span><\/p>\n<p><span style=\"color: #000000;\">Clique\u00a0<a href=\"https:\/\/www.adf.org.br\/home\/pagina-de-cadastro\/?origem=25608\" target=\"_blank\" rel=\"noopener\"><span style=\"color: #0000ff;\"><strong>aqui<\/strong><\/span><\/a>\u00a0ou na imagem abaixo e fa\u00e7a seu cadastro na nossa Newsletter:<\/span><\/p>\n<p><span style=\"color: #000000;\"><a style=\"color: #000000;\" href=\"https:\/\/www.adf.org.br\/home\/pagina-de-cadastro\/?origem=25608\" target=\"_blank\" rel=\"noopener\"><img loading=\"lazy\" class=\"aligncenter wp-image-63380 \" src=\"https:\/\/www.adf.org.br\/home\/wp-content\/uploads\/2021\/01\/boletim-adf.png\" sizes=\"(max-width: 432px) 100vw, 432px\" srcset=\"https:\/\/www.adf.org.br\/home\/wp-content\/uploads\/2021\/01\/boletim-adf.png 600w, https:\/\/www.adf.org.br\/home\/wp-content\/uploads\/2021\/01\/boletim-adf-300x100.png 300w\" alt=\"\" width=\"432\" height=\"144\" \/><\/a><\/span><\/p>\n","protected":false},"excerpt":{"rendered":"<p>O dia em que L\u00facia ofereceu um vidro de perfume \u00e0 Nossa Senhora de F\u00e1tima &nbsp; No dia 13 de setembro de 1917, aconteceu a quinta e pen\u00faltima apari\u00e7\u00e3o da\u00a0Virgem de F\u00e1tima\u00a0na Cova da Iria. Depois do ocorrido no ver\u00e3o europeu (em julho, houve a vis\u00e3o do inferno e,\u00a0em agosto, a Virgem n\u00e3o apareceu porque [&hellip;]<\/p>\n","protected":false},"author":31,"featured_media":70970,"comment_status":"open","ping_status":"open","sticky":false,"template":"","format":"standard","meta":[],"categories":[20,4802,4707,118,56],"tags":[2647,38,923],"yoast_head":"<!-- This site is optimized with the Yoast SEO plugin v17.4 - https:\/\/yoast.com\/wordpress\/plugins\/seo\/ -->\n<title>O dia em que L\u00facia ofereceu um vidro de perfume \u00e0 Nossa Senhora de F\u00e1tima - Associa\u00e7\u00e3o Devotos de F\u00e1tima<\/title>\n<meta name=\"description\" content=\"Descubra o que ocorreu no dia em que Lucia ofereceu um vidro de perfume a Nossa Senhora de F\u00e1tima. Clique aqui.\" \/>\n<meta name=\"robots\" content=\"index, follow, max-snippet:-1, max-image-preview:large, max-video-preview:-1\" \/>\n<link rel=\"canonical\" href=\"https:\/\/www.adf.org.br\/home\/o-dia-em-que-lucia-ofereceu-um-vidro-de-perfume-a-nossa-senhora-de-fatima\/\" \/>\n<meta property=\"og:locale\" content=\"pt_BR\" \/>\n<meta property=\"og:type\" content=\"article\" \/>\n<meta property=\"og:title\" content=\"O dia em que L\u00facia ofereceu um vidro de perfume \u00e0 Nossa Senhora de F\u00e1tima - Associa\u00e7\u00e3o Devotos de F\u00e1tima\" \/>\n<meta property=\"og:description\" content=\"Descubra o que ocorreu no dia em que Lucia ofereceu um vidro de perfume a Nossa Senhora de F\u00e1tima. Clique aqui.\" \/>\n<meta property=\"og:url\" content=\"https:\/\/www.adf.org.br\/home\/o-dia-em-que-lucia-ofereceu-um-vidro-de-perfume-a-nossa-senhora-de-fatima\/\" \/>\n<meta property=\"og:site_name\" content=\"Associa\u00e7\u00e3o Devotos de F\u00e1tima\" \/>\n<meta property=\"article:published_time\" content=\"2022-11-14T08:00:50+00:00\" \/>\n<meta property=\"article:modified_time\" content=\"2022-11-01T14:46:00+00:00\" \/>\n<meta property=\"og:image\" content=\"https:\/\/www.adf.org.br\/home\/wp-content\/uploads\/2022\/11\/pastorinhos-de-fatima.png\" \/>\n\t<meta property=\"og:image:width\" content=\"600\" \/>\n\t<meta property=\"og:image:height\" content=\"338\" \/>\n<meta name=\"twitter:card\" content=\"summary_large_image\" \/>\n<meta name=\"twitter:label1\" content=\"Escrito por\" \/>\n\t<meta name=\"twitter:data1\" content=\"Gabriel Barbosa\" \/>\n\t<meta name=\"twitter:label2\" content=\"Est. tempo de leitura\" \/>\n\t<meta name=\"twitter:data2\" content=\"2 minutos\" \/>\n<script type=\"application\/ld+json\" class=\"yoast-schema-graph\">{\"@context\":\"https:\/\/schema.org\",\"@graph\":[{\"@type\":\"WebSite\",\"@id\":\"https:\/\/www.adf.org.br\/home\/#website\",\"url\":\"https:\/\/www.adf.org.br\/home\/\",\"name\":\"Associa\\u00e7\\u00e3o Devotos de F\\u00e1tima\",\"description\":\"Associa\\u00e7\\u00e3o Devotos de F\\u00e1tima\",\"potentialAction\":[{\"@type\":\"SearchAction\",\"target\":{\"@type\":\"EntryPoint\",\"urlTemplate\":\"https:\/\/www.adf.org.br\/home\/?s={search_term_string}\"},\"query-input\":\"required name=search_term_string\"}],\"inLanguage\":\"pt-BR\"},{\"@type\":\"ImageObject\",\"@id\":\"https:\/\/www.adf.org.br\/home\/o-dia-em-que-lucia-ofereceu-um-vidro-de-perfume-a-nossa-senhora-de-fatima\/#primaryimage\",\"inLanguage\":\"pt-BR\",\"url\":\"https:\/\/www.adf.org.br\/home\/wp-content\/uploads\/2022\/11\/pastorinhos-de-fatima.png\",\"contentUrl\":\"https:\/\/www.adf.org.br\/home\/wp-content\/uploads\/2022\/11\/pastorinhos-de-fatima.png\",\"width\":600,\"height\":338},{\"@type\":\"WebPage\",\"@id\":\"https:\/\/www.adf.org.br\/home\/o-dia-em-que-lucia-ofereceu-um-vidro-de-perfume-a-nossa-senhora-de-fatima\/#webpage\",\"url\":\"https:\/\/www.adf.org.br\/home\/o-dia-em-que-lucia-ofereceu-um-vidro-de-perfume-a-nossa-senhora-de-fatima\/\",\"name\":\"O dia em que L\\u00facia ofereceu um vidro de perfume \\u00e0 Nossa Senhora de F\\u00e1tima - Associa\\u00e7\\u00e3o Devotos de F\\u00e1tima\",\"isPartOf\":{\"@id\":\"https:\/\/www.adf.org.br\/home\/#website\"},\"primaryImageOfPage\":{\"@id\":\"https:\/\/www.adf.org.br\/home\/o-dia-em-que-lucia-ofereceu-um-vidro-de-perfume-a-nossa-senhora-de-fatima\/#primaryimage\"},\"datePublished\":\"2022-11-14T08:00:50+00:00\",\"dateModified\":\"2022-11-01T14:46:00+00:00\",\"author\":{\"@id\":\"https:\/\/www.adf.org.br\/home\/#\/schema\/person\/f35a5c5aa7728a3dedf4ea9aa1fc2753\"},\"description\":\"Descubra o que ocorreu no dia em que Lucia ofereceu um vidro de perfume a Nossa Senhora de F\\u00e1tima. Clique aqui.\",\"breadcrumb\":{\"@id\":\"https:\/\/www.adf.org.br\/home\/o-dia-em-que-lucia-ofereceu-um-vidro-de-perfume-a-nossa-senhora-de-fatima\/#breadcrumb\"},\"inLanguage\":\"pt-BR\",\"potentialAction\":[{\"@type\":\"ReadAction\",\"target\":[\"https:\/\/www.adf.org.br\/home\/o-dia-em-que-lucia-ofereceu-um-vidro-de-perfume-a-nossa-senhora-de-fatima\/\"]}]},{\"@type\":\"BreadcrumbList\",\"@id\":\"https:\/\/www.adf.org.br\/home\/o-dia-em-que-lucia-ofereceu-um-vidro-de-perfume-a-nossa-senhora-de-fatima\/#breadcrumb\",\"itemListElement\":[{\"@type\":\"ListItem\",\"position\":1,\"name\":\"Home\",\"item\":\"https:\/\/www.adf.org.br\/home\/\"},{\"@type\":\"ListItem\",\"position\":2,\"name\":\"O dia em que L\\u00facia ofereceu um vidro de perfume \\u00e0 Nossa Senhora de F\\u00e1tima\"}]},{\"@type\":\"Person\",\"@id\":\"https:\/\/www.adf.org.br\/home\/#\/schema\/person\/f35a5c5aa7728a3dedf4ea9aa1fc2753\",\"name\":\"Gabriel Barbosa\",\"image\":{\"@type\":\"ImageObject\",\"@id\":\"https:\/\/www.adf.org.br\/home\/#personlogo\",\"inLanguage\":\"pt-BR\",\"url\":\"https:\/\/secure.gravatar.com\/avatar\/2b2cb2f4637682c5605e8d36818f51ef?s=96&d=mm&r=g\",\"contentUrl\":\"https:\/\/secure.gravatar.com\/avatar\/2b2cb2f4637682c5605e8d36818f51ef?s=96&d=mm&r=g\",\"caption\":\"Gabriel Barbosa\"},\"url\":\"https:\/\/www.adf.org.br\/home\/author\/gabrielpmk-com-br\/\"}]}<\/script>\n<!-- \/ Yoast SEO plugin. -->","yoast_head_json":{"title":"O dia em que L\u00facia ofereceu um vidro de perfume \u00e0 Nossa Senhora de F\u00e1tima - Associa\u00e7\u00e3o Devotos de F\u00e1tima","description":"Descubra o que ocorreu no dia em que Lucia ofereceu um vidro de perfume a Nossa Senhora de F\u00e1tima. Clique aqui.","robots":{"index":"index","follow":"follow","max-snippet":"max-snippet:-1","max-image-preview":"max-image-preview:large","max-video-preview":"max-video-preview:-1"},"canonical":"https:\/\/www.adf.org.br\/home\/o-dia-em-que-lucia-ofereceu-um-vidro-de-perfume-a-nossa-senhora-de-fatima\/","og_locale":"pt_BR","og_type":"article","og_title":"O dia em que L\u00facia ofereceu um vidro de perfume \u00e0 Nossa Senhora de F\u00e1tima - Associa\u00e7\u00e3o Devotos de F\u00e1tima","og_description":"Descubra o que ocorreu no dia em que Lucia ofereceu um vidro de perfume a Nossa Senhora de F\u00e1tima. Clique aqui.","og_url":"https:\/\/www.adf.org.br\/home\/o-dia-em-que-lucia-ofereceu-um-vidro-de-perfume-a-nossa-senhora-de-fatima\/","og_site_name":"Associa\u00e7\u00e3o Devotos de F\u00e1tima","article_published_time":"2022-11-14T08:00:50+00:00","article_modified_time":"2022-11-01T14:46:00+00:00","og_image":[{"width":600,"height":338,"url":"https:\/\/www.adf.org.br\/home\/wp-content\/uploads\/2022\/11\/pastorinhos-de-fatima.png","type":"image\/png"}],"twitter_card":"summary_large_image","twitter_misc":{"Escrito por":"Gabriel Barbosa","Est. tempo de leitura":"2 minutos"},"schema":{"@context":"https:\/\/schema.org","@graph":[{"@type":"WebSite","@id":"https:\/\/www.adf.org.br\/home\/#website","url":"https:\/\/www.adf.org.br\/home\/","name":"Associa\u00e7\u00e3o Devotos de F\u00e1tima","description":"Associa\u00e7\u00e3o Devotos de F\u00e1tima","potentialAction":[{"@type":"SearchAction","target":{"@type":"EntryPoint","urlTemplate":"https:\/\/www.adf.org.br\/home\/?s={search_term_string}"},"query-input":"required name=search_term_string"}],"inLanguage":"pt-BR"},{"@type":"ImageObject","@id":"https:\/\/www.adf.org.br\/home\/o-dia-em-que-lucia-ofereceu-um-vidro-de-perfume-a-nossa-senhora-de-fatima\/#primaryimage","inLanguage":"pt-BR","url":"https:\/\/www.adf.org.br\/home\/wp-content\/uploads\/2022\/11\/pastorinhos-de-fatima.png","contentUrl":"https:\/\/www.adf.org.br\/home\/wp-content\/uploads\/2022\/11\/pastorinhos-de-fatima.png","width":600,"height":338},{"@type":"WebPage","@id":"https:\/\/www.adf.org.br\/home\/o-dia-em-que-lucia-ofereceu-um-vidro-de-perfume-a-nossa-senhora-de-fatima\/#webpage","url":"https:\/\/www.adf.org.br\/home\/o-dia-em-que-lucia-ofereceu-um-vidro-de-perfume-a-nossa-senhora-de-fatima\/","name":"O dia em que L\u00facia ofereceu um vidro de perfume \u00e0 Nossa Senhora de F\u00e1tima - Associa\u00e7\u00e3o Devotos de F\u00e1tima","isPartOf":{"@id":"https:\/\/www.adf.org.br\/home\/#website"},"primaryImageOfPage":{"@id":"https:\/\/www.adf.org.br\/home\/o-dia-em-que-lucia-ofereceu-um-vidro-de-perfume-a-nossa-senhora-de-fatima\/#primaryimage"},"datePublished":"2022-11-14T08:00:50+00:00","dateModified":"2022-11-01T14:46:00+00:00","author":{"@id":"https:\/\/www.adf.org.br\/home\/#\/schema\/person\/f35a5c5aa7728a3dedf4ea9aa1fc2753"},"description":"Descubra o que ocorreu no dia em que Lucia ofereceu um vidro de perfume a Nossa Senhora de F\u00e1tima. Clique aqui.","breadcrumb":{"@id":"https:\/\/www.adf.org.br\/home\/o-dia-em-que-lucia-ofereceu-um-vidro-de-perfume-a-nossa-senhora-de-fatima\/#breadcrumb"},"inLanguage":"pt-BR","potentialAction":[{"@type":"ReadAction","target":["https:\/\/www.adf.org.br\/home\/o-dia-em-que-lucia-ofereceu-um-vidro-de-perfume-a-nossa-senhora-de-fatima\/"]}]},{"@type":"BreadcrumbList","@id":"https:\/\/www.adf.org.br\/home\/o-dia-em-que-lucia-ofereceu-um-vidro-de-perfume-a-nossa-senhora-de-fatima\/#breadcrumb","itemListElement":[{"@type":"ListItem","position":1,"name":"Home","item":"https:\/\/www.adf.org.br\/home\/"},{"@type":"ListItem","position":2,"name":"O dia em que L\u00facia ofereceu um vidro de perfume \u00e0 Nossa Senhora de F\u00e1tima"}]},{"@type":"Person","@id":"https:\/\/www.adf.org.br\/home\/#\/schema\/person\/f35a5c5aa7728a3dedf4ea9aa1fc2753","name":"Gabriel Barbosa","image":{"@type":"ImageObject","@id":"https:\/\/www.adf.org.br\/home\/#personlogo","inLanguage":"pt-BR","url":"https:\/\/secure.gravatar.com\/avatar\/2b2cb2f4637682c5605e8d36818f51ef?s=96&d=mm&r=g","contentUrl":"https:\/\/secure.gravatar.com\/avatar\/2b2cb2f4637682c5605e8d36818f51ef?s=96&d=mm&r=g","caption":"Gabriel Barbosa"},"url":"https:\/\/www.adf.org.br\/home\/author\/gabrielpmk-com-br\/"}]}},"_links":{"self":[{"href":"https:\/\/www.adf.org.br\/home\/wp-json\/wp\/v2\/posts\/70969"}],"collection":[{"href":"https:\/\/www.adf.org.br\/home\/wp-json\/wp\/v2\/posts"}],"about":[{"href":"https:\/\/www.adf.org.br\/home\/wp-json\/wp\/v2\/types\/post"}],"author":[{"embeddable":true,"href":"https:\/\/www.adf.org.br\/home\/wp-json\/wp\/v2\/users\/31"}],"replies":[{"embeddable":true,"href":"https:\/\/www.adf.org.br\/home\/wp-json\/wp\/v2\/comments?post=70969"}],"version-history":[{"count":4,"href":"https:\/\/www.adf.org.br\/home\/wp-json\/wp\/v2\/posts\/70969\/revisions"}],"predecessor-version":[{"id":70974,"href":"https:\/\/www.adf.org.br\/home\/wp-json\/wp\/v2\/posts\/70969\/revisions\/70974"}],"wp:featuredmedia":[{"embeddable":true,"href":"https:\/\/www.adf.org.br\/home\/wp-json\/wp\/v2\/media\/70970"}],"wp:attachment":[{"href":"https:\/\/www.adf.org.br\/home\/wp-json\/wp\/v2\/media?parent=70969"}],"wp:term":[{"taxonomy":"category","embeddable":true,"href":"https:\/\/www.adf.org.br\/home\/wp-json\/wp\/v2\/categories?post=70969"},{"taxonomy":"post_tag","embeddable":true,"href":"https:\/\/www.adf.org.br\/home\/wp-json\/wp\/v2\/tags?post=70969"}],"curies":[{"name":"wp","href":"https:\/\/api.w.org\/{rel}","templated":true}]}}